{"id":2845,"date":"2014-01-20T10:23:20","date_gmt":"2014-01-20T16:23:20","guid":{"rendered":"http:\/\/centrourbano.com\/?p=2845"},"modified":"2014-03-21T12:14:55","modified_gmt":"2014-03-21T18:14:55","slug":"exitoso-ecoparq-nocturno-en-polanco-aep","status":"publish","type":"post","link":"https:\/\/centrourbano.com\/revista\/urbanismo\/exitoso-ecoparq-nocturno-en-polanco-aep\/","title":{"rendered":"Exitoso ecoParq nocturno en Polanco: AEP"},"content":{"rendered":"<p><i>Para ayudar a la liberaci\u00f3n del espacio p\u00fablico de la zona, se cuenta con 419 parqu\u00edmetros instalados que permiten la disponibilidad de 6,240 espacios de estacionamiento \u00a0<\/i><\/p>\n<p><i><!--more--><\/i><\/p>\n<p>&nbsp;<\/p>\n<p>De acuerdo con la Autoridad del Espacio P\u00fablico (AEP), la ampliaci\u00f3n a horario nocturno de ecoParq en Polanco cumpli\u00f3 el objetivo de regular la movilidad, recuperar el espacio p\u00fablico, resolver la saturaci\u00f3n y la sobreocupaci\u00f3n vehicular as\u00ed como mejorar la calidad del aire.<\/p>\n<p>&nbsp;<\/p>\n<p>Durante la puesta en marcha de este programa se inmovilizaron 579 veh\u00edculos estacionados de manera irregular en la v\u00eda p\u00fablica y 24 fueron traslados a los corralones, logrando con ello el descongestionamiento de las avenidas Horacio-Arqu\u00edmedes-Paseo de la Reforma-Moliere y Masaryk-Moliere-Manuel \u00c1vila Camacho-Ferrocarril de Cuernavaca.<\/p>\n<p>&nbsp;<\/p>\n<p>En este pol\u00edgono se cuenta con 419 parqu\u00edmetros instalados que permiten la disponibilidad de 6,240 espacios de estacionamiento lo que ha generado una gran aceptaci\u00f3n por parte de los vecinos, beneficiados con la liberaci\u00f3n del espacio p\u00fablico.<\/p>\n<p>&nbsp;<\/p>\n<p>El sistema de parqu\u00edmetros mantiene una tarifa m\u00ednima de dos pesos por cada 15 minutos de estacionamiento, con un tiempo m\u00e1ximo de seis horas.<\/p>\n<p>&nbsp;<\/p>\n<p>Asimismo, la AEP record\u00f3 que los residentes de Polanco que carecen de estacionamiento en sus domicilios, cuentan con un permiso especial que les exenta del pago de parqu\u00edmetros, el cual vence el 31 de enero por lo que hizo un llamado para que tramiten su renovaci\u00f3n antes de ese plazo para mantener el beneficio.<\/p>\n<p>&nbsp;<\/p>\n<p>Finalmente destac\u00f3 que los residentes deben seguir las recomendaciones de uso de parqu\u00edmetros: colocar en un lugar visible el ticket azul, no rebasar el l\u00edmite de pago, verificar el n\u00famero de placas del comprobante de pago y no estacionarse fuera del \u00e1rea marcada de parqu\u00edmetro; para evitar pagar la multa de 324 pesos que equivalen a cinco d\u00edas de salario m\u00ednimo, m\u00e1s 194 pesos por el servicio de inmovilizador.<\/p>\n","protected":false},"excerpt":{"rendered":"<p>Para ayudar a la liberaci\u00f3n del espacio p\u00fablico de la zona, se cuenta con 419 parqu\u00edmetros instalados que permiten la disponibilidad de 6,240 espacios de estacionamiento \u00a0<\/p>\n","protected":false},"author":7,"featured_media":0,"comment_status":"open","ping_status":"closed","sticky":false,"template":"","format":"standard","meta":{"om_disable_all_campaigns":false,"inline_featured_image":false,"_monsterinsights_skip_tracking":false,"_monsterinsights_sitenote_active":false,"_monsterinsights_sitenote_note":"","_monsterinsights_sitenote_category":0,"footnotes":""},"categories":[82],"tags":[125,598,571,126],"class_list":["post-2845","post","type-post","status-publish","format-standard","hentry","category-urbanismo","tag-aep","tag-ecoparq","tag-polanco","tag-seduvi"],"yoast_head":"<!-- This site is optimized with the Yoast SEO plugin v27.5 - https:\/\/yoast.com\/product\/yoast-seo-wordpress\/ -->\n<title>Exitoso ecoParq nocturno en Polanco: AEP -<\/title>\n<meta name=\"description\" content=\"Para ayudar a la liberaci\u00f3n del espacio p\u00fablico de la zona, se cuenta con 419 parqu\u00edmetros instalados que permiten la disponibilidad de 6,240 espacios de\" \/>\n<meta name=\"robots\" content=\"index, follow, max-snippet:-1, max-image-preview:large, max-video-preview:-1\" \/>\n<link rel=\"canonical\" href=\"https:\/\/centrourbano.com\/revista\/urbanismo\/exitoso-ecoparq-nocturno-en-polanco-aep\/\" \/>\n<meta property=\"og:locale\" content=\"es_ES\" \/>\n<meta property=\"og:type\" content=\"article\" \/>\n<meta property=\"og:title\" content=\"Exitoso ecoParq nocturno en Polanco: AEP -\" \/>\n<meta property=\"og:description\" content=\"Para ayudar a la liberaci\u00f3n del espacio p\u00fablico de la zona, se cuenta con 419 parqu\u00edmetros instalados que permiten la disponibilidad de 6,240 espacios de\" \/>\n<meta property=\"og:url\" content=\"https:\/\/centrourbano.com\/revista\/urbanismo\/exitoso-ecoparq-nocturno-en-polanco-aep\/\" \/>\n<meta property=\"og:site_name\" content=\"Centro Urbano\" \/>\n<meta property=\"article:publisher\" content=\"https:\/\/www.facebook.com\/portalcentrourbano\" \/>\n<meta property=\"article:published_time\" content=\"2014-01-20T16:23:20+00:00\" \/>\n<meta property=\"article:modified_time\" content=\"2014-03-21T18:14:55+00:00\" \/>\n<meta property=\"og:image\" content=\"https:\/\/centrourbano.com\/revista\/wp-content\/uploads\/CU-logo.png\" \/>\n\t<meta property=\"og:image:width\" content=\"350\" \/>\n\t<meta property=\"og:image:height\" content=\"91\" \/>\n\t<meta property=\"og:image:type\" content=\"image\/png\" \/>\n<meta name=\"author\" content=\"Yuriko Barrera\" \/>\n<meta name=\"twitter:card\" content=\"summary_large_image\" \/>\n<meta name=\"twitter:creator\" content=\"@CentroUrbano\" \/>\n<meta name=\"twitter:site\" content=\"@CentroUrbano\" \/>\n<meta name=\"twitter:label1\" content=\"Escrito por\" \/>\n\t<meta name=\"twitter:data1\" content=\"Yuriko Barrera\" \/>\n\t<meta name=\"twitter:label2\" content=\"Tiempo de lectura\" \/>\n\t<meta name=\"twitter:data2\" content=\"2 minutos\" \/>\n<script type=\"application\/ld+json\" class=\"yoast-schema-graph\">{\"@context\":\"https:\\\/\\\/schema.org\",\"@graph\":[{\"@type\":\"Article\",\"@id\":\"https:\\\/\\\/centrourbano.com\\\/revista\\\/urbanismo\\\/exitoso-ecoparq-nocturno-en-polanco-aep\\\/#article\",\"isPartOf\":{\"@id\":\"https:\\\/\\\/centrourbano.com\\\/revista\\\/urbanismo\\\/exitoso-ecoparq-nocturno-en-polanco-aep\\\/\"},\"author\":{\"name\":\"Yuriko Barrera\",\"@id\":\"https:\\\/\\\/centrourbano.com\\\/revista\\\/#\\\/schema\\\/person\\\/5d7b2fca27b2d2e91ac8257e072ba973\"},\"headline\":\"Exitoso ecoParq nocturno en Polanco: AEP\",\"datePublished\":\"2014-01-20T16:23:20+00:00\",\"dateModified\":\"2014-03-21T18:14:55+00:00\",\"mainEntityOfPage\":{\"@id\":\"https:\\\/\\\/centrourbano.com\\\/revista\\\/urbanismo\\\/exitoso-ecoparq-nocturno-en-polanco-aep\\\/\"},\"wordCount\":329,\"commentCount\":0,\"publisher\":{\"@id\":\"https:\\\/\\\/centrourbano.com\\\/revista\\\/#organization\"},\"keywords\":[\"AEP\",\"Ecoparq\",\"Polanco\",\"Seduvi\"],\"articleSection\":[\"Urbanismo\"],\"inLanguage\":\"es\",\"potentialAction\":[{\"@type\":\"CommentAction\",\"name\":\"Comment\",\"target\":[\"https:\\\/\\\/centrourbano.com\\\/revista\\\/urbanismo\\\/exitoso-ecoparq-nocturno-en-polanco-aep\\\/#respond\"]}]},{\"@type\":\"WebPage\",\"@id\":\"https:\\\/\\\/centrourbano.com\\\/revista\\\/urbanismo\\\/exitoso-ecoparq-nocturno-en-polanco-aep\\\/\",\"url\":\"https:\\\/\\\/centrourbano.com\\\/revista\\\/urbanismo\\\/exitoso-ecoparq-nocturno-en-polanco-aep\\\/\",\"name\":\"Exitoso ecoParq nocturno en Polanco: AEP -\",\"isPartOf\":{\"@id\":\"https:\\\/\\\/centrourbano.com\\\/revista\\\/#website\"},\"datePublished\":\"2014-01-20T16:23:20+00:00\",\"dateModified\":\"2014-03-21T18:14:55+00:00\",\"description\":\"Para ayudar a la liberaci\u00f3n del espacio p\u00fablico de la zona, se cuenta con 419 parqu\u00edmetros instalados que permiten la disponibilidad de 6,240 espacios de\",\"breadcrumb\":{\"@id\":\"https:\\\/\\\/centrourbano.com\\\/revista\\\/urbanismo\\\/exitoso-ecoparq-nocturno-en-polanco-aep\\\/#breadcrumb\"},\"inLanguage\":\"es\",\"potentialAction\":[{\"@type\":\"ReadAction\",\"target\":[\"https:\\\/\\\/centrourbano.com\\\/revista\\\/urbanismo\\\/exitoso-ecoparq-nocturno-en-polanco-aep\\\/\"]}]},{\"@type\":\"BreadcrumbList\",\"@id\":\"https:\\\/\\\/centrourbano.com\\\/revista\\\/urbanismo\\\/exitoso-ecoparq-nocturno-en-polanco-aep\\\/#breadcrumb\",\"itemListElement\":[{\"@type\":\"ListItem\",\"position\":1,\"name\":\"Portada\",\"item\":\"https:\\\/\\\/centrourbano.com\\\/revista\\\/\"},{\"@type\":\"ListItem\",\"position\":2,\"name\":\"Exitoso ecoParq nocturno en Polanco: AEP\"}]},{\"@type\":\"WebSite\",\"@id\":\"https:\\\/\\\/centrourbano.com\\\/revista\\\/#website\",\"url\":\"https:\\\/\\\/centrourbano.com\\\/revista\\\/\",\"name\":\"Centro Urbano\",\"description\":\"Medio especializado en los sectores vivienda, inmobiliario, construcci\u00f3n, arquitectura y urbanismo.\",\"publisher\":{\"@id\":\"https:\\\/\\\/centrourbano.com\\\/revista\\\/#organization\"},\"potentialAction\":[{\"@type\":\"SearchAction\",\"target\":{\"@type\":\"EntryPoint\",\"urlTemplate\":\"https:\\\/\\\/centrourbano.com\\\/revista\\\/?s={search_term_string}\"},\"query-input\":{\"@type\":\"PropertyValueSpecification\",\"valueRequired\":true,\"valueName\":\"search_term_string\"}}],\"inLanguage\":\"es\"},{\"@type\":\"Organization\",\"@id\":\"https:\\\/\\\/centrourbano.com\\\/revista\\\/#organization\",\"name\":\"Centro Urbano\",\"url\":\"https:\\\/\\\/centrourbano.com\\\/revista\\\/\",\"logo\":{\"@type\":\"ImageObject\",\"inLanguage\":\"es\",\"@id\":\"https:\\\/\\\/centrourbano.com\\\/revista\\\/#\\\/schema\\\/logo\\\/image\\\/\",\"url\":\"https:\\\/\\\/centrourbano.com\\\/revista\\\/wp-content\\\/uploads\\\/web_CU_logo-1.png\",\"contentUrl\":\"https:\\\/\\\/centrourbano.com\\\/revista\\\/wp-content\\\/uploads\\\/web_CU_logo-1.png\",\"width\":350,\"height\":91,\"caption\":\"Centro Urbano\"},\"image\":{\"@id\":\"https:\\\/\\\/centrourbano.com\\\/revista\\\/#\\\/schema\\\/logo\\\/image\\\/\"},\"sameAs\":[\"https:\\\/\\\/www.facebook.com\\\/portalcentrourbano\",\"https:\\\/\\\/x.com\\\/CentroUrbano\",\"https:\\\/\\\/www.instagram.com\\\/centro_urbano\\\/\",\"https:\\\/\\\/www.linkedin.com\\\/company\\\/centro-urbano\\\/\",\"http:\\\/\\\/www.youtube.com\\\/user\\\/portalcentrourbano\"]},{\"@type\":\"Person\",\"@id\":\"https:\\\/\\\/centrourbano.com\\\/revista\\\/#\\\/schema\\\/person\\\/5d7b2fca27b2d2e91ac8257e072ba973\",\"name\":\"Yuriko Barrera\",\"image\":{\"@type\":\"ImageObject\",\"inLanguage\":\"es\",\"@id\":\"https:\\\/\\\/secure.gravatar.com\\\/avatar\\\/134d0d2b59080428f5a714c59baa8306f3f3d3a3083bd6efeff035d884a8bf97?s=96&d=mm&r=g\",\"url\":\"https:\\\/\\\/secure.gravatar.com\\\/avatar\\\/134d0d2b59080428f5a714c59baa8306f3f3d3a3083bd6efeff035d884a8bf97?s=96&d=mm&r=g\",\"contentUrl\":\"https:\\\/\\\/secure.gravatar.com\\\/avatar\\\/134d0d2b59080428f5a714c59baa8306f3f3d3a3083bd6efeff035d884a8bf97?s=96&d=mm&r=g\",\"caption\":\"Yuriko Barrera\"},\"description\":\"Egresada de la Facultad de Ciencias Pol\u00edticas y Sociales de la UNAM. Boxeadora, tragona, cocinera y bailadora. Gusto de las m\u00e1scaras t\u00e9tricas, los cuervos, el cine de terror y la m\u00fasica. Escribo en mi blog, Me divierto con lo que hago. Reportera porque amo y twittera porque quiero.\",\"url\":\"https:\\\/\\\/centrourbano.com\\\/revista\\\/author\\\/yuriko-barrera\\\/\"}]}<\/script>\n<!-- \/ Yoast SEO plugin. -->","yoast_head_json":{"title":"Exitoso ecoParq nocturno en Polanco: AEP -","description":"Para ayudar a la liberaci\u00f3n del espacio p\u00fablico de la zona, se cuenta con 419 parqu\u00edmetros instalados que permiten la disponibilidad de 6,240 espacios de","robots":{"index":"index","follow":"follow","max-snippet":"max-snippet:-1","max-image-preview":"max-image-preview:large","max-video-preview":"max-video-preview:-1"},"canonical":"https:\/\/centrourbano.com\/revista\/urbanismo\/exitoso-ecoparq-nocturno-en-polanco-aep\/","og_locale":"es_ES","og_type":"article","og_title":"Exitoso ecoParq nocturno en Polanco: AEP -","og_description":"Para ayudar a la liberaci\u00f3n del espacio p\u00fablico de la zona, se cuenta con 419 parqu\u00edmetros instalados que permiten la disponibilidad de 6,240 espacios de","og_url":"https:\/\/centrourbano.com\/revista\/urbanismo\/exitoso-ecoparq-nocturno-en-polanco-aep\/","og_site_name":"Centro Urbano","article_publisher":"https:\/\/www.facebook.com\/portalcentrourbano","article_published_time":"2014-01-20T16:23:20+00:00","article_modified_time":"2014-03-21T18:14:55+00:00","og_image":[{"width":350,"height":91,"url":"https:\/\/centrourbano.com\/revista\/wp-content\/uploads\/CU-logo.png","type":"image\/png"}],"author":"Yuriko Barrera","twitter_card":"summary_large_image","twitter_creator":"@CentroUrbano","twitter_site":"@CentroUrbano","twitter_misc":{"Escrito por":"Yuriko Barrera","Tiempo de lectura":"2 minutos"},"schema":{"@context":"https:\/\/schema.org","@graph":[{"@type":"Article","@id":"https:\/\/centrourbano.com\/revista\/urbanismo\/exitoso-ecoparq-nocturno-en-polanco-aep\/#article","isPartOf":{"@id":"https:\/\/centrourbano.com\/revista\/urbanismo\/exitoso-ecoparq-nocturno-en-polanco-aep\/"},"author":{"name":"Yuriko Barrera","@id":"https:\/\/centrourbano.com\/revista\/#\/schema\/person\/5d7b2fca27b2d2e91ac8257e072ba973"},"headline":"Exitoso ecoParq nocturno en Polanco: AEP","datePublished":"2014-01-20T16:23:20+00:00","dateModified":"2014-03-21T18:14:55+00:00","mainEntityOfPage":{"@id":"https:\/\/centrourbano.com\/revista\/urbanismo\/exitoso-ecoparq-nocturno-en-polanco-aep\/"},"wordCount":329,"commentCount":0,"publisher":{"@id":"https:\/\/centrourbano.com\/revista\/#organization"},"keywords":["AEP","Ecoparq","Polanco","Seduvi"],"articleSection":["Urbanismo"],"inLanguage":"es","potentialAction":[{"@type":"CommentAction","name":"Comment","target":["https:\/\/centrourbano.com\/revista\/urbanismo\/exitoso-ecoparq-nocturno-en-polanco-aep\/#respond"]}]},{"@type":"WebPage","@id":"https:\/\/centrourbano.com\/revista\/urbanismo\/exitoso-ecoparq-nocturno-en-polanco-aep\/","url":"https:\/\/centrourbano.com\/revista\/urbanismo\/exitoso-ecoparq-nocturno-en-polanco-aep\/","name":"Exitoso ecoParq nocturno en Polanco: AEP -","isPartOf":{"@id":"https:\/\/centrourbano.com\/revista\/#website"},"datePublished":"2014-01-20T16:23:20+00:00","dateModified":"2014-03-21T18:14:55+00:00","description":"Para ayudar a la liberaci\u00f3n del espacio p\u00fablico de la zona, se cuenta con 419 parqu\u00edmetros instalados que permiten la disponibilidad de 6,240 espacios de","breadcrumb":{"@id":"https:\/\/centrourbano.com\/revista\/urbanismo\/exitoso-ecoparq-nocturno-en-polanco-aep\/#breadcrumb"},"inLanguage":"es","potentialAction":[{"@type":"ReadAction","target":["https:\/\/centrourbano.com\/revista\/urbanismo\/exitoso-ecoparq-nocturno-en-polanco-aep\/"]}]},{"@type":"BreadcrumbList","@id":"https:\/\/centrourbano.com\/revista\/urbanismo\/exitoso-ecoparq-nocturno-en-polanco-aep\/#breadcrumb","itemListElement":[{"@type":"ListItem","position":1,"name":"Portada","item":"https:\/\/centrourbano.com\/revista\/"},{"@type":"ListItem","position":2,"name":"Exitoso ecoParq nocturno en Polanco: AEP"}]},{"@type":"WebSite","@id":"https:\/\/centrourbano.com\/revista\/#website","url":"https:\/\/centrourbano.com\/revista\/","name":"Centro Urbano","description":"Medio especializado en los sectores vivienda, inmobiliario, construcci\u00f3n, arquitectura y urbanismo.","publisher":{"@id":"https:\/\/centrourbano.com\/revista\/#organization"},"potentialAction":[{"@type":"SearchAction","target":{"@type":"EntryPoint","urlTemplate":"https:\/\/centrourbano.com\/revista\/?s={search_term_string}"},"query-input":{"@type":"PropertyValueSpecification","valueRequired":true,"valueName":"search_term_string"}}],"inLanguage":"es"},{"@type":"Organization","@id":"https:\/\/centrourbano.com\/revista\/#organization","name":"Centro Urbano","url":"https:\/\/centrourbano.com\/revista\/","logo":{"@type":"ImageObject","inLanguage":"es","@id":"https:\/\/centrourbano.com\/revista\/#\/schema\/logo\/image\/","url":"https:\/\/centrourbano.com\/revista\/wp-content\/uploads\/web_CU_logo-1.png","contentUrl":"https:\/\/centrourbano.com\/revista\/wp-content\/uploads\/web_CU_logo-1.png","width":350,"height":91,"caption":"Centro Urbano"},"image":{"@id":"https:\/\/centrourbano.com\/revista\/#\/schema\/logo\/image\/"},"sameAs":["https:\/\/www.facebook.com\/portalcentrourbano","https:\/\/x.com\/CentroUrbano","https:\/\/www.instagram.com\/centro_urbano\/","https:\/\/www.linkedin.com\/company\/centro-urbano\/","http:\/\/www.youtube.com\/user\/portalcentrourbano"]},{"@type":"Person","@id":"https:\/\/centrourbano.com\/revista\/#\/schema\/person\/5d7b2fca27b2d2e91ac8257e072ba973","name":"Yuriko Barrera","image":{"@type":"ImageObject","inLanguage":"es","@id":"https:\/\/secure.gravatar.com\/avatar\/134d0d2b59080428f5a714c59baa8306f3f3d3a3083bd6efeff035d884a8bf97?s=96&d=mm&r=g","url":"https:\/\/secure.gravatar.com\/avatar\/134d0d2b59080428f5a714c59baa8306f3f3d3a3083bd6efeff035d884a8bf97?s=96&d=mm&r=g","contentUrl":"https:\/\/secure.gravatar.com\/avatar\/134d0d2b59080428f5a714c59baa8306f3f3d3a3083bd6efeff035d884a8bf97?s=96&d=mm&r=g","caption":"Yuriko Barrera"},"description":"Egresada de la Facultad de Ciencias Pol\u00edticas y Sociales de la UNAM. Boxeadora, tragona, cocinera y bailadora. Gusto de las m\u00e1scaras t\u00e9tricas, los cuervos, el cine de terror y la m\u00fasica. Escribo en mi blog, Me divierto con lo que hago. Reportera porque amo y twittera porque quiero.","url":"https:\/\/centrourbano.com\/revista\/author\/yuriko-barrera\/"}]}},"_links":{"self":[{"href":"https:\/\/centrourbano.com\/revista\/wp-json\/wp\/v2\/posts\/2845","targetHints":{"allow":["GET"]}}],"collection":[{"href":"https:\/\/centrourbano.com\/revista\/wp-json\/wp\/v2\/posts"}],"about":[{"href":"https:\/\/centrourbano.com\/revista\/wp-json\/wp\/v2\/types\/post"}],"author":[{"embeddable":true,"href":"https:\/\/centrourbano.com\/revista\/wp-json\/wp\/v2\/users\/7"}],"replies":[{"embeddable":true,"href":"https:\/\/centrourbano.com\/revista\/wp-json\/wp\/v2\/comments?post=2845"}],"version-history":[{"count":0,"href":"https:\/\/centrourbano.com\/revista\/wp-json\/wp\/v2\/posts\/2845\/revisions"}],"wp:attachment":[{"href":"https:\/\/centrourbano.com\/revista\/wp-json\/wp\/v2\/media?parent=2845"}],"wp:term":[{"taxonomy":"category","embeddable":true,"href":"https:\/\/centrourbano.com\/revista\/wp-json\/wp\/v2\/categories?post=2845"},{"taxonomy":"post_tag","embeddable":true,"href":"https:\/\/centrourbano.com\/revista\/wp-json\/wp\/v2\/tags?post=2845"}],"curies":[{"name":"wp","href":"https:\/\/api.w.org\/{rel}","templated":true}]}}