{"id":28336,"date":"2016-01-11T10:00:15","date_gmt":"2016-01-11T16:00:15","guid":{"rendered":"http:\/\/centrourbano.com\/?p=28336"},"modified":"2016-01-11T10:00:35","modified_gmt":"2016-01-11T16:00:35","slug":"credito-para-desarrolladores-subio-26-en-2015-shf","status":"publish","type":"post","link":"https:\/\/centrourbano.com\/revista\/vivienda\/credito-para-desarrolladores-subio-26-en-2015-shf\/","title":{"rendered":"Cr\u00e9dito para desarrolladores subi\u00f3 26% en 2015: SHF"},"content":{"rendered":"<p><em>La instituci\u00f3n atiende a m\u00e1s de 200 desarrolladores en todo el pa\u00eds y han financiado 100 mil viviendas en la presente administraci\u00f3n<\/em><br \/>\n<!--more--><\/p>\n<p>Durante 2015, Sociedad Hipotecaria Federal (<a class=\"expresscurate_contentTags\" href=\"http:\/\/centrourbano.com\/tag\/shf\/\">#SHF<\/a>) coloc\u00f3 m\u00e1s de 94,000 millones de pesos (mdp) a trav\u00e9s del otorgamiento de cr\u00e9dito, garant\u00edas y seguros para el sector de la <a class=\"expresscurate_contentTags\" href=\"http:\/\/centrourbano.com\/tag\/vivienda\/\">#vivienda<\/a>. Esta cifra supera por 10,000 millones lo colocado en 2014 y 9 veces lo colocado durante 2012. Dentro de los 94,000 mdp, 21,000 mdp, que representan 22% corresponden a cr\u00e9dito directo y 73,700 mdp, que es 78% al cr\u00e9dito inducido, v\u00eda seguros y garant\u00edas.<\/p>\n<p><a class=\"expresscurate_contentTags\" href=\"http:\/\/centrourbano.com\/tag\/jesus-alberto-cano-velez\/\">#Jes\u00fas Alberto Cano V\u00e9lez<\/a>, Director General de SHF, se\u00f1al\u00f3 que esta es una colocaci\u00f3n hist\u00f3rica. \u201cSupera por m\u00e1s de 15,000 mdp la meta fijada a inicios del 2015 y es el resultado del dise\u00f1o e implementaci\u00f3n de soluciones de financiamiento que se adaptan a las necesidades actuales del mercado\u201d. Con esta colocaci\u00f3n se super\u00f3 tambi\u00e9n la meta de saldo, el cual fue de m\u00e1s de 292,000 mdp.<\/p>\n<p>Dentro de los rubros que se destacan est\u00e1 la colocaci\u00f3n de cr\u00e9dito directo a los desarrolladores de vivienda, el cual fue de 15,700 mdp, cifra superior en 26% en t\u00e9rminos reales a lo observado en 2014. Este resultado fue impulsado por el esquema de cr\u00e9ditos sindicados, el cual ya atiende a m\u00e1s de 200 desarrolladores en todo el pa\u00eds y con el que se han financiado m\u00e1s de 100 mil viviendas en la presente administraci\u00f3n.<\/p>\n<p>SHF se ha consolidado como uno de los actores m\u00e1s relevantes en el mercado de financiamiento a la <a class=\"expresscurate_contentTags\" href=\"http:\/\/centrourbano.com\/tag\/construccion-2\/\">#construcci\u00f3n<\/a> de vivienda. Tras la ca\u00edda en el financiamiento, resultado de los problemas de las principales desarrolladoras en 2013, SHF lanz\u00f3 los denominados cr\u00e9ditos sindicados, un producto de financiamiento directo a los desarrolladores con el cual se busc\u00f3 contener la ca\u00edda en el cr\u00e9dito. Hoy este producto es un referente en el mercado nacional.<\/p>\n<p>A partir de 2015, SHF fortaleci\u00f3 sus lazos con la banca comercial mediante garant\u00edas para financiar a los desarrolladores, complementando as\u00ed el esfuerzo de los cr\u00e9ditos directos. \u201cEn t\u00e9rminos de la participaci\u00f3n v\u00eda cr\u00e9dito y ahora con garant\u00edas para la banca, SHF ya es el actor m\u00e1s grande en el mercado\u201d, se\u00f1al\u00f3 Cano V\u00e9lez.<\/p>\n<p>Es por eso que Cano V\u00e9lez destaca el trabajo que SHF ha realizado de forma coordinada con la banca comercial. \u201cNosotros siempre hemos dicho que buscamos complementar a la banca en el impulso al sector de la vivienda y este a\u00f1o hemos dado importantes resultados\u201d. <\/p>\n<p>En 2015, SHF garantiz\u00f3 cr\u00e9ditos para desarrolladores de vivienda otorgados por la banca por m\u00e1s de 22,000 mdp y asegur\u00f3 cr\u00e9ditos hipotecarios y de mejoramientos a la vivienda por m\u00e1s de 49,000 mdp. \u201cMientras en 2012, SHF \u00fanicamente trabajaba con Sofomes, hoy la mayor\u00eda de los negocios los hacemos con la banca comercial, acompa\u00f1ando tanto a la oferta de vivienda, como a la demanda\u201d.<\/p>\n<p>Finalmente, Cano V\u00e9lez destac\u00f3 el redise\u00f1o que se ha implementado en el banco. \u201cCuando nosotros llegamos a SHF hab\u00eda una cultura de esperar a que los clientes fueran los que se acercaran al banco, con un exceso de tr\u00e1mites que nos hac\u00edan poco competitivos y una aversi\u00f3n al cambio. Lo que hemos venido trabajando en estos a\u00f1os es en la mejora de nuestras soluciones, siempre buscando complementar el esfuerzo del sector privado. Para ello ha sido fundamental el motivar un cambio en la actitud de nuestro personal, para darle el mejor trato posible a nuestros clientes\u201d.<\/p>\n","protected":false},"excerpt":{"rendered":"<p>La instituci\u00f3n atiende a m\u00e1s de 200 desarrolladores en todo el pa\u00eds y han financiado 100 mil viviendas en la presente administraci\u00f3n<\/p>\n","protected":false},"author":28,"featured_media":28337,"comment_status":"open","ping_status":"closed","sticky":false,"template":"","format":"standard","meta":{"om_disable_all_campaigns":false,"inline_featured_image":false,"_monsterinsights_skip_tracking":false,"_monsterinsights_sitenote_active":false,"_monsterinsights_sitenote_note":"","_monsterinsights_sitenote_category":0,"footnotes":""},"categories":[12],"tags":[22,1064,235,5737],"class_list":["post-28336","post","type-post","status-publish","format-standard","has-post-thumbnail","hentry","category-vivienda","tag-construccion-2","tag-jesus-alberto-cano-velez","tag-shf","tag-vivienda"],"yoast_head":"<!-- This site is optimized with the Yoast SEO plugin v27.4 - https:\/\/yoast.com\/product\/yoast-seo-wordpress\/ -->\n<title>Cr\u00e9dito para desarrolladores subi\u00f3 26% en 2015: SHF -<\/title>\n<meta name=\"description\" content=\"La instituci\u00f3n atiende a m\u00e1s de 200 desarrolladores en todo el pa\u00eds y han financiado 100 mil viviendas en la presente administraci\u00f3n Durante 2015,\" \/>\n<meta name=\"robots\" content=\"index, follow, max-snippet:-1, max-image-preview:large, max-video-preview:-1\" \/>\n<link rel=\"canonical\" href=\"https:\/\/centrourbano.com\/revista\/vivienda\/credito-para-desarrolladores-subio-26-en-2015-shf\/\" \/>\n<meta property=\"og:locale\" content=\"es_ES\" \/>\n<meta property=\"og:type\" content=\"article\" \/>\n<meta property=\"og:title\" content=\"Cr\u00e9dito para desarrolladores subi\u00f3 26% en 2015: SHF -\" \/>\n<meta property=\"og:description\" content=\"La instituci\u00f3n atiende a m\u00e1s de 200 desarrolladores en todo el pa\u00eds y han financiado 100 mil viviendas en la presente administraci\u00f3n Durante 2015,\" \/>\n<meta property=\"og:url\" content=\"https:\/\/centrourbano.com\/revista\/vivienda\/credito-para-desarrolladores-subio-26-en-2015-shf\/\" \/>\n<meta property=\"og:site_name\" content=\"Centro Urbano\" \/>\n<meta property=\"article:publisher\" content=\"https:\/\/www.facebook.com\/portalcentrourbano\" \/>\n<meta property=\"article:published_time\" content=\"2016-01-11T16:00:15+00:00\" \/>\n<meta property=\"article:modified_time\" content=\"2016-01-11T16:00:35+00:00\" \/>\n<meta property=\"og:image\" content=\"https:\/\/centrourbano.com\/revista\/wp-content\/uploads\/Jes\u00fas-Cano-V\u00e9lez-SHF-ok-.jpg\" \/>\n\t<meta property=\"og:image:width\" content=\"1361\" \/>\n\t<meta property=\"og:image:height\" content=\"953\" \/>\n\t<meta property=\"og:image:type\" content=\"image\/jpeg\" \/>\n<meta name=\"author\" content=\"Mario V\u00e1zquez Barrios\" \/>\n<meta name=\"twitter:card\" content=\"summary_large_image\" \/>\n<meta name=\"twitter:creator\" content=\"@MarioDeNiro\" \/>\n<meta name=\"twitter:site\" content=\"@CentroUrbano\" \/>\n<meta name=\"twitter:label1\" content=\"Escrito por\" \/>\n\t<meta name=\"twitter:data1\" content=\"Mario V\u00e1zquez Barrios\" \/>\n\t<meta name=\"twitter:label2\" content=\"Tiempo de lectura\" \/>\n\t<meta name=\"twitter:data2\" content=\"3 minutos\" \/>\n<script type=\"application\/ld+json\" class=\"yoast-schema-graph\">{\"@context\":\"https:\\\/\\\/schema.org\",\"@graph\":[{\"@type\":\"Article\",\"@id\":\"https:\\\/\\\/centrourbano.com\\\/revista\\\/vivienda\\\/credito-para-desarrolladores-subio-26-en-2015-shf\\\/#article\",\"isPartOf\":{\"@id\":\"https:\\\/\\\/centrourbano.com\\\/revista\\\/vivienda\\\/credito-para-desarrolladores-subio-26-en-2015-shf\\\/\"},\"author\":{\"name\":\"Mario V\u00e1zquez Barrios\",\"@id\":\"https:\\\/\\\/centrourbano.com\\\/revista\\\/#\\\/schema\\\/person\\\/71e020a5b63ca4230c0f1228a36cde93\"},\"headline\":\"Cr\u00e9dito para desarrolladores subi\u00f3 26% en 2015: SHF\",\"datePublished\":\"2016-01-11T16:00:15+00:00\",\"dateModified\":\"2016-01-11T16:00:35+00:00\",\"mainEntityOfPage\":{\"@id\":\"https:\\\/\\\/centrourbano.com\\\/revista\\\/vivienda\\\/credito-para-desarrolladores-subio-26-en-2015-shf\\\/\"},\"wordCount\":610,\"commentCount\":0,\"publisher\":{\"@id\":\"https:\\\/\\\/centrourbano.com\\\/revista\\\/#organization\"},\"image\":{\"@id\":\"https:\\\/\\\/centrourbano.com\\\/revista\\\/vivienda\\\/credito-para-desarrolladores-subio-26-en-2015-shf\\\/#primaryimage\"},\"thumbnailUrl\":\"https:\\\/\\\/centrourbano.com\\\/revista\\\/wp-content\\\/uploads\\\/Jes\u00fas-Cano-V\u00e9lez-SHF-ok-.jpg\",\"keywords\":[\"construcci\u00f3n\",\"Jes\u00fas Alberto Cano V\u00e9lez\",\"SHF\",\"vivienda+\"],\"articleSection\":[\"Vivienda\"],\"inLanguage\":\"es\",\"potentialAction\":[{\"@type\":\"CommentAction\",\"name\":\"Comment\",\"target\":[\"https:\\\/\\\/centrourbano.com\\\/revista\\\/vivienda\\\/credito-para-desarrolladores-subio-26-en-2015-shf\\\/#respond\"]}]},{\"@type\":\"WebPage\",\"@id\":\"https:\\\/\\\/centrourbano.com\\\/revista\\\/vivienda\\\/credito-para-desarrolladores-subio-26-en-2015-shf\\\/\",\"url\":\"https:\\\/\\\/centrourbano.com\\\/revista\\\/vivienda\\\/credito-para-desarrolladores-subio-26-en-2015-shf\\\/\",\"name\":\"Cr\u00e9dito para desarrolladores subi\u00f3 26% en 2015: SHF -\",\"isPartOf\":{\"@id\":\"https:\\\/\\\/centrourbano.com\\\/revista\\\/#website\"},\"primaryImageOfPage\":{\"@id\":\"https:\\\/\\\/centrourbano.com\\\/revista\\\/vivienda\\\/credito-para-desarrolladores-subio-26-en-2015-shf\\\/#primaryimage\"},\"image\":{\"@id\":\"https:\\\/\\\/centrourbano.com\\\/revista\\\/vivienda\\\/credito-para-desarrolladores-subio-26-en-2015-shf\\\/#primaryimage\"},\"thumbnailUrl\":\"https:\\\/\\\/centrourbano.com\\\/revista\\\/wp-content\\\/uploads\\\/Jes\u00fas-Cano-V\u00e9lez-SHF-ok-.jpg\",\"datePublished\":\"2016-01-11T16:00:15+00:00\",\"dateModified\":\"2016-01-11T16:00:35+00:00\",\"description\":\"La instituci\u00f3n atiende a m\u00e1s de 200 desarrolladores en todo el pa\u00eds y han financiado 100 mil viviendas en la presente administraci\u00f3n Durante 2015,\",\"breadcrumb\":{\"@id\":\"https:\\\/\\\/centrourbano.com\\\/revista\\\/vivienda\\\/credito-para-desarrolladores-subio-26-en-2015-shf\\\/#breadcrumb\"},\"inLanguage\":\"es\",\"potentialAction\":[{\"@type\":\"ReadAction\",\"target\":[\"https:\\\/\\\/centrourbano.com\\\/revista\\\/vivienda\\\/credito-para-desarrolladores-subio-26-en-2015-shf\\\/\"]}]},{\"@type\":\"ImageObject\",\"inLanguage\":\"es\",\"@id\":\"https:\\\/\\\/centrourbano.com\\\/revista\\\/vivienda\\\/credito-para-desarrolladores-subio-26-en-2015-shf\\\/#primaryimage\",\"url\":\"https:\\\/\\\/centrourbano.com\\\/revista\\\/wp-content\\\/uploads\\\/Jes\u00fas-Cano-V\u00e9lez-SHF-ok-.jpg\",\"contentUrl\":\"https:\\\/\\\/centrourbano.com\\\/revista\\\/wp-content\\\/uploads\\\/Jes\u00fas-Cano-V\u00e9lez-SHF-ok-.jpg\",\"width\":1361,\"height\":953},{\"@type\":\"BreadcrumbList\",\"@id\":\"https:\\\/\\\/centrourbano.com\\\/revista\\\/vivienda\\\/credito-para-desarrolladores-subio-26-en-2015-shf\\\/#breadcrumb\",\"itemListElement\":[{\"@type\":\"ListItem\",\"position\":1,\"name\":\"Portada\",\"item\":\"https:\\\/\\\/centrourbano.com\\\/revista\\\/\"},{\"@type\":\"ListItem\",\"position\":2,\"name\":\"Cr\u00e9dito para desarrolladores subi\u00f3 26% en 2015: SHF\"}]},{\"@type\":\"WebSite\",\"@id\":\"https:\\\/\\\/centrourbano.com\\\/revista\\\/#website\",\"url\":\"https:\\\/\\\/centrourbano.com\\\/revista\\\/\",\"name\":\"Centro Urbano\",\"description\":\"Medio especializado en los sectores vivienda, inmobiliario, construcci\u00f3n, arquitectura y urbanismo.\",\"publisher\":{\"@id\":\"https:\\\/\\\/centrourbano.com\\\/revista\\\/#organization\"},\"potentialAction\":[{\"@type\":\"SearchAction\",\"target\":{\"@type\":\"EntryPoint\",\"urlTemplate\":\"https:\\\/\\\/centrourbano.com\\\/revista\\\/?s={search_term_string}\"},\"query-input\":{\"@type\":\"PropertyValueSpecification\",\"valueRequired\":true,\"valueName\":\"search_term_string\"}}],\"inLanguage\":\"es\"},{\"@type\":\"Organization\",\"@id\":\"https:\\\/\\\/centrourbano.com\\\/revista\\\/#organization\",\"name\":\"Centro Urbano\",\"url\":\"https:\\\/\\\/centrourbano.com\\\/revista\\\/\",\"logo\":{\"@type\":\"ImageObject\",\"inLanguage\":\"es\",\"@id\":\"https:\\\/\\\/centrourbano.com\\\/revista\\\/#\\\/schema\\\/logo\\\/image\\\/\",\"url\":\"https:\\\/\\\/centrourbano.com\\\/revista\\\/wp-content\\\/uploads\\\/web_CU_logo-1.png\",\"contentUrl\":\"https:\\\/\\\/centrourbano.com\\\/revista\\\/wp-content\\\/uploads\\\/web_CU_logo-1.png\",\"width\":350,\"height\":91,\"caption\":\"Centro Urbano\"},\"image\":{\"@id\":\"https:\\\/\\\/centrourbano.com\\\/revista\\\/#\\\/schema\\\/logo\\\/image\\\/\"},\"sameAs\":[\"https:\\\/\\\/www.facebook.com\\\/portalcentrourbano\",\"https:\\\/\\\/x.com\\\/CentroUrbano\",\"https:\\\/\\\/www.instagram.com\\\/centro_urbano\\\/\",\"https:\\\/\\\/www.linkedin.com\\\/company\\\/centro-urbano\\\/\",\"http:\\\/\\\/www.youtube.com\\\/user\\\/portalcentrourbano\"]},{\"@type\":\"Person\",\"@id\":\"https:\\\/\\\/centrourbano.com\\\/revista\\\/#\\\/schema\\\/person\\\/71e020a5b63ca4230c0f1228a36cde93\",\"name\":\"Mario V\u00e1zquez Barrios\",\"image\":{\"@type\":\"ImageObject\",\"inLanguage\":\"es\",\"@id\":\"https:\\\/\\\/secure.gravatar.com\\\/avatar\\\/347e6d9c0b04f0194ca244ba64b0fe62752d716a3a93d1713bd259eb87aad5b6?s=96&d=mm&r=g\",\"url\":\"https:\\\/\\\/secure.gravatar.com\\\/avatar\\\/347e6d9c0b04f0194ca244ba64b0fe62752d716a3a93d1713bd259eb87aad5b6?s=96&d=mm&r=g\",\"contentUrl\":\"https:\\\/\\\/secure.gravatar.com\\\/avatar\\\/347e6d9c0b04f0194ca244ba64b0fe62752d716a3a93d1713bd259eb87aad5b6?s=96&d=mm&r=g\",\"caption\":\"Mario V\u00e1zquez Barrios\"},\"description\":\"Me inici\u00e9 en El Financiero haciendo reportajes; en MegaNoticias Televisi\u00f3n fui reportero titular; en EMedios, control de calidad; y Radio 13 Noticias me acogi\u00f3 como colaborador. Me gusta encontrar en las banquetas la nota, una entrevista y el inicio de un reportaje.\",\"sameAs\":[\"https:\\\/\\\/x.com\\\/@MarioDeNiro\"],\"url\":\"https:\\\/\\\/centrourbano.com\\\/revista\\\/author\\\/mario-vazquez\\\/\"}]}<\/script>\n<!-- \/ Yoast SEO plugin. -->","yoast_head_json":{"title":"Cr\u00e9dito para desarrolladores subi\u00f3 26% en 2015: SHF -","description":"La instituci\u00f3n atiende a m\u00e1s de 200 desarrolladores en todo el pa\u00eds y han financiado 100 mil viviendas en la presente administraci\u00f3n Durante 2015,","robots":{"index":"index","follow":"follow","max-snippet":"max-snippet:-1","max-image-preview":"max-image-preview:large","max-video-preview":"max-video-preview:-1"},"canonical":"https:\/\/centrourbano.com\/revista\/vivienda\/credito-para-desarrolladores-subio-26-en-2015-shf\/","og_locale":"es_ES","og_type":"article","og_title":"Cr\u00e9dito para desarrolladores subi\u00f3 26% en 2015: SHF -","og_description":"La instituci\u00f3n atiende a m\u00e1s de 200 desarrolladores en todo el pa\u00eds y han financiado 100 mil viviendas en la presente administraci\u00f3n Durante 2015,","og_url":"https:\/\/centrourbano.com\/revista\/vivienda\/credito-para-desarrolladores-subio-26-en-2015-shf\/","og_site_name":"Centro Urbano","article_publisher":"https:\/\/www.facebook.com\/portalcentrourbano","article_published_time":"2016-01-11T16:00:15+00:00","article_modified_time":"2016-01-11T16:00:35+00:00","og_image":[{"width":1361,"height":953,"url":"https:\/\/centrourbano.com\/revista\/wp-content\/uploads\/Jes\u00fas-Cano-V\u00e9lez-SHF-ok-.jpg","type":"image\/jpeg"}],"author":"Mario V\u00e1zquez Barrios","twitter_card":"summary_large_image","twitter_creator":"@MarioDeNiro","twitter_site":"@CentroUrbano","twitter_misc":{"Escrito por":"Mario V\u00e1zquez Barrios","Tiempo de lectura":"3 minutos"},"schema":{"@context":"https:\/\/schema.org","@graph":[{"@type":"Article","@id":"https:\/\/centrourbano.com\/revista\/vivienda\/credito-para-desarrolladores-subio-26-en-2015-shf\/#article","isPartOf":{"@id":"https:\/\/centrourbano.com\/revista\/vivienda\/credito-para-desarrolladores-subio-26-en-2015-shf\/"},"author":{"name":"Mario V\u00e1zquez Barrios","@id":"https:\/\/centrourbano.com\/revista\/#\/schema\/person\/71e020a5b63ca4230c0f1228a36cde93"},"headline":"Cr\u00e9dito para desarrolladores subi\u00f3 26% en 2015: SHF","datePublished":"2016-01-11T16:00:15+00:00","dateModified":"2016-01-11T16:00:35+00:00","mainEntityOfPage":{"@id":"https:\/\/centrourbano.com\/revista\/vivienda\/credito-para-desarrolladores-subio-26-en-2015-shf\/"},"wordCount":610,"commentCount":0,"publisher":{"@id":"https:\/\/centrourbano.com\/revista\/#organization"},"image":{"@id":"https:\/\/centrourbano.com\/revista\/vivienda\/credito-para-desarrolladores-subio-26-en-2015-shf\/#primaryimage"},"thumbnailUrl":"https:\/\/centrourbano.com\/revista\/wp-content\/uploads\/Jes\u00fas-Cano-V\u00e9lez-SHF-ok-.jpg","keywords":["construcci\u00f3n","Jes\u00fas Alberto Cano V\u00e9lez","SHF","vivienda+"],"articleSection":["Vivienda"],"inLanguage":"es","potentialAction":[{"@type":"CommentAction","name":"Comment","target":["https:\/\/centrourbano.com\/revista\/vivienda\/credito-para-desarrolladores-subio-26-en-2015-shf\/#respond"]}]},{"@type":"WebPage","@id":"https:\/\/centrourbano.com\/revista\/vivienda\/credito-para-desarrolladores-subio-26-en-2015-shf\/","url":"https:\/\/centrourbano.com\/revista\/vivienda\/credito-para-desarrolladores-subio-26-en-2015-shf\/","name":"Cr\u00e9dito para desarrolladores subi\u00f3 26% en 2015: SHF -","isPartOf":{"@id":"https:\/\/centrourbano.com\/revista\/#website"},"primaryImageOfPage":{"@id":"https:\/\/centrourbano.com\/revista\/vivienda\/credito-para-desarrolladores-subio-26-en-2015-shf\/#primaryimage"},"image":{"@id":"https:\/\/centrourbano.com\/revista\/vivienda\/credito-para-desarrolladores-subio-26-en-2015-shf\/#primaryimage"},"thumbnailUrl":"https:\/\/centrourbano.com\/revista\/wp-content\/uploads\/Jes\u00fas-Cano-V\u00e9lez-SHF-ok-.jpg","datePublished":"2016-01-11T16:00:15+00:00","dateModified":"2016-01-11T16:00:35+00:00","description":"La instituci\u00f3n atiende a m\u00e1s de 200 desarrolladores en todo el pa\u00eds y han financiado 100 mil viviendas en la presente administraci\u00f3n Durante 2015,","breadcrumb":{"@id":"https:\/\/centrourbano.com\/revista\/vivienda\/credito-para-desarrolladores-subio-26-en-2015-shf\/#breadcrumb"},"inLanguage":"es","potentialAction":[{"@type":"ReadAction","target":["https:\/\/centrourbano.com\/revista\/vivienda\/credito-para-desarrolladores-subio-26-en-2015-shf\/"]}]},{"@type":"ImageObject","inLanguage":"es","@id":"https:\/\/centrourbano.com\/revista\/vivienda\/credito-para-desarrolladores-subio-26-en-2015-shf\/#primaryimage","url":"https:\/\/centrourbano.com\/revista\/wp-content\/uploads\/Jes\u00fas-Cano-V\u00e9lez-SHF-ok-.jpg","contentUrl":"https:\/\/centrourbano.com\/revista\/wp-content\/uploads\/Jes\u00fas-Cano-V\u00e9lez-SHF-ok-.jpg","width":1361,"height":953},{"@type":"BreadcrumbList","@id":"https:\/\/centrourbano.com\/revista\/vivienda\/credito-para-desarrolladores-subio-26-en-2015-shf\/#breadcrumb","itemListElement":[{"@type":"ListItem","position":1,"name":"Portada","item":"https:\/\/centrourbano.com\/revista\/"},{"@type":"ListItem","position":2,"name":"Cr\u00e9dito para desarrolladores subi\u00f3 26% en 2015: SHF"}]},{"@type":"WebSite","@id":"https:\/\/centrourbano.com\/revista\/#website","url":"https:\/\/centrourbano.com\/revista\/","name":"Centro Urbano","description":"Medio especializado en los sectores vivienda, inmobiliario, construcci\u00f3n, arquitectura y urbanismo.","publisher":{"@id":"https:\/\/centrourbano.com\/revista\/#organization"},"potentialAction":[{"@type":"SearchAction","target":{"@type":"EntryPoint","urlTemplate":"https:\/\/centrourbano.com\/revista\/?s={search_term_string}"},"query-input":{"@type":"PropertyValueSpecification","valueRequired":true,"valueName":"search_term_string"}}],"inLanguage":"es"},{"@type":"Organization","@id":"https:\/\/centrourbano.com\/revista\/#organization","name":"Centro Urbano","url":"https:\/\/centrourbano.com\/revista\/","logo":{"@type":"ImageObject","inLanguage":"es","@id":"https:\/\/centrourbano.com\/revista\/#\/schema\/logo\/image\/","url":"https:\/\/centrourbano.com\/revista\/wp-content\/uploads\/web_CU_logo-1.png","contentUrl":"https:\/\/centrourbano.com\/revista\/wp-content\/uploads\/web_CU_logo-1.png","width":350,"height":91,"caption":"Centro Urbano"},"image":{"@id":"https:\/\/centrourbano.com\/revista\/#\/schema\/logo\/image\/"},"sameAs":["https:\/\/www.facebook.com\/portalcentrourbano","https:\/\/x.com\/CentroUrbano","https:\/\/www.instagram.com\/centro_urbano\/","https:\/\/www.linkedin.com\/company\/centro-urbano\/","http:\/\/www.youtube.com\/user\/portalcentrourbano"]},{"@type":"Person","@id":"https:\/\/centrourbano.com\/revista\/#\/schema\/person\/71e020a5b63ca4230c0f1228a36cde93","name":"Mario V\u00e1zquez Barrios","image":{"@type":"ImageObject","inLanguage":"es","@id":"https:\/\/secure.gravatar.com\/avatar\/347e6d9c0b04f0194ca244ba64b0fe62752d716a3a93d1713bd259eb87aad5b6?s=96&d=mm&r=g","url":"https:\/\/secure.gravatar.com\/avatar\/347e6d9c0b04f0194ca244ba64b0fe62752d716a3a93d1713bd259eb87aad5b6?s=96&d=mm&r=g","contentUrl":"https:\/\/secure.gravatar.com\/avatar\/347e6d9c0b04f0194ca244ba64b0fe62752d716a3a93d1713bd259eb87aad5b6?s=96&d=mm&r=g","caption":"Mario V\u00e1zquez Barrios"},"description":"Me inici\u00e9 en El Financiero haciendo reportajes; en MegaNoticias Televisi\u00f3n fui reportero titular; en EMedios, control de calidad; y Radio 13 Noticias me acogi\u00f3 como colaborador. Me gusta encontrar en las banquetas la nota, una entrevista y el inicio de un reportaje.","sameAs":["https:\/\/x.com\/@MarioDeNiro"],"url":"https:\/\/centrourbano.com\/revista\/author\/mario-vazquez\/"}]}},"_links":{"self":[{"href":"https:\/\/centrourbano.com\/revista\/wp-json\/wp\/v2\/posts\/28336","targetHints":{"allow":["GET"]}}],"collection":[{"href":"https:\/\/centrourbano.com\/revista\/wp-json\/wp\/v2\/posts"}],"about":[{"href":"https:\/\/centrourbano.com\/revista\/wp-json\/wp\/v2\/types\/post"}],"author":[{"embeddable":true,"href":"https:\/\/centrourbano.com\/revista\/wp-json\/wp\/v2\/users\/28"}],"replies":[{"embeddable":true,"href":"https:\/\/centrourbano.com\/revista\/wp-json\/wp\/v2\/comments?post=28336"}],"version-history":[{"count":0,"href":"https:\/\/centrourbano.com\/revista\/wp-json\/wp\/v2\/posts\/28336\/revisions"}],"wp:featuredmedia":[{"embeddable":true,"href":"https:\/\/centrourbano.com\/revista\/wp-json\/wp\/v2\/media\/28337"}],"wp:attachment":[{"href":"https:\/\/centrourbano.com\/revista\/wp-json\/wp\/v2\/media?parent=28336"}],"wp:term":[{"taxonomy":"category","embeddable":true,"href":"https:\/\/centrourbano.com\/revista\/wp-json\/wp\/v2\/categories?post=28336"},{"taxonomy":"post_tag","embeddable":true,"href":"https:\/\/centrourbano.com\/revista\/wp-json\/wp\/v2\/tags?post=28336"}],"curies":[{"name":"wp","href":"https:\/\/api.w.org\/{rel}","templated":true}]}}