{"id":28300,"date":"2016-01-08T12:04:35","date_gmt":"2016-01-08T18:04:35","guid":{"rendered":"http:\/\/centrourbano.com\/?p=28300"},"modified":"2016-01-08T12:13:07","modified_gmt":"2016-01-08T18:13:07","slug":"pavimentan-13-municipios-mexiquenses-en-mas-de-600-kilometros","status":"publish","type":"post","link":"https:\/\/centrourbano.com\/revista\/construccion\/pavimentan-13-municipios-mexiquenses-en-mas-de-600-kilometros\/","title":{"rendered":"Pavimentan 13 municipios mexiquenses en m\u00e1s de 600 kil\u00f3metros"},"content":{"rendered":"<p><em>Dos meses durar\u00e1n los trabajos, adem\u00e1s se realizar\u00e1 nivelaci\u00f3n de <a class=\"expresscurate_contentTags\" href=\"http:\/\/centrourbano.com\/tag\/calles\/\">#calles<\/a> en donde se requiera <\/em><br \/>\n<!--more--><\/p>\n<p>La Secretar\u00eda de Infraestructura del Estado de M\u00e9xico anunci\u00f3 que realiza una inversi\u00f3n de m\u00e1s de 53,000,000 de pesos, misma que se utiliza en el <a class=\"expresscurate_contentTags\" href=\"http:\/\/centrourbano.com\/tag\/bacheo\/\">#bacheo<\/a> de 13 municipios del norte de la entidad y as\u00ed mejorar la seguridad y tiempos de traslados de 225,000 habitantes. <\/p>\n<p>La dependencia mexiquense explic\u00f3 que estos trabajos forman parte del Programa de Rehabilitaci\u00f3n de la Superficie de Rodamiento de Vialidades, los municipios en donde iniciaron los trabajos son Acambay, Aculco, Atlacomulco, El Oro, Ixtlahuaca, Jilotepec, Jocotitl\u00e1n, Morelos, Polotitl\u00e1n, San Felipe del Progreso, San Jos\u00e9 del Rinc\u00f3n, Temascalcingo y Timilpan. <\/p>\n<p>\u201cLos trabajos atender\u00e1n 685.8 kil\u00f3metros de caminos municipales; se realizar\u00e1n durante 2 meses, en algunos casos, adem\u00e1s del bacheo, se realizar\u00e1 la nivelaci\u00f3n de caminos con la mezcla asf\u00e1ltica, para reforzar la seguridad de aquellas calles que as\u00ed lo requieran\u201d, explic\u00f3 Rub\u00e9n Bringas, director de la Junta de Caminos del Estado de M\u00e9xico.<\/p>\n<p><strong>Construyen caminos en Campeche <\/strong><\/p>\n<p>Alejandro Moreno, gobernador de Campeche, dio el banderazo de inicio de los trabajos de <a class=\"expresscurate_contentTags\" href=\"http:\/\/centrourbano.com\/tag\/construccion-2\/\">#construcci\u00f3n<\/a>, en el municipio de Holpech\u00e9n, de un par de calles a base de concreto hidr\u00e1ulico con una extensi\u00f3n de m\u00e1s de 1 kil\u00f3metro coda una, la inversi\u00f3n en estos trabajos es de m\u00e1s de 9,000,000 de pesos. <\/p>\n<p>Adem\u00e1s, entreg\u00f3 las <a class=\"expresscurate_contentTags\" href=\"http:\/\/centrourbano.com\/tag\/obras\/\">#obras<\/a> de un par de canchas de esos m\u00faltiples, una en la colonia San Mart\u00edn con una inversi\u00f3n de 1,918,000 pesos y otra en la localidad Ich-Ek, cuyo costo fue de 1,997,158 pesos.<\/p>\n<p>\u201cVamos a trabajar para que los ciudadanos tengan la respuesta clara que cuentan con un gobierno cercano ellos, adem\u00e1s con el apoyo del gobierno federal se respaldar\u00e1 no s\u00f3lo en infraestructura, tambi\u00e9n al campo y esteremos al lado de los ejidatarios en cada una de sus gestiones\u201d, asegur\u00f3 Moreno. <\/p>\n","protected":false},"excerpt":{"rendered":"<p>Dos meses durar\u00e1n los trabajos, adem\u00e1s se realizar\u00e1 nivelaci\u00f3n de #calles en donde se requiera<\/p>\n","protected":false},"author":37,"featured_media":19594,"comment_status":"open","ping_status":"closed","sticky":false,"template":"","format":"standard","meta":{"om_disable_all_campaigns":false,"inline_featured_image":false,"_monsterinsights_skip_tracking":false,"_monsterinsights_sitenote_active":false,"_monsterinsights_sitenote_note":"","_monsterinsights_sitenote_category":0,"footnotes":""},"categories":[14],"tags":[3402,7382,22,503],"class_list":["post-28300","post","type-post","status-publish","format-standard","has-post-thumbnail","hentry","category-construccion","tag-bacheo","tag-calles","tag-construccion-2","tag-obras"],"yoast_head":"<!-- This site is optimized with the Yoast SEO plugin v27.5 - https:\/\/yoast.com\/product\/yoast-seo-wordpress\/ -->\n<title>Pavimentan 13 municipios mexiquenses en m\u00e1s de 600 kil\u00f3metros -<\/title>\n<meta name=\"description\" content=\"Dos meses durar\u00e1n los trabajos, adem\u00e1s se realizar\u00e1 nivelaci\u00f3n de #calles en donde se requiera La Secretar\u00eda de Infraestructura del Estado de M\u00e9xico\" \/>\n<meta name=\"robots\" content=\"index, follow, max-snippet:-1, max-image-preview:large, max-video-preview:-1\" \/>\n<link rel=\"canonical\" href=\"https:\/\/centrourbano.com\/revista\/construccion\/pavimentan-13-municipios-mexiquenses-en-mas-de-600-kilometros\/\" \/>\n<meta property=\"og:locale\" content=\"es_ES\" \/>\n<meta property=\"og:type\" content=\"article\" \/>\n<meta property=\"og:title\" content=\"Pavimentan 13 municipios mexiquenses en m\u00e1s de 600 kil\u00f3metros -\" \/>\n<meta property=\"og:description\" content=\"Dos meses durar\u00e1n los trabajos, adem\u00e1s se realizar\u00e1 nivelaci\u00f3n de #calles en donde se requiera La Secretar\u00eda de Infraestructura del Estado de M\u00e9xico\" \/>\n<meta property=\"og:url\" content=\"https:\/\/centrourbano.com\/revista\/construccion\/pavimentan-13-municipios-mexiquenses-en-mas-de-600-kilometros\/\" \/>\n<meta property=\"og:site_name\" content=\"Centro Urbano\" \/>\n<meta property=\"article:publisher\" content=\"https:\/\/www.facebook.com\/portalcentrourbano\" \/>\n<meta property=\"article:published_time\" content=\"2016-01-08T18:04:35+00:00\" \/>\n<meta property=\"article:modified_time\" content=\"2016-01-08T18:13:07+00:00\" \/>\n<meta property=\"og:image\" content=\"https:\/\/centrourbano.com\/revista\/wp-content\/uploads\/bache1.jpg\" \/>\n\t<meta property=\"og:image:width\" content=\"800\" \/>\n\t<meta property=\"og:image:height\" content=\"543\" \/>\n\t<meta property=\"og:image:type\" content=\"image\/jpeg\" \/>\n<meta name=\"author\" content=\"Diego Rodr\u00edguez\" \/>\n<meta name=\"twitter:card\" content=\"summary_large_image\" \/>\n<meta name=\"twitter:creator\" content=\"@CentroUrbano\" \/>\n<meta name=\"twitter:site\" content=\"@CentroUrbano\" \/>\n<meta name=\"twitter:label1\" content=\"Escrito por\" \/>\n\t<meta name=\"twitter:data1\" content=\"Diego Rodr\u00edguez\" \/>\n\t<meta name=\"twitter:label2\" content=\"Tiempo de lectura\" \/>\n\t<meta name=\"twitter:data2\" content=\"2 minutos\" \/>\n<script type=\"application\/ld+json\" class=\"yoast-schema-graph\">{\"@context\":\"https:\\\/\\\/schema.org\",\"@graph\":[{\"@type\":\"Article\",\"@id\":\"https:\\\/\\\/centrourbano.com\\\/revista\\\/construccion\\\/pavimentan-13-municipios-mexiquenses-en-mas-de-600-kilometros\\\/#article\",\"isPartOf\":{\"@id\":\"https:\\\/\\\/centrourbano.com\\\/revista\\\/construccion\\\/pavimentan-13-municipios-mexiquenses-en-mas-de-600-kilometros\\\/\"},\"author\":{\"name\":\"Diego Rodr\u00edguez\",\"@id\":\"https:\\\/\\\/centrourbano.com\\\/revista\\\/#\\\/schema\\\/person\\\/dbdc8d1d633eb3e0461138eedc8a0615\"},\"headline\":\"Pavimentan 13 municipios mexiquenses en m\u00e1s de 600 kil\u00f3metros\",\"datePublished\":\"2016-01-08T18:04:35+00:00\",\"dateModified\":\"2016-01-08T18:13:07+00:00\",\"mainEntityOfPage\":{\"@id\":\"https:\\\/\\\/centrourbano.com\\\/revista\\\/construccion\\\/pavimentan-13-municipios-mexiquenses-en-mas-de-600-kilometros\\\/\"},\"wordCount\":338,\"commentCount\":0,\"publisher\":{\"@id\":\"https:\\\/\\\/centrourbano.com\\\/revista\\\/#organization\"},\"image\":{\"@id\":\"https:\\\/\\\/centrourbano.com\\\/revista\\\/construccion\\\/pavimentan-13-municipios-mexiquenses-en-mas-de-600-kilometros\\\/#primaryimage\"},\"thumbnailUrl\":\"https:\\\/\\\/centrourbano.com\\\/revista\\\/wp-content\\\/uploads\\\/bache1.jpg\",\"keywords\":[\"Bacheo\",\"Calles\",\"construcci\u00f3n\",\"Obras\"],\"articleSection\":[\"Construcci\u00f3n\"],\"inLanguage\":\"es\",\"potentialAction\":[{\"@type\":\"CommentAction\",\"name\":\"Comment\",\"target\":[\"https:\\\/\\\/centrourbano.com\\\/revista\\\/construccion\\\/pavimentan-13-municipios-mexiquenses-en-mas-de-600-kilometros\\\/#respond\"]}]},{\"@type\":\"WebPage\",\"@id\":\"https:\\\/\\\/centrourbano.com\\\/revista\\\/construccion\\\/pavimentan-13-municipios-mexiquenses-en-mas-de-600-kilometros\\\/\",\"url\":\"https:\\\/\\\/centrourbano.com\\\/revista\\\/construccion\\\/pavimentan-13-municipios-mexiquenses-en-mas-de-600-kilometros\\\/\",\"name\":\"Pavimentan 13 municipios mexiquenses en m\u00e1s de 600 kil\u00f3metros -\",\"isPartOf\":{\"@id\":\"https:\\\/\\\/centrourbano.com\\\/revista\\\/#website\"},\"primaryImageOfPage\":{\"@id\":\"https:\\\/\\\/centrourbano.com\\\/revista\\\/construccion\\\/pavimentan-13-municipios-mexiquenses-en-mas-de-600-kilometros\\\/#primaryimage\"},\"image\":{\"@id\":\"https:\\\/\\\/centrourbano.com\\\/revista\\\/construccion\\\/pavimentan-13-municipios-mexiquenses-en-mas-de-600-kilometros\\\/#primaryimage\"},\"thumbnailUrl\":\"https:\\\/\\\/centrourbano.com\\\/revista\\\/wp-content\\\/uploads\\\/bache1.jpg\",\"datePublished\":\"2016-01-08T18:04:35+00:00\",\"dateModified\":\"2016-01-08T18:13:07+00:00\",\"description\":\"Dos meses durar\u00e1n los trabajos, adem\u00e1s se realizar\u00e1 nivelaci\u00f3n de #calles en donde se requiera La Secretar\u00eda de Infraestructura del Estado de M\u00e9xico\",\"breadcrumb\":{\"@id\":\"https:\\\/\\\/centrourbano.com\\\/revista\\\/construccion\\\/pavimentan-13-municipios-mexiquenses-en-mas-de-600-kilometros\\\/#breadcrumb\"},\"inLanguage\":\"es\",\"potentialAction\":[{\"@type\":\"ReadAction\",\"target\":[\"https:\\\/\\\/centrourbano.com\\\/revista\\\/construccion\\\/pavimentan-13-municipios-mexiquenses-en-mas-de-600-kilometros\\\/\"]}]},{\"@type\":\"ImageObject\",\"inLanguage\":\"es\",\"@id\":\"https:\\\/\\\/centrourbano.com\\\/revista\\\/construccion\\\/pavimentan-13-municipios-mexiquenses-en-mas-de-600-kilometros\\\/#primaryimage\",\"url\":\"https:\\\/\\\/centrourbano.com\\\/revista\\\/wp-content\\\/uploads\\\/bache1.jpg\",\"contentUrl\":\"https:\\\/\\\/centrourbano.com\\\/revista\\\/wp-content\\\/uploads\\\/bache1.jpg\",\"width\":800,\"height\":543,\"caption\":\"100203 ciudad y region baches en guadalajara humberto muniz ceja\"},{\"@type\":\"BreadcrumbList\",\"@id\":\"https:\\\/\\\/centrourbano.com\\\/revista\\\/construccion\\\/pavimentan-13-municipios-mexiquenses-en-mas-de-600-kilometros\\\/#breadcrumb\",\"itemListElement\":[{\"@type\":\"ListItem\",\"position\":1,\"name\":\"Portada\",\"item\":\"https:\\\/\\\/centrourbano.com\\\/revista\\\/\"},{\"@type\":\"ListItem\",\"position\":2,\"name\":\"Pavimentan 13 municipios mexiquenses en m\u00e1s de 600 kil\u00f3metros\"}]},{\"@type\":\"WebSite\",\"@id\":\"https:\\\/\\\/centrourbano.com\\\/revista\\\/#website\",\"url\":\"https:\\\/\\\/centrourbano.com\\\/revista\\\/\",\"name\":\"Centro Urbano\",\"description\":\"Medio especializado en los sectores vivienda, inmobiliario, construcci\u00f3n, arquitectura y urbanismo.\",\"publisher\":{\"@id\":\"https:\\\/\\\/centrourbano.com\\\/revista\\\/#organization\"},\"potentialAction\":[{\"@type\":\"SearchAction\",\"target\":{\"@type\":\"EntryPoint\",\"urlTemplate\":\"https:\\\/\\\/centrourbano.com\\\/revista\\\/?s={search_term_string}\"},\"query-input\":{\"@type\":\"PropertyValueSpecification\",\"valueRequired\":true,\"valueName\":\"search_term_string\"}}],\"inLanguage\":\"es\"},{\"@type\":\"Organization\",\"@id\":\"https:\\\/\\\/centrourbano.com\\\/revista\\\/#organization\",\"name\":\"Centro Urbano\",\"url\":\"https:\\\/\\\/centrourbano.com\\\/revista\\\/\",\"logo\":{\"@type\":\"ImageObject\",\"inLanguage\":\"es\",\"@id\":\"https:\\\/\\\/centrourbano.com\\\/revista\\\/#\\\/schema\\\/logo\\\/image\\\/\",\"url\":\"https:\\\/\\\/centrourbano.com\\\/revista\\\/wp-content\\\/uploads\\\/web_CU_logo-1.png\",\"contentUrl\":\"https:\\\/\\\/centrourbano.com\\\/revista\\\/wp-content\\\/uploads\\\/web_CU_logo-1.png\",\"width\":350,\"height\":91,\"caption\":\"Centro Urbano\"},\"image\":{\"@id\":\"https:\\\/\\\/centrourbano.com\\\/revista\\\/#\\\/schema\\\/logo\\\/image\\\/\"},\"sameAs\":[\"https:\\\/\\\/www.facebook.com\\\/portalcentrourbano\",\"https:\\\/\\\/x.com\\\/CentroUrbano\",\"https:\\\/\\\/www.instagram.com\\\/centro_urbano\\\/\",\"https:\\\/\\\/www.linkedin.com\\\/company\\\/centro-urbano\\\/\",\"http:\\\/\\\/www.youtube.com\\\/user\\\/portalcentrourbano\"]},{\"@type\":\"Person\",\"@id\":\"https:\\\/\\\/centrourbano.com\\\/revista\\\/#\\\/schema\\\/person\\\/dbdc8d1d633eb3e0461138eedc8a0615\",\"name\":\"Diego Rodr\u00edguez\",\"image\":{\"@type\":\"ImageObject\",\"inLanguage\":\"es\",\"@id\":\"https:\\\/\\\/secure.gravatar.com\\\/avatar\\\/d217565525df2df5d4e7265d47758506f41845ed9529510921a7625d8365789d?s=96&d=mm&r=g\",\"url\":\"https:\\\/\\\/secure.gravatar.com\\\/avatar\\\/d217565525df2df5d4e7265d47758506f41845ed9529510921a7625d8365789d?s=96&d=mm&r=g\",\"contentUrl\":\"https:\\\/\\\/secure.gravatar.com\\\/avatar\\\/d217565525df2df5d4e7265d47758506f41845ed9529510921a7625d8365789d?s=96&d=mm&r=g\",\"caption\":\"Diego Rodr\u00edguez\"},\"description\":\"Egresado de la Facultad de Estudios Superiores Acatl\u00e1n de la carrera en Comunicaci\u00f3n, con especialidad en medios escritos. Reportero del desaparecido peri\u00f3dico Nuestro M\u00e9xico, en donde cubri\u00f3 las fuentes delegacionales y Asamblea Legislativa. Tambi\u00e9n trabaj\u00f3 en la Coordinaci\u00f3n de Comunicaci\u00f3n Social en la delegaci\u00f3n \u00c1lvaro Obreg\u00f3n. Le gusta leer novelas y cuentos.\",\"url\":\"https:\\\/\\\/centrourbano.com\\\/revista\\\/author\\\/diegorodriguez\\\/\"}]}<\/script>\n<!-- \/ Yoast SEO plugin. -->","yoast_head_json":{"title":"Pavimentan 13 municipios mexiquenses en m\u00e1s de 600 kil\u00f3metros -","description":"Dos meses durar\u00e1n los trabajos, adem\u00e1s se realizar\u00e1 nivelaci\u00f3n de #calles en donde se requiera La Secretar\u00eda de Infraestructura del Estado de M\u00e9xico","robots":{"index":"index","follow":"follow","max-snippet":"max-snippet:-1","max-image-preview":"max-image-preview:large","max-video-preview":"max-video-preview:-1"},"canonical":"https:\/\/centrourbano.com\/revista\/construccion\/pavimentan-13-municipios-mexiquenses-en-mas-de-600-kilometros\/","og_locale":"es_ES","og_type":"article","og_title":"Pavimentan 13 municipios mexiquenses en m\u00e1s de 600 kil\u00f3metros -","og_description":"Dos meses durar\u00e1n los trabajos, adem\u00e1s se realizar\u00e1 nivelaci\u00f3n de #calles en donde se requiera La Secretar\u00eda de Infraestructura del Estado de M\u00e9xico","og_url":"https:\/\/centrourbano.com\/revista\/construccion\/pavimentan-13-municipios-mexiquenses-en-mas-de-600-kilometros\/","og_site_name":"Centro Urbano","article_publisher":"https:\/\/www.facebook.com\/portalcentrourbano","article_published_time":"2016-01-08T18:04:35+00:00","article_modified_time":"2016-01-08T18:13:07+00:00","og_image":[{"width":800,"height":543,"url":"https:\/\/centrourbano.com\/revista\/wp-content\/uploads\/bache1.jpg","type":"image\/jpeg"}],"author":"Diego Rodr\u00edguez","twitter_card":"summary_large_image","twitter_creator":"@CentroUrbano","twitter_site":"@CentroUrbano","twitter_misc":{"Escrito por":"Diego Rodr\u00edguez","Tiempo de lectura":"2 minutos"},"schema":{"@context":"https:\/\/schema.org","@graph":[{"@type":"Article","@id":"https:\/\/centrourbano.com\/revista\/construccion\/pavimentan-13-municipios-mexiquenses-en-mas-de-600-kilometros\/#article","isPartOf":{"@id":"https:\/\/centrourbano.com\/revista\/construccion\/pavimentan-13-municipios-mexiquenses-en-mas-de-600-kilometros\/"},"author":{"name":"Diego Rodr\u00edguez","@id":"https:\/\/centrourbano.com\/revista\/#\/schema\/person\/dbdc8d1d633eb3e0461138eedc8a0615"},"headline":"Pavimentan 13 municipios mexiquenses en m\u00e1s de 600 kil\u00f3metros","datePublished":"2016-01-08T18:04:35+00:00","dateModified":"2016-01-08T18:13:07+00:00","mainEntityOfPage":{"@id":"https:\/\/centrourbano.com\/revista\/construccion\/pavimentan-13-municipios-mexiquenses-en-mas-de-600-kilometros\/"},"wordCount":338,"commentCount":0,"publisher":{"@id":"https:\/\/centrourbano.com\/revista\/#organization"},"image":{"@id":"https:\/\/centrourbano.com\/revista\/construccion\/pavimentan-13-municipios-mexiquenses-en-mas-de-600-kilometros\/#primaryimage"},"thumbnailUrl":"https:\/\/centrourbano.com\/revista\/wp-content\/uploads\/bache1.jpg","keywords":["Bacheo","Calles","construcci\u00f3n","Obras"],"articleSection":["Construcci\u00f3n"],"inLanguage":"es","potentialAction":[{"@type":"CommentAction","name":"Comment","target":["https:\/\/centrourbano.com\/revista\/construccion\/pavimentan-13-municipios-mexiquenses-en-mas-de-600-kilometros\/#respond"]}]},{"@type":"WebPage","@id":"https:\/\/centrourbano.com\/revista\/construccion\/pavimentan-13-municipios-mexiquenses-en-mas-de-600-kilometros\/","url":"https:\/\/centrourbano.com\/revista\/construccion\/pavimentan-13-municipios-mexiquenses-en-mas-de-600-kilometros\/","name":"Pavimentan 13 municipios mexiquenses en m\u00e1s de 600 kil\u00f3metros -","isPartOf":{"@id":"https:\/\/centrourbano.com\/revista\/#website"},"primaryImageOfPage":{"@id":"https:\/\/centrourbano.com\/revista\/construccion\/pavimentan-13-municipios-mexiquenses-en-mas-de-600-kilometros\/#primaryimage"},"image":{"@id":"https:\/\/centrourbano.com\/revista\/construccion\/pavimentan-13-municipios-mexiquenses-en-mas-de-600-kilometros\/#primaryimage"},"thumbnailUrl":"https:\/\/centrourbano.com\/revista\/wp-content\/uploads\/bache1.jpg","datePublished":"2016-01-08T18:04:35+00:00","dateModified":"2016-01-08T18:13:07+00:00","description":"Dos meses durar\u00e1n los trabajos, adem\u00e1s se realizar\u00e1 nivelaci\u00f3n de #calles en donde se requiera La Secretar\u00eda de Infraestructura del Estado de M\u00e9xico","breadcrumb":{"@id":"https:\/\/centrourbano.com\/revista\/construccion\/pavimentan-13-municipios-mexiquenses-en-mas-de-600-kilometros\/#breadcrumb"},"inLanguage":"es","potentialAction":[{"@type":"ReadAction","target":["https:\/\/centrourbano.com\/revista\/construccion\/pavimentan-13-municipios-mexiquenses-en-mas-de-600-kilometros\/"]}]},{"@type":"ImageObject","inLanguage":"es","@id":"https:\/\/centrourbano.com\/revista\/construccion\/pavimentan-13-municipios-mexiquenses-en-mas-de-600-kilometros\/#primaryimage","url":"https:\/\/centrourbano.com\/revista\/wp-content\/uploads\/bache1.jpg","contentUrl":"https:\/\/centrourbano.com\/revista\/wp-content\/uploads\/bache1.jpg","width":800,"height":543,"caption":"100203 ciudad y region baches en guadalajara humberto muniz ceja"},{"@type":"BreadcrumbList","@id":"https:\/\/centrourbano.com\/revista\/construccion\/pavimentan-13-municipios-mexiquenses-en-mas-de-600-kilometros\/#breadcrumb","itemListElement":[{"@type":"ListItem","position":1,"name":"Portada","item":"https:\/\/centrourbano.com\/revista\/"},{"@type":"ListItem","position":2,"name":"Pavimentan 13 municipios mexiquenses en m\u00e1s de 600 kil\u00f3metros"}]},{"@type":"WebSite","@id":"https:\/\/centrourbano.com\/revista\/#website","url":"https:\/\/centrourbano.com\/revista\/","name":"Centro Urbano","description":"Medio especializado en los sectores vivienda, inmobiliario, construcci\u00f3n, arquitectura y urbanismo.","publisher":{"@id":"https:\/\/centrourbano.com\/revista\/#organization"},"potentialAction":[{"@type":"SearchAction","target":{"@type":"EntryPoint","urlTemplate":"https:\/\/centrourbano.com\/revista\/?s={search_term_string}"},"query-input":{"@type":"PropertyValueSpecification","valueRequired":true,"valueName":"search_term_string"}}],"inLanguage":"es"},{"@type":"Organization","@id":"https:\/\/centrourbano.com\/revista\/#organization","name":"Centro Urbano","url":"https:\/\/centrourbano.com\/revista\/","logo":{"@type":"ImageObject","inLanguage":"es","@id":"https:\/\/centrourbano.com\/revista\/#\/schema\/logo\/image\/","url":"https:\/\/centrourbano.com\/revista\/wp-content\/uploads\/web_CU_logo-1.png","contentUrl":"https:\/\/centrourbano.com\/revista\/wp-content\/uploads\/web_CU_logo-1.png","width":350,"height":91,"caption":"Centro Urbano"},"image":{"@id":"https:\/\/centrourbano.com\/revista\/#\/schema\/logo\/image\/"},"sameAs":["https:\/\/www.facebook.com\/portalcentrourbano","https:\/\/x.com\/CentroUrbano","https:\/\/www.instagram.com\/centro_urbano\/","https:\/\/www.linkedin.com\/company\/centro-urbano\/","http:\/\/www.youtube.com\/user\/portalcentrourbano"]},{"@type":"Person","@id":"https:\/\/centrourbano.com\/revista\/#\/schema\/person\/dbdc8d1d633eb3e0461138eedc8a0615","name":"Diego Rodr\u00edguez","image":{"@type":"ImageObject","inLanguage":"es","@id":"https:\/\/secure.gravatar.com\/avatar\/d217565525df2df5d4e7265d47758506f41845ed9529510921a7625d8365789d?s=96&d=mm&r=g","url":"https:\/\/secure.gravatar.com\/avatar\/d217565525df2df5d4e7265d47758506f41845ed9529510921a7625d8365789d?s=96&d=mm&r=g","contentUrl":"https:\/\/secure.gravatar.com\/avatar\/d217565525df2df5d4e7265d47758506f41845ed9529510921a7625d8365789d?s=96&d=mm&r=g","caption":"Diego Rodr\u00edguez"},"description":"Egresado de la Facultad de Estudios Superiores Acatl\u00e1n de la carrera en Comunicaci\u00f3n, con especialidad en medios escritos. Reportero del desaparecido peri\u00f3dico Nuestro M\u00e9xico, en donde cubri\u00f3 las fuentes delegacionales y Asamblea Legislativa. Tambi\u00e9n trabaj\u00f3 en la Coordinaci\u00f3n de Comunicaci\u00f3n Social en la delegaci\u00f3n \u00c1lvaro Obreg\u00f3n. Le gusta leer novelas y cuentos.","url":"https:\/\/centrourbano.com\/revista\/author\/diegorodriguez\/"}]}},"_links":{"self":[{"href":"https:\/\/centrourbano.com\/revista\/wp-json\/wp\/v2\/posts\/28300","targetHints":{"allow":["GET"]}}],"collection":[{"href":"https:\/\/centrourbano.com\/revista\/wp-json\/wp\/v2\/posts"}],"about":[{"href":"https:\/\/centrourbano.com\/revista\/wp-json\/wp\/v2\/types\/post"}],"author":[{"embeddable":true,"href":"https:\/\/centrourbano.com\/revista\/wp-json\/wp\/v2\/users\/37"}],"replies":[{"embeddable":true,"href":"https:\/\/centrourbano.com\/revista\/wp-json\/wp\/v2\/comments?post=28300"}],"version-history":[{"count":0,"href":"https:\/\/centrourbano.com\/revista\/wp-json\/wp\/v2\/posts\/28300\/revisions"}],"wp:featuredmedia":[{"embeddable":true,"href":"https:\/\/centrourbano.com\/revista\/wp-json\/wp\/v2\/media\/19594"}],"wp:attachment":[{"href":"https:\/\/centrourbano.com\/revista\/wp-json\/wp\/v2\/media?parent=28300"}],"wp:term":[{"taxonomy":"category","embeddable":true,"href":"https:\/\/centrourbano.com\/revista\/wp-json\/wp\/v2\/categories?post=28300"},{"taxonomy":"post_tag","embeddable":true,"href":"https:\/\/centrourbano.com\/revista\/wp-json\/wp\/v2\/tags?post=28300"}],"curies":[{"name":"wp","href":"https:\/\/api.w.org\/{rel}","templated":true}]}}