{"id":2829,"date":"2014-01-20T10:42:04","date_gmt":"2014-01-20T16:42:04","guid":{"rendered":"http:\/\/centrourbano.com\/?p=2829"},"modified":"2014-01-20T10:43:47","modified_gmt":"2014-01-20T16:43:47","slug":"derecho-a-la-ciudad","status":"publish","type":"post","link":"https:\/\/centrourbano.com\/revista\/opinion\/derecho-a-la-ciudad\/","title":{"rendered":"\u00bfDerecho a la ciudad?"},"content":{"rendered":"<a href=\"http:\/\/centrourbano.com\/revista\/wp-content\/uploads\/Horacio.png\"><img loading=\"lazy\" decoding=\"async\" class=\"alignnone size-medium wp-image-453\" alt=\"Horacio\" src=\"http:\/\/centrourbano.com\/revista\/wp-content\/uploads\/Horacio-300x250.png\" width=\"300\" height=\"250\" srcset=\"https:\/\/centrourbano.com\/revista\/wp-content\/uploads\/Horacio-300x250.png 300w, https:\/\/centrourbano.com\/revista\/wp-content\/uploads\/Horacio.png 500w\" sizes=\"auto, (max-width: 300px) 100vw, 300px\" \/><\/a>\n<p>&nbsp;<\/p>\n<p><em>En principio las ciudades parecieran ser no m\u00e1s que casas agrupadas&#8230;.<\/em><!--more--><\/p>\n<p>Pero no; no basta con que las casas se agrupen para crear ciudad&#8230;. Formar\u00e1n, si acaso, comunidad, y eso gracias a la inevitable naturaleza humana que no exige nada para que las personas se comuniquen y relacionen entre s\u00ed.<\/p>\n<p>Pero ciudad es algo m\u00e1s. Es interacci\u00f3n urbana, pero es tambi\u00e9n un sistema sumamente din\u00e1mico, que debe, o debiera dar respuesta a las diferentes necesidades de personas, familias y comunidades.<\/p>\n<p>Porque la mancha que forman 10 mil casas agrupadas nunca ser\u00e1 ciudad si no cuentan adem\u00e1s con servicios p\u00fablicos, infraestructura, espacio p\u00fablico y espacios adecuados para que se desarrollen todas las actividades que la gente necesita.<\/p>\n<p>Porque al final del camino lo que define la eficiencia de una ciudad, es la capacidad que tenga para hacer ciudadanos felices, que cuenten con oportunidades de todo tipo para un democr\u00e1tico y pleno desarrollo.<\/p>\n<p>Es por eso que necesariamente al hablar de las metas de un Plan Nacional o local de vivienda, no basta con decir el n\u00famero de casas o cr\u00e9ditos hipotecarios, sino que es indispensable hablar tambi\u00e9n del contexto en que ellas habr\u00e1n de desarrollarse, partiendo de la planeaci\u00f3n de todos los factores que debieran definir una ciudad, y terminando con la generaci\u00f3n suficiente y oportuna del complejo sistema de proyectos p\u00fablicos y privados que permiten, ahora s\u00ed, hablar de ciudad.<\/p>\n<p>Y las distorsiones en la valoraci\u00f3n de estos principios b\u00e1sicos no son s\u00f3lo culturales; son adem\u00e1s resultado de un M\u00e9xico posrevolucionario que durante d\u00e9cadas vio y en muchos casos sigue viendo con desproporcionada reverencia \u00a0la Constituci\u00f3n de 1917, que entre muchos otros \u00abderechos fundamentales\u00bb, establec\u00eda el derecho de todo mexicano a una vivienda digna.<\/p>\n<p>De entrada, los constituyentes del 17 debieron haber sido m\u00e1s sensatos y espec\u00edficos&#8230; y un poco menos populistas, escribiendo mejor que tocaba al gobierno la responsabilidad de crear condiciones que facilitaran que todos los mexicanos tuvieran la posibilidad de atender sus muy variadas necesidades de vivienda, en el contexto de ciudades que ofrecieran respuestas eficientes a sus diferentes necesidades.<\/p>\n<p>Porque el derecho a la vivienda es cosa muy subjetiva&#8230; \u00bfEn verdad es sensato pensar que toda persona pueda tener una vivienda propia?<\/p>\n<p>Y otro tema relevante, \u00bfen qu\u00e9 consiste exactamente la dignidad de la vivienda? \u00bfEn su tama\u00f1o, sus acabados, la ubicaci\u00f3n o un t\u00edtulo de propiedad?<\/p>\n<p>\u00bfNo ser\u00e1 que la dignidad de la vivienda inicia con que toda persona tuviera mejor Derecho a la Ciudad? \u00bfDerecho real a un sistema urbano que, incluyendo a la vivienda, diera respuestas directas a temas como las necesidades de espacio p\u00fablico, movilidad, educaci\u00f3n, salud, fuentes de trabajo, cultura, recreaci\u00f3n, gobierno o comercio?<\/p>\n<p>Y este Derecho a la Ciudad tendr\u00eda que estar ligado a un Derecho a\u00fan m\u00e1s fundamental; el Derecho a que ah\u00ed s\u00ed todos, pero todos los mexicanos, tengan acceso a un gobierno de calidad.<\/p>\n<p>Porque siendo la ciudad un ejercicio de creaci\u00f3n colectiva, los gobiernos bajo ninguna circunstancia pueden renunciar a la obligaci\u00f3n de ser el capit\u00e1n que defina el rumbo y conduzca el barco a su destino.<\/p>\n<p>Un capit\u00e1n que tiene la obligaci\u00f3n de reconocer que sus tiempos son ef\u00edmeros y que esa realidad lo obliga a interactuar con capitanes anteriores y futuros, haciendo del gobernar un proceso de mejora continua que no se descarrile cada seis a\u00f1os.<\/p>\n<p>Los gobiernos deben planear y conducir las transformaciones urbanas, pero deben tambi\u00e9n hacer con toda oportunidad la parte de las chambas e inversiones que les corresponden.<\/p>\n<p>Y s\u00ed, en forma aislada pudiera hablarse del Derecho a la vivienda, pero siempre como parte de un sistema de Derechos que necesariamente involucren el derecho a la ciudad y el derecho a un gobierno de calidad&#8230;<\/p>\n<p>Seguimos en contacto a trav\u00e9s de twitter @horacio_urbano y recuerden, nos vemos ma\u00f1ana a las 11:30 pm en Vivienda en Verde por Green TV, en el 410 de Cablevisi\u00f3n y 392 de Total Play.<\/p>\n<p>&nbsp;<\/p>\n","protected":false},"excerpt":{"rendered":"<p>&nbsp; En principio las ciudades parecieran ser no m\u00e1s que casas agrupadas&#8230;.<\/p>\n","protected":false},"author":13,"featured_media":0,"comment_status":"open","ping_status":"closed","sticky":false,"template":"","format":"standard","meta":{"om_disable_all_campaigns":false,"inline_featured_image":false,"_monsterinsights_skip_tracking":false,"_monsterinsights_sitenote_active":false,"_monsterinsights_sitenote_note":"","_monsterinsights_sitenote_category":0,"footnotes":""},"categories":[241,5],"tags":[107,132,211,170,311,150],"class_list":["post-2829","post","type-post","status-publish","format-standard","hentry","category-blog-desde-la-casa","category-opinion","tag-casas","tag-ciudad","tag-ciudades","tag-horacio-urbano","tag-infraestructura","tag-vivienda-en-verde-2"],"yoast_head":"<!-- This site is optimized with the Yoast SEO plugin v27.4 - https:\/\/yoast.com\/product\/yoast-seo-wordpress\/ -->\n<title>\u00bfDerecho a la ciudad? -<\/title>\n<meta name=\"description\" content=\"&nbsp; En principio las ciudades parecieran ser no m\u00e1s que casas agrupadas.... Pero no; no basta con que las casas se agrupen para crear ciudad....\" \/>\n<meta name=\"robots\" content=\"index, follow, max-snippet:-1, max-image-preview:large, max-video-preview:-1\" \/>\n<link rel=\"canonical\" href=\"https:\/\/centrourbano.com\/revista\/opinion\/derecho-a-la-ciudad\/\" \/>\n<meta property=\"og:locale\" content=\"es_ES\" \/>\n<meta property=\"og:type\" content=\"article\" \/>\n<meta property=\"og:title\" content=\"\u00bfDerecho a la ciudad? -\" \/>\n<meta property=\"og:description\" content=\"&nbsp; En principio las ciudades parecieran ser no m\u00e1s que casas agrupadas.... Pero no; no basta con que las casas se agrupen para crear ciudad....\" \/>\n<meta property=\"og:url\" content=\"https:\/\/centrourbano.com\/revista\/opinion\/derecho-a-la-ciudad\/\" \/>\n<meta property=\"og:site_name\" content=\"Centro Urbano\" \/>\n<meta property=\"article:publisher\" content=\"https:\/\/www.facebook.com\/portalcentrourbano\" \/>\n<meta property=\"article:author\" content=\"https:\/\/www.facebook.com\/urbano.horacio\/\" \/>\n<meta property=\"article:published_time\" content=\"2014-01-20T16:42:04+00:00\" \/>\n<meta property=\"article:modified_time\" content=\"2014-01-20T16:43:47+00:00\" \/>\n<meta property=\"og:image\" content=\"http:\/\/centrourbano.com\/revista\/wp-content\/uploads\/Horacio-300x250.png\" \/>\n<meta name=\"author\" content=\"Horacio Urbano\" \/>\n<meta name=\"twitter:card\" content=\"summary_large_image\" \/>\n<meta name=\"twitter:creator\" content=\"@https:\/\/twitter.com\/horacio_urbano\" \/>\n<meta name=\"twitter:site\" content=\"@CentroUrbano\" \/>\n<meta name=\"twitter:label1\" content=\"Escrito por\" \/>\n\t<meta name=\"twitter:data1\" content=\"Horacio Urbano\" \/>\n\t<meta name=\"twitter:label2\" content=\"Tiempo de lectura\" \/>\n\t<meta name=\"twitter:data2\" content=\"3 minutos\" \/>\n<script type=\"application\/ld+json\" class=\"yoast-schema-graph\">{\"@context\":\"https:\\\/\\\/schema.org\",\"@graph\":[{\"@type\":\"Article\",\"@id\":\"https:\\\/\\\/centrourbano.com\\\/revista\\\/opinion\\\/derecho-a-la-ciudad\\\/#article\",\"isPartOf\":{\"@id\":\"https:\\\/\\\/centrourbano.com\\\/revista\\\/opinion\\\/derecho-a-la-ciudad\\\/\"},\"author\":{\"name\":\"Horacio Urbano\",\"@id\":\"https:\\\/\\\/centrourbano.com\\\/revista\\\/#\\\/schema\\\/person\\\/69755154fe97eeebe4fe9394cb318d28\"},\"headline\":\"\u00bfDerecho a la ciudad?\",\"datePublished\":\"2014-01-20T16:42:04+00:00\",\"dateModified\":\"2014-01-20T16:43:47+00:00\",\"mainEntityOfPage\":{\"@id\":\"https:\\\/\\\/centrourbano.com\\\/revista\\\/opinion\\\/derecho-a-la-ciudad\\\/\"},\"wordCount\":697,\"commentCount\":0,\"publisher\":{\"@id\":\"https:\\\/\\\/centrourbano.com\\\/revista\\\/#organization\"},\"image\":{\"@id\":\"https:\\\/\\\/centrourbano.com\\\/revista\\\/opinion\\\/derecho-a-la-ciudad\\\/#primaryimage\"},\"thumbnailUrl\":\"http:\\\/\\\/centrourbano.com\\\/revista\\\/wp-content\\\/uploads\\\/Horacio-300x250.png\",\"keywords\":[\"Casas\",\"Ciudad\",\"ciudades\",\"Horacio Urbano\",\"infraestructura\",\"Vivienda en Verde\"],\"articleSection\":[\"Desde la Casa\",\"Opini\u00f3n\"],\"inLanguage\":\"es\",\"potentialAction\":[{\"@type\":\"CommentAction\",\"name\":\"Comment\",\"target\":[\"https:\\\/\\\/centrourbano.com\\\/revista\\\/opinion\\\/derecho-a-la-ciudad\\\/#respond\"]}]},{\"@type\":\"WebPage\",\"@id\":\"https:\\\/\\\/centrourbano.com\\\/revista\\\/opinion\\\/derecho-a-la-ciudad\\\/\",\"url\":\"https:\\\/\\\/centrourbano.com\\\/revista\\\/opinion\\\/derecho-a-la-ciudad\\\/\",\"name\":\"\u00bfDerecho a la ciudad? -\",\"isPartOf\":{\"@id\":\"https:\\\/\\\/centrourbano.com\\\/revista\\\/#website\"},\"primaryImageOfPage\":{\"@id\":\"https:\\\/\\\/centrourbano.com\\\/revista\\\/opinion\\\/derecho-a-la-ciudad\\\/#primaryimage\"},\"image\":{\"@id\":\"https:\\\/\\\/centrourbano.com\\\/revista\\\/opinion\\\/derecho-a-la-ciudad\\\/#primaryimage\"},\"thumbnailUrl\":\"http:\\\/\\\/centrourbano.com\\\/revista\\\/wp-content\\\/uploads\\\/Horacio-300x250.png\",\"datePublished\":\"2014-01-20T16:42:04+00:00\",\"dateModified\":\"2014-01-20T16:43:47+00:00\",\"description\":\"&nbsp; En principio las ciudades parecieran ser no m\u00e1s que casas agrupadas.... Pero no; no basta con que las casas se agrupen para crear ciudad....\",\"breadcrumb\":{\"@id\":\"https:\\\/\\\/centrourbano.com\\\/revista\\\/opinion\\\/derecho-a-la-ciudad\\\/#breadcrumb\"},\"inLanguage\":\"es\",\"potentialAction\":[{\"@type\":\"ReadAction\",\"target\":[\"https:\\\/\\\/centrourbano.com\\\/revista\\\/opinion\\\/derecho-a-la-ciudad\\\/\"]}]},{\"@type\":\"ImageObject\",\"inLanguage\":\"es\",\"@id\":\"https:\\\/\\\/centrourbano.com\\\/revista\\\/opinion\\\/derecho-a-la-ciudad\\\/#primaryimage\",\"url\":\"https:\\\/\\\/centrourbano.com\\\/revista\\\/wp-content\\\/uploads\\\/Horacio.png\",\"contentUrl\":\"https:\\\/\\\/centrourbano.com\\\/revista\\\/wp-content\\\/uploads\\\/Horacio.png\",\"width\":500,\"height\":417,\"caption\":\"\u00bfQuieren construir un barrio?\"},{\"@type\":\"BreadcrumbList\",\"@id\":\"https:\\\/\\\/centrourbano.com\\\/revista\\\/opinion\\\/derecho-a-la-ciudad\\\/#breadcrumb\",\"itemListElement\":[{\"@type\":\"ListItem\",\"position\":1,\"name\":\"Portada\",\"item\":\"https:\\\/\\\/centrourbano.com\\\/revista\\\/\"},{\"@type\":\"ListItem\",\"position\":2,\"name\":\"\u00bfDerecho a la ciudad?\"}]},{\"@type\":\"WebSite\",\"@id\":\"https:\\\/\\\/centrourbano.com\\\/revista\\\/#website\",\"url\":\"https:\\\/\\\/centrourbano.com\\\/revista\\\/\",\"name\":\"Centro Urbano\",\"description\":\"Medio especializado en los sectores vivienda, inmobiliario, construcci\u00f3n, arquitectura y urbanismo.\",\"publisher\":{\"@id\":\"https:\\\/\\\/centrourbano.com\\\/revista\\\/#organization\"},\"potentialAction\":[{\"@type\":\"SearchAction\",\"target\":{\"@type\":\"EntryPoint\",\"urlTemplate\":\"https:\\\/\\\/centrourbano.com\\\/revista\\\/?s={search_term_string}\"},\"query-input\":{\"@type\":\"PropertyValueSpecification\",\"valueRequired\":true,\"valueName\":\"search_term_string\"}}],\"inLanguage\":\"es\"},{\"@type\":\"Organization\",\"@id\":\"https:\\\/\\\/centrourbano.com\\\/revista\\\/#organization\",\"name\":\"Centro Urbano\",\"url\":\"https:\\\/\\\/centrourbano.com\\\/revista\\\/\",\"logo\":{\"@type\":\"ImageObject\",\"inLanguage\":\"es\",\"@id\":\"https:\\\/\\\/centrourbano.com\\\/revista\\\/#\\\/schema\\\/logo\\\/image\\\/\",\"url\":\"https:\\\/\\\/centrourbano.com\\\/revista\\\/wp-content\\\/uploads\\\/web_CU_logo-1.png\",\"contentUrl\":\"https:\\\/\\\/centrourbano.com\\\/revista\\\/wp-content\\\/uploads\\\/web_CU_logo-1.png\",\"width\":350,\"height\":91,\"caption\":\"Centro Urbano\"},\"image\":{\"@id\":\"https:\\\/\\\/centrourbano.com\\\/revista\\\/#\\\/schema\\\/logo\\\/image\\\/\"},\"sameAs\":[\"https:\\\/\\\/www.facebook.com\\\/portalcentrourbano\",\"https:\\\/\\\/x.com\\\/CentroUrbano\",\"https:\\\/\\\/www.instagram.com\\\/centro_urbano\\\/\",\"https:\\\/\\\/www.linkedin.com\\\/company\\\/centro-urbano\\\/\",\"http:\\\/\\\/www.youtube.com\\\/user\\\/portalcentrourbano\"]},{\"@type\":\"Person\",\"@id\":\"https:\\\/\\\/centrourbano.com\\\/revista\\\/#\\\/schema\\\/person\\\/69755154fe97eeebe4fe9394cb318d28\",\"name\":\"Horacio Urbano\",\"image\":{\"@type\":\"ImageObject\",\"inLanguage\":\"es\",\"@id\":\"https:\\\/\\\/secure.gravatar.com\\\/avatar\\\/bf4232bac122249113b7bcc4636a8d0432b9fa8bcce4243f1ed6c1ecb8fe915f?s=96&d=mm&r=g\",\"url\":\"https:\\\/\\\/secure.gravatar.com\\\/avatar\\\/bf4232bac122249113b7bcc4636a8d0432b9fa8bcce4243f1ed6c1ecb8fe915f?s=96&d=mm&r=g\",\"contentUrl\":\"https:\\\/\\\/secure.gravatar.com\\\/avatar\\\/bf4232bac122249113b7bcc4636a8d0432b9fa8bcce4243f1ed6c1ecb8fe915f?s=96&d=mm&r=g\",\"caption\":\"Horacio Urbano\"},\"description\":\"Horacio Urbano es arquitecto. Su experiencia profesional se ha desarrollado en los diferentes \u00e1mbitos que definen la industria de la vivienda. En 1999 inici\u00f3 un proyecto editorial dirigido a los sectores inmobiliario y construcci\u00f3n que a lo largo de los a\u00f1os se ha convertido en una poderosa plataforma multimedios y en una verdadera referencia para esta industria. Fundador, junto con la tambi\u00e9n arquitecta Roxana Fabris, de Grupo Centro Urbano, firma que impulsa y desarrolla una serie de esfuerzos de comunicaci\u00f3n relacionados con estos sectores. Como parte de su trabajo en M\u00e9xico y el extranjero, ha escrito o participado en una serie de libros especializados, es colaborador de diferentes medios impresos y electr\u00f3nicos, es activo conferencista y bajo diferentes modelos colabora tambi\u00e9n con diversas empresas e instituciones p\u00fablicas y privadas del sector.\",\"sameAs\":[\"http:\\\/\\\/horaciourbano.com\\\/home\\\/\",\"https:\\\/\\\/www.facebook.com\\\/urbano.horacio\\\/\",\"https:\\\/\\\/x.com\\\/https:\\\/\\\/twitter.com\\\/horacio_urbano\"],\"url\":\"https:\\\/\\\/centrourbano.com\\\/revista\\\/author\\\/horacio-urbano\\\/\"}]}<\/script>\n<!-- \/ Yoast SEO plugin. -->","yoast_head_json":{"title":"\u00bfDerecho a la ciudad? -","description":"&nbsp; En principio las ciudades parecieran ser no m\u00e1s que casas agrupadas.... Pero no; no basta con que las casas se agrupen para crear ciudad....","robots":{"index":"index","follow":"follow","max-snippet":"max-snippet:-1","max-image-preview":"max-image-preview:large","max-video-preview":"max-video-preview:-1"},"canonical":"https:\/\/centrourbano.com\/revista\/opinion\/derecho-a-la-ciudad\/","og_locale":"es_ES","og_type":"article","og_title":"\u00bfDerecho a la ciudad? -","og_description":"&nbsp; En principio las ciudades parecieran ser no m\u00e1s que casas agrupadas.... Pero no; no basta con que las casas se agrupen para crear ciudad....","og_url":"https:\/\/centrourbano.com\/revista\/opinion\/derecho-a-la-ciudad\/","og_site_name":"Centro Urbano","article_publisher":"https:\/\/www.facebook.com\/portalcentrourbano","article_author":"https:\/\/www.facebook.com\/urbano.horacio\/","article_published_time":"2014-01-20T16:42:04+00:00","article_modified_time":"2014-01-20T16:43:47+00:00","og_image":[{"url":"http:\/\/centrourbano.com\/revista\/wp-content\/uploads\/Horacio-300x250.png","type":"","width":"","height":""}],"author":"Horacio Urbano","twitter_card":"summary_large_image","twitter_creator":"@https:\/\/twitter.com\/horacio_urbano","twitter_site":"@CentroUrbano","twitter_misc":{"Escrito por":"Horacio Urbano","Tiempo de lectura":"3 minutos"},"schema":{"@context":"https:\/\/schema.org","@graph":[{"@type":"Article","@id":"https:\/\/centrourbano.com\/revista\/opinion\/derecho-a-la-ciudad\/#article","isPartOf":{"@id":"https:\/\/centrourbano.com\/revista\/opinion\/derecho-a-la-ciudad\/"},"author":{"name":"Horacio Urbano","@id":"https:\/\/centrourbano.com\/revista\/#\/schema\/person\/69755154fe97eeebe4fe9394cb318d28"},"headline":"\u00bfDerecho a la ciudad?","datePublished":"2014-01-20T16:42:04+00:00","dateModified":"2014-01-20T16:43:47+00:00","mainEntityOfPage":{"@id":"https:\/\/centrourbano.com\/revista\/opinion\/derecho-a-la-ciudad\/"},"wordCount":697,"commentCount":0,"publisher":{"@id":"https:\/\/centrourbano.com\/revista\/#organization"},"image":{"@id":"https:\/\/centrourbano.com\/revista\/opinion\/derecho-a-la-ciudad\/#primaryimage"},"thumbnailUrl":"http:\/\/centrourbano.com\/revista\/wp-content\/uploads\/Horacio-300x250.png","keywords":["Casas","Ciudad","ciudades","Horacio Urbano","infraestructura","Vivienda en Verde"],"articleSection":["Desde la Casa","Opini\u00f3n"],"inLanguage":"es","potentialAction":[{"@type":"CommentAction","name":"Comment","target":["https:\/\/centrourbano.com\/revista\/opinion\/derecho-a-la-ciudad\/#respond"]}]},{"@type":"WebPage","@id":"https:\/\/centrourbano.com\/revista\/opinion\/derecho-a-la-ciudad\/","url":"https:\/\/centrourbano.com\/revista\/opinion\/derecho-a-la-ciudad\/","name":"\u00bfDerecho a la ciudad? -","isPartOf":{"@id":"https:\/\/centrourbano.com\/revista\/#website"},"primaryImageOfPage":{"@id":"https:\/\/centrourbano.com\/revista\/opinion\/derecho-a-la-ciudad\/#primaryimage"},"image":{"@id":"https:\/\/centrourbano.com\/revista\/opinion\/derecho-a-la-ciudad\/#primaryimage"},"thumbnailUrl":"http:\/\/centrourbano.com\/revista\/wp-content\/uploads\/Horacio-300x250.png","datePublished":"2014-01-20T16:42:04+00:00","dateModified":"2014-01-20T16:43:47+00:00","description":"&nbsp; En principio las ciudades parecieran ser no m\u00e1s que casas agrupadas.... Pero no; no basta con que las casas se agrupen para crear ciudad....","breadcrumb":{"@id":"https:\/\/centrourbano.com\/revista\/opinion\/derecho-a-la-ciudad\/#breadcrumb"},"inLanguage":"es","potentialAction":[{"@type":"ReadAction","target":["https:\/\/centrourbano.com\/revista\/opinion\/derecho-a-la-ciudad\/"]}]},{"@type":"ImageObject","inLanguage":"es","@id":"https:\/\/centrourbano.com\/revista\/opinion\/derecho-a-la-ciudad\/#primaryimage","url":"https:\/\/centrourbano.com\/revista\/wp-content\/uploads\/Horacio.png","contentUrl":"https:\/\/centrourbano.com\/revista\/wp-content\/uploads\/Horacio.png","width":500,"height":417,"caption":"\u00bfQuieren construir un barrio?"},{"@type":"BreadcrumbList","@id":"https:\/\/centrourbano.com\/revista\/opinion\/derecho-a-la-ciudad\/#breadcrumb","itemListElement":[{"@type":"ListItem","position":1,"name":"Portada","item":"https:\/\/centrourbano.com\/revista\/"},{"@type":"ListItem","position":2,"name":"\u00bfDerecho a la ciudad?"}]},{"@type":"WebSite","@id":"https:\/\/centrourbano.com\/revista\/#website","url":"https:\/\/centrourbano.com\/revista\/","name":"Centro Urbano","description":"Medio especializado en los sectores vivienda, inmobiliario, construcci\u00f3n, arquitectura y urbanismo.","publisher":{"@id":"https:\/\/centrourbano.com\/revista\/#organization"},"potentialAction":[{"@type":"SearchAction","target":{"@type":"EntryPoint","urlTemplate":"https:\/\/centrourbano.com\/revista\/?s={search_term_string}"},"query-input":{"@type":"PropertyValueSpecification","valueRequired":true,"valueName":"search_term_string"}}],"inLanguage":"es"},{"@type":"Organization","@id":"https:\/\/centrourbano.com\/revista\/#organization","name":"Centro Urbano","url":"https:\/\/centrourbano.com\/revista\/","logo":{"@type":"ImageObject","inLanguage":"es","@id":"https:\/\/centrourbano.com\/revista\/#\/schema\/logo\/image\/","url":"https:\/\/centrourbano.com\/revista\/wp-content\/uploads\/web_CU_logo-1.png","contentUrl":"https:\/\/centrourbano.com\/revista\/wp-content\/uploads\/web_CU_logo-1.png","width":350,"height":91,"caption":"Centro Urbano"},"image":{"@id":"https:\/\/centrourbano.com\/revista\/#\/schema\/logo\/image\/"},"sameAs":["https:\/\/www.facebook.com\/portalcentrourbano","https:\/\/x.com\/CentroUrbano","https:\/\/www.instagram.com\/centro_urbano\/","https:\/\/www.linkedin.com\/company\/centro-urbano\/","http:\/\/www.youtube.com\/user\/portalcentrourbano"]},{"@type":"Person","@id":"https:\/\/centrourbano.com\/revista\/#\/schema\/person\/69755154fe97eeebe4fe9394cb318d28","name":"Horacio Urbano","image":{"@type":"ImageObject","inLanguage":"es","@id":"https:\/\/secure.gravatar.com\/avatar\/bf4232bac122249113b7bcc4636a8d0432b9fa8bcce4243f1ed6c1ecb8fe915f?s=96&d=mm&r=g","url":"https:\/\/secure.gravatar.com\/avatar\/bf4232bac122249113b7bcc4636a8d0432b9fa8bcce4243f1ed6c1ecb8fe915f?s=96&d=mm&r=g","contentUrl":"https:\/\/secure.gravatar.com\/avatar\/bf4232bac122249113b7bcc4636a8d0432b9fa8bcce4243f1ed6c1ecb8fe915f?s=96&d=mm&r=g","caption":"Horacio Urbano"},"description":"Horacio Urbano es arquitecto. Su experiencia profesional se ha desarrollado en los diferentes \u00e1mbitos que definen la industria de la vivienda. En 1999 inici\u00f3 un proyecto editorial dirigido a los sectores inmobiliario y construcci\u00f3n que a lo largo de los a\u00f1os se ha convertido en una poderosa plataforma multimedios y en una verdadera referencia para esta industria. Fundador, junto con la tambi\u00e9n arquitecta Roxana Fabris, de Grupo Centro Urbano, firma que impulsa y desarrolla una serie de esfuerzos de comunicaci\u00f3n relacionados con estos sectores. Como parte de su trabajo en M\u00e9xico y el extranjero, ha escrito o participado en una serie de libros especializados, es colaborador de diferentes medios impresos y electr\u00f3nicos, es activo conferencista y bajo diferentes modelos colabora tambi\u00e9n con diversas empresas e instituciones p\u00fablicas y privadas del sector.","sameAs":["http:\/\/horaciourbano.com\/home\/","https:\/\/www.facebook.com\/urbano.horacio\/","https:\/\/x.com\/https:\/\/twitter.com\/horacio_urbano"],"url":"https:\/\/centrourbano.com\/revista\/author\/horacio-urbano\/"}]}},"_links":{"self":[{"href":"https:\/\/centrourbano.com\/revista\/wp-json\/wp\/v2\/posts\/2829","targetHints":{"allow":["GET"]}}],"collection":[{"href":"https:\/\/centrourbano.com\/revista\/wp-json\/wp\/v2\/posts"}],"about":[{"href":"https:\/\/centrourbano.com\/revista\/wp-json\/wp\/v2\/types\/post"}],"author":[{"embeddable":true,"href":"https:\/\/centrourbano.com\/revista\/wp-json\/wp\/v2\/users\/13"}],"replies":[{"embeddable":true,"href":"https:\/\/centrourbano.com\/revista\/wp-json\/wp\/v2\/comments?post=2829"}],"version-history":[{"count":0,"href":"https:\/\/centrourbano.com\/revista\/wp-json\/wp\/v2\/posts\/2829\/revisions"}],"wp:attachment":[{"href":"https:\/\/centrourbano.com\/revista\/wp-json\/wp\/v2\/media?parent=2829"}],"wp:term":[{"taxonomy":"category","embeddable":true,"href":"https:\/\/centrourbano.com\/revista\/wp-json\/wp\/v2\/categories?post=2829"},{"taxonomy":"post_tag","embeddable":true,"href":"https:\/\/centrourbano.com\/revista\/wp-json\/wp\/v2\/tags?post=2829"}],"curies":[{"name":"wp","href":"https:\/\/api.w.org\/{rel}","templated":true}]}}