{"id":28011,"date":"2016-01-04T09:32:22","date_gmt":"2016-01-04T15:32:22","guid":{"rendered":"http:\/\/centrourbano.com\/?p=28011"},"modified":"2016-01-04T09:32:42","modified_gmt":"2016-01-04T15:32:42","slug":"fovissste-incremento-creditos-otorgados-en-tres-ultimos-anos","status":"publish","type":"post","link":"https:\/\/centrourbano.com\/revista\/vivienda\/fovissste-incremento-creditos-otorgados-en-tres-ultimos-anos\/","title":{"rendered":"Fovissste increment\u00f3 cr\u00e9ditos otorgados en tres \u00faltimos a\u00f1os"},"content":{"rendered":"<p><em>Financiamiento pas\u00f3 de 105,000 en 2014 a cerca de 120,000 proyectados para 2016<\/em><br \/>\n<!--more--><\/p>\n<p>El Fondo de la <a class=\"expresscurate_contentTags\" href=\"http:\/\/centrourbano.com\/tag\/vivienda\/\">#Vivienda<\/a> del Instituto de Seguridad y Servicios Sociales de los Trabajadores del Estado (<a class=\"expresscurate_contentTags\" href=\"http:\/\/centrourbano.com\/tag\/fovissste\/\">#Fovissste<\/a>) increment\u00f3 el n\u00famero de cr\u00e9ditos otorgados a un mayor n\u00famero de familias de trabajadores en los \u00faltimos tres a\u00f1os.<\/p>\n<p>La dependencia aclar\u00f3 alrededor de 105,000 cr\u00e9ditos para la adquisici\u00f3n, mejoramiento y ampliaci\u00f3n de vivienda, en 2015 la meta inicial de financiamientos fue de 114,000, y se prev\u00e9 que para 2016 se proporcionar\u00e1n 120,000 cr\u00e9ditos a trav\u00e9s de los diferentes programas del Fondo.<br \/>\nEl monto de inversi\u00f3n aument\u00f3 con el paso de los a\u00f1os, en 2014 se destinaron m\u00e1s de 36,000 millones de pesos; en 2015 se hab\u00edan asignado, hasta el cierre de noviembre, m\u00e1s de 37,000 millones; y para el 2016 la inversi\u00f3n ser\u00e1 alrededor de 52,000 millones de pesos.<\/p>\n<p>De los cr\u00e9ditos programados para el 2016, 45,000 ser\u00e1n para la ampliaci\u00f3n, reparaci\u00f3n y mejoramiento de vivienda, mientras que el resto son financiamientos para la adquisici\u00f3n de casas en todas las entidades del pa\u00eds.<\/p>\n<p>Con estas acciones el Fovissste trabaja para ofrecer a sus derechohabientes las viviendas que requieren y que les permiten seguir brindando sus servicios al resto de la ciudadan\u00eda, ya que el Fondo atiende a m\u00e9dicos, enfermeras, maestros, polic\u00edas, magistrados y jueces, entre otros.<br \/>\nEl Vocal Ejecutivo de Fovissste, <a class=\"expresscurate_contentTags\" href=\"http:\/\/centrourbano.com\/tag\/luis-antonio-godina\/\">#Luis Antonio Godina<\/a> Herrera, dijo que con la vivienda se cumplen dos grandes metas del Plan Nacional de Desarrollo impulsado por el Presidente Enrique Pe\u00f1a Nieto: \u00abse construye un M\u00e9xico Incluyente y con la inversi\u00f3n en el sector se construye un M\u00e9xico Pr\u00f3spero, a trav\u00e9s de la creaci\u00f3n de empleos en todo el pa\u00eds\u00bb. <\/p>\n","protected":false},"excerpt":{"rendered":"<p>Financiamiento pas\u00f3 de 105,000 en 2014 a cerca de 120,000 proyectados para 2016<\/p>\n","protected":false},"author":28,"featured_media":28012,"comment_status":"open","ping_status":"closed","sticky":false,"template":"","format":"standard","meta":{"om_disable_all_campaigns":false,"inline_featured_image":false,"_monsterinsights_skip_tracking":false,"_monsterinsights_sitenote_active":false,"_monsterinsights_sitenote_note":"","_monsterinsights_sitenote_category":0,"footnotes":""},"categories":[12],"tags":[155,6527,5737],"class_list":["post-28011","post","type-post","status-publish","format-standard","has-post-thumbnail","hentry","category-vivienda","tag-fovissste","tag-luis-antonio-godina","tag-vivienda"],"yoast_head":"<!-- This site is optimized with the Yoast SEO plugin v27.4 - https:\/\/yoast.com\/product\/yoast-seo-wordpress\/ -->\n<title>Fovissste increment\u00f3 cr\u00e9ditos otorgados en tres \u00faltimos a\u00f1os -<\/title>\n<meta name=\"description\" content=\"Financiamiento pas\u00f3 de 105,000 en 2014 a cerca de 120,000 proyectados para 2016 El Fondo de la #Vivienda del Instituto de Seguridad y Servicios Sociales\" \/>\n<meta name=\"robots\" content=\"index, follow, max-snippet:-1, max-image-preview:large, max-video-preview:-1\" \/>\n<link rel=\"canonical\" href=\"https:\/\/centrourbano.com\/revista\/vivienda\/fovissste-incremento-creditos-otorgados-en-tres-ultimos-anos\/\" \/>\n<meta property=\"og:locale\" content=\"es_ES\" \/>\n<meta property=\"og:type\" content=\"article\" \/>\n<meta property=\"og:title\" content=\"Fovissste increment\u00f3 cr\u00e9ditos otorgados en tres \u00faltimos a\u00f1os -\" \/>\n<meta property=\"og:description\" content=\"Financiamiento pas\u00f3 de 105,000 en 2014 a cerca de 120,000 proyectados para 2016 El Fondo de la #Vivienda del Instituto de Seguridad y Servicios Sociales\" \/>\n<meta property=\"og:url\" content=\"https:\/\/centrourbano.com\/revista\/vivienda\/fovissste-incremento-creditos-otorgados-en-tres-ultimos-anos\/\" \/>\n<meta property=\"og:site_name\" content=\"Centro Urbano\" \/>\n<meta property=\"article:publisher\" content=\"https:\/\/www.facebook.com\/portalcentrourbano\" \/>\n<meta property=\"article:published_time\" content=\"2016-01-04T15:32:22+00:00\" \/>\n<meta property=\"article:modified_time\" content=\"2016-01-04T15:32:42+00:00\" \/>\n<meta property=\"og:image\" content=\"https:\/\/centrourbano.com\/revista\/wp-content\/uploads\/Fovissste5.jpg\" \/>\n\t<meta property=\"og:image:width\" content=\"1656\" \/>\n\t<meta property=\"og:image:height\" content=\"1239\" \/>\n\t<meta property=\"og:image:type\" content=\"image\/jpeg\" \/>\n<meta name=\"author\" content=\"Mario V\u00e1zquez Barrios\" \/>\n<meta name=\"twitter:card\" content=\"summary_large_image\" \/>\n<meta name=\"twitter:creator\" content=\"@MarioDeNiro\" \/>\n<meta name=\"twitter:site\" content=\"@CentroUrbano\" \/>\n<meta name=\"twitter:label1\" content=\"Escrito por\" \/>\n\t<meta name=\"twitter:data1\" content=\"Mario V\u00e1zquez Barrios\" \/>\n\t<meta name=\"twitter:label2\" content=\"Tiempo de lectura\" \/>\n\t<meta name=\"twitter:data2\" content=\"1 minuto\" \/>\n<script type=\"application\/ld+json\" class=\"yoast-schema-graph\">{\"@context\":\"https:\\\/\\\/schema.org\",\"@graph\":[{\"@type\":\"Article\",\"@id\":\"https:\\\/\\\/centrourbano.com\\\/revista\\\/vivienda\\\/fovissste-incremento-creditos-otorgados-en-tres-ultimos-anos\\\/#article\",\"isPartOf\":{\"@id\":\"https:\\\/\\\/centrourbano.com\\\/revista\\\/vivienda\\\/fovissste-incremento-creditos-otorgados-en-tres-ultimos-anos\\\/\"},\"author\":{\"name\":\"Mario V\u00e1zquez Barrios\",\"@id\":\"https:\\\/\\\/centrourbano.com\\\/revista\\\/#\\\/schema\\\/person\\\/71e020a5b63ca4230c0f1228a36cde93\"},\"headline\":\"Fovissste increment\u00f3 cr\u00e9ditos otorgados en tres \u00faltimos a\u00f1os\",\"datePublished\":\"2016-01-04T15:32:22+00:00\",\"dateModified\":\"2016-01-04T15:32:42+00:00\",\"mainEntityOfPage\":{\"@id\":\"https:\\\/\\\/centrourbano.com\\\/revista\\\/vivienda\\\/fovissste-incremento-creditos-otorgados-en-tres-ultimos-anos\\\/\"},\"wordCount\":303,\"commentCount\":0,\"publisher\":{\"@id\":\"https:\\\/\\\/centrourbano.com\\\/revista\\\/#organization\"},\"image\":{\"@id\":\"https:\\\/\\\/centrourbano.com\\\/revista\\\/vivienda\\\/fovissste-incremento-creditos-otorgados-en-tres-ultimos-anos\\\/#primaryimage\"},\"thumbnailUrl\":\"https:\\\/\\\/centrourbano.com\\\/revista\\\/wp-content\\\/uploads\\\/Fovissste5.jpg\",\"keywords\":[\"Fovissste\",\"Luis Antonio Godina\",\"vivienda+\"],\"articleSection\":[\"Vivienda\"],\"inLanguage\":\"es\",\"potentialAction\":[{\"@type\":\"CommentAction\",\"name\":\"Comment\",\"target\":[\"https:\\\/\\\/centrourbano.com\\\/revista\\\/vivienda\\\/fovissste-incremento-creditos-otorgados-en-tres-ultimos-anos\\\/#respond\"]}]},{\"@type\":\"WebPage\",\"@id\":\"https:\\\/\\\/centrourbano.com\\\/revista\\\/vivienda\\\/fovissste-incremento-creditos-otorgados-en-tres-ultimos-anos\\\/\",\"url\":\"https:\\\/\\\/centrourbano.com\\\/revista\\\/vivienda\\\/fovissste-incremento-creditos-otorgados-en-tres-ultimos-anos\\\/\",\"name\":\"Fovissste increment\u00f3 cr\u00e9ditos otorgados en tres \u00faltimos a\u00f1os -\",\"isPartOf\":{\"@id\":\"https:\\\/\\\/centrourbano.com\\\/revista\\\/#website\"},\"primaryImageOfPage\":{\"@id\":\"https:\\\/\\\/centrourbano.com\\\/revista\\\/vivienda\\\/fovissste-incremento-creditos-otorgados-en-tres-ultimos-anos\\\/#primaryimage\"},\"image\":{\"@id\":\"https:\\\/\\\/centrourbano.com\\\/revista\\\/vivienda\\\/fovissste-incremento-creditos-otorgados-en-tres-ultimos-anos\\\/#primaryimage\"},\"thumbnailUrl\":\"https:\\\/\\\/centrourbano.com\\\/revista\\\/wp-content\\\/uploads\\\/Fovissste5.jpg\",\"datePublished\":\"2016-01-04T15:32:22+00:00\",\"dateModified\":\"2016-01-04T15:32:42+00:00\",\"description\":\"Financiamiento pas\u00f3 de 105,000 en 2014 a cerca de 120,000 proyectados para 2016 El Fondo de la #Vivienda del Instituto de Seguridad y Servicios Sociales\",\"breadcrumb\":{\"@id\":\"https:\\\/\\\/centrourbano.com\\\/revista\\\/vivienda\\\/fovissste-incremento-creditos-otorgados-en-tres-ultimos-anos\\\/#breadcrumb\"},\"inLanguage\":\"es\",\"potentialAction\":[{\"@type\":\"ReadAction\",\"target\":[\"https:\\\/\\\/centrourbano.com\\\/revista\\\/vivienda\\\/fovissste-incremento-creditos-otorgados-en-tres-ultimos-anos\\\/\"]}]},{\"@type\":\"ImageObject\",\"inLanguage\":\"es\",\"@id\":\"https:\\\/\\\/centrourbano.com\\\/revista\\\/vivienda\\\/fovissste-incremento-creditos-otorgados-en-tres-ultimos-anos\\\/#primaryimage\",\"url\":\"https:\\\/\\\/centrourbano.com\\\/revista\\\/wp-content\\\/uploads\\\/Fovissste5.jpg\",\"contentUrl\":\"https:\\\/\\\/centrourbano.com\\\/revista\\\/wp-content\\\/uploads\\\/Fovissste5.jpg\",\"width\":1656,\"height\":1239},{\"@type\":\"BreadcrumbList\",\"@id\":\"https:\\\/\\\/centrourbano.com\\\/revista\\\/vivienda\\\/fovissste-incremento-creditos-otorgados-en-tres-ultimos-anos\\\/#breadcrumb\",\"itemListElement\":[{\"@type\":\"ListItem\",\"position\":1,\"name\":\"Portada\",\"item\":\"https:\\\/\\\/centrourbano.com\\\/revista\\\/\"},{\"@type\":\"ListItem\",\"position\":2,\"name\":\"Fovissste increment\u00f3 cr\u00e9ditos otorgados en tres \u00faltimos a\u00f1os\"}]},{\"@type\":\"WebSite\",\"@id\":\"https:\\\/\\\/centrourbano.com\\\/revista\\\/#website\",\"url\":\"https:\\\/\\\/centrourbano.com\\\/revista\\\/\",\"name\":\"Centro Urbano\",\"description\":\"Medio especializado en los sectores vivienda, inmobiliario, construcci\u00f3n, arquitectura y urbanismo.\",\"publisher\":{\"@id\":\"https:\\\/\\\/centrourbano.com\\\/revista\\\/#organization\"},\"potentialAction\":[{\"@type\":\"SearchAction\",\"target\":{\"@type\":\"EntryPoint\",\"urlTemplate\":\"https:\\\/\\\/centrourbano.com\\\/revista\\\/?s={search_term_string}\"},\"query-input\":{\"@type\":\"PropertyValueSpecification\",\"valueRequired\":true,\"valueName\":\"search_term_string\"}}],\"inLanguage\":\"es\"},{\"@type\":\"Organization\",\"@id\":\"https:\\\/\\\/centrourbano.com\\\/revista\\\/#organization\",\"name\":\"Centro Urbano\",\"url\":\"https:\\\/\\\/centrourbano.com\\\/revista\\\/\",\"logo\":{\"@type\":\"ImageObject\",\"inLanguage\":\"es\",\"@id\":\"https:\\\/\\\/centrourbano.com\\\/revista\\\/#\\\/schema\\\/logo\\\/image\\\/\",\"url\":\"https:\\\/\\\/centrourbano.com\\\/revista\\\/wp-content\\\/uploads\\\/web_CU_logo-1.png\",\"contentUrl\":\"https:\\\/\\\/centrourbano.com\\\/revista\\\/wp-content\\\/uploads\\\/web_CU_logo-1.png\",\"width\":350,\"height\":91,\"caption\":\"Centro Urbano\"},\"image\":{\"@id\":\"https:\\\/\\\/centrourbano.com\\\/revista\\\/#\\\/schema\\\/logo\\\/image\\\/\"},\"sameAs\":[\"https:\\\/\\\/www.facebook.com\\\/portalcentrourbano\",\"https:\\\/\\\/x.com\\\/CentroUrbano\",\"https:\\\/\\\/www.instagram.com\\\/centro_urbano\\\/\",\"https:\\\/\\\/www.linkedin.com\\\/company\\\/centro-urbano\\\/\",\"http:\\\/\\\/www.youtube.com\\\/user\\\/portalcentrourbano\"]},{\"@type\":\"Person\",\"@id\":\"https:\\\/\\\/centrourbano.com\\\/revista\\\/#\\\/schema\\\/person\\\/71e020a5b63ca4230c0f1228a36cde93\",\"name\":\"Mario V\u00e1zquez Barrios\",\"image\":{\"@type\":\"ImageObject\",\"inLanguage\":\"es\",\"@id\":\"https:\\\/\\\/secure.gravatar.com\\\/avatar\\\/347e6d9c0b04f0194ca244ba64b0fe62752d716a3a93d1713bd259eb87aad5b6?s=96&d=mm&r=g\",\"url\":\"https:\\\/\\\/secure.gravatar.com\\\/avatar\\\/347e6d9c0b04f0194ca244ba64b0fe62752d716a3a93d1713bd259eb87aad5b6?s=96&d=mm&r=g\",\"contentUrl\":\"https:\\\/\\\/secure.gravatar.com\\\/avatar\\\/347e6d9c0b04f0194ca244ba64b0fe62752d716a3a93d1713bd259eb87aad5b6?s=96&d=mm&r=g\",\"caption\":\"Mario V\u00e1zquez Barrios\"},\"description\":\"Me inici\u00e9 en El Financiero haciendo reportajes; en MegaNoticias Televisi\u00f3n fui reportero titular; en EMedios, control de calidad; y Radio 13 Noticias me acogi\u00f3 como colaborador. Me gusta encontrar en las banquetas la nota, una entrevista y el inicio de un reportaje.\",\"sameAs\":[\"https:\\\/\\\/x.com\\\/@MarioDeNiro\"],\"url\":\"https:\\\/\\\/centrourbano.com\\\/revista\\\/author\\\/mario-vazquez\\\/\"}]}<\/script>\n<!-- \/ Yoast SEO plugin. -->","yoast_head_json":{"title":"Fovissste increment\u00f3 cr\u00e9ditos otorgados en tres \u00faltimos a\u00f1os -","description":"Financiamiento pas\u00f3 de 105,000 en 2014 a cerca de 120,000 proyectados para 2016 El Fondo de la #Vivienda del Instituto de Seguridad y Servicios Sociales","robots":{"index":"index","follow":"follow","max-snippet":"max-snippet:-1","max-image-preview":"max-image-preview:large","max-video-preview":"max-video-preview:-1"},"canonical":"https:\/\/centrourbano.com\/revista\/vivienda\/fovissste-incremento-creditos-otorgados-en-tres-ultimos-anos\/","og_locale":"es_ES","og_type":"article","og_title":"Fovissste increment\u00f3 cr\u00e9ditos otorgados en tres \u00faltimos a\u00f1os -","og_description":"Financiamiento pas\u00f3 de 105,000 en 2014 a cerca de 120,000 proyectados para 2016 El Fondo de la #Vivienda del Instituto de Seguridad y Servicios Sociales","og_url":"https:\/\/centrourbano.com\/revista\/vivienda\/fovissste-incremento-creditos-otorgados-en-tres-ultimos-anos\/","og_site_name":"Centro Urbano","article_publisher":"https:\/\/www.facebook.com\/portalcentrourbano","article_published_time":"2016-01-04T15:32:22+00:00","article_modified_time":"2016-01-04T15:32:42+00:00","og_image":[{"width":1656,"height":1239,"url":"https:\/\/centrourbano.com\/revista\/wp-content\/uploads\/Fovissste5.jpg","type":"image\/jpeg"}],"author":"Mario V\u00e1zquez Barrios","twitter_card":"summary_large_image","twitter_creator":"@MarioDeNiro","twitter_site":"@CentroUrbano","twitter_misc":{"Escrito por":"Mario V\u00e1zquez Barrios","Tiempo de lectura":"1 minuto"},"schema":{"@context":"https:\/\/schema.org","@graph":[{"@type":"Article","@id":"https:\/\/centrourbano.com\/revista\/vivienda\/fovissste-incremento-creditos-otorgados-en-tres-ultimos-anos\/#article","isPartOf":{"@id":"https:\/\/centrourbano.com\/revista\/vivienda\/fovissste-incremento-creditos-otorgados-en-tres-ultimos-anos\/"},"author":{"name":"Mario V\u00e1zquez Barrios","@id":"https:\/\/centrourbano.com\/revista\/#\/schema\/person\/71e020a5b63ca4230c0f1228a36cde93"},"headline":"Fovissste increment\u00f3 cr\u00e9ditos otorgados en tres \u00faltimos a\u00f1os","datePublished":"2016-01-04T15:32:22+00:00","dateModified":"2016-01-04T15:32:42+00:00","mainEntityOfPage":{"@id":"https:\/\/centrourbano.com\/revista\/vivienda\/fovissste-incremento-creditos-otorgados-en-tres-ultimos-anos\/"},"wordCount":303,"commentCount":0,"publisher":{"@id":"https:\/\/centrourbano.com\/revista\/#organization"},"image":{"@id":"https:\/\/centrourbano.com\/revista\/vivienda\/fovissste-incremento-creditos-otorgados-en-tres-ultimos-anos\/#primaryimage"},"thumbnailUrl":"https:\/\/centrourbano.com\/revista\/wp-content\/uploads\/Fovissste5.jpg","keywords":["Fovissste","Luis Antonio Godina","vivienda+"],"articleSection":["Vivienda"],"inLanguage":"es","potentialAction":[{"@type":"CommentAction","name":"Comment","target":["https:\/\/centrourbano.com\/revista\/vivienda\/fovissste-incremento-creditos-otorgados-en-tres-ultimos-anos\/#respond"]}]},{"@type":"WebPage","@id":"https:\/\/centrourbano.com\/revista\/vivienda\/fovissste-incremento-creditos-otorgados-en-tres-ultimos-anos\/","url":"https:\/\/centrourbano.com\/revista\/vivienda\/fovissste-incremento-creditos-otorgados-en-tres-ultimos-anos\/","name":"Fovissste increment\u00f3 cr\u00e9ditos otorgados en tres \u00faltimos a\u00f1os -","isPartOf":{"@id":"https:\/\/centrourbano.com\/revista\/#website"},"primaryImageOfPage":{"@id":"https:\/\/centrourbano.com\/revista\/vivienda\/fovissste-incremento-creditos-otorgados-en-tres-ultimos-anos\/#primaryimage"},"image":{"@id":"https:\/\/centrourbano.com\/revista\/vivienda\/fovissste-incremento-creditos-otorgados-en-tres-ultimos-anos\/#primaryimage"},"thumbnailUrl":"https:\/\/centrourbano.com\/revista\/wp-content\/uploads\/Fovissste5.jpg","datePublished":"2016-01-04T15:32:22+00:00","dateModified":"2016-01-04T15:32:42+00:00","description":"Financiamiento pas\u00f3 de 105,000 en 2014 a cerca de 120,000 proyectados para 2016 El Fondo de la #Vivienda del Instituto de Seguridad y Servicios Sociales","breadcrumb":{"@id":"https:\/\/centrourbano.com\/revista\/vivienda\/fovissste-incremento-creditos-otorgados-en-tres-ultimos-anos\/#breadcrumb"},"inLanguage":"es","potentialAction":[{"@type":"ReadAction","target":["https:\/\/centrourbano.com\/revista\/vivienda\/fovissste-incremento-creditos-otorgados-en-tres-ultimos-anos\/"]}]},{"@type":"ImageObject","inLanguage":"es","@id":"https:\/\/centrourbano.com\/revista\/vivienda\/fovissste-incremento-creditos-otorgados-en-tres-ultimos-anos\/#primaryimage","url":"https:\/\/centrourbano.com\/revista\/wp-content\/uploads\/Fovissste5.jpg","contentUrl":"https:\/\/centrourbano.com\/revista\/wp-content\/uploads\/Fovissste5.jpg","width":1656,"height":1239},{"@type":"BreadcrumbList","@id":"https:\/\/centrourbano.com\/revista\/vivienda\/fovissste-incremento-creditos-otorgados-en-tres-ultimos-anos\/#breadcrumb","itemListElement":[{"@type":"ListItem","position":1,"name":"Portada","item":"https:\/\/centrourbano.com\/revista\/"},{"@type":"ListItem","position":2,"name":"Fovissste increment\u00f3 cr\u00e9ditos otorgados en tres \u00faltimos a\u00f1os"}]},{"@type":"WebSite","@id":"https:\/\/centrourbano.com\/revista\/#website","url":"https:\/\/centrourbano.com\/revista\/","name":"Centro Urbano","description":"Medio especializado en los sectores vivienda, inmobiliario, construcci\u00f3n, arquitectura y urbanismo.","publisher":{"@id":"https:\/\/centrourbano.com\/revista\/#organization"},"potentialAction":[{"@type":"SearchAction","target":{"@type":"EntryPoint","urlTemplate":"https:\/\/centrourbano.com\/revista\/?s={search_term_string}"},"query-input":{"@type":"PropertyValueSpecification","valueRequired":true,"valueName":"search_term_string"}}],"inLanguage":"es"},{"@type":"Organization","@id":"https:\/\/centrourbano.com\/revista\/#organization","name":"Centro Urbano","url":"https:\/\/centrourbano.com\/revista\/","logo":{"@type":"ImageObject","inLanguage":"es","@id":"https:\/\/centrourbano.com\/revista\/#\/schema\/logo\/image\/","url":"https:\/\/centrourbano.com\/revista\/wp-content\/uploads\/web_CU_logo-1.png","contentUrl":"https:\/\/centrourbano.com\/revista\/wp-content\/uploads\/web_CU_logo-1.png","width":350,"height":91,"caption":"Centro Urbano"},"image":{"@id":"https:\/\/centrourbano.com\/revista\/#\/schema\/logo\/image\/"},"sameAs":["https:\/\/www.facebook.com\/portalcentrourbano","https:\/\/x.com\/CentroUrbano","https:\/\/www.instagram.com\/centro_urbano\/","https:\/\/www.linkedin.com\/company\/centro-urbano\/","http:\/\/www.youtube.com\/user\/portalcentrourbano"]},{"@type":"Person","@id":"https:\/\/centrourbano.com\/revista\/#\/schema\/person\/71e020a5b63ca4230c0f1228a36cde93","name":"Mario V\u00e1zquez Barrios","image":{"@type":"ImageObject","inLanguage":"es","@id":"https:\/\/secure.gravatar.com\/avatar\/347e6d9c0b04f0194ca244ba64b0fe62752d716a3a93d1713bd259eb87aad5b6?s=96&d=mm&r=g","url":"https:\/\/secure.gravatar.com\/avatar\/347e6d9c0b04f0194ca244ba64b0fe62752d716a3a93d1713bd259eb87aad5b6?s=96&d=mm&r=g","contentUrl":"https:\/\/secure.gravatar.com\/avatar\/347e6d9c0b04f0194ca244ba64b0fe62752d716a3a93d1713bd259eb87aad5b6?s=96&d=mm&r=g","caption":"Mario V\u00e1zquez Barrios"},"description":"Me inici\u00e9 en El Financiero haciendo reportajes; en MegaNoticias Televisi\u00f3n fui reportero titular; en EMedios, control de calidad; y Radio 13 Noticias me acogi\u00f3 como colaborador. Me gusta encontrar en las banquetas la nota, una entrevista y el inicio de un reportaje.","sameAs":["https:\/\/x.com\/@MarioDeNiro"],"url":"https:\/\/centrourbano.com\/revista\/author\/mario-vazquez\/"}]}},"_links":{"self":[{"href":"https:\/\/centrourbano.com\/revista\/wp-json\/wp\/v2\/posts\/28011","targetHints":{"allow":["GET"]}}],"collection":[{"href":"https:\/\/centrourbano.com\/revista\/wp-json\/wp\/v2\/posts"}],"about":[{"href":"https:\/\/centrourbano.com\/revista\/wp-json\/wp\/v2\/types\/post"}],"author":[{"embeddable":true,"href":"https:\/\/centrourbano.com\/revista\/wp-json\/wp\/v2\/users\/28"}],"replies":[{"embeddable":true,"href":"https:\/\/centrourbano.com\/revista\/wp-json\/wp\/v2\/comments?post=28011"}],"version-history":[{"count":0,"href":"https:\/\/centrourbano.com\/revista\/wp-json\/wp\/v2\/posts\/28011\/revisions"}],"wp:featuredmedia":[{"embeddable":true,"href":"https:\/\/centrourbano.com\/revista\/wp-json\/wp\/v2\/media\/28012"}],"wp:attachment":[{"href":"https:\/\/centrourbano.com\/revista\/wp-json\/wp\/v2\/media?parent=28011"}],"wp:term":[{"taxonomy":"category","embeddable":true,"href":"https:\/\/centrourbano.com\/revista\/wp-json\/wp\/v2\/categories?post=28011"},{"taxonomy":"post_tag","embeddable":true,"href":"https:\/\/centrourbano.com\/revista\/wp-json\/wp\/v2\/tags?post=28011"}],"curies":[{"name":"wp","href":"https:\/\/api.w.org\/{rel}","templated":true}]}}