{"id":2798,"date":"2014-01-17T13:10:47","date_gmt":"2014-01-17T19:10:47","guid":{"rendered":"http:\/\/centrourbano.com\/?p=2798"},"modified":"2014-01-17T13:15:43","modified_gmt":"2014-01-17T19:15:43","slug":"eencabeza-ramirez-marin-lanzamiento-de-proyecto-para-vivienda-sustentable","status":"publish","type":"post","link":"https:\/\/centrourbano.com\/revista\/saladeprensa\/eencabeza-ramirez-marin-lanzamiento-de-proyecto-para-vivienda-sustentable\/","title":{"rendered":"Encabeza Ram\u00edrez Mar\u00edn lanzamiento de proyecto para vivienda sustentable"},"content":{"rendered":"<p>&nbsp;<\/p>\n<p>\u2022 El proyecto NAMA inyectar\u00e1 14 millones de euros a M\u00e9xico para la lucha contra el cambio clim\u00e1tico promoviendo vivienda sustentable<\/p>\n<p>\u2022 El titular de la SEDATU lo anunci\u00f3 junto con los embajadores de Alemania y Reino Unido en M\u00e9xico, Edmund Duckwitz y David King, respectivamente<\/p>\n<p><!--more--><br \/>\nEl titular de la Secretar\u00eda de Desarrollo Agrario Territorial y Urbano (SEDATU), Jorge Carlos Ram\u00edrez Mar\u00edn, encabez\u00f3 el arranque oficial del Proyecto NAMA Mexicana de Vivienda Sustentable, el cual tiene como prop\u00f3sito atraer financiamiento internacional para impulsar viviendas sustentables y combatir los efectos del cambio clim\u00e1tico.<\/p>\n<p>El secretario Ram\u00edrez Mar\u00edn, junto con los embajadores de Alemania y Reino Unido en M\u00e9xico, Edmund Duckwitz y David King, respectivamente, anunciaron el lanzamiento del Proyecto NAMA (Mecanismo de Acciones de Mitigaci\u00f3n Nacionalmente Apropiadas) el cual forma parte de la iniciativa del programa estrat\u00e9gico de cambio clim\u00e1tico que realiza el gobierno mexicano, dentro de sus compromisos internacionales.<\/p>\n<p>Dicha iniciativa es dirigida por la SEDATU, a trav\u00e9s de la Comisi\u00f3n Nacional de Vivienda (CONAVI), en coordinaci\u00f3n con la Secretar\u00eda de Medio Ambiente y Recursos Naturales (SEMARNAT) y la Sociedad Hipotecaria Federal (SHF).<\/p>\n<p>En su mensaje, Ram\u00edrez Mar\u00edn refiri\u00f3 que en su arranque el proyecto NAMA destinar\u00e1 14 millones de euros a M\u00e9xico para la lucha contra el cambio clim\u00e1tico promoviendo un desarrollo sustentable de la vivienda nueva.<\/p>\n<p>Explic\u00f3 que el NAMA de vivienda en M\u00e9xico, es el primero a nivel mundial y con \u00e9l nuestro pa\u00eds pretende tener una herramienta m\u00e1s de dise\u00f1o, monitoreo y verificaci\u00f3n, a fin de garantizar que las viviendas tengan un bajo impacto en el medio ambiente y que estos cambios beneficien el bolsillo de los usuarios.<\/p>\n<p>Detall\u00f3 que las adecuaciones que se realicen a las viviendas a trav\u00e9s de la NAMA, permitir\u00e1n a nuestro pa\u00eds tener m\u00e1s hogares sustentables, con ahorro de energ\u00eda y con una visi\u00f3n ambientalista.<\/p>\n<p>Para el titular de la SEDATU, impulsar viviendas sustentables es fundamental, toda vez que el conjunto de autom\u00f3viles y casas, representan el 40 por ciento de la producci\u00f3n de carbono de una familia promedio.<\/p>\n<p>Asegur\u00f3 que la SEDATU obedece al mandato presidencial para buscar el orden en el desarrollo del territorio, ya que el Gobierno de la Rep\u00fablica est\u00e1 convencido de que las ciudades densas y ordenas son m\u00e1s amigables con el medio ambiente, adem\u00e1s de que siendo compactas disminuyen el uso del autom\u00f3vil y el consumo de combustibles.<\/p>\n<p>Se\u00f1al\u00f3 que estas medidas que el Gobierno de la Rep\u00fablica toma, se deben a que hoy en d\u00eda M\u00e9xico, como otros pa\u00edses ya enfrenta las consecuencias del cambio clim\u00e1tico. El m\u00e1s reciente \u2013record\u00f3- fue en septiembre del a\u00f1o pasado, donde cruz\u00f3 de manera simult\u00e1nea un hurac\u00e1n en el Golfo de M\u00e9xico y un cicl\u00f3n tropical en el Pac\u00edfico.<\/p>\n<p>El secretario Jorge Carlos Ram\u00edrez Mar\u00edn coment\u00f3 que todos estos hechos son consecuencias de los malos h\u00e1bitos establecidos, por lo que la soluci\u00f3n es unir esfuerzos internacionales para salvar el medio ambiente y establecer cambios sostenibles.<\/p>\n<p>\u201cSalvar al medio ambiente ser\u00e1 una batalla que tendremos que librar millones de h\u00e9roes an\u00f3nimos. Lo lograremos con el apoyo conjunto, dedicado a la mejora constante de las acciones para que todos vivamos en las ciudades que siempre hemos so\u00f1ado e imaginado\u201d, enfatiz\u00f3.<\/p>\n<p>Por su parte, el embajador de Alemania en M\u00e9xico, Edmund Duckwitz, destac\u00f3 el esfuerzo del Gobierno de M\u00e9xico en el combate al cambio clim\u00e1tico y reiter\u00f3 el compromiso asumido por alcanzar una reducci\u00f3n de un 30 por ciento de Gases de Efecto Invernadero (GEI) al 2020.<\/p>\n<p>El embajador de Reino Unido, David King, consider\u00f3 que el desarrollo de la NAMA de vivienda nueva es fruto del esfuerzo y la coordinaci\u00f3n entre las entidades p\u00fablicas del sector y da el ejemplo de un instrumento de pol\u00edtica p\u00fablica respetuoso con el medio ambiente.<\/p>\n<p>En el acto estuvo presente el subsecretario de Planeaci\u00f3n y Pol\u00edtica Ambiental de la SEMARNAT, Rodolfo Lacy.<\/p>\n<p>Cabe destacar que el NAMA se logra gracias a los avances en las acciones de reducci\u00f3n de emisiones de di\u00f3xido de carbono (CO2) estructuradas e implementadas por el sector de vivienda mexicano como las Hipotecas Verdes, entre otros, que atrajeron la atenci\u00f3n del gobierno alem\u00e1n y de autoridades de Canad\u00e1, as\u00ed como de los bancos Mundial (BM) e Interamericano de Desarrollo (BID).<\/p>\n<p>&nbsp;<\/p>\n","protected":false},"excerpt":{"rendered":"<p>&nbsp; \u2022 El proyecto NAMA inyectar\u00e1 14 millones de euros a M\u00e9xico para la lucha contra el cambio clim\u00e1tico promoviendo vivienda sustentable \u2022 El titular de la SEDATU lo anunci\u00f3 junto con los embajadores de Alemania y Reino Unido en M\u00e9xico, Edmund Duckwitz y David King, respectivamente<\/p>\n","protected":false},"author":14,"featured_media":0,"comment_status":"open","ping_status":"closed","sticky":false,"template":"","format":"standard","meta":{"om_disable_all_campaigns":false,"inline_featured_image":false,"_monsterinsights_skip_tracking":false,"_monsterinsights_sitenote_active":false,"_monsterinsights_sitenote_note":"","_monsterinsights_sitenote_category":0,"footnotes":""},"categories":[7],"tags":[],"class_list":["post-2798","post","type-post","status-publish","format-standard","hentry","category-saladeprensa"],"yoast_head":"<!-- This site is optimized with the Yoast SEO plugin v27.4 - https:\/\/yoast.com\/product\/yoast-seo-wordpress\/ -->\n<title>Encabeza Ram\u00edrez Mar\u00edn lanzamiento de proyecto para vivienda sustentable  -<\/title>\n<meta name=\"description\" content=\"&nbsp; \u2022 El proyecto NAMA inyectar\u00e1 14 millones de euros a M\u00e9xico para la lucha contra el cambio clim\u00e1tico promoviendo vivienda sustentable \u2022 El titular\" \/>\n<meta name=\"robots\" content=\"index, follow, max-snippet:-1, max-image-preview:large, max-video-preview:-1\" \/>\n<link rel=\"canonical\" href=\"https:\/\/centrourbano.com\/revista\/saladeprensa\/eencabeza-ramirez-marin-lanzamiento-de-proyecto-para-vivienda-sustentable\/\" \/>\n<meta property=\"og:locale\" content=\"es_ES\" \/>\n<meta property=\"og:type\" content=\"article\" \/>\n<meta property=\"og:title\" content=\"Encabeza Ram\u00edrez Mar\u00edn lanzamiento de proyecto para vivienda sustentable  -\" \/>\n<meta property=\"og:description\" content=\"&nbsp; \u2022 El proyecto NAMA inyectar\u00e1 14 millones de euros a M\u00e9xico para la lucha contra el cambio clim\u00e1tico promoviendo vivienda sustentable \u2022 El titular\" \/>\n<meta property=\"og:url\" content=\"https:\/\/centrourbano.com\/revista\/saladeprensa\/eencabeza-ramirez-marin-lanzamiento-de-proyecto-para-vivienda-sustentable\/\" \/>\n<meta property=\"og:site_name\" content=\"Centro Urbano\" \/>\n<meta property=\"article:publisher\" content=\"https:\/\/www.facebook.com\/portalcentrourbano\" \/>\n<meta property=\"article:published_time\" content=\"2014-01-17T19:10:47+00:00\" \/>\n<meta property=\"article:modified_time\" content=\"2014-01-17T19:15:43+00:00\" \/>\n<meta property=\"og:image\" content=\"https:\/\/centrourbano.com\/revista\/wp-content\/uploads\/CU-logo.png\" \/>\n\t<meta property=\"og:image:width\" content=\"350\" \/>\n\t<meta property=\"og:image:height\" content=\"91\" \/>\n\t<meta property=\"og:image:type\" content=\"image\/png\" \/>\n<meta name=\"author\" content=\"Redacci\u00f3n Centro Urbano\" \/>\n<meta name=\"twitter:card\" content=\"summary_large_image\" \/>\n<meta name=\"twitter:creator\" content=\"@CentroUrbano\" \/>\n<meta name=\"twitter:site\" content=\"@CentroUrbano\" \/>\n<meta name=\"twitter:label1\" content=\"Escrito por\" \/>\n\t<meta name=\"twitter:data1\" content=\"Redacci\u00f3n Centro Urbano\" \/>\n\t<meta name=\"twitter:label2\" content=\"Tiempo de lectura\" \/>\n\t<meta name=\"twitter:data2\" content=\"4 minutos\" \/>\n<script type=\"application\/ld+json\" class=\"yoast-schema-graph\">{\"@context\":\"https:\\\/\\\/schema.org\",\"@graph\":[{\"@type\":\"Article\",\"@id\":\"https:\\\/\\\/centrourbano.com\\\/revista\\\/saladeprensa\\\/eencabeza-ramirez-marin-lanzamiento-de-proyecto-para-vivienda-sustentable\\\/#article\",\"isPartOf\":{\"@id\":\"https:\\\/\\\/centrourbano.com\\\/revista\\\/saladeprensa\\\/eencabeza-ramirez-marin-lanzamiento-de-proyecto-para-vivienda-sustentable\\\/\"},\"author\":{\"name\":\"Redacci\u00f3n Centro Urbano\",\"@id\":\"https:\\\/\\\/centrourbano.com\\\/revista\\\/#\\\/schema\\\/person\\\/680e7c50f9d6e917e416c9efdc26f996\"},\"headline\":\"Encabeza Ram\u00edrez Mar\u00edn lanzamiento de proyecto para vivienda sustentable\",\"datePublished\":\"2014-01-17T19:10:47+00:00\",\"dateModified\":\"2014-01-17T19:15:43+00:00\",\"mainEntityOfPage\":{\"@id\":\"https:\\\/\\\/centrourbano.com\\\/revista\\\/saladeprensa\\\/eencabeza-ramirez-marin-lanzamiento-de-proyecto-para-vivienda-sustentable\\\/\"},\"wordCount\":780,\"commentCount\":0,\"publisher\":{\"@id\":\"https:\\\/\\\/centrourbano.com\\\/revista\\\/#organization\"},\"articleSection\":[\"Sala de Prensa\"],\"inLanguage\":\"es\",\"potentialAction\":[{\"@type\":\"CommentAction\",\"name\":\"Comment\",\"target\":[\"https:\\\/\\\/centrourbano.com\\\/revista\\\/saladeprensa\\\/eencabeza-ramirez-marin-lanzamiento-de-proyecto-para-vivienda-sustentable\\\/#respond\"]}]},{\"@type\":\"WebPage\",\"@id\":\"https:\\\/\\\/centrourbano.com\\\/revista\\\/saladeprensa\\\/eencabeza-ramirez-marin-lanzamiento-de-proyecto-para-vivienda-sustentable\\\/\",\"url\":\"https:\\\/\\\/centrourbano.com\\\/revista\\\/saladeprensa\\\/eencabeza-ramirez-marin-lanzamiento-de-proyecto-para-vivienda-sustentable\\\/\",\"name\":\"Encabeza Ram\u00edrez Mar\u00edn lanzamiento de proyecto para vivienda sustentable -\",\"isPartOf\":{\"@id\":\"https:\\\/\\\/centrourbano.com\\\/revista\\\/#website\"},\"datePublished\":\"2014-01-17T19:10:47+00:00\",\"dateModified\":\"2014-01-17T19:15:43+00:00\",\"description\":\"&nbsp; \u2022 El proyecto NAMA inyectar\u00e1 14 millones de euros a M\u00e9xico para la lucha contra el cambio clim\u00e1tico promoviendo vivienda sustentable \u2022 El titular\",\"breadcrumb\":{\"@id\":\"https:\\\/\\\/centrourbano.com\\\/revista\\\/saladeprensa\\\/eencabeza-ramirez-marin-lanzamiento-de-proyecto-para-vivienda-sustentable\\\/#breadcrumb\"},\"inLanguage\":\"es\",\"potentialAction\":[{\"@type\":\"ReadAction\",\"target\":[\"https:\\\/\\\/centrourbano.com\\\/revista\\\/saladeprensa\\\/eencabeza-ramirez-marin-lanzamiento-de-proyecto-para-vivienda-sustentable\\\/\"]}]},{\"@type\":\"BreadcrumbList\",\"@id\":\"https:\\\/\\\/centrourbano.com\\\/revista\\\/saladeprensa\\\/eencabeza-ramirez-marin-lanzamiento-de-proyecto-para-vivienda-sustentable\\\/#breadcrumb\",\"itemListElement\":[{\"@type\":\"ListItem\",\"position\":1,\"name\":\"Portada\",\"item\":\"https:\\\/\\\/centrourbano.com\\\/revista\\\/\"},{\"@type\":\"ListItem\",\"position\":2,\"name\":\"Encabeza Ram\u00edrez Mar\u00edn lanzamiento de proyecto para vivienda sustentable\"}]},{\"@type\":\"WebSite\",\"@id\":\"https:\\\/\\\/centrourbano.com\\\/revista\\\/#website\",\"url\":\"https:\\\/\\\/centrourbano.com\\\/revista\\\/\",\"name\":\"Centro Urbano\",\"description\":\"Medio especializado en los sectores vivienda, inmobiliario, construcci\u00f3n, arquitectura y urbanismo.\",\"publisher\":{\"@id\":\"https:\\\/\\\/centrourbano.com\\\/revista\\\/#organization\"},\"potentialAction\":[{\"@type\":\"SearchAction\",\"target\":{\"@type\":\"EntryPoint\",\"urlTemplate\":\"https:\\\/\\\/centrourbano.com\\\/revista\\\/?s={search_term_string}\"},\"query-input\":{\"@type\":\"PropertyValueSpecification\",\"valueRequired\":true,\"valueName\":\"search_term_string\"}}],\"inLanguage\":\"es\"},{\"@type\":\"Organization\",\"@id\":\"https:\\\/\\\/centrourbano.com\\\/revista\\\/#organization\",\"name\":\"Centro Urbano\",\"url\":\"https:\\\/\\\/centrourbano.com\\\/revista\\\/\",\"logo\":{\"@type\":\"ImageObject\",\"inLanguage\":\"es\",\"@id\":\"https:\\\/\\\/centrourbano.com\\\/revista\\\/#\\\/schema\\\/logo\\\/image\\\/\",\"url\":\"https:\\\/\\\/centrourbano.com\\\/revista\\\/wp-content\\\/uploads\\\/web_CU_logo-1.png\",\"contentUrl\":\"https:\\\/\\\/centrourbano.com\\\/revista\\\/wp-content\\\/uploads\\\/web_CU_logo-1.png\",\"width\":350,\"height\":91,\"caption\":\"Centro Urbano\"},\"image\":{\"@id\":\"https:\\\/\\\/centrourbano.com\\\/revista\\\/#\\\/schema\\\/logo\\\/image\\\/\"},\"sameAs\":[\"https:\\\/\\\/www.facebook.com\\\/portalcentrourbano\",\"https:\\\/\\\/x.com\\\/CentroUrbano\",\"https:\\\/\\\/www.instagram.com\\\/centro_urbano\\\/\",\"https:\\\/\\\/www.linkedin.com\\\/company\\\/centro-urbano\\\/\",\"http:\\\/\\\/www.youtube.com\\\/user\\\/portalcentrourbano\"]},{\"@type\":\"Person\",\"@id\":\"https:\\\/\\\/centrourbano.com\\\/revista\\\/#\\\/schema\\\/person\\\/680e7c50f9d6e917e416c9efdc26f996\",\"name\":\"Redacci\u00f3n Centro Urbano\",\"image\":{\"@type\":\"ImageObject\",\"inLanguage\":\"es\",\"@id\":\"https:\\\/\\\/secure.gravatar.com\\\/avatar\\\/15a789f894398c0f311f3a7a2ee28032bbc0483098539da66b6a045aa810bf35?s=96&d=mm&r=g\",\"url\":\"https:\\\/\\\/secure.gravatar.com\\\/avatar\\\/15a789f894398c0f311f3a7a2ee28032bbc0483098539da66b6a045aa810bf35?s=96&d=mm&r=g\",\"contentUrl\":\"https:\\\/\\\/secure.gravatar.com\\\/avatar\\\/15a789f894398c0f311f3a7a2ee28032bbc0483098539da66b6a045aa810bf35?s=96&d=mm&r=g\",\"caption\":\"Redacci\u00f3n Centro Urbano\"},\"url\":\"https:\\\/\\\/centrourbano.com\\\/revista\\\/author\\\/editorial\\\/\"}]}<\/script>\n<!-- \/ Yoast SEO plugin. -->","yoast_head_json":{"title":"Encabeza Ram\u00edrez Mar\u00edn lanzamiento de proyecto para vivienda sustentable  -","description":"&nbsp; \u2022 El proyecto NAMA inyectar\u00e1 14 millones de euros a M\u00e9xico para la lucha contra el cambio clim\u00e1tico promoviendo vivienda sustentable \u2022 El titular","robots":{"index":"index","follow":"follow","max-snippet":"max-snippet:-1","max-image-preview":"max-image-preview:large","max-video-preview":"max-video-preview:-1"},"canonical":"https:\/\/centrourbano.com\/revista\/saladeprensa\/eencabeza-ramirez-marin-lanzamiento-de-proyecto-para-vivienda-sustentable\/","og_locale":"es_ES","og_type":"article","og_title":"Encabeza Ram\u00edrez Mar\u00edn lanzamiento de proyecto para vivienda sustentable  -","og_description":"&nbsp; \u2022 El proyecto NAMA inyectar\u00e1 14 millones de euros a M\u00e9xico para la lucha contra el cambio clim\u00e1tico promoviendo vivienda sustentable \u2022 El titular","og_url":"https:\/\/centrourbano.com\/revista\/saladeprensa\/eencabeza-ramirez-marin-lanzamiento-de-proyecto-para-vivienda-sustentable\/","og_site_name":"Centro Urbano","article_publisher":"https:\/\/www.facebook.com\/portalcentrourbano","article_published_time":"2014-01-17T19:10:47+00:00","article_modified_time":"2014-01-17T19:15:43+00:00","og_image":[{"width":350,"height":91,"url":"https:\/\/centrourbano.com\/revista\/wp-content\/uploads\/CU-logo.png","type":"image\/png"}],"author":"Redacci\u00f3n Centro Urbano","twitter_card":"summary_large_image","twitter_creator":"@CentroUrbano","twitter_site":"@CentroUrbano","twitter_misc":{"Escrito por":"Redacci\u00f3n Centro Urbano","Tiempo de lectura":"4 minutos"},"schema":{"@context":"https:\/\/schema.org","@graph":[{"@type":"Article","@id":"https:\/\/centrourbano.com\/revista\/saladeprensa\/eencabeza-ramirez-marin-lanzamiento-de-proyecto-para-vivienda-sustentable\/#article","isPartOf":{"@id":"https:\/\/centrourbano.com\/revista\/saladeprensa\/eencabeza-ramirez-marin-lanzamiento-de-proyecto-para-vivienda-sustentable\/"},"author":{"name":"Redacci\u00f3n Centro Urbano","@id":"https:\/\/centrourbano.com\/revista\/#\/schema\/person\/680e7c50f9d6e917e416c9efdc26f996"},"headline":"Encabeza Ram\u00edrez Mar\u00edn lanzamiento de proyecto para vivienda sustentable","datePublished":"2014-01-17T19:10:47+00:00","dateModified":"2014-01-17T19:15:43+00:00","mainEntityOfPage":{"@id":"https:\/\/centrourbano.com\/revista\/saladeprensa\/eencabeza-ramirez-marin-lanzamiento-de-proyecto-para-vivienda-sustentable\/"},"wordCount":780,"commentCount":0,"publisher":{"@id":"https:\/\/centrourbano.com\/revista\/#organization"},"articleSection":["Sala de Prensa"],"inLanguage":"es","potentialAction":[{"@type":"CommentAction","name":"Comment","target":["https:\/\/centrourbano.com\/revista\/saladeprensa\/eencabeza-ramirez-marin-lanzamiento-de-proyecto-para-vivienda-sustentable\/#respond"]}]},{"@type":"WebPage","@id":"https:\/\/centrourbano.com\/revista\/saladeprensa\/eencabeza-ramirez-marin-lanzamiento-de-proyecto-para-vivienda-sustentable\/","url":"https:\/\/centrourbano.com\/revista\/saladeprensa\/eencabeza-ramirez-marin-lanzamiento-de-proyecto-para-vivienda-sustentable\/","name":"Encabeza Ram\u00edrez Mar\u00edn lanzamiento de proyecto para vivienda sustentable -","isPartOf":{"@id":"https:\/\/centrourbano.com\/revista\/#website"},"datePublished":"2014-01-17T19:10:47+00:00","dateModified":"2014-01-17T19:15:43+00:00","description":"&nbsp; \u2022 El proyecto NAMA inyectar\u00e1 14 millones de euros a M\u00e9xico para la lucha contra el cambio clim\u00e1tico promoviendo vivienda sustentable \u2022 El titular","breadcrumb":{"@id":"https:\/\/centrourbano.com\/revista\/saladeprensa\/eencabeza-ramirez-marin-lanzamiento-de-proyecto-para-vivienda-sustentable\/#breadcrumb"},"inLanguage":"es","potentialAction":[{"@type":"ReadAction","target":["https:\/\/centrourbano.com\/revista\/saladeprensa\/eencabeza-ramirez-marin-lanzamiento-de-proyecto-para-vivienda-sustentable\/"]}]},{"@type":"BreadcrumbList","@id":"https:\/\/centrourbano.com\/revista\/saladeprensa\/eencabeza-ramirez-marin-lanzamiento-de-proyecto-para-vivienda-sustentable\/#breadcrumb","itemListElement":[{"@type":"ListItem","position":1,"name":"Portada","item":"https:\/\/centrourbano.com\/revista\/"},{"@type":"ListItem","position":2,"name":"Encabeza Ram\u00edrez Mar\u00edn lanzamiento de proyecto para vivienda sustentable"}]},{"@type":"WebSite","@id":"https:\/\/centrourbano.com\/revista\/#website","url":"https:\/\/centrourbano.com\/revista\/","name":"Centro Urbano","description":"Medio especializado en los sectores vivienda, inmobiliario, construcci\u00f3n, arquitectura y urbanismo.","publisher":{"@id":"https:\/\/centrourbano.com\/revista\/#organization"},"potentialAction":[{"@type":"SearchAction","target":{"@type":"EntryPoint","urlTemplate":"https:\/\/centrourbano.com\/revista\/?s={search_term_string}"},"query-input":{"@type":"PropertyValueSpecification","valueRequired":true,"valueName":"search_term_string"}}],"inLanguage":"es"},{"@type":"Organization","@id":"https:\/\/centrourbano.com\/revista\/#organization","name":"Centro Urbano","url":"https:\/\/centrourbano.com\/revista\/","logo":{"@type":"ImageObject","inLanguage":"es","@id":"https:\/\/centrourbano.com\/revista\/#\/schema\/logo\/image\/","url":"https:\/\/centrourbano.com\/revista\/wp-content\/uploads\/web_CU_logo-1.png","contentUrl":"https:\/\/centrourbano.com\/revista\/wp-content\/uploads\/web_CU_logo-1.png","width":350,"height":91,"caption":"Centro Urbano"},"image":{"@id":"https:\/\/centrourbano.com\/revista\/#\/schema\/logo\/image\/"},"sameAs":["https:\/\/www.facebook.com\/portalcentrourbano","https:\/\/x.com\/CentroUrbano","https:\/\/www.instagram.com\/centro_urbano\/","https:\/\/www.linkedin.com\/company\/centro-urbano\/","http:\/\/www.youtube.com\/user\/portalcentrourbano"]},{"@type":"Person","@id":"https:\/\/centrourbano.com\/revista\/#\/schema\/person\/680e7c50f9d6e917e416c9efdc26f996","name":"Redacci\u00f3n Centro Urbano","image":{"@type":"ImageObject","inLanguage":"es","@id":"https:\/\/secure.gravatar.com\/avatar\/15a789f894398c0f311f3a7a2ee28032bbc0483098539da66b6a045aa810bf35?s=96&d=mm&r=g","url":"https:\/\/secure.gravatar.com\/avatar\/15a789f894398c0f311f3a7a2ee28032bbc0483098539da66b6a045aa810bf35?s=96&d=mm&r=g","contentUrl":"https:\/\/secure.gravatar.com\/avatar\/15a789f894398c0f311f3a7a2ee28032bbc0483098539da66b6a045aa810bf35?s=96&d=mm&r=g","caption":"Redacci\u00f3n Centro Urbano"},"url":"https:\/\/centrourbano.com\/revista\/author\/editorial\/"}]}},"_links":{"self":[{"href":"https:\/\/centrourbano.com\/revista\/wp-json\/wp\/v2\/posts\/2798","targetHints":{"allow":["GET"]}}],"collection":[{"href":"https:\/\/centrourbano.com\/revista\/wp-json\/wp\/v2\/posts"}],"about":[{"href":"https:\/\/centrourbano.com\/revista\/wp-json\/wp\/v2\/types\/post"}],"author":[{"embeddable":true,"href":"https:\/\/centrourbano.com\/revista\/wp-json\/wp\/v2\/users\/14"}],"replies":[{"embeddable":true,"href":"https:\/\/centrourbano.com\/revista\/wp-json\/wp\/v2\/comments?post=2798"}],"version-history":[{"count":0,"href":"https:\/\/centrourbano.com\/revista\/wp-json\/wp\/v2\/posts\/2798\/revisions"}],"wp:attachment":[{"href":"https:\/\/centrourbano.com\/revista\/wp-json\/wp\/v2\/media?parent=2798"}],"wp:term":[{"taxonomy":"category","embeddable":true,"href":"https:\/\/centrourbano.com\/revista\/wp-json\/wp\/v2\/categories?post=2798"},{"taxonomy":"post_tag","embeddable":true,"href":"https:\/\/centrourbano.com\/revista\/wp-json\/wp\/v2\/tags?post=2798"}],"curies":[{"name":"wp","href":"https:\/\/api.w.org\/{rel}","templated":true}]}}