{"id":27817,"date":"2015-12-29T10:14:54","date_gmt":"2015-12-29T16:14:54","guid":{"rendered":"http:\/\/centrourbano.com\/?p=27817"},"modified":"2015-12-29T10:15:14","modified_gmt":"2015-12-29T16:15:14","slug":"continuara-hasta-abril-de-2016-suspension-a-norma-26","status":"publish","type":"post","link":"https:\/\/centrourbano.com\/revista\/vivienda\/continuara-hasta-abril-de-2016-suspension-a-norma-26\/","title":{"rendered":"Continuar\u00e1 hasta abril de 2016 suspensi\u00f3n a Norma 26"},"content":{"rendered":"<p><em>El 30 de septiembre hab\u00eda iniciado la reciente etapa de suspensi\u00f3n<\/em><br \/>\n<!--more--><\/p>\n<p>La Secretar\u00eda de Desarrollo <a class=\"expresscurate_contentTags\" href=\"http:\/\/centrourbano.com\/tag\/urbano\/\">#Urbano<\/a> y <a class=\"expresscurate_contentTags\" href=\"http:\/\/centrourbano.com\/tag\/vivienda\/\">#Vivienda<\/a> en el Distrito Federal dio a conocer que se realiz\u00f3 una nueva ampliaci\u00f3n de la Norma 26 para <a class=\"expresscurate_contentTags\" href=\"http:\/\/centrourbano.com\/tag\/construccion-2\/\">#construcci\u00f3n<\/a> de vivienda sustentable, de inter\u00e9s social y popular para la capital del pa\u00eds, misma que entrar\u00e1 en vigor del 1 de enero al 30 de abril de 2016.<\/p>\n<p>A trav\u00e9s de un aviso en la Gaceta Oficial del Gobierno del Distrito Federal (<a class=\"expresscurate_contentTags\" href=\"http:\/\/centrourbano.com\/tag\/gdf\/\">#GDF<\/a>) indic\u00f3 que se prorroga el \u201cAcuerdo por el que se suspende temporalmente la recepci\u00f3n y gesti\u00f3n de solicitudes que se presentan ante la Ventanilla \u00danica de la Secretar\u00eda de Desarrollo Urbano y Vivienda, relativas a cualquier acto administrativo que implique la aplicaci\u00f3n de la Norma de Ordenaci\u00f3n n\u00famero 26\u201d. <\/p>\n<p><a class=\"expresscurate_contentTags\" href=\"http:\/\/centrourbano.com\/tag\/seduvi\/\">#Seduvi<\/a> aclara que dicha suspensi\u00f3n temporal no aplica para los proyectos de promoci\u00f3n de vivienda del Instituto de Vivienda del Distrito Federal (INVI) u otros organismos p\u00fablicos dedicados a la producci\u00f3n de vivienda de inter\u00e9s social y popular. <\/p>\n<p>En el a\u00f1o 2013 esta norma fue suspendida con el fin de realizar un estudio t\u00e9cnico integral de su contenido, objetivo, alcances, as\u00ed como su adaptaci\u00f3n a la movilidad de la poblaci\u00f3n y a las necesidades de desarrollo de diferentes zonas en la Ciudad de M\u00e9xico.<\/p>\n<p>Desde 2014, esta suspensi\u00f3n se ha prorrogado en diferentes ocasiones siendo la \u00faltima la publicada en la Gaceta Oficial del Distrito Federal el 30 de septiembre del a\u00f1o en curso la cual ten\u00eda una vigencia hasta el \u00faltimo d\u00eda de este a\u00f1o. <\/p>\n<p>En el aviso se argumenta que es necesario continuar con la suspensi\u00f3n temporal de dicha Norma, a fin de contar con tiempo suficiente para concluir el estudio t\u00e9cnico y en base a la informaci\u00f3n que se obtenga, se determine o no la conveniencia de la permanencia de \u00e9sta, as\u00ed como la realizaci\u00f3n de alguna modificaci\u00f3n, o en su caso, la abrogaci\u00f3n si es procedente. <\/p>\n","protected":false},"excerpt":{"rendered":"<p>El 30 de septiembre hab\u00eda iniciado la reciente etapa de suspensi\u00f3n<\/p>\n","protected":false},"author":28,"featured_media":27819,"comment_status":"open","ping_status":"closed","sticky":false,"template":"","format":"standard","meta":{"om_disable_all_campaigns":false,"inline_featured_image":false,"_monsterinsights_skip_tracking":false,"_monsterinsights_sitenote_active":false,"_monsterinsights_sitenote_note":"","_monsterinsights_sitenote_category":0,"footnotes":""},"categories":[12],"tags":[22,7319,256,126,516,5737],"class_list":["post-27817","post","type-post","status-publish","format-standard","has-post-thumbnail","hentry","category-vivienda","tag-construccion-2","tag-gaceta-del-gobierno-del-distrito-federal","tag-gdf","tag-seduvi","tag-urbano","tag-vivienda"],"yoast_head":"<!-- This site is optimized with the Yoast SEO plugin v27.4 - https:\/\/yoast.com\/product\/yoast-seo-wordpress\/ -->\n<title>Continuar\u00e1 hasta abril de 2016 suspensi\u00f3n a Norma 26 -<\/title>\n<meta name=\"description\" content=\"El 30 de septiembre hab\u00eda iniciado la reciente etapa de suspensi\u00f3n La Secretar\u00eda de Desarrollo #Urbano y #Vivienda en el Distrito Federal dio a conocer\" \/>\n<meta name=\"robots\" content=\"index, follow, max-snippet:-1, max-image-preview:large, max-video-preview:-1\" \/>\n<link rel=\"canonical\" href=\"https:\/\/centrourbano.com\/revista\/vivienda\/continuara-hasta-abril-de-2016-suspension-a-norma-26\/\" \/>\n<meta property=\"og:locale\" content=\"es_ES\" \/>\n<meta property=\"og:type\" content=\"article\" \/>\n<meta property=\"og:title\" content=\"Continuar\u00e1 hasta abril de 2016 suspensi\u00f3n a Norma 26 -\" \/>\n<meta property=\"og:description\" content=\"El 30 de septiembre hab\u00eda iniciado la reciente etapa de suspensi\u00f3n La Secretar\u00eda de Desarrollo #Urbano y #Vivienda en el Distrito Federal dio a conocer\" \/>\n<meta property=\"og:url\" content=\"https:\/\/centrourbano.com\/revista\/vivienda\/continuara-hasta-abril-de-2016-suspension-a-norma-26\/\" \/>\n<meta property=\"og:site_name\" content=\"Centro Urbano\" \/>\n<meta property=\"article:publisher\" content=\"https:\/\/www.facebook.com\/portalcentrourbano\" \/>\n<meta property=\"article:published_time\" content=\"2015-12-29T16:14:54+00:00\" \/>\n<meta property=\"article:modified_time\" content=\"2015-12-29T16:15:14+00:00\" \/>\n<meta property=\"og:image\" content=\"https:\/\/centrourbano.com\/revista\/wp-content\/uploads\/Norma-26-ok-.jpg\" \/>\n\t<meta property=\"og:image:width\" content=\"1380\" \/>\n\t<meta property=\"og:image:height\" content=\"1035\" \/>\n\t<meta property=\"og:image:type\" content=\"image\/jpeg\" \/>\n<meta name=\"author\" content=\"Mario V\u00e1zquez Barrios\" \/>\n<meta name=\"twitter:card\" content=\"summary_large_image\" \/>\n<meta name=\"twitter:creator\" content=\"@MarioDeNiro\" \/>\n<meta name=\"twitter:site\" content=\"@CentroUrbano\" \/>\n<meta name=\"twitter:label1\" content=\"Escrito por\" \/>\n\t<meta name=\"twitter:data1\" content=\"Mario V\u00e1zquez Barrios\" \/>\n\t<meta name=\"twitter:label2\" content=\"Tiempo de lectura\" \/>\n\t<meta name=\"twitter:data2\" content=\"2 minutos\" \/>\n<script type=\"application\/ld+json\" class=\"yoast-schema-graph\">{\"@context\":\"https:\\\/\\\/schema.org\",\"@graph\":[{\"@type\":\"Article\",\"@id\":\"https:\\\/\\\/centrourbano.com\\\/revista\\\/vivienda\\\/continuara-hasta-abril-de-2016-suspension-a-norma-26\\\/#article\",\"isPartOf\":{\"@id\":\"https:\\\/\\\/centrourbano.com\\\/revista\\\/vivienda\\\/continuara-hasta-abril-de-2016-suspension-a-norma-26\\\/\"},\"author\":{\"name\":\"Mario V\u00e1zquez Barrios\",\"@id\":\"https:\\\/\\\/centrourbano.com\\\/revista\\\/#\\\/schema\\\/person\\\/71e020a5b63ca4230c0f1228a36cde93\"},\"headline\":\"Continuar\u00e1 hasta abril de 2016 suspensi\u00f3n a Norma 26\",\"datePublished\":\"2015-12-29T16:14:54+00:00\",\"dateModified\":\"2015-12-29T16:15:14+00:00\",\"mainEntityOfPage\":{\"@id\":\"https:\\\/\\\/centrourbano.com\\\/revista\\\/vivienda\\\/continuara-hasta-abril-de-2016-suspension-a-norma-26\\\/\"},\"wordCount\":353,\"commentCount\":0,\"publisher\":{\"@id\":\"https:\\\/\\\/centrourbano.com\\\/revista\\\/#organization\"},\"image\":{\"@id\":\"https:\\\/\\\/centrourbano.com\\\/revista\\\/vivienda\\\/continuara-hasta-abril-de-2016-suspension-a-norma-26\\\/#primaryimage\"},\"thumbnailUrl\":\"https:\\\/\\\/centrourbano.com\\\/revista\\\/wp-content\\\/uploads\\\/Norma-26-ok-.jpg\",\"keywords\":[\"construcci\u00f3n\",\"Gaceta del Gobierno del Distrito Federal\",\"GDF\",\"Seduvi\",\"urbano\",\"vivienda+\"],\"articleSection\":[\"Vivienda\"],\"inLanguage\":\"es\",\"potentialAction\":[{\"@type\":\"CommentAction\",\"name\":\"Comment\",\"target\":[\"https:\\\/\\\/centrourbano.com\\\/revista\\\/vivienda\\\/continuara-hasta-abril-de-2016-suspension-a-norma-26\\\/#respond\"]}]},{\"@type\":\"WebPage\",\"@id\":\"https:\\\/\\\/centrourbano.com\\\/revista\\\/vivienda\\\/continuara-hasta-abril-de-2016-suspension-a-norma-26\\\/\",\"url\":\"https:\\\/\\\/centrourbano.com\\\/revista\\\/vivienda\\\/continuara-hasta-abril-de-2016-suspension-a-norma-26\\\/\",\"name\":\"Continuar\u00e1 hasta abril de 2016 suspensi\u00f3n a Norma 26 -\",\"isPartOf\":{\"@id\":\"https:\\\/\\\/centrourbano.com\\\/revista\\\/#website\"},\"primaryImageOfPage\":{\"@id\":\"https:\\\/\\\/centrourbano.com\\\/revista\\\/vivienda\\\/continuara-hasta-abril-de-2016-suspension-a-norma-26\\\/#primaryimage\"},\"image\":{\"@id\":\"https:\\\/\\\/centrourbano.com\\\/revista\\\/vivienda\\\/continuara-hasta-abril-de-2016-suspension-a-norma-26\\\/#primaryimage\"},\"thumbnailUrl\":\"https:\\\/\\\/centrourbano.com\\\/revista\\\/wp-content\\\/uploads\\\/Norma-26-ok-.jpg\",\"datePublished\":\"2015-12-29T16:14:54+00:00\",\"dateModified\":\"2015-12-29T16:15:14+00:00\",\"description\":\"El 30 de septiembre hab\u00eda iniciado la reciente etapa de suspensi\u00f3n La Secretar\u00eda de Desarrollo #Urbano y #Vivienda en el Distrito Federal dio a conocer\",\"breadcrumb\":{\"@id\":\"https:\\\/\\\/centrourbano.com\\\/revista\\\/vivienda\\\/continuara-hasta-abril-de-2016-suspension-a-norma-26\\\/#breadcrumb\"},\"inLanguage\":\"es\",\"potentialAction\":[{\"@type\":\"ReadAction\",\"target\":[\"https:\\\/\\\/centrourbano.com\\\/revista\\\/vivienda\\\/continuara-hasta-abril-de-2016-suspension-a-norma-26\\\/\"]}]},{\"@type\":\"ImageObject\",\"inLanguage\":\"es\",\"@id\":\"https:\\\/\\\/centrourbano.com\\\/revista\\\/vivienda\\\/continuara-hasta-abril-de-2016-suspension-a-norma-26\\\/#primaryimage\",\"url\":\"https:\\\/\\\/centrourbano.com\\\/revista\\\/wp-content\\\/uploads\\\/Norma-26-ok-.jpg\",\"contentUrl\":\"https:\\\/\\\/centrourbano.com\\\/revista\\\/wp-content\\\/uploads\\\/Norma-26-ok-.jpg\",\"width\":1380,\"height\":1035},{\"@type\":\"BreadcrumbList\",\"@id\":\"https:\\\/\\\/centrourbano.com\\\/revista\\\/vivienda\\\/continuara-hasta-abril-de-2016-suspension-a-norma-26\\\/#breadcrumb\",\"itemListElement\":[{\"@type\":\"ListItem\",\"position\":1,\"name\":\"Portada\",\"item\":\"https:\\\/\\\/centrourbano.com\\\/revista\\\/\"},{\"@type\":\"ListItem\",\"position\":2,\"name\":\"Continuar\u00e1 hasta abril de 2016 suspensi\u00f3n a Norma 26\"}]},{\"@type\":\"WebSite\",\"@id\":\"https:\\\/\\\/centrourbano.com\\\/revista\\\/#website\",\"url\":\"https:\\\/\\\/centrourbano.com\\\/revista\\\/\",\"name\":\"Centro Urbano\",\"description\":\"Medio especializado en los sectores vivienda, inmobiliario, construcci\u00f3n, arquitectura y urbanismo.\",\"publisher\":{\"@id\":\"https:\\\/\\\/centrourbano.com\\\/revista\\\/#organization\"},\"potentialAction\":[{\"@type\":\"SearchAction\",\"target\":{\"@type\":\"EntryPoint\",\"urlTemplate\":\"https:\\\/\\\/centrourbano.com\\\/revista\\\/?s={search_term_string}\"},\"query-input\":{\"@type\":\"PropertyValueSpecification\",\"valueRequired\":true,\"valueName\":\"search_term_string\"}}],\"inLanguage\":\"es\"},{\"@type\":\"Organization\",\"@id\":\"https:\\\/\\\/centrourbano.com\\\/revista\\\/#organization\",\"name\":\"Centro Urbano\",\"url\":\"https:\\\/\\\/centrourbano.com\\\/revista\\\/\",\"logo\":{\"@type\":\"ImageObject\",\"inLanguage\":\"es\",\"@id\":\"https:\\\/\\\/centrourbano.com\\\/revista\\\/#\\\/schema\\\/logo\\\/image\\\/\",\"url\":\"https:\\\/\\\/centrourbano.com\\\/revista\\\/wp-content\\\/uploads\\\/web_CU_logo-1.png\",\"contentUrl\":\"https:\\\/\\\/centrourbano.com\\\/revista\\\/wp-content\\\/uploads\\\/web_CU_logo-1.png\",\"width\":350,\"height\":91,\"caption\":\"Centro Urbano\"},\"image\":{\"@id\":\"https:\\\/\\\/centrourbano.com\\\/revista\\\/#\\\/schema\\\/logo\\\/image\\\/\"},\"sameAs\":[\"https:\\\/\\\/www.facebook.com\\\/portalcentrourbano\",\"https:\\\/\\\/x.com\\\/CentroUrbano\",\"https:\\\/\\\/www.instagram.com\\\/centro_urbano\\\/\",\"https:\\\/\\\/www.linkedin.com\\\/company\\\/centro-urbano\\\/\",\"http:\\\/\\\/www.youtube.com\\\/user\\\/portalcentrourbano\"]},{\"@type\":\"Person\",\"@id\":\"https:\\\/\\\/centrourbano.com\\\/revista\\\/#\\\/schema\\\/person\\\/71e020a5b63ca4230c0f1228a36cde93\",\"name\":\"Mario V\u00e1zquez Barrios\",\"image\":{\"@type\":\"ImageObject\",\"inLanguage\":\"es\",\"@id\":\"https:\\\/\\\/secure.gravatar.com\\\/avatar\\\/347e6d9c0b04f0194ca244ba64b0fe62752d716a3a93d1713bd259eb87aad5b6?s=96&d=mm&r=g\",\"url\":\"https:\\\/\\\/secure.gravatar.com\\\/avatar\\\/347e6d9c0b04f0194ca244ba64b0fe62752d716a3a93d1713bd259eb87aad5b6?s=96&d=mm&r=g\",\"contentUrl\":\"https:\\\/\\\/secure.gravatar.com\\\/avatar\\\/347e6d9c0b04f0194ca244ba64b0fe62752d716a3a93d1713bd259eb87aad5b6?s=96&d=mm&r=g\",\"caption\":\"Mario V\u00e1zquez Barrios\"},\"description\":\"Me inici\u00e9 en El Financiero haciendo reportajes; en MegaNoticias Televisi\u00f3n fui reportero titular; en EMedios, control de calidad; y Radio 13 Noticias me acogi\u00f3 como colaborador. Me gusta encontrar en las banquetas la nota, una entrevista y el inicio de un reportaje.\",\"sameAs\":[\"https:\\\/\\\/x.com\\\/@MarioDeNiro\"],\"url\":\"https:\\\/\\\/centrourbano.com\\\/revista\\\/author\\\/mario-vazquez\\\/\"}]}<\/script>\n<!-- \/ Yoast SEO plugin. -->","yoast_head_json":{"title":"Continuar\u00e1 hasta abril de 2016 suspensi\u00f3n a Norma 26 -","description":"El 30 de septiembre hab\u00eda iniciado la reciente etapa de suspensi\u00f3n La Secretar\u00eda de Desarrollo #Urbano y #Vivienda en el Distrito Federal dio a conocer","robots":{"index":"index","follow":"follow","max-snippet":"max-snippet:-1","max-image-preview":"max-image-preview:large","max-video-preview":"max-video-preview:-1"},"canonical":"https:\/\/centrourbano.com\/revista\/vivienda\/continuara-hasta-abril-de-2016-suspension-a-norma-26\/","og_locale":"es_ES","og_type":"article","og_title":"Continuar\u00e1 hasta abril de 2016 suspensi\u00f3n a Norma 26 -","og_description":"El 30 de septiembre hab\u00eda iniciado la reciente etapa de suspensi\u00f3n La Secretar\u00eda de Desarrollo #Urbano y #Vivienda en el Distrito Federal dio a conocer","og_url":"https:\/\/centrourbano.com\/revista\/vivienda\/continuara-hasta-abril-de-2016-suspension-a-norma-26\/","og_site_name":"Centro Urbano","article_publisher":"https:\/\/www.facebook.com\/portalcentrourbano","article_published_time":"2015-12-29T16:14:54+00:00","article_modified_time":"2015-12-29T16:15:14+00:00","og_image":[{"width":1380,"height":1035,"url":"https:\/\/centrourbano.com\/revista\/wp-content\/uploads\/Norma-26-ok-.jpg","type":"image\/jpeg"}],"author":"Mario V\u00e1zquez Barrios","twitter_card":"summary_large_image","twitter_creator":"@MarioDeNiro","twitter_site":"@CentroUrbano","twitter_misc":{"Escrito por":"Mario V\u00e1zquez Barrios","Tiempo de lectura":"2 minutos"},"schema":{"@context":"https:\/\/schema.org","@graph":[{"@type":"Article","@id":"https:\/\/centrourbano.com\/revista\/vivienda\/continuara-hasta-abril-de-2016-suspension-a-norma-26\/#article","isPartOf":{"@id":"https:\/\/centrourbano.com\/revista\/vivienda\/continuara-hasta-abril-de-2016-suspension-a-norma-26\/"},"author":{"name":"Mario V\u00e1zquez Barrios","@id":"https:\/\/centrourbano.com\/revista\/#\/schema\/person\/71e020a5b63ca4230c0f1228a36cde93"},"headline":"Continuar\u00e1 hasta abril de 2016 suspensi\u00f3n a Norma 26","datePublished":"2015-12-29T16:14:54+00:00","dateModified":"2015-12-29T16:15:14+00:00","mainEntityOfPage":{"@id":"https:\/\/centrourbano.com\/revista\/vivienda\/continuara-hasta-abril-de-2016-suspension-a-norma-26\/"},"wordCount":353,"commentCount":0,"publisher":{"@id":"https:\/\/centrourbano.com\/revista\/#organization"},"image":{"@id":"https:\/\/centrourbano.com\/revista\/vivienda\/continuara-hasta-abril-de-2016-suspension-a-norma-26\/#primaryimage"},"thumbnailUrl":"https:\/\/centrourbano.com\/revista\/wp-content\/uploads\/Norma-26-ok-.jpg","keywords":["construcci\u00f3n","Gaceta del Gobierno del Distrito Federal","GDF","Seduvi","urbano","vivienda+"],"articleSection":["Vivienda"],"inLanguage":"es","potentialAction":[{"@type":"CommentAction","name":"Comment","target":["https:\/\/centrourbano.com\/revista\/vivienda\/continuara-hasta-abril-de-2016-suspension-a-norma-26\/#respond"]}]},{"@type":"WebPage","@id":"https:\/\/centrourbano.com\/revista\/vivienda\/continuara-hasta-abril-de-2016-suspension-a-norma-26\/","url":"https:\/\/centrourbano.com\/revista\/vivienda\/continuara-hasta-abril-de-2016-suspension-a-norma-26\/","name":"Continuar\u00e1 hasta abril de 2016 suspensi\u00f3n a Norma 26 -","isPartOf":{"@id":"https:\/\/centrourbano.com\/revista\/#website"},"primaryImageOfPage":{"@id":"https:\/\/centrourbano.com\/revista\/vivienda\/continuara-hasta-abril-de-2016-suspension-a-norma-26\/#primaryimage"},"image":{"@id":"https:\/\/centrourbano.com\/revista\/vivienda\/continuara-hasta-abril-de-2016-suspension-a-norma-26\/#primaryimage"},"thumbnailUrl":"https:\/\/centrourbano.com\/revista\/wp-content\/uploads\/Norma-26-ok-.jpg","datePublished":"2015-12-29T16:14:54+00:00","dateModified":"2015-12-29T16:15:14+00:00","description":"El 30 de septiembre hab\u00eda iniciado la reciente etapa de suspensi\u00f3n La Secretar\u00eda de Desarrollo #Urbano y #Vivienda en el Distrito Federal dio a conocer","breadcrumb":{"@id":"https:\/\/centrourbano.com\/revista\/vivienda\/continuara-hasta-abril-de-2016-suspension-a-norma-26\/#breadcrumb"},"inLanguage":"es","potentialAction":[{"@type":"ReadAction","target":["https:\/\/centrourbano.com\/revista\/vivienda\/continuara-hasta-abril-de-2016-suspension-a-norma-26\/"]}]},{"@type":"ImageObject","inLanguage":"es","@id":"https:\/\/centrourbano.com\/revista\/vivienda\/continuara-hasta-abril-de-2016-suspension-a-norma-26\/#primaryimage","url":"https:\/\/centrourbano.com\/revista\/wp-content\/uploads\/Norma-26-ok-.jpg","contentUrl":"https:\/\/centrourbano.com\/revista\/wp-content\/uploads\/Norma-26-ok-.jpg","width":1380,"height":1035},{"@type":"BreadcrumbList","@id":"https:\/\/centrourbano.com\/revista\/vivienda\/continuara-hasta-abril-de-2016-suspension-a-norma-26\/#breadcrumb","itemListElement":[{"@type":"ListItem","position":1,"name":"Portada","item":"https:\/\/centrourbano.com\/revista\/"},{"@type":"ListItem","position":2,"name":"Continuar\u00e1 hasta abril de 2016 suspensi\u00f3n a Norma 26"}]},{"@type":"WebSite","@id":"https:\/\/centrourbano.com\/revista\/#website","url":"https:\/\/centrourbano.com\/revista\/","name":"Centro Urbano","description":"Medio especializado en los sectores vivienda, inmobiliario, construcci\u00f3n, arquitectura y urbanismo.","publisher":{"@id":"https:\/\/centrourbano.com\/revista\/#organization"},"potentialAction":[{"@type":"SearchAction","target":{"@type":"EntryPoint","urlTemplate":"https:\/\/centrourbano.com\/revista\/?s={search_term_string}"},"query-input":{"@type":"PropertyValueSpecification","valueRequired":true,"valueName":"search_term_string"}}],"inLanguage":"es"},{"@type":"Organization","@id":"https:\/\/centrourbano.com\/revista\/#organization","name":"Centro Urbano","url":"https:\/\/centrourbano.com\/revista\/","logo":{"@type":"ImageObject","inLanguage":"es","@id":"https:\/\/centrourbano.com\/revista\/#\/schema\/logo\/image\/","url":"https:\/\/centrourbano.com\/revista\/wp-content\/uploads\/web_CU_logo-1.png","contentUrl":"https:\/\/centrourbano.com\/revista\/wp-content\/uploads\/web_CU_logo-1.png","width":350,"height":91,"caption":"Centro Urbano"},"image":{"@id":"https:\/\/centrourbano.com\/revista\/#\/schema\/logo\/image\/"},"sameAs":["https:\/\/www.facebook.com\/portalcentrourbano","https:\/\/x.com\/CentroUrbano","https:\/\/www.instagram.com\/centro_urbano\/","https:\/\/www.linkedin.com\/company\/centro-urbano\/","http:\/\/www.youtube.com\/user\/portalcentrourbano"]},{"@type":"Person","@id":"https:\/\/centrourbano.com\/revista\/#\/schema\/person\/71e020a5b63ca4230c0f1228a36cde93","name":"Mario V\u00e1zquez Barrios","image":{"@type":"ImageObject","inLanguage":"es","@id":"https:\/\/secure.gravatar.com\/avatar\/347e6d9c0b04f0194ca244ba64b0fe62752d716a3a93d1713bd259eb87aad5b6?s=96&d=mm&r=g","url":"https:\/\/secure.gravatar.com\/avatar\/347e6d9c0b04f0194ca244ba64b0fe62752d716a3a93d1713bd259eb87aad5b6?s=96&d=mm&r=g","contentUrl":"https:\/\/secure.gravatar.com\/avatar\/347e6d9c0b04f0194ca244ba64b0fe62752d716a3a93d1713bd259eb87aad5b6?s=96&d=mm&r=g","caption":"Mario V\u00e1zquez Barrios"},"description":"Me inici\u00e9 en El Financiero haciendo reportajes; en MegaNoticias Televisi\u00f3n fui reportero titular; en EMedios, control de calidad; y Radio 13 Noticias me acogi\u00f3 como colaborador. Me gusta encontrar en las banquetas la nota, una entrevista y el inicio de un reportaje.","sameAs":["https:\/\/x.com\/@MarioDeNiro"],"url":"https:\/\/centrourbano.com\/revista\/author\/mario-vazquez\/"}]}},"_links":{"self":[{"href":"https:\/\/centrourbano.com\/revista\/wp-json\/wp\/v2\/posts\/27817","targetHints":{"allow":["GET"]}}],"collection":[{"href":"https:\/\/centrourbano.com\/revista\/wp-json\/wp\/v2\/posts"}],"about":[{"href":"https:\/\/centrourbano.com\/revista\/wp-json\/wp\/v2\/types\/post"}],"author":[{"embeddable":true,"href":"https:\/\/centrourbano.com\/revista\/wp-json\/wp\/v2\/users\/28"}],"replies":[{"embeddable":true,"href":"https:\/\/centrourbano.com\/revista\/wp-json\/wp\/v2\/comments?post=27817"}],"version-history":[{"count":0,"href":"https:\/\/centrourbano.com\/revista\/wp-json\/wp\/v2\/posts\/27817\/revisions"}],"wp:featuredmedia":[{"embeddable":true,"href":"https:\/\/centrourbano.com\/revista\/wp-json\/wp\/v2\/media\/27819"}],"wp:attachment":[{"href":"https:\/\/centrourbano.com\/revista\/wp-json\/wp\/v2\/media?parent=27817"}],"wp:term":[{"taxonomy":"category","embeddable":true,"href":"https:\/\/centrourbano.com\/revista\/wp-json\/wp\/v2\/categories?post=27817"},{"taxonomy":"post_tag","embeddable":true,"href":"https:\/\/centrourbano.com\/revista\/wp-json\/wp\/v2\/tags?post=27817"}],"curies":[{"name":"wp","href":"https:\/\/api.w.org\/{rel}","templated":true}]}}