{"id":27809,"date":"2015-12-29T09:52:26","date_gmt":"2015-12-29T15:52:26","guid":{"rendered":"http:\/\/centrourbano.com\/?p=27809"},"modified":"2015-12-29T09:52:45","modified_gmt":"2015-12-29T15:52:45","slug":"gobierno-federal-destino-1800-mdp-para-vivienda-durante-2015","status":"publish","type":"post","link":"https:\/\/centrourbano.com\/revista\/vivienda\/gobierno-federal-destino-1800-mdp-para-vivienda-durante-2015\/","title":{"rendered":"Gobierno Federal destin\u00f3 1,800 mdp para vivienda durante 2015"},"content":{"rendered":"<p><em>El titular del <a class=\"expresscurate_contentTags\" href=\"http:\/\/centrourbano.com\/tag\/fonhapo\/\">#Fonhapo<\/a> inform\u00f3 que al 3T2015 del total de los subsidios, 10,450 fueron para <a class=\"expresscurate_contentTags\" href=\"http:\/\/centrourbano.com\/tag\/vivienda\/\">#vivienda<\/a> nueva y 50,124 para mejoramientos <\/em><br \/>\n<!--more--><\/p>\n<p>La Secretar\u00eda de Desarrollo Agrario, Territorial y <a class=\"expresscurate_contentTags\" href=\"http:\/\/centrourbano.com\/tag\/urbano\/\">#Urbano<\/a> (<a class=\"expresscurate_contentTags\" href=\"http:\/\/centrourbano.com\/tag\/sedatu\/\">#Sedatu<\/a>) dio a conocer que durante el 2015 se destinaron mil 820 millones de pesos en 60 mil 574 subsidios para casas nuevas, ampliaciones y mejoramientos en los programas Vivienda Digna y Vivienda Rural, mismos que con esta gesti\u00f3n terminan su operaci\u00f3n para dar paso al nuevo Programa de Apoyo a la Vivienda (PAV).<\/p>\n<p>El titular del Fideicomiso Fondo Nacional de Habitaciones Populares (Fonhapo), \u00c1ngel Islava Tamayo, inform\u00f3 que al tercer trimestre de este a\u00f1o del total de los subsidios otorgados, 10 mil 450 fueron para vivienda nueva y 50 mil 124 para mejoramientos y ampliaciones.<\/p>\n<p>Para las zonas rurales se focalizaron mil 185.2 millones de pesos, igual al 65.1 por ciento del recurso ejercido, al otorgar 41 mil 111 subsidios en beneficio de 160 mil 333 personas.<\/p>\n<p>Islava Tamayo puntualiz\u00f3 que en el marco de la Cruzada Nacional Contra el Hambre, en los mil 12 municipios que formaron parte de ese programa se destinaron mil 376 millones de pesos para otorgar 42 mil 164 subsidios: 8 mil 152 para vivienda nueva y 34 mil 012 para mejoramientos y ampliaciones, en beneficio de 164 mil 440 habitantes de 3 mil 938 localidades en 518 municipios.<\/p>\n<p>Finalmente puntualiz\u00f3 que respecto al Programa Nacional para la Prevenci\u00f3n Social de la Delincuencia y la Violencia, el monto de inversi\u00f3n federal a trav\u00e9s de Fonhapo fue de 283 millones de pesos, para otorgar 12 mil 346 subsidios, de los cuales mil 686 fueron para vivienda nueva y 10 mil 660 para mejoramientos y ampliaciones, lo cual redund\u00f3 en un beneficio para 48 mil 149 habitantes, aproximadamente.<\/p>\n","protected":false},"excerpt":{"rendered":"<p>El titular del #Fonhapo inform\u00f3 que al 3T2015 del total de los subsidios, 10,450 fueron para #vivienda nueva y 50,124 para mejoramientos<\/p>\n","protected":false},"author":28,"featured_media":27811,"comment_status":"open","ping_status":"closed","sticky":false,"template":"","format":"standard","meta":{"om_disable_all_campaigns":false,"inline_featured_image":false,"_monsterinsights_skip_tracking":false,"_monsterinsights_sitenote_active":false,"_monsterinsights_sitenote_note":"","_monsterinsights_sitenote_category":0,"footnotes":""},"categories":[12],"tags":[3564,322,105,516,5737],"class_list":["post-27809","post","type-post","status-publish","format-standard","has-post-thumbnail","hentry","category-vivienda","tag-angel-islava-tamayo","tag-fonhapo","tag-sedatu","tag-urbano","tag-vivienda"],"yoast_head":"<!-- This site is optimized with the Yoast SEO plugin v27.4 - https:\/\/yoast.com\/product\/yoast-seo-wordpress\/ -->\n<title>Gobierno Federal destin\u00f3 1,800 mdp para vivienda durante 2015 -<\/title>\n<meta name=\"description\" content=\"El titular del #Fonhapo inform\u00f3 que al 3T2015 del total de los subsidios, 10,450 fueron para #vivienda nueva y 50,124 para mejoramientos La Secretar\u00eda de\" \/>\n<meta name=\"robots\" content=\"index, follow, max-snippet:-1, max-image-preview:large, max-video-preview:-1\" \/>\n<link rel=\"canonical\" href=\"https:\/\/centrourbano.com\/revista\/vivienda\/gobierno-federal-destino-1800-mdp-para-vivienda-durante-2015\/\" \/>\n<meta property=\"og:locale\" content=\"es_ES\" \/>\n<meta property=\"og:type\" content=\"article\" \/>\n<meta property=\"og:title\" content=\"Gobierno Federal destin\u00f3 1,800 mdp para vivienda durante 2015 -\" \/>\n<meta property=\"og:description\" content=\"El titular del #Fonhapo inform\u00f3 que al 3T2015 del total de los subsidios, 10,450 fueron para #vivienda nueva y 50,124 para mejoramientos La Secretar\u00eda de\" \/>\n<meta property=\"og:url\" content=\"https:\/\/centrourbano.com\/revista\/vivienda\/gobierno-federal-destino-1800-mdp-para-vivienda-durante-2015\/\" \/>\n<meta property=\"og:site_name\" content=\"Centro Urbano\" \/>\n<meta property=\"article:publisher\" content=\"https:\/\/www.facebook.com\/portalcentrourbano\" \/>\n<meta property=\"article:published_time\" content=\"2015-12-29T15:52:26+00:00\" \/>\n<meta property=\"article:modified_time\" content=\"2015-12-29T15:52:45+00:00\" \/>\n<meta property=\"og:image\" content=\"https:\/\/centrourbano.com\/revista\/wp-content\/uploads\/\u00c1ngel-Islava-Tamayo-Finapo-2-ok-.jpg\" \/>\n\t<meta property=\"og:image:width\" content=\"1534\" \/>\n\t<meta property=\"og:image:height\" content=\"1151\" \/>\n\t<meta property=\"og:image:type\" content=\"image\/jpeg\" \/>\n<meta name=\"author\" content=\"Mario V\u00e1zquez Barrios\" \/>\n<meta name=\"twitter:card\" content=\"summary_large_image\" \/>\n<meta name=\"twitter:creator\" content=\"@MarioDeNiro\" \/>\n<meta name=\"twitter:site\" content=\"@CentroUrbano\" \/>\n<meta name=\"twitter:label1\" content=\"Escrito por\" \/>\n\t<meta name=\"twitter:data1\" content=\"Mario V\u00e1zquez Barrios\" \/>\n\t<meta name=\"twitter:label2\" content=\"Tiempo de lectura\" \/>\n\t<meta name=\"twitter:data2\" content=\"1 minuto\" \/>\n<script type=\"application\/ld+json\" class=\"yoast-schema-graph\">{\"@context\":\"https:\\\/\\\/schema.org\",\"@graph\":[{\"@type\":\"Article\",\"@id\":\"https:\\\/\\\/centrourbano.com\\\/revista\\\/vivienda\\\/gobierno-federal-destino-1800-mdp-para-vivienda-durante-2015\\\/#article\",\"isPartOf\":{\"@id\":\"https:\\\/\\\/centrourbano.com\\\/revista\\\/vivienda\\\/gobierno-federal-destino-1800-mdp-para-vivienda-durante-2015\\\/\"},\"author\":{\"name\":\"Mario V\u00e1zquez Barrios\",\"@id\":\"https:\\\/\\\/centrourbano.com\\\/revista\\\/#\\\/schema\\\/person\\\/71e020a5b63ca4230c0f1228a36cde93\"},\"headline\":\"Gobierno Federal destin\u00f3 1,800 mdp para vivienda durante 2015\",\"datePublished\":\"2015-12-29T15:52:26+00:00\",\"dateModified\":\"2015-12-29T15:52:45+00:00\",\"mainEntityOfPage\":{\"@id\":\"https:\\\/\\\/centrourbano.com\\\/revista\\\/vivienda\\\/gobierno-federal-destino-1800-mdp-para-vivienda-durante-2015\\\/\"},\"wordCount\":269,\"commentCount\":0,\"publisher\":{\"@id\":\"https:\\\/\\\/centrourbano.com\\\/revista\\\/#organization\"},\"image\":{\"@id\":\"https:\\\/\\\/centrourbano.com\\\/revista\\\/vivienda\\\/gobierno-federal-destino-1800-mdp-para-vivienda-durante-2015\\\/#primaryimage\"},\"thumbnailUrl\":\"https:\\\/\\\/centrourbano.com\\\/revista\\\/wp-content\\\/uploads\\\/\u00c1ngel-Islava-Tamayo-Finapo-2-ok-.jpg\",\"keywords\":[\"Angel Islava Tamayo\",\"Fonhapo\",\"Sedatu\",\"urbano\",\"vivienda+\"],\"articleSection\":[\"Vivienda\"],\"inLanguage\":\"es\",\"potentialAction\":[{\"@type\":\"CommentAction\",\"name\":\"Comment\",\"target\":[\"https:\\\/\\\/centrourbano.com\\\/revista\\\/vivienda\\\/gobierno-federal-destino-1800-mdp-para-vivienda-durante-2015\\\/#respond\"]}]},{\"@type\":\"WebPage\",\"@id\":\"https:\\\/\\\/centrourbano.com\\\/revista\\\/vivienda\\\/gobierno-federal-destino-1800-mdp-para-vivienda-durante-2015\\\/\",\"url\":\"https:\\\/\\\/centrourbano.com\\\/revista\\\/vivienda\\\/gobierno-federal-destino-1800-mdp-para-vivienda-durante-2015\\\/\",\"name\":\"Gobierno Federal destin\u00f3 1,800 mdp para vivienda durante 2015 -\",\"isPartOf\":{\"@id\":\"https:\\\/\\\/centrourbano.com\\\/revista\\\/#website\"},\"primaryImageOfPage\":{\"@id\":\"https:\\\/\\\/centrourbano.com\\\/revista\\\/vivienda\\\/gobierno-federal-destino-1800-mdp-para-vivienda-durante-2015\\\/#primaryimage\"},\"image\":{\"@id\":\"https:\\\/\\\/centrourbano.com\\\/revista\\\/vivienda\\\/gobierno-federal-destino-1800-mdp-para-vivienda-durante-2015\\\/#primaryimage\"},\"thumbnailUrl\":\"https:\\\/\\\/centrourbano.com\\\/revista\\\/wp-content\\\/uploads\\\/\u00c1ngel-Islava-Tamayo-Finapo-2-ok-.jpg\",\"datePublished\":\"2015-12-29T15:52:26+00:00\",\"dateModified\":\"2015-12-29T15:52:45+00:00\",\"description\":\"El titular del #Fonhapo inform\u00f3 que al 3T2015 del total de los subsidios, 10,450 fueron para #vivienda nueva y 50,124 para mejoramientos La Secretar\u00eda de\",\"breadcrumb\":{\"@id\":\"https:\\\/\\\/centrourbano.com\\\/revista\\\/vivienda\\\/gobierno-federal-destino-1800-mdp-para-vivienda-durante-2015\\\/#breadcrumb\"},\"inLanguage\":\"es\",\"potentialAction\":[{\"@type\":\"ReadAction\",\"target\":[\"https:\\\/\\\/centrourbano.com\\\/revista\\\/vivienda\\\/gobierno-federal-destino-1800-mdp-para-vivienda-durante-2015\\\/\"]}]},{\"@type\":\"ImageObject\",\"inLanguage\":\"es\",\"@id\":\"https:\\\/\\\/centrourbano.com\\\/revista\\\/vivienda\\\/gobierno-federal-destino-1800-mdp-para-vivienda-durante-2015\\\/#primaryimage\",\"url\":\"https:\\\/\\\/centrourbano.com\\\/revista\\\/wp-content\\\/uploads\\\/\u00c1ngel-Islava-Tamayo-Finapo-2-ok-.jpg\",\"contentUrl\":\"https:\\\/\\\/centrourbano.com\\\/revista\\\/wp-content\\\/uploads\\\/\u00c1ngel-Islava-Tamayo-Finapo-2-ok-.jpg\",\"width\":1534,\"height\":1151},{\"@type\":\"BreadcrumbList\",\"@id\":\"https:\\\/\\\/centrourbano.com\\\/revista\\\/vivienda\\\/gobierno-federal-destino-1800-mdp-para-vivienda-durante-2015\\\/#breadcrumb\",\"itemListElement\":[{\"@type\":\"ListItem\",\"position\":1,\"name\":\"Portada\",\"item\":\"https:\\\/\\\/centrourbano.com\\\/revista\\\/\"},{\"@type\":\"ListItem\",\"position\":2,\"name\":\"Gobierno Federal destin\u00f3 1,800 mdp para vivienda durante 2015\"}]},{\"@type\":\"WebSite\",\"@id\":\"https:\\\/\\\/centrourbano.com\\\/revista\\\/#website\",\"url\":\"https:\\\/\\\/centrourbano.com\\\/revista\\\/\",\"name\":\"Centro Urbano\",\"description\":\"Medio especializado en los sectores vivienda, inmobiliario, construcci\u00f3n, arquitectura y urbanismo.\",\"publisher\":{\"@id\":\"https:\\\/\\\/centrourbano.com\\\/revista\\\/#organization\"},\"potentialAction\":[{\"@type\":\"SearchAction\",\"target\":{\"@type\":\"EntryPoint\",\"urlTemplate\":\"https:\\\/\\\/centrourbano.com\\\/revista\\\/?s={search_term_string}\"},\"query-input\":{\"@type\":\"PropertyValueSpecification\",\"valueRequired\":true,\"valueName\":\"search_term_string\"}}],\"inLanguage\":\"es\"},{\"@type\":\"Organization\",\"@id\":\"https:\\\/\\\/centrourbano.com\\\/revista\\\/#organization\",\"name\":\"Centro Urbano\",\"url\":\"https:\\\/\\\/centrourbano.com\\\/revista\\\/\",\"logo\":{\"@type\":\"ImageObject\",\"inLanguage\":\"es\",\"@id\":\"https:\\\/\\\/centrourbano.com\\\/revista\\\/#\\\/schema\\\/logo\\\/image\\\/\",\"url\":\"https:\\\/\\\/centrourbano.com\\\/revista\\\/wp-content\\\/uploads\\\/web_CU_logo-1.png\",\"contentUrl\":\"https:\\\/\\\/centrourbano.com\\\/revista\\\/wp-content\\\/uploads\\\/web_CU_logo-1.png\",\"width\":350,\"height\":91,\"caption\":\"Centro Urbano\"},\"image\":{\"@id\":\"https:\\\/\\\/centrourbano.com\\\/revista\\\/#\\\/schema\\\/logo\\\/image\\\/\"},\"sameAs\":[\"https:\\\/\\\/www.facebook.com\\\/portalcentrourbano\",\"https:\\\/\\\/x.com\\\/CentroUrbano\",\"https:\\\/\\\/www.instagram.com\\\/centro_urbano\\\/\",\"https:\\\/\\\/www.linkedin.com\\\/company\\\/centro-urbano\\\/\",\"http:\\\/\\\/www.youtube.com\\\/user\\\/portalcentrourbano\"]},{\"@type\":\"Person\",\"@id\":\"https:\\\/\\\/centrourbano.com\\\/revista\\\/#\\\/schema\\\/person\\\/71e020a5b63ca4230c0f1228a36cde93\",\"name\":\"Mario V\u00e1zquez Barrios\",\"image\":{\"@type\":\"ImageObject\",\"inLanguage\":\"es\",\"@id\":\"https:\\\/\\\/secure.gravatar.com\\\/avatar\\\/347e6d9c0b04f0194ca244ba64b0fe62752d716a3a93d1713bd259eb87aad5b6?s=96&d=mm&r=g\",\"url\":\"https:\\\/\\\/secure.gravatar.com\\\/avatar\\\/347e6d9c0b04f0194ca244ba64b0fe62752d716a3a93d1713bd259eb87aad5b6?s=96&d=mm&r=g\",\"contentUrl\":\"https:\\\/\\\/secure.gravatar.com\\\/avatar\\\/347e6d9c0b04f0194ca244ba64b0fe62752d716a3a93d1713bd259eb87aad5b6?s=96&d=mm&r=g\",\"caption\":\"Mario V\u00e1zquez Barrios\"},\"description\":\"Me inici\u00e9 en El Financiero haciendo reportajes; en MegaNoticias Televisi\u00f3n fui reportero titular; en EMedios, control de calidad; y Radio 13 Noticias me acogi\u00f3 como colaborador. Me gusta encontrar en las banquetas la nota, una entrevista y el inicio de un reportaje.\",\"sameAs\":[\"https:\\\/\\\/x.com\\\/@MarioDeNiro\"],\"url\":\"https:\\\/\\\/centrourbano.com\\\/revista\\\/author\\\/mario-vazquez\\\/\"}]}<\/script>\n<!-- \/ Yoast SEO plugin. -->","yoast_head_json":{"title":"Gobierno Federal destin\u00f3 1,800 mdp para vivienda durante 2015 -","description":"El titular del #Fonhapo inform\u00f3 que al 3T2015 del total de los subsidios, 10,450 fueron para #vivienda nueva y 50,124 para mejoramientos La Secretar\u00eda de","robots":{"index":"index","follow":"follow","max-snippet":"max-snippet:-1","max-image-preview":"max-image-preview:large","max-video-preview":"max-video-preview:-1"},"canonical":"https:\/\/centrourbano.com\/revista\/vivienda\/gobierno-federal-destino-1800-mdp-para-vivienda-durante-2015\/","og_locale":"es_ES","og_type":"article","og_title":"Gobierno Federal destin\u00f3 1,800 mdp para vivienda durante 2015 -","og_description":"El titular del #Fonhapo inform\u00f3 que al 3T2015 del total de los subsidios, 10,450 fueron para #vivienda nueva y 50,124 para mejoramientos La Secretar\u00eda de","og_url":"https:\/\/centrourbano.com\/revista\/vivienda\/gobierno-federal-destino-1800-mdp-para-vivienda-durante-2015\/","og_site_name":"Centro Urbano","article_publisher":"https:\/\/www.facebook.com\/portalcentrourbano","article_published_time":"2015-12-29T15:52:26+00:00","article_modified_time":"2015-12-29T15:52:45+00:00","og_image":[{"width":1534,"height":1151,"url":"https:\/\/centrourbano.com\/revista\/wp-content\/uploads\/\u00c1ngel-Islava-Tamayo-Finapo-2-ok-.jpg","type":"image\/jpeg"}],"author":"Mario V\u00e1zquez Barrios","twitter_card":"summary_large_image","twitter_creator":"@MarioDeNiro","twitter_site":"@CentroUrbano","twitter_misc":{"Escrito por":"Mario V\u00e1zquez Barrios","Tiempo de lectura":"1 minuto"},"schema":{"@context":"https:\/\/schema.org","@graph":[{"@type":"Article","@id":"https:\/\/centrourbano.com\/revista\/vivienda\/gobierno-federal-destino-1800-mdp-para-vivienda-durante-2015\/#article","isPartOf":{"@id":"https:\/\/centrourbano.com\/revista\/vivienda\/gobierno-federal-destino-1800-mdp-para-vivienda-durante-2015\/"},"author":{"name":"Mario V\u00e1zquez Barrios","@id":"https:\/\/centrourbano.com\/revista\/#\/schema\/person\/71e020a5b63ca4230c0f1228a36cde93"},"headline":"Gobierno Federal destin\u00f3 1,800 mdp para vivienda durante 2015","datePublished":"2015-12-29T15:52:26+00:00","dateModified":"2015-12-29T15:52:45+00:00","mainEntityOfPage":{"@id":"https:\/\/centrourbano.com\/revista\/vivienda\/gobierno-federal-destino-1800-mdp-para-vivienda-durante-2015\/"},"wordCount":269,"commentCount":0,"publisher":{"@id":"https:\/\/centrourbano.com\/revista\/#organization"},"image":{"@id":"https:\/\/centrourbano.com\/revista\/vivienda\/gobierno-federal-destino-1800-mdp-para-vivienda-durante-2015\/#primaryimage"},"thumbnailUrl":"https:\/\/centrourbano.com\/revista\/wp-content\/uploads\/\u00c1ngel-Islava-Tamayo-Finapo-2-ok-.jpg","keywords":["Angel Islava Tamayo","Fonhapo","Sedatu","urbano","vivienda+"],"articleSection":["Vivienda"],"inLanguage":"es","potentialAction":[{"@type":"CommentAction","name":"Comment","target":["https:\/\/centrourbano.com\/revista\/vivienda\/gobierno-federal-destino-1800-mdp-para-vivienda-durante-2015\/#respond"]}]},{"@type":"WebPage","@id":"https:\/\/centrourbano.com\/revista\/vivienda\/gobierno-federal-destino-1800-mdp-para-vivienda-durante-2015\/","url":"https:\/\/centrourbano.com\/revista\/vivienda\/gobierno-federal-destino-1800-mdp-para-vivienda-durante-2015\/","name":"Gobierno Federal destin\u00f3 1,800 mdp para vivienda durante 2015 -","isPartOf":{"@id":"https:\/\/centrourbano.com\/revista\/#website"},"primaryImageOfPage":{"@id":"https:\/\/centrourbano.com\/revista\/vivienda\/gobierno-federal-destino-1800-mdp-para-vivienda-durante-2015\/#primaryimage"},"image":{"@id":"https:\/\/centrourbano.com\/revista\/vivienda\/gobierno-federal-destino-1800-mdp-para-vivienda-durante-2015\/#primaryimage"},"thumbnailUrl":"https:\/\/centrourbano.com\/revista\/wp-content\/uploads\/\u00c1ngel-Islava-Tamayo-Finapo-2-ok-.jpg","datePublished":"2015-12-29T15:52:26+00:00","dateModified":"2015-12-29T15:52:45+00:00","description":"El titular del #Fonhapo inform\u00f3 que al 3T2015 del total de los subsidios, 10,450 fueron para #vivienda nueva y 50,124 para mejoramientos La Secretar\u00eda de","breadcrumb":{"@id":"https:\/\/centrourbano.com\/revista\/vivienda\/gobierno-federal-destino-1800-mdp-para-vivienda-durante-2015\/#breadcrumb"},"inLanguage":"es","potentialAction":[{"@type":"ReadAction","target":["https:\/\/centrourbano.com\/revista\/vivienda\/gobierno-federal-destino-1800-mdp-para-vivienda-durante-2015\/"]}]},{"@type":"ImageObject","inLanguage":"es","@id":"https:\/\/centrourbano.com\/revista\/vivienda\/gobierno-federal-destino-1800-mdp-para-vivienda-durante-2015\/#primaryimage","url":"https:\/\/centrourbano.com\/revista\/wp-content\/uploads\/\u00c1ngel-Islava-Tamayo-Finapo-2-ok-.jpg","contentUrl":"https:\/\/centrourbano.com\/revista\/wp-content\/uploads\/\u00c1ngel-Islava-Tamayo-Finapo-2-ok-.jpg","width":1534,"height":1151},{"@type":"BreadcrumbList","@id":"https:\/\/centrourbano.com\/revista\/vivienda\/gobierno-federal-destino-1800-mdp-para-vivienda-durante-2015\/#breadcrumb","itemListElement":[{"@type":"ListItem","position":1,"name":"Portada","item":"https:\/\/centrourbano.com\/revista\/"},{"@type":"ListItem","position":2,"name":"Gobierno Federal destin\u00f3 1,800 mdp para vivienda durante 2015"}]},{"@type":"WebSite","@id":"https:\/\/centrourbano.com\/revista\/#website","url":"https:\/\/centrourbano.com\/revista\/","name":"Centro Urbano","description":"Medio especializado en los sectores vivienda, inmobiliario, construcci\u00f3n, arquitectura y urbanismo.","publisher":{"@id":"https:\/\/centrourbano.com\/revista\/#organization"},"potentialAction":[{"@type":"SearchAction","target":{"@type":"EntryPoint","urlTemplate":"https:\/\/centrourbano.com\/revista\/?s={search_term_string}"},"query-input":{"@type":"PropertyValueSpecification","valueRequired":true,"valueName":"search_term_string"}}],"inLanguage":"es"},{"@type":"Organization","@id":"https:\/\/centrourbano.com\/revista\/#organization","name":"Centro Urbano","url":"https:\/\/centrourbano.com\/revista\/","logo":{"@type":"ImageObject","inLanguage":"es","@id":"https:\/\/centrourbano.com\/revista\/#\/schema\/logo\/image\/","url":"https:\/\/centrourbano.com\/revista\/wp-content\/uploads\/web_CU_logo-1.png","contentUrl":"https:\/\/centrourbano.com\/revista\/wp-content\/uploads\/web_CU_logo-1.png","width":350,"height":91,"caption":"Centro Urbano"},"image":{"@id":"https:\/\/centrourbano.com\/revista\/#\/schema\/logo\/image\/"},"sameAs":["https:\/\/www.facebook.com\/portalcentrourbano","https:\/\/x.com\/CentroUrbano","https:\/\/www.instagram.com\/centro_urbano\/","https:\/\/www.linkedin.com\/company\/centro-urbano\/","http:\/\/www.youtube.com\/user\/portalcentrourbano"]},{"@type":"Person","@id":"https:\/\/centrourbano.com\/revista\/#\/schema\/person\/71e020a5b63ca4230c0f1228a36cde93","name":"Mario V\u00e1zquez Barrios","image":{"@type":"ImageObject","inLanguage":"es","@id":"https:\/\/secure.gravatar.com\/avatar\/347e6d9c0b04f0194ca244ba64b0fe62752d716a3a93d1713bd259eb87aad5b6?s=96&d=mm&r=g","url":"https:\/\/secure.gravatar.com\/avatar\/347e6d9c0b04f0194ca244ba64b0fe62752d716a3a93d1713bd259eb87aad5b6?s=96&d=mm&r=g","contentUrl":"https:\/\/secure.gravatar.com\/avatar\/347e6d9c0b04f0194ca244ba64b0fe62752d716a3a93d1713bd259eb87aad5b6?s=96&d=mm&r=g","caption":"Mario V\u00e1zquez Barrios"},"description":"Me inici\u00e9 en El Financiero haciendo reportajes; en MegaNoticias Televisi\u00f3n fui reportero titular; en EMedios, control de calidad; y Radio 13 Noticias me acogi\u00f3 como colaborador. Me gusta encontrar en las banquetas la nota, una entrevista y el inicio de un reportaje.","sameAs":["https:\/\/x.com\/@MarioDeNiro"],"url":"https:\/\/centrourbano.com\/revista\/author\/mario-vazquez\/"}]}},"_links":{"self":[{"href":"https:\/\/centrourbano.com\/revista\/wp-json\/wp\/v2\/posts\/27809","targetHints":{"allow":["GET"]}}],"collection":[{"href":"https:\/\/centrourbano.com\/revista\/wp-json\/wp\/v2\/posts"}],"about":[{"href":"https:\/\/centrourbano.com\/revista\/wp-json\/wp\/v2\/types\/post"}],"author":[{"embeddable":true,"href":"https:\/\/centrourbano.com\/revista\/wp-json\/wp\/v2\/users\/28"}],"replies":[{"embeddable":true,"href":"https:\/\/centrourbano.com\/revista\/wp-json\/wp\/v2\/comments?post=27809"}],"version-history":[{"count":0,"href":"https:\/\/centrourbano.com\/revista\/wp-json\/wp\/v2\/posts\/27809\/revisions"}],"wp:featuredmedia":[{"embeddable":true,"href":"https:\/\/centrourbano.com\/revista\/wp-json\/wp\/v2\/media\/27811"}],"wp:attachment":[{"href":"https:\/\/centrourbano.com\/revista\/wp-json\/wp\/v2\/media?parent=27809"}],"wp:term":[{"taxonomy":"category","embeddable":true,"href":"https:\/\/centrourbano.com\/revista\/wp-json\/wp\/v2\/categories?post=27809"},{"taxonomy":"post_tag","embeddable":true,"href":"https:\/\/centrourbano.com\/revista\/wp-json\/wp\/v2\/tags?post=27809"}],"curies":[{"name":"wp","href":"https:\/\/api.w.org\/{rel}","templated":true}]}}