{"id":2775,"date":"2014-01-17T11:08:22","date_gmt":"2014-01-17T17:08:22","guid":{"rendered":"http:\/\/centrourbano.com\/?p=2775"},"modified":"2014-03-19T22:45:56","modified_gmt":"2014-03-20T04:45:56","slug":"impulsa-arquitecto-mexicano-lo-autosustentable","status":"publish","type":"post","link":"https:\/\/centrourbano.com\/revista\/arquitectura-2\/impulsa-arquitecto-mexicano-lo-autosustentable\/","title":{"rendered":"Impulsa arquitecto mexicano lo autosustentable"},"content":{"rendered":"<p><i>La propuesta ha desarrollado el proyecto Monte Mitla, el cual consta de 20 casas hechas con \u00e1rboles, adobe o paja<\/i><\/p>\n<p><b>\u00a0<!--more--><\/b><\/p>\n<p>&nbsp;<\/p>\n<p>Oriundo de Jalisco, Rafael Ramos Zepeda, quien tras terminar la carrera de Arquitectura y llevar a cabo sus primeros proyectos, se dio cuenta del da\u00f1o al\u00a0 medio ambiente, provocados con la utilizaci\u00f3n de materiales como hidrocarburos, cemento y acero.<\/p>\n<p>Es as\u00ed como el arquitecto mexicano desarroll\u00f3 el proyecto denominado Monte Mitla, cuya finalidad pretende hacer que la comunidad viva en armon\u00eda con el medio ambiente y ser menos agresivo con la naturaleza con la construcci\u00f3n de viviendas.<\/p>\n<p>Las casas dise\u00f1adas por el Ramos Zepeda, no utilizan cemento ni acero, por lo que se basa en los \u00e1rboles, el adobe, la paja, entre otros materiales.<\/p>\n<p>De esta manera en los l\u00edmites de los estados de Jalisco y Michoac\u00e1n, se han edificado con esta propuesta 20 casas, tambi\u00e9n conocidas como \u201cnidos\u201d en 14 hect\u00e1reas, de las cuales se ha logrado la comercializaci\u00f3n de ocho casas, cuyo costo asciende a 150 mil pesos.<\/p>\n<p>La electricidad llega a estas viviendas a trav\u00e9s de una h\u00e9lice que convierte la fuerza del viento en energ\u00eda el\u00e9ctrica; para los d\u00edas en los que sopla poco el viento, se contempl\u00f3 que \u00a0los electrodom\u00e9sticos est\u00e9n adaptados para funcionar con energ\u00eda generada por bicicletas.<\/p>\n<p>En tanto, el agua de lluvia, para ser aprovechada al m\u00e1ximo, se trata, purifica y recicla, adem\u00e1s de que planea que los alimentos podr\u00edan provenir de huertos org\u00e1nicos.<\/p>\n","protected":false},"excerpt":{"rendered":"<p>La propuesta ha desarrollado el proyecto Monte Mitla, el cual consta de 20 casas hechas con \u00e1rboles, adobe o paja \u00a0<\/p>\n","protected":false},"author":14,"featured_media":0,"comment_status":"open","ping_status":"closed","sticky":false,"template":"","format":"standard","meta":{"om_disable_all_campaigns":false,"inline_featured_image":false,"_monsterinsights_skip_tracking":false,"_monsterinsights_sitenote_active":false,"_monsterinsights_sitenote_note":"","_monsterinsights_sitenote_category":0,"footnotes":""},"categories":[81],"tags":[20,863,862],"class_list":["post-2775","post","type-post","status-publish","format-standard","hentry","category-arquitectura-2","tag-arquitectura","tag-monte-mitla","tag-rafael-ramos-zepeda"],"yoast_head":"<!-- This site is optimized with the Yoast SEO plugin v27.4 - https:\/\/yoast.com\/product\/yoast-seo-wordpress\/ -->\n<title>Impulsa arquitecto mexicano lo autosustentable -<\/title>\n<meta name=\"description\" content=\"La propuesta ha desarrollado el proyecto Monte Mitla, el cual consta de 20 casas hechas con \u00e1rboles, adobe o paja \u00a0 &nbsp; Oriundo de Jalisco, Rafael\" \/>\n<meta name=\"robots\" content=\"index, follow, max-snippet:-1, max-image-preview:large, max-video-preview:-1\" \/>\n<link rel=\"canonical\" href=\"https:\/\/centrourbano.com\/revista\/arquitectura-2\/impulsa-arquitecto-mexicano-lo-autosustentable\/\" \/>\n<meta property=\"og:locale\" content=\"es_ES\" \/>\n<meta property=\"og:type\" content=\"article\" \/>\n<meta property=\"og:title\" content=\"Impulsa arquitecto mexicano lo autosustentable -\" \/>\n<meta property=\"og:description\" content=\"La propuesta ha desarrollado el proyecto Monte Mitla, el cual consta de 20 casas hechas con \u00e1rboles, adobe o paja \u00a0 &nbsp; Oriundo de Jalisco, Rafael\" \/>\n<meta property=\"og:url\" content=\"https:\/\/centrourbano.com\/revista\/arquitectura-2\/impulsa-arquitecto-mexicano-lo-autosustentable\/\" \/>\n<meta property=\"og:site_name\" content=\"Centro Urbano\" \/>\n<meta property=\"article:publisher\" content=\"https:\/\/www.facebook.com\/portalcentrourbano\" \/>\n<meta property=\"article:published_time\" content=\"2014-01-17T17:08:22+00:00\" \/>\n<meta property=\"article:modified_time\" content=\"2014-03-20T04:45:56+00:00\" \/>\n<meta property=\"og:image\" content=\"https:\/\/centrourbano.com\/revista\/wp-content\/uploads\/CU-logo.png\" \/>\n\t<meta property=\"og:image:width\" content=\"350\" \/>\n\t<meta property=\"og:image:height\" content=\"91\" \/>\n\t<meta property=\"og:image:type\" content=\"image\/png\" \/>\n<meta name=\"author\" content=\"Redacci\u00f3n Centro Urbano\" \/>\n<meta name=\"twitter:card\" content=\"summary_large_image\" \/>\n<meta name=\"twitter:creator\" content=\"@CentroUrbano\" \/>\n<meta name=\"twitter:site\" content=\"@CentroUrbano\" \/>\n<meta name=\"twitter:label1\" content=\"Escrito por\" \/>\n\t<meta name=\"twitter:data1\" content=\"Redacci\u00f3n Centro Urbano\" \/>\n\t<meta name=\"twitter:label2\" content=\"Tiempo de lectura\" \/>\n\t<meta name=\"twitter:data2\" content=\"1 minuto\" \/>\n<script type=\"application\/ld+json\" class=\"yoast-schema-graph\">{\"@context\":\"https:\\\/\\\/schema.org\",\"@graph\":[{\"@type\":\"Article\",\"@id\":\"https:\\\/\\\/centrourbano.com\\\/revista\\\/arquitectura-2\\\/impulsa-arquitecto-mexicano-lo-autosustentable\\\/#article\",\"isPartOf\":{\"@id\":\"https:\\\/\\\/centrourbano.com\\\/revista\\\/arquitectura-2\\\/impulsa-arquitecto-mexicano-lo-autosustentable\\\/\"},\"author\":{\"name\":\"Redacci\u00f3n Centro Urbano\",\"@id\":\"https:\\\/\\\/centrourbano.com\\\/revista\\\/#\\\/schema\\\/person\\\/680e7c50f9d6e917e416c9efdc26f996\"},\"headline\":\"Impulsa arquitecto mexicano lo autosustentable\",\"datePublished\":\"2014-01-17T17:08:22+00:00\",\"dateModified\":\"2014-03-20T04:45:56+00:00\",\"mainEntityOfPage\":{\"@id\":\"https:\\\/\\\/centrourbano.com\\\/revista\\\/arquitectura-2\\\/impulsa-arquitecto-mexicano-lo-autosustentable\\\/\"},\"wordCount\":266,\"commentCount\":0,\"publisher\":{\"@id\":\"https:\\\/\\\/centrourbano.com\\\/revista\\\/#organization\"},\"keywords\":[\"arquitectura\",\"Monte Mitla\",\"Rafael Ramos Zepeda\"],\"articleSection\":[\"Arquitectura\"],\"inLanguage\":\"es\",\"potentialAction\":[{\"@type\":\"CommentAction\",\"name\":\"Comment\",\"target\":[\"https:\\\/\\\/centrourbano.com\\\/revista\\\/arquitectura-2\\\/impulsa-arquitecto-mexicano-lo-autosustentable\\\/#respond\"]}]},{\"@type\":\"WebPage\",\"@id\":\"https:\\\/\\\/centrourbano.com\\\/revista\\\/arquitectura-2\\\/impulsa-arquitecto-mexicano-lo-autosustentable\\\/\",\"url\":\"https:\\\/\\\/centrourbano.com\\\/revista\\\/arquitectura-2\\\/impulsa-arquitecto-mexicano-lo-autosustentable\\\/\",\"name\":\"Impulsa arquitecto mexicano lo autosustentable -\",\"isPartOf\":{\"@id\":\"https:\\\/\\\/centrourbano.com\\\/revista\\\/#website\"},\"datePublished\":\"2014-01-17T17:08:22+00:00\",\"dateModified\":\"2014-03-20T04:45:56+00:00\",\"description\":\"La propuesta ha desarrollado el proyecto Monte Mitla, el cual consta de 20 casas hechas con \u00e1rboles, adobe o paja \u00a0 &nbsp; Oriundo de Jalisco, Rafael\",\"breadcrumb\":{\"@id\":\"https:\\\/\\\/centrourbano.com\\\/revista\\\/arquitectura-2\\\/impulsa-arquitecto-mexicano-lo-autosustentable\\\/#breadcrumb\"},\"inLanguage\":\"es\",\"potentialAction\":[{\"@type\":\"ReadAction\",\"target\":[\"https:\\\/\\\/centrourbano.com\\\/revista\\\/arquitectura-2\\\/impulsa-arquitecto-mexicano-lo-autosustentable\\\/\"]}]},{\"@type\":\"BreadcrumbList\",\"@id\":\"https:\\\/\\\/centrourbano.com\\\/revista\\\/arquitectura-2\\\/impulsa-arquitecto-mexicano-lo-autosustentable\\\/#breadcrumb\",\"itemListElement\":[{\"@type\":\"ListItem\",\"position\":1,\"name\":\"Portada\",\"item\":\"https:\\\/\\\/centrourbano.com\\\/revista\\\/\"},{\"@type\":\"ListItem\",\"position\":2,\"name\":\"Impulsa arquitecto mexicano lo autosustentable\"}]},{\"@type\":\"WebSite\",\"@id\":\"https:\\\/\\\/centrourbano.com\\\/revista\\\/#website\",\"url\":\"https:\\\/\\\/centrourbano.com\\\/revista\\\/\",\"name\":\"Centro Urbano\",\"description\":\"Medio especializado en los sectores vivienda, inmobiliario, construcci\u00f3n, arquitectura y urbanismo.\",\"publisher\":{\"@id\":\"https:\\\/\\\/centrourbano.com\\\/revista\\\/#organization\"},\"potentialAction\":[{\"@type\":\"SearchAction\",\"target\":{\"@type\":\"EntryPoint\",\"urlTemplate\":\"https:\\\/\\\/centrourbano.com\\\/revista\\\/?s={search_term_string}\"},\"query-input\":{\"@type\":\"PropertyValueSpecification\",\"valueRequired\":true,\"valueName\":\"search_term_string\"}}],\"inLanguage\":\"es\"},{\"@type\":\"Organization\",\"@id\":\"https:\\\/\\\/centrourbano.com\\\/revista\\\/#organization\",\"name\":\"Centro Urbano\",\"url\":\"https:\\\/\\\/centrourbano.com\\\/revista\\\/\",\"logo\":{\"@type\":\"ImageObject\",\"inLanguage\":\"es\",\"@id\":\"https:\\\/\\\/centrourbano.com\\\/revista\\\/#\\\/schema\\\/logo\\\/image\\\/\",\"url\":\"https:\\\/\\\/centrourbano.com\\\/revista\\\/wp-content\\\/uploads\\\/web_CU_logo-1.png\",\"contentUrl\":\"https:\\\/\\\/centrourbano.com\\\/revista\\\/wp-content\\\/uploads\\\/web_CU_logo-1.png\",\"width\":350,\"height\":91,\"caption\":\"Centro Urbano\"},\"image\":{\"@id\":\"https:\\\/\\\/centrourbano.com\\\/revista\\\/#\\\/schema\\\/logo\\\/image\\\/\"},\"sameAs\":[\"https:\\\/\\\/www.facebook.com\\\/portalcentrourbano\",\"https:\\\/\\\/x.com\\\/CentroUrbano\",\"https:\\\/\\\/www.instagram.com\\\/centro_urbano\\\/\",\"https:\\\/\\\/www.linkedin.com\\\/company\\\/centro-urbano\\\/\",\"http:\\\/\\\/www.youtube.com\\\/user\\\/portalcentrourbano\"]},{\"@type\":\"Person\",\"@id\":\"https:\\\/\\\/centrourbano.com\\\/revista\\\/#\\\/schema\\\/person\\\/680e7c50f9d6e917e416c9efdc26f996\",\"name\":\"Redacci\u00f3n Centro Urbano\",\"image\":{\"@type\":\"ImageObject\",\"inLanguage\":\"es\",\"@id\":\"https:\\\/\\\/secure.gravatar.com\\\/avatar\\\/15a789f894398c0f311f3a7a2ee28032bbc0483098539da66b6a045aa810bf35?s=96&d=mm&r=g\",\"url\":\"https:\\\/\\\/secure.gravatar.com\\\/avatar\\\/15a789f894398c0f311f3a7a2ee28032bbc0483098539da66b6a045aa810bf35?s=96&d=mm&r=g\",\"contentUrl\":\"https:\\\/\\\/secure.gravatar.com\\\/avatar\\\/15a789f894398c0f311f3a7a2ee28032bbc0483098539da66b6a045aa810bf35?s=96&d=mm&r=g\",\"caption\":\"Redacci\u00f3n Centro Urbano\"},\"url\":\"https:\\\/\\\/centrourbano.com\\\/revista\\\/author\\\/editorial\\\/\"}]}<\/script>\n<!-- \/ Yoast SEO plugin. -->","yoast_head_json":{"title":"Impulsa arquitecto mexicano lo autosustentable -","description":"La propuesta ha desarrollado el proyecto Monte Mitla, el cual consta de 20 casas hechas con \u00e1rboles, adobe o paja \u00a0 &nbsp; Oriundo de Jalisco, Rafael","robots":{"index":"index","follow":"follow","max-snippet":"max-snippet:-1","max-image-preview":"max-image-preview:large","max-video-preview":"max-video-preview:-1"},"canonical":"https:\/\/centrourbano.com\/revista\/arquitectura-2\/impulsa-arquitecto-mexicano-lo-autosustentable\/","og_locale":"es_ES","og_type":"article","og_title":"Impulsa arquitecto mexicano lo autosustentable -","og_description":"La propuesta ha desarrollado el proyecto Monte Mitla, el cual consta de 20 casas hechas con \u00e1rboles, adobe o paja \u00a0 &nbsp; Oriundo de Jalisco, Rafael","og_url":"https:\/\/centrourbano.com\/revista\/arquitectura-2\/impulsa-arquitecto-mexicano-lo-autosustentable\/","og_site_name":"Centro Urbano","article_publisher":"https:\/\/www.facebook.com\/portalcentrourbano","article_published_time":"2014-01-17T17:08:22+00:00","article_modified_time":"2014-03-20T04:45:56+00:00","og_image":[{"width":350,"height":91,"url":"https:\/\/centrourbano.com\/revista\/wp-content\/uploads\/CU-logo.png","type":"image\/png"}],"author":"Redacci\u00f3n Centro Urbano","twitter_card":"summary_large_image","twitter_creator":"@CentroUrbano","twitter_site":"@CentroUrbano","twitter_misc":{"Escrito por":"Redacci\u00f3n Centro Urbano","Tiempo de lectura":"1 minuto"},"schema":{"@context":"https:\/\/schema.org","@graph":[{"@type":"Article","@id":"https:\/\/centrourbano.com\/revista\/arquitectura-2\/impulsa-arquitecto-mexicano-lo-autosustentable\/#article","isPartOf":{"@id":"https:\/\/centrourbano.com\/revista\/arquitectura-2\/impulsa-arquitecto-mexicano-lo-autosustentable\/"},"author":{"name":"Redacci\u00f3n Centro Urbano","@id":"https:\/\/centrourbano.com\/revista\/#\/schema\/person\/680e7c50f9d6e917e416c9efdc26f996"},"headline":"Impulsa arquitecto mexicano lo autosustentable","datePublished":"2014-01-17T17:08:22+00:00","dateModified":"2014-03-20T04:45:56+00:00","mainEntityOfPage":{"@id":"https:\/\/centrourbano.com\/revista\/arquitectura-2\/impulsa-arquitecto-mexicano-lo-autosustentable\/"},"wordCount":266,"commentCount":0,"publisher":{"@id":"https:\/\/centrourbano.com\/revista\/#organization"},"keywords":["arquitectura","Monte Mitla","Rafael Ramos Zepeda"],"articleSection":["Arquitectura"],"inLanguage":"es","potentialAction":[{"@type":"CommentAction","name":"Comment","target":["https:\/\/centrourbano.com\/revista\/arquitectura-2\/impulsa-arquitecto-mexicano-lo-autosustentable\/#respond"]}]},{"@type":"WebPage","@id":"https:\/\/centrourbano.com\/revista\/arquitectura-2\/impulsa-arquitecto-mexicano-lo-autosustentable\/","url":"https:\/\/centrourbano.com\/revista\/arquitectura-2\/impulsa-arquitecto-mexicano-lo-autosustentable\/","name":"Impulsa arquitecto mexicano lo autosustentable -","isPartOf":{"@id":"https:\/\/centrourbano.com\/revista\/#website"},"datePublished":"2014-01-17T17:08:22+00:00","dateModified":"2014-03-20T04:45:56+00:00","description":"La propuesta ha desarrollado el proyecto Monte Mitla, el cual consta de 20 casas hechas con \u00e1rboles, adobe o paja \u00a0 &nbsp; Oriundo de Jalisco, Rafael","breadcrumb":{"@id":"https:\/\/centrourbano.com\/revista\/arquitectura-2\/impulsa-arquitecto-mexicano-lo-autosustentable\/#breadcrumb"},"inLanguage":"es","potentialAction":[{"@type":"ReadAction","target":["https:\/\/centrourbano.com\/revista\/arquitectura-2\/impulsa-arquitecto-mexicano-lo-autosustentable\/"]}]},{"@type":"BreadcrumbList","@id":"https:\/\/centrourbano.com\/revista\/arquitectura-2\/impulsa-arquitecto-mexicano-lo-autosustentable\/#breadcrumb","itemListElement":[{"@type":"ListItem","position":1,"name":"Portada","item":"https:\/\/centrourbano.com\/revista\/"},{"@type":"ListItem","position":2,"name":"Impulsa arquitecto mexicano lo autosustentable"}]},{"@type":"WebSite","@id":"https:\/\/centrourbano.com\/revista\/#website","url":"https:\/\/centrourbano.com\/revista\/","name":"Centro Urbano","description":"Medio especializado en los sectores vivienda, inmobiliario, construcci\u00f3n, arquitectura y urbanismo.","publisher":{"@id":"https:\/\/centrourbano.com\/revista\/#organization"},"potentialAction":[{"@type":"SearchAction","target":{"@type":"EntryPoint","urlTemplate":"https:\/\/centrourbano.com\/revista\/?s={search_term_string}"},"query-input":{"@type":"PropertyValueSpecification","valueRequired":true,"valueName":"search_term_string"}}],"inLanguage":"es"},{"@type":"Organization","@id":"https:\/\/centrourbano.com\/revista\/#organization","name":"Centro Urbano","url":"https:\/\/centrourbano.com\/revista\/","logo":{"@type":"ImageObject","inLanguage":"es","@id":"https:\/\/centrourbano.com\/revista\/#\/schema\/logo\/image\/","url":"https:\/\/centrourbano.com\/revista\/wp-content\/uploads\/web_CU_logo-1.png","contentUrl":"https:\/\/centrourbano.com\/revista\/wp-content\/uploads\/web_CU_logo-1.png","width":350,"height":91,"caption":"Centro Urbano"},"image":{"@id":"https:\/\/centrourbano.com\/revista\/#\/schema\/logo\/image\/"},"sameAs":["https:\/\/www.facebook.com\/portalcentrourbano","https:\/\/x.com\/CentroUrbano","https:\/\/www.instagram.com\/centro_urbano\/","https:\/\/www.linkedin.com\/company\/centro-urbano\/","http:\/\/www.youtube.com\/user\/portalcentrourbano"]},{"@type":"Person","@id":"https:\/\/centrourbano.com\/revista\/#\/schema\/person\/680e7c50f9d6e917e416c9efdc26f996","name":"Redacci\u00f3n Centro Urbano","image":{"@type":"ImageObject","inLanguage":"es","@id":"https:\/\/secure.gravatar.com\/avatar\/15a789f894398c0f311f3a7a2ee28032bbc0483098539da66b6a045aa810bf35?s=96&d=mm&r=g","url":"https:\/\/secure.gravatar.com\/avatar\/15a789f894398c0f311f3a7a2ee28032bbc0483098539da66b6a045aa810bf35?s=96&d=mm&r=g","contentUrl":"https:\/\/secure.gravatar.com\/avatar\/15a789f894398c0f311f3a7a2ee28032bbc0483098539da66b6a045aa810bf35?s=96&d=mm&r=g","caption":"Redacci\u00f3n Centro Urbano"},"url":"https:\/\/centrourbano.com\/revista\/author\/editorial\/"}]}},"_links":{"self":[{"href":"https:\/\/centrourbano.com\/revista\/wp-json\/wp\/v2\/posts\/2775","targetHints":{"allow":["GET"]}}],"collection":[{"href":"https:\/\/centrourbano.com\/revista\/wp-json\/wp\/v2\/posts"}],"about":[{"href":"https:\/\/centrourbano.com\/revista\/wp-json\/wp\/v2\/types\/post"}],"author":[{"embeddable":true,"href":"https:\/\/centrourbano.com\/revista\/wp-json\/wp\/v2\/users\/14"}],"replies":[{"embeddable":true,"href":"https:\/\/centrourbano.com\/revista\/wp-json\/wp\/v2\/comments?post=2775"}],"version-history":[{"count":0,"href":"https:\/\/centrourbano.com\/revista\/wp-json\/wp\/v2\/posts\/2775\/revisions"}],"wp:attachment":[{"href":"https:\/\/centrourbano.com\/revista\/wp-json\/wp\/v2\/media?parent=2775"}],"wp:term":[{"taxonomy":"category","embeddable":true,"href":"https:\/\/centrourbano.com\/revista\/wp-json\/wp\/v2\/categories?post=2775"},{"taxonomy":"post_tag","embeddable":true,"href":"https:\/\/centrourbano.com\/revista\/wp-json\/wp\/v2\/tags?post=2775"}],"curies":[{"name":"wp","href":"https:\/\/api.w.org\/{rel}","templated":true}]}}