{"id":27575,"date":"2015-12-23T10:03:57","date_gmt":"2015-12-23T16:03:57","guid":{"rendered":"http:\/\/centrourbano.com\/?p=27575"},"modified":"2015-12-23T10:04:17","modified_gmt":"2015-12-23T16:04:17","slug":"inauguran-piezas-escultoricas-en-plaza-tlaxcoaque","status":"publish","type":"post","link":"https:\/\/centrourbano.com\/revista\/urbanismo\/inauguran-piezas-escultoricas-en-plaza-tlaxcoaque\/","title":{"rendered":"Inauguran piezas escult\u00f3ricas en Plaza Tlaxcoaque"},"content":{"rendered":"<p><em>Las <a class=\"expresscurate_contentTags\" href=\"http:\/\/centrourbano.com\/tag\/esculturas\/\">#esculturas<\/a> fueron financiadas por la Secretar\u00eda de Cultura<\/em><\/p>\n<p>Se llev\u00f3 a cabo la inauguraci\u00f3n de 4 piezas escult\u00f3ricas en la <a class=\"expresscurate_contentTags\" href=\"http:\/\/centrourbano.com\/tag\/plaza-tlaxcoaque\/\">#Plaza Tlaxcoaque<\/a>, en el Centro Hist\u00f3rico, el evento estuvo encabezado por el secretario de Cultura del Gobierno de la Ciudad de M\u00e9xico, Eduardo V\u00e1zquez.<\/p>\n<p>Las esculturas son obra de los artistas Marisa Lara y Arturo Guerrero denominadas \u201cLa Siempre Viva Vive\u201d.<\/p>\n<p>Las obras de arte \u201cLa reflexi\u00f3n de los conejos\u201d, \u201cLola\u201d, \u201cParag\u00fceros\u201d y \u201cLa glorieta de los abrazos\u201d, miden aproximadamente tres metros c\u00fabicos y fueron pintadas a mano.<\/p>\n<p>Esta acci\u00f3n recupera un <a class=\"expresscurate_contentTags\" href=\"http:\/\/centrourbano.com\/tag\/espacio-publico\/\">#espacio p\u00fablico<\/a> m\u00e1s en la Ciudad, ya que, anteriormente era un dep\u00f3sito de coches y en el <a class=\"expresscurate_contentTags\" href=\"http:\/\/centrourbano.com\/tag\/terremoto-del-85\/\">#terremoto del 85<\/a> fue escenario de v\u00edctimas.<\/p>\n<p>Los artistas de las obras explicaron que las esculturas hacen referencia a esta planta, \u201cporque la Ciudad de M\u00e9xico, nuestra ciudad, la cual hemos vivido y padecido, son ustedes, somos nosotros, son las personas. Y reconocemos de coraz\u00f3n siam\u00e9s, la colaboraci\u00f3n de todas las instituciones que hicieron posible que esta plaza floreciera hoy de otra manera\u201d.<\/p>\n<p>Las esculturas est\u00e1n hechas en placa de acero al carb\u00f3n policromado pict\u00f3ricamente, y fueron financiadas por el Consejo Nacional para la Cultura y las Artes (hoy Secretar\u00eda de Cultura federal) y la creaci\u00f3n art\u00edstica de Siameses Company.<\/p>\n","protected":false},"excerpt":{"rendered":"<p>Las #esculturas fueron financiadas por la Secretar\u00eda de Cultura Se llev\u00f3 a cabo la inauguraci\u00f3n de 4 piezas escult\u00f3ricas en la #Plaza Tlaxcoaque, en el Centro Hist\u00f3rico, el evento estuvo encabezado por el secretario de Cultura del Gobierno de la Ciudad de M\u00e9xico, Eduardo V\u00e1zquez. Las esculturas son obra de los artistas Marisa Lara y [&hellip;]<\/p>\n","protected":false},"author":36,"featured_media":27582,"comment_status":"open","ping_status":"closed","sticky":false,"template":"","format":"standard","meta":{"om_disable_all_campaigns":false,"inline_featured_image":false,"_monsterinsights_skip_tracking":false,"_monsterinsights_sitenote_active":false,"_monsterinsights_sitenote_note":"","_monsterinsights_sitenote_category":0,"footnotes":""},"categories":[82],"tags":[7297,627,7300,7301],"class_list":["post-27575","post","type-post","status-publish","format-standard","has-post-thumbnail","hentry","category-urbanismo","tag-esculturas","tag-espacio-publico","tag-plaza-tlaxcoaque","tag-terremoto-del-85"],"yoast_head":"<!-- This site is optimized with the Yoast SEO plugin v27.4 - https:\/\/yoast.com\/product\/yoast-seo-wordpress\/ -->\n<title>Inauguran piezas escult\u00f3ricas en Plaza Tlaxcoaque -<\/title>\n<meta name=\"description\" content=\"Las #esculturas fueron financiadas por la Secretar\u00eda de Cultura Se llev\u00f3 a cabo la inauguraci\u00f3n de 4 piezas escult\u00f3ricas en la #Plaza Tlaxcoaque, en el\" \/>\n<meta name=\"robots\" content=\"index, follow, max-snippet:-1, max-image-preview:large, max-video-preview:-1\" \/>\n<link rel=\"canonical\" href=\"https:\/\/centrourbano.com\/revista\/urbanismo\/inauguran-piezas-escultoricas-en-plaza-tlaxcoaque\/\" \/>\n<meta property=\"og:locale\" content=\"es_ES\" \/>\n<meta property=\"og:type\" content=\"article\" \/>\n<meta property=\"og:title\" content=\"Inauguran piezas escult\u00f3ricas en Plaza Tlaxcoaque -\" \/>\n<meta property=\"og:description\" content=\"Las #esculturas fueron financiadas por la Secretar\u00eda de Cultura Se llev\u00f3 a cabo la inauguraci\u00f3n de 4 piezas escult\u00f3ricas en la #Plaza Tlaxcoaque, en el\" \/>\n<meta property=\"og:url\" content=\"https:\/\/centrourbano.com\/revista\/urbanismo\/inauguran-piezas-escultoricas-en-plaza-tlaxcoaque\/\" \/>\n<meta property=\"og:site_name\" content=\"Centro Urbano\" \/>\n<meta property=\"article:publisher\" content=\"https:\/\/www.facebook.com\/portalcentrourbano\" \/>\n<meta property=\"article:published_time\" content=\"2015-12-23T16:03:57+00:00\" \/>\n<meta property=\"article:modified_time\" content=\"2015-12-23T16:04:17+00:00\" \/>\n<meta property=\"og:image\" content=\"https:\/\/centrourbano.com\/revista\/wp-content\/uploads\/af3d1feb-f1c2-4a6a-9901-804b37f74f46.jpg\" \/>\n\t<meta property=\"og:image:width\" content=\"580\" \/>\n\t<meta property=\"og:image:height\" content=\"387\" \/>\n\t<meta property=\"og:image:type\" content=\"image\/jpeg\" \/>\n<meta name=\"author\" content=\"Yareth Casanova\" \/>\n<meta name=\"twitter:card\" content=\"summary_large_image\" \/>\n<meta name=\"twitter:creator\" content=\"@CentroUrbano\" \/>\n<meta name=\"twitter:site\" content=\"@CentroUrbano\" \/>\n<meta name=\"twitter:label1\" content=\"Escrito por\" \/>\n\t<meta name=\"twitter:data1\" content=\"Yareth Casanova\" \/>\n\t<meta name=\"twitter:label2\" content=\"Tiempo de lectura\" \/>\n\t<meta name=\"twitter:data2\" content=\"1 minuto\" \/>\n<script type=\"application\/ld+json\" class=\"yoast-schema-graph\">{\"@context\":\"https:\\\/\\\/schema.org\",\"@graph\":[{\"@type\":\"Article\",\"@id\":\"https:\\\/\\\/centrourbano.com\\\/revista\\\/urbanismo\\\/inauguran-piezas-escultoricas-en-plaza-tlaxcoaque\\\/#article\",\"isPartOf\":{\"@id\":\"https:\\\/\\\/centrourbano.com\\\/revista\\\/urbanismo\\\/inauguran-piezas-escultoricas-en-plaza-tlaxcoaque\\\/\"},\"author\":{\"name\":\"Yareth Casanova\",\"@id\":\"https:\\\/\\\/centrourbano.com\\\/revista\\\/#\\\/schema\\\/person\\\/fa3124fc7c30aaf90c5e85dc5ce88a3d\"},\"headline\":\"Inauguran piezas escult\u00f3ricas en Plaza Tlaxcoaque\",\"datePublished\":\"2015-12-23T16:03:57+00:00\",\"dateModified\":\"2015-12-23T16:04:17+00:00\",\"mainEntityOfPage\":{\"@id\":\"https:\\\/\\\/centrourbano.com\\\/revista\\\/urbanismo\\\/inauguran-piezas-escultoricas-en-plaza-tlaxcoaque\\\/\"},\"wordCount\":239,\"commentCount\":0,\"publisher\":{\"@id\":\"https:\\\/\\\/centrourbano.com\\\/revista\\\/#organization\"},\"image\":{\"@id\":\"https:\\\/\\\/centrourbano.com\\\/revista\\\/urbanismo\\\/inauguran-piezas-escultoricas-en-plaza-tlaxcoaque\\\/#primaryimage\"},\"thumbnailUrl\":\"https:\\\/\\\/centrourbano.com\\\/revista\\\/wp-content\\\/uploads\\\/af3d1feb-f1c2-4a6a-9901-804b37f74f46.jpg\",\"keywords\":[\"Esculturas\",\"Espacio p\u00fablico\",\"Plaza Tlaxcoaque\",\"terremoto del 85\"],\"articleSection\":[\"Urbanismo\"],\"inLanguage\":\"es\",\"potentialAction\":[{\"@type\":\"CommentAction\",\"name\":\"Comment\",\"target\":[\"https:\\\/\\\/centrourbano.com\\\/revista\\\/urbanismo\\\/inauguran-piezas-escultoricas-en-plaza-tlaxcoaque\\\/#respond\"]}]},{\"@type\":\"WebPage\",\"@id\":\"https:\\\/\\\/centrourbano.com\\\/revista\\\/urbanismo\\\/inauguran-piezas-escultoricas-en-plaza-tlaxcoaque\\\/\",\"url\":\"https:\\\/\\\/centrourbano.com\\\/revista\\\/urbanismo\\\/inauguran-piezas-escultoricas-en-plaza-tlaxcoaque\\\/\",\"name\":\"Inauguran piezas escult\u00f3ricas en Plaza Tlaxcoaque -\",\"isPartOf\":{\"@id\":\"https:\\\/\\\/centrourbano.com\\\/revista\\\/#website\"},\"primaryImageOfPage\":{\"@id\":\"https:\\\/\\\/centrourbano.com\\\/revista\\\/urbanismo\\\/inauguran-piezas-escultoricas-en-plaza-tlaxcoaque\\\/#primaryimage\"},\"image\":{\"@id\":\"https:\\\/\\\/centrourbano.com\\\/revista\\\/urbanismo\\\/inauguran-piezas-escultoricas-en-plaza-tlaxcoaque\\\/#primaryimage\"},\"thumbnailUrl\":\"https:\\\/\\\/centrourbano.com\\\/revista\\\/wp-content\\\/uploads\\\/af3d1feb-f1c2-4a6a-9901-804b37f74f46.jpg\",\"datePublished\":\"2015-12-23T16:03:57+00:00\",\"dateModified\":\"2015-12-23T16:04:17+00:00\",\"description\":\"Las #esculturas fueron financiadas por la Secretar\u00eda de Cultura Se llev\u00f3 a cabo la inauguraci\u00f3n de 4 piezas escult\u00f3ricas en la #Plaza Tlaxcoaque, en el\",\"breadcrumb\":{\"@id\":\"https:\\\/\\\/centrourbano.com\\\/revista\\\/urbanismo\\\/inauguran-piezas-escultoricas-en-plaza-tlaxcoaque\\\/#breadcrumb\"},\"inLanguage\":\"es\",\"potentialAction\":[{\"@type\":\"ReadAction\",\"target\":[\"https:\\\/\\\/centrourbano.com\\\/revista\\\/urbanismo\\\/inauguran-piezas-escultoricas-en-plaza-tlaxcoaque\\\/\"]}]},{\"@type\":\"ImageObject\",\"inLanguage\":\"es\",\"@id\":\"https:\\\/\\\/centrourbano.com\\\/revista\\\/urbanismo\\\/inauguran-piezas-escultoricas-en-plaza-tlaxcoaque\\\/#primaryimage\",\"url\":\"https:\\\/\\\/centrourbano.com\\\/revista\\\/wp-content\\\/uploads\\\/af3d1feb-f1c2-4a6a-9901-804b37f74f46.jpg\",\"contentUrl\":\"https:\\\/\\\/centrourbano.com\\\/revista\\\/wp-content\\\/uploads\\\/af3d1feb-f1c2-4a6a-9901-804b37f74f46.jpg\",\"width\":580,\"height\":387},{\"@type\":\"BreadcrumbList\",\"@id\":\"https:\\\/\\\/centrourbano.com\\\/revista\\\/urbanismo\\\/inauguran-piezas-escultoricas-en-plaza-tlaxcoaque\\\/#breadcrumb\",\"itemListElement\":[{\"@type\":\"ListItem\",\"position\":1,\"name\":\"Portada\",\"item\":\"https:\\\/\\\/centrourbano.com\\\/revista\\\/\"},{\"@type\":\"ListItem\",\"position\":2,\"name\":\"Inauguran piezas escult\u00f3ricas en Plaza Tlaxcoaque\"}]},{\"@type\":\"WebSite\",\"@id\":\"https:\\\/\\\/centrourbano.com\\\/revista\\\/#website\",\"url\":\"https:\\\/\\\/centrourbano.com\\\/revista\\\/\",\"name\":\"Centro Urbano\",\"description\":\"Medio especializado en los sectores vivienda, inmobiliario, construcci\u00f3n, arquitectura y urbanismo.\",\"publisher\":{\"@id\":\"https:\\\/\\\/centrourbano.com\\\/revista\\\/#organization\"},\"potentialAction\":[{\"@type\":\"SearchAction\",\"target\":{\"@type\":\"EntryPoint\",\"urlTemplate\":\"https:\\\/\\\/centrourbano.com\\\/revista\\\/?s={search_term_string}\"},\"query-input\":{\"@type\":\"PropertyValueSpecification\",\"valueRequired\":true,\"valueName\":\"search_term_string\"}}],\"inLanguage\":\"es\"},{\"@type\":\"Organization\",\"@id\":\"https:\\\/\\\/centrourbano.com\\\/revista\\\/#organization\",\"name\":\"Centro Urbano\",\"url\":\"https:\\\/\\\/centrourbano.com\\\/revista\\\/\",\"logo\":{\"@type\":\"ImageObject\",\"inLanguage\":\"es\",\"@id\":\"https:\\\/\\\/centrourbano.com\\\/revista\\\/#\\\/schema\\\/logo\\\/image\\\/\",\"url\":\"https:\\\/\\\/centrourbano.com\\\/revista\\\/wp-content\\\/uploads\\\/web_CU_logo-1.png\",\"contentUrl\":\"https:\\\/\\\/centrourbano.com\\\/revista\\\/wp-content\\\/uploads\\\/web_CU_logo-1.png\",\"width\":350,\"height\":91,\"caption\":\"Centro Urbano\"},\"image\":{\"@id\":\"https:\\\/\\\/centrourbano.com\\\/revista\\\/#\\\/schema\\\/logo\\\/image\\\/\"},\"sameAs\":[\"https:\\\/\\\/www.facebook.com\\\/portalcentrourbano\",\"https:\\\/\\\/x.com\\\/CentroUrbano\",\"https:\\\/\\\/www.instagram.com\\\/centro_urbano\\\/\",\"https:\\\/\\\/www.linkedin.com\\\/company\\\/centro-urbano\\\/\",\"http:\\\/\\\/www.youtube.com\\\/user\\\/portalcentrourbano\"]},{\"@type\":\"Person\",\"@id\":\"https:\\\/\\\/centrourbano.com\\\/revista\\\/#\\\/schema\\\/person\\\/fa3124fc7c30aaf90c5e85dc5ce88a3d\",\"name\":\"Yareth Casanova\",\"image\":{\"@type\":\"ImageObject\",\"inLanguage\":\"es\",\"@id\":\"https:\\\/\\\/secure.gravatar.com\\\/avatar\\\/cc5021d028a26acc18cd90754b870114c9449717d0cf43cc142712f089324f6d?s=96&d=mm&r=g\",\"url\":\"https:\\\/\\\/secure.gravatar.com\\\/avatar\\\/cc5021d028a26acc18cd90754b870114c9449717d0cf43cc142712f089324f6d?s=96&d=mm&r=g\",\"contentUrl\":\"https:\\\/\\\/secure.gravatar.com\\\/avatar\\\/cc5021d028a26acc18cd90754b870114c9449717d0cf43cc142712f089324f6d?s=96&d=mm&r=g\",\"caption\":\"Yareth Casanova\"},\"description\":\"Egresada de la Universidad del Valle de M\u00e9xico en Ciencias de la Comunicaci\u00f3n. Fungi\u00f3 como community manager en el Senado de la Rep\u00fablica y como becaria en editorial Televisa. Actualmente se desempe\u00f1a como community manager y reportera en Centro Urbano. Es amante de los perros y sus pasiones son el baile, el cine, la pol\u00edtica y la moda.\",\"url\":\"https:\\\/\\\/centrourbano.com\\\/revista\\\/author\\\/yarethcu\\\/\"}]}<\/script>\n<!-- \/ Yoast SEO plugin. -->","yoast_head_json":{"title":"Inauguran piezas escult\u00f3ricas en Plaza Tlaxcoaque -","description":"Las #esculturas fueron financiadas por la Secretar\u00eda de Cultura Se llev\u00f3 a cabo la inauguraci\u00f3n de 4 piezas escult\u00f3ricas en la #Plaza Tlaxcoaque, en el","robots":{"index":"index","follow":"follow","max-snippet":"max-snippet:-1","max-image-preview":"max-image-preview:large","max-video-preview":"max-video-preview:-1"},"canonical":"https:\/\/centrourbano.com\/revista\/urbanismo\/inauguran-piezas-escultoricas-en-plaza-tlaxcoaque\/","og_locale":"es_ES","og_type":"article","og_title":"Inauguran piezas escult\u00f3ricas en Plaza Tlaxcoaque -","og_description":"Las #esculturas fueron financiadas por la Secretar\u00eda de Cultura Se llev\u00f3 a cabo la inauguraci\u00f3n de 4 piezas escult\u00f3ricas en la #Plaza Tlaxcoaque, en el","og_url":"https:\/\/centrourbano.com\/revista\/urbanismo\/inauguran-piezas-escultoricas-en-plaza-tlaxcoaque\/","og_site_name":"Centro Urbano","article_publisher":"https:\/\/www.facebook.com\/portalcentrourbano","article_published_time":"2015-12-23T16:03:57+00:00","article_modified_time":"2015-12-23T16:04:17+00:00","og_image":[{"width":580,"height":387,"url":"https:\/\/centrourbano.com\/revista\/wp-content\/uploads\/af3d1feb-f1c2-4a6a-9901-804b37f74f46.jpg","type":"image\/jpeg"}],"author":"Yareth Casanova","twitter_card":"summary_large_image","twitter_creator":"@CentroUrbano","twitter_site":"@CentroUrbano","twitter_misc":{"Escrito por":"Yareth Casanova","Tiempo de lectura":"1 minuto"},"schema":{"@context":"https:\/\/schema.org","@graph":[{"@type":"Article","@id":"https:\/\/centrourbano.com\/revista\/urbanismo\/inauguran-piezas-escultoricas-en-plaza-tlaxcoaque\/#article","isPartOf":{"@id":"https:\/\/centrourbano.com\/revista\/urbanismo\/inauguran-piezas-escultoricas-en-plaza-tlaxcoaque\/"},"author":{"name":"Yareth Casanova","@id":"https:\/\/centrourbano.com\/revista\/#\/schema\/person\/fa3124fc7c30aaf90c5e85dc5ce88a3d"},"headline":"Inauguran piezas escult\u00f3ricas en Plaza Tlaxcoaque","datePublished":"2015-12-23T16:03:57+00:00","dateModified":"2015-12-23T16:04:17+00:00","mainEntityOfPage":{"@id":"https:\/\/centrourbano.com\/revista\/urbanismo\/inauguran-piezas-escultoricas-en-plaza-tlaxcoaque\/"},"wordCount":239,"commentCount":0,"publisher":{"@id":"https:\/\/centrourbano.com\/revista\/#organization"},"image":{"@id":"https:\/\/centrourbano.com\/revista\/urbanismo\/inauguran-piezas-escultoricas-en-plaza-tlaxcoaque\/#primaryimage"},"thumbnailUrl":"https:\/\/centrourbano.com\/revista\/wp-content\/uploads\/af3d1feb-f1c2-4a6a-9901-804b37f74f46.jpg","keywords":["Esculturas","Espacio p\u00fablico","Plaza Tlaxcoaque","terremoto del 85"],"articleSection":["Urbanismo"],"inLanguage":"es","potentialAction":[{"@type":"CommentAction","name":"Comment","target":["https:\/\/centrourbano.com\/revista\/urbanismo\/inauguran-piezas-escultoricas-en-plaza-tlaxcoaque\/#respond"]}]},{"@type":"WebPage","@id":"https:\/\/centrourbano.com\/revista\/urbanismo\/inauguran-piezas-escultoricas-en-plaza-tlaxcoaque\/","url":"https:\/\/centrourbano.com\/revista\/urbanismo\/inauguran-piezas-escultoricas-en-plaza-tlaxcoaque\/","name":"Inauguran piezas escult\u00f3ricas en Plaza Tlaxcoaque -","isPartOf":{"@id":"https:\/\/centrourbano.com\/revista\/#website"},"primaryImageOfPage":{"@id":"https:\/\/centrourbano.com\/revista\/urbanismo\/inauguran-piezas-escultoricas-en-plaza-tlaxcoaque\/#primaryimage"},"image":{"@id":"https:\/\/centrourbano.com\/revista\/urbanismo\/inauguran-piezas-escultoricas-en-plaza-tlaxcoaque\/#primaryimage"},"thumbnailUrl":"https:\/\/centrourbano.com\/revista\/wp-content\/uploads\/af3d1feb-f1c2-4a6a-9901-804b37f74f46.jpg","datePublished":"2015-12-23T16:03:57+00:00","dateModified":"2015-12-23T16:04:17+00:00","description":"Las #esculturas fueron financiadas por la Secretar\u00eda de Cultura Se llev\u00f3 a cabo la inauguraci\u00f3n de 4 piezas escult\u00f3ricas en la #Plaza Tlaxcoaque, en el","breadcrumb":{"@id":"https:\/\/centrourbano.com\/revista\/urbanismo\/inauguran-piezas-escultoricas-en-plaza-tlaxcoaque\/#breadcrumb"},"inLanguage":"es","potentialAction":[{"@type":"ReadAction","target":["https:\/\/centrourbano.com\/revista\/urbanismo\/inauguran-piezas-escultoricas-en-plaza-tlaxcoaque\/"]}]},{"@type":"ImageObject","inLanguage":"es","@id":"https:\/\/centrourbano.com\/revista\/urbanismo\/inauguran-piezas-escultoricas-en-plaza-tlaxcoaque\/#primaryimage","url":"https:\/\/centrourbano.com\/revista\/wp-content\/uploads\/af3d1feb-f1c2-4a6a-9901-804b37f74f46.jpg","contentUrl":"https:\/\/centrourbano.com\/revista\/wp-content\/uploads\/af3d1feb-f1c2-4a6a-9901-804b37f74f46.jpg","width":580,"height":387},{"@type":"BreadcrumbList","@id":"https:\/\/centrourbano.com\/revista\/urbanismo\/inauguran-piezas-escultoricas-en-plaza-tlaxcoaque\/#breadcrumb","itemListElement":[{"@type":"ListItem","position":1,"name":"Portada","item":"https:\/\/centrourbano.com\/revista\/"},{"@type":"ListItem","position":2,"name":"Inauguran piezas escult\u00f3ricas en Plaza Tlaxcoaque"}]},{"@type":"WebSite","@id":"https:\/\/centrourbano.com\/revista\/#website","url":"https:\/\/centrourbano.com\/revista\/","name":"Centro Urbano","description":"Medio especializado en los sectores vivienda, inmobiliario, construcci\u00f3n, arquitectura y urbanismo.","publisher":{"@id":"https:\/\/centrourbano.com\/revista\/#organization"},"potentialAction":[{"@type":"SearchAction","target":{"@type":"EntryPoint","urlTemplate":"https:\/\/centrourbano.com\/revista\/?s={search_term_string}"},"query-input":{"@type":"PropertyValueSpecification","valueRequired":true,"valueName":"search_term_string"}}],"inLanguage":"es"},{"@type":"Organization","@id":"https:\/\/centrourbano.com\/revista\/#organization","name":"Centro Urbano","url":"https:\/\/centrourbano.com\/revista\/","logo":{"@type":"ImageObject","inLanguage":"es","@id":"https:\/\/centrourbano.com\/revista\/#\/schema\/logo\/image\/","url":"https:\/\/centrourbano.com\/revista\/wp-content\/uploads\/web_CU_logo-1.png","contentUrl":"https:\/\/centrourbano.com\/revista\/wp-content\/uploads\/web_CU_logo-1.png","width":350,"height":91,"caption":"Centro Urbano"},"image":{"@id":"https:\/\/centrourbano.com\/revista\/#\/schema\/logo\/image\/"},"sameAs":["https:\/\/www.facebook.com\/portalcentrourbano","https:\/\/x.com\/CentroUrbano","https:\/\/www.instagram.com\/centro_urbano\/","https:\/\/www.linkedin.com\/company\/centro-urbano\/","http:\/\/www.youtube.com\/user\/portalcentrourbano"]},{"@type":"Person","@id":"https:\/\/centrourbano.com\/revista\/#\/schema\/person\/fa3124fc7c30aaf90c5e85dc5ce88a3d","name":"Yareth Casanova","image":{"@type":"ImageObject","inLanguage":"es","@id":"https:\/\/secure.gravatar.com\/avatar\/cc5021d028a26acc18cd90754b870114c9449717d0cf43cc142712f089324f6d?s=96&d=mm&r=g","url":"https:\/\/secure.gravatar.com\/avatar\/cc5021d028a26acc18cd90754b870114c9449717d0cf43cc142712f089324f6d?s=96&d=mm&r=g","contentUrl":"https:\/\/secure.gravatar.com\/avatar\/cc5021d028a26acc18cd90754b870114c9449717d0cf43cc142712f089324f6d?s=96&d=mm&r=g","caption":"Yareth Casanova"},"description":"Egresada de la Universidad del Valle de M\u00e9xico en Ciencias de la Comunicaci\u00f3n. Fungi\u00f3 como community manager en el Senado de la Rep\u00fablica y como becaria en editorial Televisa. Actualmente se desempe\u00f1a como community manager y reportera en Centro Urbano. Es amante de los perros y sus pasiones son el baile, el cine, la pol\u00edtica y la moda.","url":"https:\/\/centrourbano.com\/revista\/author\/yarethcu\/"}]}},"_links":{"self":[{"href":"https:\/\/centrourbano.com\/revista\/wp-json\/wp\/v2\/posts\/27575","targetHints":{"allow":["GET"]}}],"collection":[{"href":"https:\/\/centrourbano.com\/revista\/wp-json\/wp\/v2\/posts"}],"about":[{"href":"https:\/\/centrourbano.com\/revista\/wp-json\/wp\/v2\/types\/post"}],"author":[{"embeddable":true,"href":"https:\/\/centrourbano.com\/revista\/wp-json\/wp\/v2\/users\/36"}],"replies":[{"embeddable":true,"href":"https:\/\/centrourbano.com\/revista\/wp-json\/wp\/v2\/comments?post=27575"}],"version-history":[{"count":0,"href":"https:\/\/centrourbano.com\/revista\/wp-json\/wp\/v2\/posts\/27575\/revisions"}],"wp:featuredmedia":[{"embeddable":true,"href":"https:\/\/centrourbano.com\/revista\/wp-json\/wp\/v2\/media\/27582"}],"wp:attachment":[{"href":"https:\/\/centrourbano.com\/revista\/wp-json\/wp\/v2\/media?parent=27575"}],"wp:term":[{"taxonomy":"category","embeddable":true,"href":"https:\/\/centrourbano.com\/revista\/wp-json\/wp\/v2\/categories?post=27575"},{"taxonomy":"post_tag","embeddable":true,"href":"https:\/\/centrourbano.com\/revista\/wp-json\/wp\/v2\/tags?post=27575"}],"curies":[{"name":"wp","href":"https:\/\/api.w.org\/{rel}","templated":true}]}}