{"id":2728,"date":"2014-01-16T09:00:43","date_gmt":"2014-01-16T15:00:43","guid":{"rendered":"http:\/\/centrourbano.com\/?p=2728"},"modified":"2014-03-21T15:27:33","modified_gmt":"2014-03-21T21:27:33","slug":"destinan-14-mde-para-nama-de-vivienda-nueva","status":"publish","type":"post","link":"https:\/\/centrourbano.com\/revista\/vivienda\/destinan-14-mde-para-nama-de-vivienda-nueva\/","title":{"rendered":"Destinan 14 millones de euros a programa de vivienda verde"},"content":{"rendered":"<p><em>El Gobierno mexicano recibir\u00e1 10 millones de euros mediante la SHF y el resto a trav\u00e9s de la Conavi<\/em><\/p>\n<p>&nbsp;<\/p>\n<p><!--more--><\/p>\n<p>&nbsp;<\/p>\n<p>A trav\u00e9s del financiamiento en apoyo a las Acciones Nacionales Apropiadas de Mitigaci\u00f3n (NAMA\u00b4s, por sus siglas en ingl\u00e9s), los Gobiernos de Alemania y Reino Unido destinar\u00e1n 14 millones de euros para la construcci\u00f3n de vivienda sustentable en M\u00e9xico.<\/p>\n<p>\u201cM\u00e9xico con su legislaci\u00f3n ambiental y sus esfuerzos en la lucha contra el cambio clim\u00e1tico es el socio ideal, el primero en todo el mundo\u201d, expres\u00f3 en entrevista Edmund Duckwitz, embajador de Alemania.<\/p>\n<p>Se trata del programa NAMA de Vivienda Nueva, el cual es resultado de una iniciativa entre el Reino Unido y Alemania anunciada durante la conferencia de Doha en 2012.<\/p>\n<p>De esta manera, el Gobierno mexicano recibir\u00e1 10 millones de euros mediante la Sociedad Hipotecaria Federal (SHF), mientras que 4 millones de euros ser\u00e1n entregados a trav\u00e9s de la Comisi\u00f3n Nacional de Vivienda (Conavi).<\/p>\n<p>Los recursos \u201cser\u00e1n para desarrollar y actualizar el marco legal, as\u00ed como el fomento de capacidades de desarrolladores de vivienda d\u00e1ndoles asistencia t\u00e9cnica\u201d, detall\u00f3 Paloma Silva, directora de la Conavi.<\/p>\n<p>Dijo que tambi\u00e9n se impulsar\u00e1 el desarrollo de proveedores mexicanos para producir ecotecnolog\u00edas, la cuales hoy d\u00eda son 80 por ciento m\u00e1s barata en el resto del mundo que en M\u00e9xico.<\/p>\n<p>Asimismo, se prev\u00e9 atraer m\u00e1s recursos tanto nacionales como internacionales para la construcci\u00f3n de m\u00e1s vivienda con ecotecnolog\u00edas.<\/p>\n<p>En una primera etapa se espera reducir 20 por ciento de gases de efecto invernadero, hasta lograr que la vivienda sea \u201cpasiva\u201d, es decir, una vivienda con cero emisiones de di\u00f3xido de carbono.<\/p>\n<p>Actualmente, entidades como Aguascalientes, Quintana Roo, Guadalajara, Hermosillo, Monterrey, Morelia, Estado de M\u00e9xico y Acapulco, se han llevado a cabo proyectos pilotos de NAMA\u00b4s, para generar herramientas de dise\u00f1o, monitoreo y verificaci\u00f3n que garanticen que las viviendas tengan un bajo impacto en el medio ambiente, adem\u00e1s de un beneficio a la econom\u00eda domestica.<\/p>\n<p>Dichos proyectos suman 250 mil viviendas que han sido financiadas por la SHF as\u00ed como a trav\u00e9s de programas como \u201cS\u00ed se vive\u201d impulsado por el Instituto del Fondo Nacional de la Vivienda para los Trabajadores (Infonavit), diferente al programa de Hipoteca Verde que hoy suma 360 mil viviendas con ecotecnolog\u00edas.<\/p>\n<p>\u201cEl programa \u201cS\u00ed se vive\u201d, es el \u00e1rea que incorpora los elementos espec\u00edficos del NAMA y nosotros prevemos que el Infonavit podr\u00e1 aportar dos grandes elementos para el \u00e9xito de este programa, por un lado la penetraci\u00f3n y por otro la escala que se requiere para ser \u00e9xitos como la plataforma financiera que tenemos\u201d, declar\u00f3 Alejando Murat, director general de Instituto.<\/p>\n<p>Por su parte el titular de la Sedatu, Jorge Carlos Ram\u00edrez Mar\u00edn, adelant\u00f3 que se espera recibir 50 millones m\u00e1s de recursos disponibles del fondo NAMA, a partir del mes de agosto cuando se presentan los proyectos de NAMA&#8217;s para M\u00e9xico.<\/p>\n","protected":false},"excerpt":{"rendered":"<p>El Gobierno mexicano recibir\u00e1 10 millones de euros mediante la SHF y el resto a trav\u00e9s de la Conavi &nbsp;<\/p>\n","protected":false},"author":8,"featured_media":0,"comment_status":"open","ping_status":"closed","sticky":false,"template":"","format":"standard","meta":{"om_disable_all_campaigns":false,"inline_featured_image":false,"_monsterinsights_skip_tracking":false,"_monsterinsights_sitenote_active":false,"_monsterinsights_sitenote_note":"","_monsterinsights_sitenote_category":0,"footnotes":""},"categories":[12],"tags":[844,540,261,105,582],"class_list":["post-2728","post","type-post","status-publish","format-standard","hentry","category-vivienda","tag-gobiernos-de-alemania-y-reino-unido","tag-jorge-carlos-ramirez-marin","tag-nama","tag-sedatu","tag-vivienda-sustentable"],"yoast_head":"<!-- This site is optimized with the Yoast SEO plugin v27.4 - https:\/\/yoast.com\/product\/yoast-seo-wordpress\/ -->\n<title>Destinan 14 millones de euros a programa de vivienda verde -<\/title>\n<meta name=\"description\" content=\"El Gobierno mexicano recibir\u00e1 10 millones de euros mediante la SHF y el resto a trav\u00e9s de la Conavi &nbsp; &nbsp; A trav\u00e9s del financiamiento en apoyo a\" \/>\n<meta name=\"robots\" content=\"index, follow, max-snippet:-1, max-image-preview:large, max-video-preview:-1\" \/>\n<link rel=\"canonical\" href=\"https:\/\/centrourbano.com\/revista\/vivienda\/destinan-14-mde-para-nama-de-vivienda-nueva\/\" \/>\n<meta property=\"og:locale\" content=\"es_ES\" \/>\n<meta property=\"og:type\" content=\"article\" \/>\n<meta property=\"og:title\" content=\"Destinan 14 millones de euros a programa de vivienda verde -\" \/>\n<meta property=\"og:description\" content=\"El Gobierno mexicano recibir\u00e1 10 millones de euros mediante la SHF y el resto a trav\u00e9s de la Conavi &nbsp; &nbsp; A trav\u00e9s del financiamiento en apoyo a\" \/>\n<meta property=\"og:url\" content=\"https:\/\/centrourbano.com\/revista\/vivienda\/destinan-14-mde-para-nama-de-vivienda-nueva\/\" \/>\n<meta property=\"og:site_name\" content=\"Centro Urbano\" \/>\n<meta property=\"article:publisher\" content=\"https:\/\/www.facebook.com\/portalcentrourbano\" \/>\n<meta property=\"article:published_time\" content=\"2014-01-16T15:00:43+00:00\" \/>\n<meta property=\"article:modified_time\" content=\"2014-03-21T21:27:33+00:00\" \/>\n<meta property=\"og:image\" content=\"https:\/\/centrourbano.com\/revista\/wp-content\/uploads\/CU-logo.png\" \/>\n\t<meta property=\"og:image:width\" content=\"350\" \/>\n\t<meta property=\"og:image:height\" content=\"91\" \/>\n\t<meta property=\"og:image:type\" content=\"image\/png\" \/>\n<meta name=\"author\" content=\"Miriam Ram\u00edrez\" \/>\n<meta name=\"twitter:card\" content=\"summary_large_image\" \/>\n<meta name=\"twitter:creator\" content=\"@CentroUrbano\" \/>\n<meta name=\"twitter:site\" content=\"@CentroUrbano\" \/>\n<meta name=\"twitter:label1\" content=\"Escrito por\" \/>\n\t<meta name=\"twitter:data1\" content=\"Miriam Ram\u00edrez\" \/>\n\t<meta name=\"twitter:label2\" content=\"Tiempo de lectura\" \/>\n\t<meta name=\"twitter:data2\" content=\"3 minutos\" \/>\n<script type=\"application\/ld+json\" class=\"yoast-schema-graph\">{\"@context\":\"https:\\\/\\\/schema.org\",\"@graph\":[{\"@type\":\"Article\",\"@id\":\"https:\\\/\\\/centrourbano.com\\\/revista\\\/vivienda\\\/destinan-14-mde-para-nama-de-vivienda-nueva\\\/#article\",\"isPartOf\":{\"@id\":\"https:\\\/\\\/centrourbano.com\\\/revista\\\/vivienda\\\/destinan-14-mde-para-nama-de-vivienda-nueva\\\/\"},\"author\":{\"name\":\"Miriam Ram\u00edrez\",\"@id\":\"https:\\\/\\\/centrourbano.com\\\/revista\\\/#\\\/schema\\\/person\\\/8e96e5650a1f301864840f24693d98b6\"},\"headline\":\"Destinan 14 millones de euros a programa de vivienda verde\",\"datePublished\":\"2014-01-16T15:00:43+00:00\",\"dateModified\":\"2014-03-21T21:27:33+00:00\",\"mainEntityOfPage\":{\"@id\":\"https:\\\/\\\/centrourbano.com\\\/revista\\\/vivienda\\\/destinan-14-mde-para-nama-de-vivienda-nueva\\\/\"},\"wordCount\":515,\"commentCount\":0,\"publisher\":{\"@id\":\"https:\\\/\\\/centrourbano.com\\\/revista\\\/#organization\"},\"keywords\":[\"Gobiernos de Alemania y Reino Unido\",\"Jorge Carlos Ram\u00edrez Mar\u00edn\",\"NAMA\",\"Sedatu\",\"Vivienda sustentable\"],\"articleSection\":[\"Vivienda\"],\"inLanguage\":\"es\",\"potentialAction\":[{\"@type\":\"CommentAction\",\"name\":\"Comment\",\"target\":[\"https:\\\/\\\/centrourbano.com\\\/revista\\\/vivienda\\\/destinan-14-mde-para-nama-de-vivienda-nueva\\\/#respond\"]}]},{\"@type\":\"WebPage\",\"@id\":\"https:\\\/\\\/centrourbano.com\\\/revista\\\/vivienda\\\/destinan-14-mde-para-nama-de-vivienda-nueva\\\/\",\"url\":\"https:\\\/\\\/centrourbano.com\\\/revista\\\/vivienda\\\/destinan-14-mde-para-nama-de-vivienda-nueva\\\/\",\"name\":\"Destinan 14 millones de euros a programa de vivienda verde -\",\"isPartOf\":{\"@id\":\"https:\\\/\\\/centrourbano.com\\\/revista\\\/#website\"},\"datePublished\":\"2014-01-16T15:00:43+00:00\",\"dateModified\":\"2014-03-21T21:27:33+00:00\",\"description\":\"El Gobierno mexicano recibir\u00e1 10 millones de euros mediante la SHF y el resto a trav\u00e9s de la Conavi &nbsp; &nbsp; A trav\u00e9s del financiamiento en apoyo a\",\"breadcrumb\":{\"@id\":\"https:\\\/\\\/centrourbano.com\\\/revista\\\/vivienda\\\/destinan-14-mde-para-nama-de-vivienda-nueva\\\/#breadcrumb\"},\"inLanguage\":\"es\",\"potentialAction\":[{\"@type\":\"ReadAction\",\"target\":[\"https:\\\/\\\/centrourbano.com\\\/revista\\\/vivienda\\\/destinan-14-mde-para-nama-de-vivienda-nueva\\\/\"]}]},{\"@type\":\"BreadcrumbList\",\"@id\":\"https:\\\/\\\/centrourbano.com\\\/revista\\\/vivienda\\\/destinan-14-mde-para-nama-de-vivienda-nueva\\\/#breadcrumb\",\"itemListElement\":[{\"@type\":\"ListItem\",\"position\":1,\"name\":\"Portada\",\"item\":\"https:\\\/\\\/centrourbano.com\\\/revista\\\/\"},{\"@type\":\"ListItem\",\"position\":2,\"name\":\"Destinan 14 millones de euros a programa de vivienda verde\"}]},{\"@type\":\"WebSite\",\"@id\":\"https:\\\/\\\/centrourbano.com\\\/revista\\\/#website\",\"url\":\"https:\\\/\\\/centrourbano.com\\\/revista\\\/\",\"name\":\"Centro Urbano\",\"description\":\"Medio especializado en los sectores vivienda, inmobiliario, construcci\u00f3n, arquitectura y urbanismo.\",\"publisher\":{\"@id\":\"https:\\\/\\\/centrourbano.com\\\/revista\\\/#organization\"},\"potentialAction\":[{\"@type\":\"SearchAction\",\"target\":{\"@type\":\"EntryPoint\",\"urlTemplate\":\"https:\\\/\\\/centrourbano.com\\\/revista\\\/?s={search_term_string}\"},\"query-input\":{\"@type\":\"PropertyValueSpecification\",\"valueRequired\":true,\"valueName\":\"search_term_string\"}}],\"inLanguage\":\"es\"},{\"@type\":\"Organization\",\"@id\":\"https:\\\/\\\/centrourbano.com\\\/revista\\\/#organization\",\"name\":\"Centro Urbano\",\"url\":\"https:\\\/\\\/centrourbano.com\\\/revista\\\/\",\"logo\":{\"@type\":\"ImageObject\",\"inLanguage\":\"es\",\"@id\":\"https:\\\/\\\/centrourbano.com\\\/revista\\\/#\\\/schema\\\/logo\\\/image\\\/\",\"url\":\"https:\\\/\\\/centrourbano.com\\\/revista\\\/wp-content\\\/uploads\\\/web_CU_logo-1.png\",\"contentUrl\":\"https:\\\/\\\/centrourbano.com\\\/revista\\\/wp-content\\\/uploads\\\/web_CU_logo-1.png\",\"width\":350,\"height\":91,\"caption\":\"Centro Urbano\"},\"image\":{\"@id\":\"https:\\\/\\\/centrourbano.com\\\/revista\\\/#\\\/schema\\\/logo\\\/image\\\/\"},\"sameAs\":[\"https:\\\/\\\/www.facebook.com\\\/portalcentrourbano\",\"https:\\\/\\\/x.com\\\/CentroUrbano\",\"https:\\\/\\\/www.instagram.com\\\/centro_urbano\\\/\",\"https:\\\/\\\/www.linkedin.com\\\/company\\\/centro-urbano\\\/\",\"http:\\\/\\\/www.youtube.com\\\/user\\\/portalcentrourbano\"]},{\"@type\":\"Person\",\"@id\":\"https:\\\/\\\/centrourbano.com\\\/revista\\\/#\\\/schema\\\/person\\\/8e96e5650a1f301864840f24693d98b6\",\"name\":\"Miriam Ram\u00edrez\",\"image\":{\"@type\":\"ImageObject\",\"inLanguage\":\"es\",\"@id\":\"https:\\\/\\\/secure.gravatar.com\\\/avatar\\\/52e1e49302f0128090863d692f98b177207156043d7f590fa6a3f55395c77a19?s=96&d=mm&r=g\",\"url\":\"https:\\\/\\\/secure.gravatar.com\\\/avatar\\\/52e1e49302f0128090863d692f98b177207156043d7f590fa6a3f55395c77a19?s=96&d=mm&r=g\",\"contentUrl\":\"https:\\\/\\\/secure.gravatar.com\\\/avatar\\\/52e1e49302f0128090863d692f98b177207156043d7f590fa6a3f55395c77a19?s=96&d=mm&r=g\",\"caption\":\"Miriam Ram\u00edrez\"},\"description\":\"Egresada de la FES Arag\u00f3n, UNAM; con experiencia en el ramo agropecuario en el suplemento AgroXXI de Milenio, hoy desde Centro Urbano reporta las noticias con temas que ata\u00f1en a las grandes ramas de la industria habitacional como el sector inmobiliario, hipotecario y vivienda; le apasiona todo aquello que vale la pena: la escritura, la m\u00fasica y la lectura.\",\"sameAs\":[\"http:\\\/\\\/@MiriamR_CU\"],\"url\":\"https:\\\/\\\/centrourbano.com\\\/revista\\\/author\\\/miriam-ramirez\\\/\"}]}<\/script>\n<!-- \/ Yoast SEO plugin. -->","yoast_head_json":{"title":"Destinan 14 millones de euros a programa de vivienda verde -","description":"El Gobierno mexicano recibir\u00e1 10 millones de euros mediante la SHF y el resto a trav\u00e9s de la Conavi &nbsp; &nbsp; A trav\u00e9s del financiamiento en apoyo a","robots":{"index":"index","follow":"follow","max-snippet":"max-snippet:-1","max-image-preview":"max-image-preview:large","max-video-preview":"max-video-preview:-1"},"canonical":"https:\/\/centrourbano.com\/revista\/vivienda\/destinan-14-mde-para-nama-de-vivienda-nueva\/","og_locale":"es_ES","og_type":"article","og_title":"Destinan 14 millones de euros a programa de vivienda verde -","og_description":"El Gobierno mexicano recibir\u00e1 10 millones de euros mediante la SHF y el resto a trav\u00e9s de la Conavi &nbsp; &nbsp; A trav\u00e9s del financiamiento en apoyo a","og_url":"https:\/\/centrourbano.com\/revista\/vivienda\/destinan-14-mde-para-nama-de-vivienda-nueva\/","og_site_name":"Centro Urbano","article_publisher":"https:\/\/www.facebook.com\/portalcentrourbano","article_published_time":"2014-01-16T15:00:43+00:00","article_modified_time":"2014-03-21T21:27:33+00:00","og_image":[{"width":350,"height":91,"url":"https:\/\/centrourbano.com\/revista\/wp-content\/uploads\/CU-logo.png","type":"image\/png"}],"author":"Miriam Ram\u00edrez","twitter_card":"summary_large_image","twitter_creator":"@CentroUrbano","twitter_site":"@CentroUrbano","twitter_misc":{"Escrito por":"Miriam Ram\u00edrez","Tiempo de lectura":"3 minutos"},"schema":{"@context":"https:\/\/schema.org","@graph":[{"@type":"Article","@id":"https:\/\/centrourbano.com\/revista\/vivienda\/destinan-14-mde-para-nama-de-vivienda-nueva\/#article","isPartOf":{"@id":"https:\/\/centrourbano.com\/revista\/vivienda\/destinan-14-mde-para-nama-de-vivienda-nueva\/"},"author":{"name":"Miriam Ram\u00edrez","@id":"https:\/\/centrourbano.com\/revista\/#\/schema\/person\/8e96e5650a1f301864840f24693d98b6"},"headline":"Destinan 14 millones de euros a programa de vivienda verde","datePublished":"2014-01-16T15:00:43+00:00","dateModified":"2014-03-21T21:27:33+00:00","mainEntityOfPage":{"@id":"https:\/\/centrourbano.com\/revista\/vivienda\/destinan-14-mde-para-nama-de-vivienda-nueva\/"},"wordCount":515,"commentCount":0,"publisher":{"@id":"https:\/\/centrourbano.com\/revista\/#organization"},"keywords":["Gobiernos de Alemania y Reino Unido","Jorge Carlos Ram\u00edrez Mar\u00edn","NAMA","Sedatu","Vivienda sustentable"],"articleSection":["Vivienda"],"inLanguage":"es","potentialAction":[{"@type":"CommentAction","name":"Comment","target":["https:\/\/centrourbano.com\/revista\/vivienda\/destinan-14-mde-para-nama-de-vivienda-nueva\/#respond"]}]},{"@type":"WebPage","@id":"https:\/\/centrourbano.com\/revista\/vivienda\/destinan-14-mde-para-nama-de-vivienda-nueva\/","url":"https:\/\/centrourbano.com\/revista\/vivienda\/destinan-14-mde-para-nama-de-vivienda-nueva\/","name":"Destinan 14 millones de euros a programa de vivienda verde -","isPartOf":{"@id":"https:\/\/centrourbano.com\/revista\/#website"},"datePublished":"2014-01-16T15:00:43+00:00","dateModified":"2014-03-21T21:27:33+00:00","description":"El Gobierno mexicano recibir\u00e1 10 millones de euros mediante la SHF y el resto a trav\u00e9s de la Conavi &nbsp; &nbsp; A trav\u00e9s del financiamiento en apoyo a","breadcrumb":{"@id":"https:\/\/centrourbano.com\/revista\/vivienda\/destinan-14-mde-para-nama-de-vivienda-nueva\/#breadcrumb"},"inLanguage":"es","potentialAction":[{"@type":"ReadAction","target":["https:\/\/centrourbano.com\/revista\/vivienda\/destinan-14-mde-para-nama-de-vivienda-nueva\/"]}]},{"@type":"BreadcrumbList","@id":"https:\/\/centrourbano.com\/revista\/vivienda\/destinan-14-mde-para-nama-de-vivienda-nueva\/#breadcrumb","itemListElement":[{"@type":"ListItem","position":1,"name":"Portada","item":"https:\/\/centrourbano.com\/revista\/"},{"@type":"ListItem","position":2,"name":"Destinan 14 millones de euros a programa de vivienda verde"}]},{"@type":"WebSite","@id":"https:\/\/centrourbano.com\/revista\/#website","url":"https:\/\/centrourbano.com\/revista\/","name":"Centro Urbano","description":"Medio especializado en los sectores vivienda, inmobiliario, construcci\u00f3n, arquitectura y urbanismo.","publisher":{"@id":"https:\/\/centrourbano.com\/revista\/#organization"},"potentialAction":[{"@type":"SearchAction","target":{"@type":"EntryPoint","urlTemplate":"https:\/\/centrourbano.com\/revista\/?s={search_term_string}"},"query-input":{"@type":"PropertyValueSpecification","valueRequired":true,"valueName":"search_term_string"}}],"inLanguage":"es"},{"@type":"Organization","@id":"https:\/\/centrourbano.com\/revista\/#organization","name":"Centro Urbano","url":"https:\/\/centrourbano.com\/revista\/","logo":{"@type":"ImageObject","inLanguage":"es","@id":"https:\/\/centrourbano.com\/revista\/#\/schema\/logo\/image\/","url":"https:\/\/centrourbano.com\/revista\/wp-content\/uploads\/web_CU_logo-1.png","contentUrl":"https:\/\/centrourbano.com\/revista\/wp-content\/uploads\/web_CU_logo-1.png","width":350,"height":91,"caption":"Centro Urbano"},"image":{"@id":"https:\/\/centrourbano.com\/revista\/#\/schema\/logo\/image\/"},"sameAs":["https:\/\/www.facebook.com\/portalcentrourbano","https:\/\/x.com\/CentroUrbano","https:\/\/www.instagram.com\/centro_urbano\/","https:\/\/www.linkedin.com\/company\/centro-urbano\/","http:\/\/www.youtube.com\/user\/portalcentrourbano"]},{"@type":"Person","@id":"https:\/\/centrourbano.com\/revista\/#\/schema\/person\/8e96e5650a1f301864840f24693d98b6","name":"Miriam Ram\u00edrez","image":{"@type":"ImageObject","inLanguage":"es","@id":"https:\/\/secure.gravatar.com\/avatar\/52e1e49302f0128090863d692f98b177207156043d7f590fa6a3f55395c77a19?s=96&d=mm&r=g","url":"https:\/\/secure.gravatar.com\/avatar\/52e1e49302f0128090863d692f98b177207156043d7f590fa6a3f55395c77a19?s=96&d=mm&r=g","contentUrl":"https:\/\/secure.gravatar.com\/avatar\/52e1e49302f0128090863d692f98b177207156043d7f590fa6a3f55395c77a19?s=96&d=mm&r=g","caption":"Miriam Ram\u00edrez"},"description":"Egresada de la FES Arag\u00f3n, UNAM; con experiencia en el ramo agropecuario en el suplemento AgroXXI de Milenio, hoy desde Centro Urbano reporta las noticias con temas que ata\u00f1en a las grandes ramas de la industria habitacional como el sector inmobiliario, hipotecario y vivienda; le apasiona todo aquello que vale la pena: la escritura, la m\u00fasica y la lectura.","sameAs":["http:\/\/@MiriamR_CU"],"url":"https:\/\/centrourbano.com\/revista\/author\/miriam-ramirez\/"}]}},"_links":{"self":[{"href":"https:\/\/centrourbano.com\/revista\/wp-json\/wp\/v2\/posts\/2728","targetHints":{"allow":["GET"]}}],"collection":[{"href":"https:\/\/centrourbano.com\/revista\/wp-json\/wp\/v2\/posts"}],"about":[{"href":"https:\/\/centrourbano.com\/revista\/wp-json\/wp\/v2\/types\/post"}],"author":[{"embeddable":true,"href":"https:\/\/centrourbano.com\/revista\/wp-json\/wp\/v2\/users\/8"}],"replies":[{"embeddable":true,"href":"https:\/\/centrourbano.com\/revista\/wp-json\/wp\/v2\/comments?post=2728"}],"version-history":[{"count":0,"href":"https:\/\/centrourbano.com\/revista\/wp-json\/wp\/v2\/posts\/2728\/revisions"}],"wp:attachment":[{"href":"https:\/\/centrourbano.com\/revista\/wp-json\/wp\/v2\/media?parent=2728"}],"wp:term":[{"taxonomy":"category","embeddable":true,"href":"https:\/\/centrourbano.com\/revista\/wp-json\/wp\/v2\/categories?post=2728"},{"taxonomy":"post_tag","embeddable":true,"href":"https:\/\/centrourbano.com\/revista\/wp-json\/wp\/v2\/tags?post=2728"}],"curies":[{"name":"wp","href":"https:\/\/api.w.org\/{rel}","templated":true}]}}