{"id":26590,"date":"2015-12-07T15:56:03","date_gmt":"2015-12-07T21:56:03","guid":{"rendered":"http:\/\/centrourbano.com\/?p=26590"},"modified":"2015-12-07T15:56:49","modified_gmt":"2015-12-07T21:56:49","slug":"rehabilitaran-antigua-sede-bbva-en-madrid","status":"publish","type":"post","link":"https:\/\/centrourbano.com\/revista\/arquitectura-2\/rehabilitaran-antigua-sede-bbva-en-madrid\/","title":{"rendered":"Rehabilitar\u00e1n antigua sede BBVA en Madrid"},"content":{"rendered":"<p><em>Esta torre, dise\u00f1o del <a class=\"expresscurate_contentTags\" href=\"http:\/\/centrourbano.com\/tag\/arquitecto\/\">#arquitecto<\/a> Francisco S\u00e1enz de Oiza , ahora ser\u00e1 uno de los edificios de oficinas m\u00e1s sustentables y eficientes de la regi\u00f3n <\/em><!--more--><\/p>\n<p>La torre dise\u00f1ada por el arquitecto Francisco S\u00e1enz de Oiza en 1971, que hasta hace poco albergaba la sede <a class=\"expresscurate_contentTags\" href=\"http:\/\/centrourbano.com\/tag\/bbva\/\">#BBVA<\/a> en <a class=\"expresscurate_contentTags\" href=\"http:\/\/centrourbano.com\/tag\/madrid\/\">#Madrid<\/a>, ser\u00e1 rehabilitada por completo para convertirse en uno de los edificios de oficinas m\u00e1s sustentables y eficientes de la regi\u00f3n.<\/p>\n<p>Para esto, <a class=\"expresscurate_contentTags\" href=\"http:\/\/centrourbano.com\/tag\/ohl\/\">#OHL<\/a> se ha adjudicado el contrato de obras de <a class=\"expresscurate_contentTags\" href=\"http:\/\/centrourbano.com\/tag\/rehabilitacion\/\">#rehabilitaci\u00f3n<\/a> de la torre de <a class=\"expresscurate_contentTags\" href=\"http:\/\/centrourbano.com\/tag\/gmp\/\">#GMP<\/a> ubicada en el Paseo de la Castellana de Madrid, cuyo costo estimado es de 14.3 millones de euros.<\/p>\n<p>La constructora se encargar\u00e1 de la remodelaci\u00f3n de este emblem\u00e1tico inmueble del eje financiero de la capital que se construy\u00f3 a trav\u00e9s de Obrasc\u00f3n entre los a\u00f1os 1978 y 1981 como sede de Banco Bilbao.<\/p>\n<p>El proyecto de rehabilitaci\u00f3n respetar\u00e1 la singularidad arquitect\u00f3nica del edificio, al que adem\u00e1s dotar\u00e1 de los m\u00e1s altos est\u00e1ndares de sustentabilidad reduciendo significativamente su consumo de energ\u00eda, y contemplando el uso mayoritario de materiales reciclados,\u00a0as\u00ed como la ampliaci\u00f3n y renovaci\u00f3n de los espacios interiores y de las instalaciones del inmueble.<\/p>\n<p>El dise\u00f1o original de la torre cuenta con aproximadamente 107 metros de altura , 28 plantas de 1.325 metros cuadrados cada una, adem\u00e1s de 400 lugares de estacionamiento.<\/p>\n<p>OHL recuerda al edificio \u00a0rebautizado con el nombre de \u201cCastellana 81\u201d, como un referente de la <a class=\"expresscurate_contentTags\" href=\"http:\/\/centrourbano.com\/tag\/arquitectura\/\">#arquitectura<\/a> espa\u00f1ola moderna y del paisaje <a class=\"expresscurate_contentTags\" href=\"http:\/\/centrourbano.com\/tag\/urbano\/\">#urbano<\/a> de Madrid, ya que su particular fachada \u00a0combina el acristalamiento con una carpinter\u00eda en acero Cort\u00e9n, un material que, con el paso del tiempo, se oxida en su cara exterior para proteger su interior, lo que ha otorgado a la fachada un color y una textura caracter\u00edsticas.<\/p>\n<p>Cabe se\u00f1alar que el plazo de ejecuci\u00f3n de este proyecto que ya comenz\u00f3 su edificaci\u00f3n, ser\u00e1 de doce meses para la obra y seis meses para la parte a\u00fan ocupada por el banco.<\/p>\n","protected":false},"excerpt":{"rendered":"<p>Esta torre, dise\u00f1o del #arquitecto Francisco S\u00e1enz de Oiza , ahora ser\u00e1 uno de los edificios de oficinas m\u00e1s sustentables y eficientes de la regi\u00f3n<\/p>\n","protected":false},"author":9,"featured_media":26593,"comment_status":"open","ping_status":"closed","sticky":false,"template":"","format":"standard","meta":{"om_disable_all_campaigns":false,"inline_featured_image":false,"_monsterinsights_skip_tracking":false,"_monsterinsights_sitenote_active":false,"_monsterinsights_sitenote_note":"","_monsterinsights_sitenote_category":0,"footnotes":""},"categories":[81],"tags":[712,20,1053,7165,1541,563,158,516],"class_list":["post-26590","post","type-post","status-publish","format-standard","has-post-thumbnail","hentry","category-arquitectura-2","tag-arquitecto","tag-arquitectura","tag-bbva","tag-gmp","tag-madrid","tag-ohl","tag-rehabilitacion","tag-urbano"],"yoast_head":"<!-- This site is optimized with the Yoast SEO plugin v27.5 - https:\/\/yoast.com\/product\/yoast-seo-wordpress\/ -->\n<title>Rehabilitar\u00e1n antigua sede BBVA en Madrid -<\/title>\n<meta name=\"description\" content=\"Esta torre, dise\u00f1o del #arquitecto Francisco S\u00e1enz de Oiza , ahora ser\u00e1 uno de los edificios de oficinas m\u00e1s sustentables y eficientes de la regi\u00f3n La\" \/>\n<meta name=\"robots\" content=\"index, follow, max-snippet:-1, max-image-preview:large, max-video-preview:-1\" \/>\n<link rel=\"canonical\" href=\"https:\/\/centrourbano.com\/revista\/arquitectura-2\/rehabilitaran-antigua-sede-bbva-en-madrid\/\" \/>\n<meta property=\"og:locale\" content=\"es_ES\" \/>\n<meta property=\"og:type\" content=\"article\" \/>\n<meta property=\"og:title\" content=\"Rehabilitar\u00e1n antigua sede BBVA en Madrid -\" \/>\n<meta property=\"og:description\" content=\"Esta torre, dise\u00f1o del #arquitecto Francisco S\u00e1enz de Oiza , ahora ser\u00e1 uno de los edificios de oficinas m\u00e1s sustentables y eficientes de la regi\u00f3n La\" \/>\n<meta property=\"og:url\" content=\"https:\/\/centrourbano.com\/revista\/arquitectura-2\/rehabilitaran-antigua-sede-bbva-en-madrid\/\" \/>\n<meta property=\"og:site_name\" content=\"Centro Urbano\" \/>\n<meta property=\"article:publisher\" content=\"https:\/\/www.facebook.com\/portalcentrourbano\" \/>\n<meta property=\"article:published_time\" content=\"2015-12-07T21:56:03+00:00\" \/>\n<meta property=\"article:modified_time\" content=\"2015-12-07T21:56:49+00:00\" \/>\n<meta property=\"og:image\" content=\"https:\/\/centrourbano.com\/revista\/wp-content\/uploads\/5159855w-672xXx80.jpg\" \/>\n\t<meta property=\"og:image:width\" content=\"672\" \/>\n\t<meta property=\"og:image:height\" content=\"440\" \/>\n\t<meta property=\"og:image:type\" content=\"image\/jpeg\" \/>\n<meta name=\"author\" content=\"Dinorah Nava\" \/>\n<meta name=\"twitter:card\" content=\"summary_large_image\" \/>\n<meta name=\"twitter:creator\" content=\"@https:\/\/twitter.com\/Dinorah_Nava28\" \/>\n<meta name=\"twitter:site\" content=\"@CentroUrbano\" \/>\n<meta name=\"twitter:label1\" content=\"Escrito por\" \/>\n\t<meta name=\"twitter:data1\" content=\"Dinorah Nava\" \/>\n\t<meta name=\"twitter:label2\" content=\"Tiempo de lectura\" \/>\n\t<meta name=\"twitter:data2\" content=\"2 minutos\" \/>\n<script type=\"application\/ld+json\" class=\"yoast-schema-graph\">{\"@context\":\"https:\\\/\\\/schema.org\",\"@graph\":[{\"@type\":\"Article\",\"@id\":\"https:\\\/\\\/centrourbano.com\\\/revista\\\/arquitectura-2\\\/rehabilitaran-antigua-sede-bbva-en-madrid\\\/#article\",\"isPartOf\":{\"@id\":\"https:\\\/\\\/centrourbano.com\\\/revista\\\/arquitectura-2\\\/rehabilitaran-antigua-sede-bbva-en-madrid\\\/\"},\"author\":{\"name\":\"Dinorah Nava\",\"@id\":\"https:\\\/\\\/centrourbano.com\\\/revista\\\/#\\\/schema\\\/person\\\/b45db815d96831257ba428a3d5a5fbdc\"},\"headline\":\"Rehabilitar\u00e1n antigua sede BBVA en Madrid\",\"datePublished\":\"2015-12-07T21:56:03+00:00\",\"dateModified\":\"2015-12-07T21:56:49+00:00\",\"mainEntityOfPage\":{\"@id\":\"https:\\\/\\\/centrourbano.com\\\/revista\\\/arquitectura-2\\\/rehabilitaran-antigua-sede-bbva-en-madrid\\\/\"},\"wordCount\":347,\"commentCount\":0,\"publisher\":{\"@id\":\"https:\\\/\\\/centrourbano.com\\\/revista\\\/#organization\"},\"image\":{\"@id\":\"https:\\\/\\\/centrourbano.com\\\/revista\\\/arquitectura-2\\\/rehabilitaran-antigua-sede-bbva-en-madrid\\\/#primaryimage\"},\"thumbnailUrl\":\"https:\\\/\\\/centrourbano.com\\\/revista\\\/wp-content\\\/uploads\\\/5159855w-672xXx80.jpg\",\"keywords\":[\"arquitecto\",\"arquitectura\",\"BBVA\",\"GMP\",\"Madrid\",\"OHL\",\"Rehabilitaci\u00f3n\",\"urbano\"],\"articleSection\":[\"Arquitectura\"],\"inLanguage\":\"es\",\"potentialAction\":[{\"@type\":\"CommentAction\",\"name\":\"Comment\",\"target\":[\"https:\\\/\\\/centrourbano.com\\\/revista\\\/arquitectura-2\\\/rehabilitaran-antigua-sede-bbva-en-madrid\\\/#respond\"]}]},{\"@type\":\"WebPage\",\"@id\":\"https:\\\/\\\/centrourbano.com\\\/revista\\\/arquitectura-2\\\/rehabilitaran-antigua-sede-bbva-en-madrid\\\/\",\"url\":\"https:\\\/\\\/centrourbano.com\\\/revista\\\/arquitectura-2\\\/rehabilitaran-antigua-sede-bbva-en-madrid\\\/\",\"name\":\"Rehabilitar\u00e1n antigua sede BBVA en Madrid -\",\"isPartOf\":{\"@id\":\"https:\\\/\\\/centrourbano.com\\\/revista\\\/#website\"},\"primaryImageOfPage\":{\"@id\":\"https:\\\/\\\/centrourbano.com\\\/revista\\\/arquitectura-2\\\/rehabilitaran-antigua-sede-bbva-en-madrid\\\/#primaryimage\"},\"image\":{\"@id\":\"https:\\\/\\\/centrourbano.com\\\/revista\\\/arquitectura-2\\\/rehabilitaran-antigua-sede-bbva-en-madrid\\\/#primaryimage\"},\"thumbnailUrl\":\"https:\\\/\\\/centrourbano.com\\\/revista\\\/wp-content\\\/uploads\\\/5159855w-672xXx80.jpg\",\"datePublished\":\"2015-12-07T21:56:03+00:00\",\"dateModified\":\"2015-12-07T21:56:49+00:00\",\"description\":\"Esta torre, dise\u00f1o del #arquitecto Francisco S\u00e1enz de Oiza , ahora ser\u00e1 uno de los edificios de oficinas m\u00e1s sustentables y eficientes de la regi\u00f3n La\",\"breadcrumb\":{\"@id\":\"https:\\\/\\\/centrourbano.com\\\/revista\\\/arquitectura-2\\\/rehabilitaran-antigua-sede-bbva-en-madrid\\\/#breadcrumb\"},\"inLanguage\":\"es\",\"potentialAction\":[{\"@type\":\"ReadAction\",\"target\":[\"https:\\\/\\\/centrourbano.com\\\/revista\\\/arquitectura-2\\\/rehabilitaran-antigua-sede-bbva-en-madrid\\\/\"]}]},{\"@type\":\"ImageObject\",\"inLanguage\":\"es\",\"@id\":\"https:\\\/\\\/centrourbano.com\\\/revista\\\/arquitectura-2\\\/rehabilitaran-antigua-sede-bbva-en-madrid\\\/#primaryimage\",\"url\":\"https:\\\/\\\/centrourbano.com\\\/revista\\\/wp-content\\\/uploads\\\/5159855w-672xXx80.jpg\",\"contentUrl\":\"https:\\\/\\\/centrourbano.com\\\/revista\\\/wp-content\\\/uploads\\\/5159855w-672xXx80.jpg\",\"width\":672,\"height\":440},{\"@type\":\"BreadcrumbList\",\"@id\":\"https:\\\/\\\/centrourbano.com\\\/revista\\\/arquitectura-2\\\/rehabilitaran-antigua-sede-bbva-en-madrid\\\/#breadcrumb\",\"itemListElement\":[{\"@type\":\"ListItem\",\"position\":1,\"name\":\"Portada\",\"item\":\"https:\\\/\\\/centrourbano.com\\\/revista\\\/\"},{\"@type\":\"ListItem\",\"position\":2,\"name\":\"Rehabilitar\u00e1n antigua sede BBVA en Madrid\"}]},{\"@type\":\"WebSite\",\"@id\":\"https:\\\/\\\/centrourbano.com\\\/revista\\\/#website\",\"url\":\"https:\\\/\\\/centrourbano.com\\\/revista\\\/\",\"name\":\"Centro Urbano\",\"description\":\"Medio especializado en los sectores vivienda, inmobiliario, construcci\u00f3n, arquitectura y urbanismo.\",\"publisher\":{\"@id\":\"https:\\\/\\\/centrourbano.com\\\/revista\\\/#organization\"},\"potentialAction\":[{\"@type\":\"SearchAction\",\"target\":{\"@type\":\"EntryPoint\",\"urlTemplate\":\"https:\\\/\\\/centrourbano.com\\\/revista\\\/?s={search_term_string}\"},\"query-input\":{\"@type\":\"PropertyValueSpecification\",\"valueRequired\":true,\"valueName\":\"search_term_string\"}}],\"inLanguage\":\"es\"},{\"@type\":\"Organization\",\"@id\":\"https:\\\/\\\/centrourbano.com\\\/revista\\\/#organization\",\"name\":\"Centro Urbano\",\"url\":\"https:\\\/\\\/centrourbano.com\\\/revista\\\/\",\"logo\":{\"@type\":\"ImageObject\",\"inLanguage\":\"es\",\"@id\":\"https:\\\/\\\/centrourbano.com\\\/revista\\\/#\\\/schema\\\/logo\\\/image\\\/\",\"url\":\"https:\\\/\\\/centrourbano.com\\\/revista\\\/wp-content\\\/uploads\\\/web_CU_logo-1.png\",\"contentUrl\":\"https:\\\/\\\/centrourbano.com\\\/revista\\\/wp-content\\\/uploads\\\/web_CU_logo-1.png\",\"width\":350,\"height\":91,\"caption\":\"Centro Urbano\"},\"image\":{\"@id\":\"https:\\\/\\\/centrourbano.com\\\/revista\\\/#\\\/schema\\\/logo\\\/image\\\/\"},\"sameAs\":[\"https:\\\/\\\/www.facebook.com\\\/portalcentrourbano\",\"https:\\\/\\\/x.com\\\/CentroUrbano\",\"https:\\\/\\\/www.instagram.com\\\/centro_urbano\\\/\",\"https:\\\/\\\/www.linkedin.com\\\/company\\\/centro-urbano\\\/\",\"http:\\\/\\\/www.youtube.com\\\/user\\\/portalcentrourbano\"]},{\"@type\":\"Person\",\"@id\":\"https:\\\/\\\/centrourbano.com\\\/revista\\\/#\\\/schema\\\/person\\\/b45db815d96831257ba428a3d5a5fbdc\",\"name\":\"Dinorah Nava\",\"image\":{\"@type\":\"ImageObject\",\"inLanguage\":\"es\",\"@id\":\"https:\\\/\\\/secure.gravatar.com\\\/avatar\\\/f6ca6430c51d147f363940f84e1225aa4b8183885c11802cc3b042305a4ecc1a?s=96&d=mm&r=g\",\"url\":\"https:\\\/\\\/secure.gravatar.com\\\/avatar\\\/f6ca6430c51d147f363940f84e1225aa4b8183885c11802cc3b042305a4ecc1a?s=96&d=mm&r=g\",\"contentUrl\":\"https:\\\/\\\/secure.gravatar.com\\\/avatar\\\/f6ca6430c51d147f363940f84e1225aa4b8183885c11802cc3b042305a4ecc1a?s=96&d=mm&r=g\",\"caption\":\"Dinorah Nava\"},\"description\":\"Editora de Contenidos y Estrategias Digitales en Centro Urbano y Coeditora en Peri\u00f3dico Mi Casa. Egresada de la licenciatura en Comunicaci\u00f3n y Periodismo de la Facultad de Estudios Superiores Arag\u00f3n (UNAM). Amante de la edici\u00f3n y correcci\u00f3n de estilo, las redes sociales y el mundo digital. Especialista en temas son arquitectura, inmobiliario y urbanismo.\",\"sameAs\":[\"linkedin.com\\\/in\\\/dinorah-nava\",\"https:\\\/\\\/x.com\\\/https:\\\/\\\/twitter.com\\\/Dinorah_Nava28\"],\"url\":\"https:\\\/\\\/centrourbano.com\\\/revista\\\/author\\\/dinorah-nava\\\/\"}]}<\/script>\n<!-- \/ Yoast SEO plugin. -->","yoast_head_json":{"title":"Rehabilitar\u00e1n antigua sede BBVA en Madrid -","description":"Esta torre, dise\u00f1o del #arquitecto Francisco S\u00e1enz de Oiza , ahora ser\u00e1 uno de los edificios de oficinas m\u00e1s sustentables y eficientes de la regi\u00f3n La","robots":{"index":"index","follow":"follow","max-snippet":"max-snippet:-1","max-image-preview":"max-image-preview:large","max-video-preview":"max-video-preview:-1"},"canonical":"https:\/\/centrourbano.com\/revista\/arquitectura-2\/rehabilitaran-antigua-sede-bbva-en-madrid\/","og_locale":"es_ES","og_type":"article","og_title":"Rehabilitar\u00e1n antigua sede BBVA en Madrid -","og_description":"Esta torre, dise\u00f1o del #arquitecto Francisco S\u00e1enz de Oiza , ahora ser\u00e1 uno de los edificios de oficinas m\u00e1s sustentables y eficientes de la regi\u00f3n La","og_url":"https:\/\/centrourbano.com\/revista\/arquitectura-2\/rehabilitaran-antigua-sede-bbva-en-madrid\/","og_site_name":"Centro Urbano","article_publisher":"https:\/\/www.facebook.com\/portalcentrourbano","article_published_time":"2015-12-07T21:56:03+00:00","article_modified_time":"2015-12-07T21:56:49+00:00","og_image":[{"width":672,"height":440,"url":"https:\/\/centrourbano.com\/revista\/wp-content\/uploads\/5159855w-672xXx80.jpg","type":"image\/jpeg"}],"author":"Dinorah Nava","twitter_card":"summary_large_image","twitter_creator":"@https:\/\/twitter.com\/Dinorah_Nava28","twitter_site":"@CentroUrbano","twitter_misc":{"Escrito por":"Dinorah Nava","Tiempo de lectura":"2 minutos"},"schema":{"@context":"https:\/\/schema.org","@graph":[{"@type":"Article","@id":"https:\/\/centrourbano.com\/revista\/arquitectura-2\/rehabilitaran-antigua-sede-bbva-en-madrid\/#article","isPartOf":{"@id":"https:\/\/centrourbano.com\/revista\/arquitectura-2\/rehabilitaran-antigua-sede-bbva-en-madrid\/"},"author":{"name":"Dinorah Nava","@id":"https:\/\/centrourbano.com\/revista\/#\/schema\/person\/b45db815d96831257ba428a3d5a5fbdc"},"headline":"Rehabilitar\u00e1n antigua sede BBVA en Madrid","datePublished":"2015-12-07T21:56:03+00:00","dateModified":"2015-12-07T21:56:49+00:00","mainEntityOfPage":{"@id":"https:\/\/centrourbano.com\/revista\/arquitectura-2\/rehabilitaran-antigua-sede-bbva-en-madrid\/"},"wordCount":347,"commentCount":0,"publisher":{"@id":"https:\/\/centrourbano.com\/revista\/#organization"},"image":{"@id":"https:\/\/centrourbano.com\/revista\/arquitectura-2\/rehabilitaran-antigua-sede-bbva-en-madrid\/#primaryimage"},"thumbnailUrl":"https:\/\/centrourbano.com\/revista\/wp-content\/uploads\/5159855w-672xXx80.jpg","keywords":["arquitecto","arquitectura","BBVA","GMP","Madrid","OHL","Rehabilitaci\u00f3n","urbano"],"articleSection":["Arquitectura"],"inLanguage":"es","potentialAction":[{"@type":"CommentAction","name":"Comment","target":["https:\/\/centrourbano.com\/revista\/arquitectura-2\/rehabilitaran-antigua-sede-bbva-en-madrid\/#respond"]}]},{"@type":"WebPage","@id":"https:\/\/centrourbano.com\/revista\/arquitectura-2\/rehabilitaran-antigua-sede-bbva-en-madrid\/","url":"https:\/\/centrourbano.com\/revista\/arquitectura-2\/rehabilitaran-antigua-sede-bbva-en-madrid\/","name":"Rehabilitar\u00e1n antigua sede BBVA en Madrid -","isPartOf":{"@id":"https:\/\/centrourbano.com\/revista\/#website"},"primaryImageOfPage":{"@id":"https:\/\/centrourbano.com\/revista\/arquitectura-2\/rehabilitaran-antigua-sede-bbva-en-madrid\/#primaryimage"},"image":{"@id":"https:\/\/centrourbano.com\/revista\/arquitectura-2\/rehabilitaran-antigua-sede-bbva-en-madrid\/#primaryimage"},"thumbnailUrl":"https:\/\/centrourbano.com\/revista\/wp-content\/uploads\/5159855w-672xXx80.jpg","datePublished":"2015-12-07T21:56:03+00:00","dateModified":"2015-12-07T21:56:49+00:00","description":"Esta torre, dise\u00f1o del #arquitecto Francisco S\u00e1enz de Oiza , ahora ser\u00e1 uno de los edificios de oficinas m\u00e1s sustentables y eficientes de la regi\u00f3n La","breadcrumb":{"@id":"https:\/\/centrourbano.com\/revista\/arquitectura-2\/rehabilitaran-antigua-sede-bbva-en-madrid\/#breadcrumb"},"inLanguage":"es","potentialAction":[{"@type":"ReadAction","target":["https:\/\/centrourbano.com\/revista\/arquitectura-2\/rehabilitaran-antigua-sede-bbva-en-madrid\/"]}]},{"@type":"ImageObject","inLanguage":"es","@id":"https:\/\/centrourbano.com\/revista\/arquitectura-2\/rehabilitaran-antigua-sede-bbva-en-madrid\/#primaryimage","url":"https:\/\/centrourbano.com\/revista\/wp-content\/uploads\/5159855w-672xXx80.jpg","contentUrl":"https:\/\/centrourbano.com\/revista\/wp-content\/uploads\/5159855w-672xXx80.jpg","width":672,"height":440},{"@type":"BreadcrumbList","@id":"https:\/\/centrourbano.com\/revista\/arquitectura-2\/rehabilitaran-antigua-sede-bbva-en-madrid\/#breadcrumb","itemListElement":[{"@type":"ListItem","position":1,"name":"Portada","item":"https:\/\/centrourbano.com\/revista\/"},{"@type":"ListItem","position":2,"name":"Rehabilitar\u00e1n antigua sede BBVA en Madrid"}]},{"@type":"WebSite","@id":"https:\/\/centrourbano.com\/revista\/#website","url":"https:\/\/centrourbano.com\/revista\/","name":"Centro Urbano","description":"Medio especializado en los sectores vivienda, inmobiliario, construcci\u00f3n, arquitectura y urbanismo.","publisher":{"@id":"https:\/\/centrourbano.com\/revista\/#organization"},"potentialAction":[{"@type":"SearchAction","target":{"@type":"EntryPoint","urlTemplate":"https:\/\/centrourbano.com\/revista\/?s={search_term_string}"},"query-input":{"@type":"PropertyValueSpecification","valueRequired":true,"valueName":"search_term_string"}}],"inLanguage":"es"},{"@type":"Organization","@id":"https:\/\/centrourbano.com\/revista\/#organization","name":"Centro Urbano","url":"https:\/\/centrourbano.com\/revista\/","logo":{"@type":"ImageObject","inLanguage":"es","@id":"https:\/\/centrourbano.com\/revista\/#\/schema\/logo\/image\/","url":"https:\/\/centrourbano.com\/revista\/wp-content\/uploads\/web_CU_logo-1.png","contentUrl":"https:\/\/centrourbano.com\/revista\/wp-content\/uploads\/web_CU_logo-1.png","width":350,"height":91,"caption":"Centro Urbano"},"image":{"@id":"https:\/\/centrourbano.com\/revista\/#\/schema\/logo\/image\/"},"sameAs":["https:\/\/www.facebook.com\/portalcentrourbano","https:\/\/x.com\/CentroUrbano","https:\/\/www.instagram.com\/centro_urbano\/","https:\/\/www.linkedin.com\/company\/centro-urbano\/","http:\/\/www.youtube.com\/user\/portalcentrourbano"]},{"@type":"Person","@id":"https:\/\/centrourbano.com\/revista\/#\/schema\/person\/b45db815d96831257ba428a3d5a5fbdc","name":"Dinorah Nava","image":{"@type":"ImageObject","inLanguage":"es","@id":"https:\/\/secure.gravatar.com\/avatar\/f6ca6430c51d147f363940f84e1225aa4b8183885c11802cc3b042305a4ecc1a?s=96&d=mm&r=g","url":"https:\/\/secure.gravatar.com\/avatar\/f6ca6430c51d147f363940f84e1225aa4b8183885c11802cc3b042305a4ecc1a?s=96&d=mm&r=g","contentUrl":"https:\/\/secure.gravatar.com\/avatar\/f6ca6430c51d147f363940f84e1225aa4b8183885c11802cc3b042305a4ecc1a?s=96&d=mm&r=g","caption":"Dinorah Nava"},"description":"Editora de Contenidos y Estrategias Digitales en Centro Urbano y Coeditora en Peri\u00f3dico Mi Casa. Egresada de la licenciatura en Comunicaci\u00f3n y Periodismo de la Facultad de Estudios Superiores Arag\u00f3n (UNAM). Amante de la edici\u00f3n y correcci\u00f3n de estilo, las redes sociales y el mundo digital. Especialista en temas son arquitectura, inmobiliario y urbanismo.","sameAs":["linkedin.com\/in\/dinorah-nava","https:\/\/x.com\/https:\/\/twitter.com\/Dinorah_Nava28"],"url":"https:\/\/centrourbano.com\/revista\/author\/dinorah-nava\/"}]}},"_links":{"self":[{"href":"https:\/\/centrourbano.com\/revista\/wp-json\/wp\/v2\/posts\/26590","targetHints":{"allow":["GET"]}}],"collection":[{"href":"https:\/\/centrourbano.com\/revista\/wp-json\/wp\/v2\/posts"}],"about":[{"href":"https:\/\/centrourbano.com\/revista\/wp-json\/wp\/v2\/types\/post"}],"author":[{"embeddable":true,"href":"https:\/\/centrourbano.com\/revista\/wp-json\/wp\/v2\/users\/9"}],"replies":[{"embeddable":true,"href":"https:\/\/centrourbano.com\/revista\/wp-json\/wp\/v2\/comments?post=26590"}],"version-history":[{"count":0,"href":"https:\/\/centrourbano.com\/revista\/wp-json\/wp\/v2\/posts\/26590\/revisions"}],"wp:featuredmedia":[{"embeddable":true,"href":"https:\/\/centrourbano.com\/revista\/wp-json\/wp\/v2\/media\/26593"}],"wp:attachment":[{"href":"https:\/\/centrourbano.com\/revista\/wp-json\/wp\/v2\/media?parent=26590"}],"wp:term":[{"taxonomy":"category","embeddable":true,"href":"https:\/\/centrourbano.com\/revista\/wp-json\/wp\/v2\/categories?post=26590"},{"taxonomy":"post_tag","embeddable":true,"href":"https:\/\/centrourbano.com\/revista\/wp-json\/wp\/v2\/tags?post=26590"}],"curies":[{"name":"wp","href":"https:\/\/api.w.org\/{rel}","templated":true}]}}