{"id":26571,"date":"2015-12-07T11:45:29","date_gmt":"2015-12-07T17:45:29","guid":{"rendered":"http:\/\/centrourbano.com\/?p=26571"},"modified":"2015-12-07T11:58:51","modified_gmt":"2015-12-07T17:58:51","slug":"eligen-a-nuevo-presidente-nacional-de-la-coparmex","status":"publish","type":"post","link":"https:\/\/centrourbano.com\/revista\/actualidad\/eligen-a-nuevo-presidente-nacional-de-la-coparmex\/","title":{"rendered":"Eligen a nuevo presidente nacional de la Coparmex"},"content":{"rendered":"<p>&nbsp;<\/p>\n<p><em>Revitalizar el papel social de las empresas para el desarrollo de las personas: De Hoyos<\/em><!--more--><\/p>\n<p><a class=\"expresscurate_contentTags\" href=\"http:\/\/centrourbano.com\/tag\/gustavo-de-hoyos\/\">#Gustavo de Hoyos<\/a> fue electo como nuevo presidente nacional de la Confederaci\u00f3n Patronal de la Rep\u00fablica Mexicana (<a class=\"expresscurate_contentTags\" href=\"http:\/\/centrourbano.com\/tag\/coparmex\/\">#COPARMEX<\/a>), para ocupar el puesto en el periodo 2016-2017.<\/p>\n<p>En su toma de protesta, hizo un llamado a la unidad de los 36,000 socios de la confederaci\u00f3n, quienes aportan el 30% del Producto Interno Bruto, para trabar en los retos actuales del pa\u00eds. Como impulsar un marco fiscal para incentivar la competitividad, para simplificar el cumplimiento de sus obligaciones y promover la inversi\u00f3n.<\/p>\n<p>El empresario agreg\u00f3 que se debe impulsar una nueva cultura empresarial que se base en la innovaci\u00f3n, visi\u00f3n a largo plazo y responsabilidad social, \u201cllamo a trabajar por un desarrollo econ\u00f3mico m\u00e1s incluyente, revitalizando el papel social de las empresas como generadoras de oportunidades de desarrollo para las personas, de manera que cada vez m\u00e1s mexicanos salgan de la pobreza\u201d, dijo.<\/p>\n<p>De Hoyos, tambi\u00e9n presidente del patronato de la Universidad Aut\u00f3noma de Baja California, consider\u00f3 que se debe consolidar el estado de derecho, \u201ccondici\u00f3n indispensable para lograr la transformaci\u00f3n del pa\u00eds, convoco a emprender un combate frontal a la corrupci\u00f3n y la impunidad\u201d, agreg\u00f3.<\/p>\n<p>Adem\u00e1s de la presidencia nacional, se eligieron tambi\u00e9n a los 130 consejeros nacionales, representantes de los 65 centros empresariales, empresas y asociaciones que conforman la Coparmex, todos ellos entran en funciones a partir de enero de 2016.<\/p>\n<p>Finalmente, se eligieron a Morelos y Quer\u00e9taro como sedes del encuentro empresarial de 2016 y 2017.<\/p>\n","protected":false},"excerpt":{"rendered":"<p>&nbsp; Revitalizar el papel social de las empresas para el desarrollo de las personas: De Hoyos<\/p>\n","protected":false},"author":37,"featured_media":26572,"comment_status":"open","ping_status":"closed","sticky":false,"template":"","format":"standard","meta":{"om_disable_all_campaigns":false,"inline_featured_image":false,"_monsterinsights_skip_tracking":false,"_monsterinsights_sitenote_active":false,"_monsterinsights_sitenote_note":"","_monsterinsights_sitenote_category":0,"footnotes":""},"categories":[80],"tags":[323,7163],"class_list":["post-26571","post","type-post","status-publish","format-standard","has-post-thumbnail","hentry","category-actualidad","tag-coparmex","tag-gustavo-de-hoyos"],"yoast_head":"<!-- This site is optimized with the Yoast SEO plugin v27.4 - https:\/\/yoast.com\/product\/yoast-seo-wordpress\/ -->\n<title>Eligen a nuevo presidente nacional de la Coparmex -<\/title>\n<meta name=\"description\" content=\"&nbsp; Revitalizar el papel social de las empresas para el desarrollo de las personas: De Hoyos #Gustavo de Hoyos fue electo como nuevo presidente\" \/>\n<meta name=\"robots\" content=\"index, follow, max-snippet:-1, max-image-preview:large, max-video-preview:-1\" \/>\n<link rel=\"canonical\" href=\"https:\/\/centrourbano.com\/revista\/actualidad\/eligen-a-nuevo-presidente-nacional-de-la-coparmex\/\" \/>\n<meta property=\"og:locale\" content=\"es_ES\" \/>\n<meta property=\"og:type\" content=\"article\" \/>\n<meta property=\"og:title\" content=\"Eligen a nuevo presidente nacional de la Coparmex -\" \/>\n<meta property=\"og:description\" content=\"&nbsp; Revitalizar el papel social de las empresas para el desarrollo de las personas: De Hoyos #Gustavo de Hoyos fue electo como nuevo presidente\" \/>\n<meta property=\"og:url\" content=\"https:\/\/centrourbano.com\/revista\/actualidad\/eligen-a-nuevo-presidente-nacional-de-la-coparmex\/\" \/>\n<meta property=\"og:site_name\" content=\"Centro Urbano\" \/>\n<meta property=\"article:publisher\" content=\"https:\/\/www.facebook.com\/portalcentrourbano\" \/>\n<meta property=\"article:published_time\" content=\"2015-12-07T17:45:29+00:00\" \/>\n<meta property=\"article:modified_time\" content=\"2015-12-07T17:58:51+00:00\" \/>\n<meta property=\"og:image\" content=\"https:\/\/centrourbano.com\/revista\/wp-content\/uploads\/MG_0449.jpg\" \/>\n\t<meta property=\"og:image:width\" content=\"800\" \/>\n\t<meta property=\"og:image:height\" content=\"600\" \/>\n\t<meta property=\"og:image:type\" content=\"image\/jpeg\" \/>\n<meta name=\"author\" content=\"Diego Rodr\u00edguez\" \/>\n<meta name=\"twitter:card\" content=\"summary_large_image\" \/>\n<meta name=\"twitter:creator\" content=\"@CentroUrbano\" \/>\n<meta name=\"twitter:site\" content=\"@CentroUrbano\" \/>\n<meta name=\"twitter:label1\" content=\"Escrito por\" \/>\n\t<meta name=\"twitter:data1\" content=\"Diego Rodr\u00edguez\" \/>\n\t<meta name=\"twitter:label2\" content=\"Tiempo de lectura\" \/>\n\t<meta name=\"twitter:data2\" content=\"1 minuto\" \/>\n<script type=\"application\/ld+json\" class=\"yoast-schema-graph\">{\"@context\":\"https:\\\/\\\/schema.org\",\"@graph\":[{\"@type\":\"Article\",\"@id\":\"https:\\\/\\\/centrourbano.com\\\/revista\\\/actualidad\\\/eligen-a-nuevo-presidente-nacional-de-la-coparmex\\\/#article\",\"isPartOf\":{\"@id\":\"https:\\\/\\\/centrourbano.com\\\/revista\\\/actualidad\\\/eligen-a-nuevo-presidente-nacional-de-la-coparmex\\\/\"},\"author\":{\"name\":\"Diego Rodr\u00edguez\",\"@id\":\"https:\\\/\\\/centrourbano.com\\\/revista\\\/#\\\/schema\\\/person\\\/b50192a3cd0e680841b45dc537f53970\"},\"headline\":\"Eligen a nuevo presidente nacional de la Coparmex\",\"datePublished\":\"2015-12-07T17:45:29+00:00\",\"dateModified\":\"2015-12-07T17:58:51+00:00\",\"mainEntityOfPage\":{\"@id\":\"https:\\\/\\\/centrourbano.com\\\/revista\\\/actualidad\\\/eligen-a-nuevo-presidente-nacional-de-la-coparmex\\\/\"},\"wordCount\":273,\"commentCount\":0,\"publisher\":{\"@id\":\"https:\\\/\\\/centrourbano.com\\\/revista\\\/#organization\"},\"image\":{\"@id\":\"https:\\\/\\\/centrourbano.com\\\/revista\\\/actualidad\\\/eligen-a-nuevo-presidente-nacional-de-la-coparmex\\\/#primaryimage\"},\"thumbnailUrl\":\"https:\\\/\\\/centrourbano.com\\\/revista\\\/wp-content\\\/uploads\\\/MG_0449.jpg\",\"keywords\":[\"Coparmex\",\"Gustavo De Hoyos\"],\"articleSection\":[\"Actualidad\"],\"inLanguage\":\"es\",\"potentialAction\":[{\"@type\":\"CommentAction\",\"name\":\"Comment\",\"target\":[\"https:\\\/\\\/centrourbano.com\\\/revista\\\/actualidad\\\/eligen-a-nuevo-presidente-nacional-de-la-coparmex\\\/#respond\"]}]},{\"@type\":\"WebPage\",\"@id\":\"https:\\\/\\\/centrourbano.com\\\/revista\\\/actualidad\\\/eligen-a-nuevo-presidente-nacional-de-la-coparmex\\\/\",\"url\":\"https:\\\/\\\/centrourbano.com\\\/revista\\\/actualidad\\\/eligen-a-nuevo-presidente-nacional-de-la-coparmex\\\/\",\"name\":\"Eligen a nuevo presidente nacional de la Coparmex -\",\"isPartOf\":{\"@id\":\"https:\\\/\\\/centrourbano.com\\\/revista\\\/#website\"},\"primaryImageOfPage\":{\"@id\":\"https:\\\/\\\/centrourbano.com\\\/revista\\\/actualidad\\\/eligen-a-nuevo-presidente-nacional-de-la-coparmex\\\/#primaryimage\"},\"image\":{\"@id\":\"https:\\\/\\\/centrourbano.com\\\/revista\\\/actualidad\\\/eligen-a-nuevo-presidente-nacional-de-la-coparmex\\\/#primaryimage\"},\"thumbnailUrl\":\"https:\\\/\\\/centrourbano.com\\\/revista\\\/wp-content\\\/uploads\\\/MG_0449.jpg\",\"datePublished\":\"2015-12-07T17:45:29+00:00\",\"dateModified\":\"2015-12-07T17:58:51+00:00\",\"description\":\"&nbsp; Revitalizar el papel social de las empresas para el desarrollo de las personas: De Hoyos #Gustavo de Hoyos fue electo como nuevo presidente\",\"breadcrumb\":{\"@id\":\"https:\\\/\\\/centrourbano.com\\\/revista\\\/actualidad\\\/eligen-a-nuevo-presidente-nacional-de-la-coparmex\\\/#breadcrumb\"},\"inLanguage\":\"es\",\"potentialAction\":[{\"@type\":\"ReadAction\",\"target\":[\"https:\\\/\\\/centrourbano.com\\\/revista\\\/actualidad\\\/eligen-a-nuevo-presidente-nacional-de-la-coparmex\\\/\"]}]},{\"@type\":\"ImageObject\",\"inLanguage\":\"es\",\"@id\":\"https:\\\/\\\/centrourbano.com\\\/revista\\\/actualidad\\\/eligen-a-nuevo-presidente-nacional-de-la-coparmex\\\/#primaryimage\",\"url\":\"https:\\\/\\\/centrourbano.com\\\/revista\\\/wp-content\\\/uploads\\\/MG_0449.jpg\",\"contentUrl\":\"https:\\\/\\\/centrourbano.com\\\/revista\\\/wp-content\\\/uploads\\\/MG_0449.jpg\",\"width\":800,\"height\":600},{\"@type\":\"BreadcrumbList\",\"@id\":\"https:\\\/\\\/centrourbano.com\\\/revista\\\/actualidad\\\/eligen-a-nuevo-presidente-nacional-de-la-coparmex\\\/#breadcrumb\",\"itemListElement\":[{\"@type\":\"ListItem\",\"position\":1,\"name\":\"Portada\",\"item\":\"https:\\\/\\\/centrourbano.com\\\/revista\\\/\"},{\"@type\":\"ListItem\",\"position\":2,\"name\":\"Eligen a nuevo presidente nacional de la Coparmex\"}]},{\"@type\":\"WebSite\",\"@id\":\"https:\\\/\\\/centrourbano.com\\\/revista\\\/#website\",\"url\":\"https:\\\/\\\/centrourbano.com\\\/revista\\\/\",\"name\":\"Centro Urbano\",\"description\":\"Medio especializado en los sectores vivienda, inmobiliario, construcci\u00f3n, arquitectura y urbanismo.\",\"publisher\":{\"@id\":\"https:\\\/\\\/centrourbano.com\\\/revista\\\/#organization\"},\"potentialAction\":[{\"@type\":\"SearchAction\",\"target\":{\"@type\":\"EntryPoint\",\"urlTemplate\":\"https:\\\/\\\/centrourbano.com\\\/revista\\\/?s={search_term_string}\"},\"query-input\":{\"@type\":\"PropertyValueSpecification\",\"valueRequired\":true,\"valueName\":\"search_term_string\"}}],\"inLanguage\":\"es\"},{\"@type\":\"Organization\",\"@id\":\"https:\\\/\\\/centrourbano.com\\\/revista\\\/#organization\",\"name\":\"Centro Urbano\",\"url\":\"https:\\\/\\\/centrourbano.com\\\/revista\\\/\",\"logo\":{\"@type\":\"ImageObject\",\"inLanguage\":\"es\",\"@id\":\"https:\\\/\\\/centrourbano.com\\\/revista\\\/#\\\/schema\\\/logo\\\/image\\\/\",\"url\":\"https:\\\/\\\/centrourbano.com\\\/revista\\\/wp-content\\\/uploads\\\/web_CU_logo-1.png\",\"contentUrl\":\"https:\\\/\\\/centrourbano.com\\\/revista\\\/wp-content\\\/uploads\\\/web_CU_logo-1.png\",\"width\":350,\"height\":91,\"caption\":\"Centro Urbano\"},\"image\":{\"@id\":\"https:\\\/\\\/centrourbano.com\\\/revista\\\/#\\\/schema\\\/logo\\\/image\\\/\"},\"sameAs\":[\"https:\\\/\\\/www.facebook.com\\\/portalcentrourbano\",\"https:\\\/\\\/x.com\\\/CentroUrbano\",\"https:\\\/\\\/www.instagram.com\\\/centro_urbano\\\/\",\"https:\\\/\\\/www.linkedin.com\\\/company\\\/centro-urbano\\\/\",\"http:\\\/\\\/www.youtube.com\\\/user\\\/portalcentrourbano\"]},{\"@type\":\"Person\",\"@id\":\"https:\\\/\\\/centrourbano.com\\\/revista\\\/#\\\/schema\\\/person\\\/b50192a3cd0e680841b45dc537f53970\",\"name\":\"Diego Rodr\u00edguez\",\"image\":{\"@type\":\"ImageObject\",\"inLanguage\":\"es\",\"@id\":\"https:\\\/\\\/secure.gravatar.com\\\/avatar\\\/d217565525df2df5d4e7265d47758506f41845ed9529510921a7625d8365789d?s=96&d=mm&r=g\",\"url\":\"https:\\\/\\\/secure.gravatar.com\\\/avatar\\\/d217565525df2df5d4e7265d47758506f41845ed9529510921a7625d8365789d?s=96&d=mm&r=g\",\"contentUrl\":\"https:\\\/\\\/secure.gravatar.com\\\/avatar\\\/d217565525df2df5d4e7265d47758506f41845ed9529510921a7625d8365789d?s=96&d=mm&r=g\",\"caption\":\"Diego Rodr\u00edguez\"},\"description\":\"Egresado de la Facultad de Estudios Superiores Acatl\u00e1n de la carrera en Comunicaci\u00f3n, con especialidad en medios escritos. Reportero del desaparecido peri\u00f3dico Nuestro M\u00e9xico, en donde cubri\u00f3 las fuentes delegacionales y Asamblea Legislativa. Tambi\u00e9n trabaj\u00f3 en la Coordinaci\u00f3n de Comunicaci\u00f3n Social en la delegaci\u00f3n \u00c1lvaro Obreg\u00f3n. Le gusta leer novelas y cuentos.\",\"url\":\"https:\\\/\\\/centrourbano.com\\\/revista\\\/author\\\/diegorodriguez\\\/\"}]}<\/script>\n<!-- \/ Yoast SEO plugin. -->","yoast_head_json":{"title":"Eligen a nuevo presidente nacional de la Coparmex -","description":"&nbsp; Revitalizar el papel social de las empresas para el desarrollo de las personas: De Hoyos #Gustavo de Hoyos fue electo como nuevo presidente","robots":{"index":"index","follow":"follow","max-snippet":"max-snippet:-1","max-image-preview":"max-image-preview:large","max-video-preview":"max-video-preview:-1"},"canonical":"https:\/\/centrourbano.com\/revista\/actualidad\/eligen-a-nuevo-presidente-nacional-de-la-coparmex\/","og_locale":"es_ES","og_type":"article","og_title":"Eligen a nuevo presidente nacional de la Coparmex -","og_description":"&nbsp; Revitalizar el papel social de las empresas para el desarrollo de las personas: De Hoyos #Gustavo de Hoyos fue electo como nuevo presidente","og_url":"https:\/\/centrourbano.com\/revista\/actualidad\/eligen-a-nuevo-presidente-nacional-de-la-coparmex\/","og_site_name":"Centro Urbano","article_publisher":"https:\/\/www.facebook.com\/portalcentrourbano","article_published_time":"2015-12-07T17:45:29+00:00","article_modified_time":"2015-12-07T17:58:51+00:00","og_image":[{"width":800,"height":600,"url":"https:\/\/centrourbano.com\/revista\/wp-content\/uploads\/MG_0449.jpg","type":"image\/jpeg"}],"author":"Diego Rodr\u00edguez","twitter_card":"summary_large_image","twitter_creator":"@CentroUrbano","twitter_site":"@CentroUrbano","twitter_misc":{"Escrito por":"Diego Rodr\u00edguez","Tiempo de lectura":"1 minuto"},"schema":{"@context":"https:\/\/schema.org","@graph":[{"@type":"Article","@id":"https:\/\/centrourbano.com\/revista\/actualidad\/eligen-a-nuevo-presidente-nacional-de-la-coparmex\/#article","isPartOf":{"@id":"https:\/\/centrourbano.com\/revista\/actualidad\/eligen-a-nuevo-presidente-nacional-de-la-coparmex\/"},"author":{"name":"Diego Rodr\u00edguez","@id":"https:\/\/centrourbano.com\/revista\/#\/schema\/person\/b50192a3cd0e680841b45dc537f53970"},"headline":"Eligen a nuevo presidente nacional de la Coparmex","datePublished":"2015-12-07T17:45:29+00:00","dateModified":"2015-12-07T17:58:51+00:00","mainEntityOfPage":{"@id":"https:\/\/centrourbano.com\/revista\/actualidad\/eligen-a-nuevo-presidente-nacional-de-la-coparmex\/"},"wordCount":273,"commentCount":0,"publisher":{"@id":"https:\/\/centrourbano.com\/revista\/#organization"},"image":{"@id":"https:\/\/centrourbano.com\/revista\/actualidad\/eligen-a-nuevo-presidente-nacional-de-la-coparmex\/#primaryimage"},"thumbnailUrl":"https:\/\/centrourbano.com\/revista\/wp-content\/uploads\/MG_0449.jpg","keywords":["Coparmex","Gustavo De Hoyos"],"articleSection":["Actualidad"],"inLanguage":"es","potentialAction":[{"@type":"CommentAction","name":"Comment","target":["https:\/\/centrourbano.com\/revista\/actualidad\/eligen-a-nuevo-presidente-nacional-de-la-coparmex\/#respond"]}]},{"@type":"WebPage","@id":"https:\/\/centrourbano.com\/revista\/actualidad\/eligen-a-nuevo-presidente-nacional-de-la-coparmex\/","url":"https:\/\/centrourbano.com\/revista\/actualidad\/eligen-a-nuevo-presidente-nacional-de-la-coparmex\/","name":"Eligen a nuevo presidente nacional de la Coparmex -","isPartOf":{"@id":"https:\/\/centrourbano.com\/revista\/#website"},"primaryImageOfPage":{"@id":"https:\/\/centrourbano.com\/revista\/actualidad\/eligen-a-nuevo-presidente-nacional-de-la-coparmex\/#primaryimage"},"image":{"@id":"https:\/\/centrourbano.com\/revista\/actualidad\/eligen-a-nuevo-presidente-nacional-de-la-coparmex\/#primaryimage"},"thumbnailUrl":"https:\/\/centrourbano.com\/revista\/wp-content\/uploads\/MG_0449.jpg","datePublished":"2015-12-07T17:45:29+00:00","dateModified":"2015-12-07T17:58:51+00:00","description":"&nbsp; Revitalizar el papel social de las empresas para el desarrollo de las personas: De Hoyos #Gustavo de Hoyos fue electo como nuevo presidente","breadcrumb":{"@id":"https:\/\/centrourbano.com\/revista\/actualidad\/eligen-a-nuevo-presidente-nacional-de-la-coparmex\/#breadcrumb"},"inLanguage":"es","potentialAction":[{"@type":"ReadAction","target":["https:\/\/centrourbano.com\/revista\/actualidad\/eligen-a-nuevo-presidente-nacional-de-la-coparmex\/"]}]},{"@type":"ImageObject","inLanguage":"es","@id":"https:\/\/centrourbano.com\/revista\/actualidad\/eligen-a-nuevo-presidente-nacional-de-la-coparmex\/#primaryimage","url":"https:\/\/centrourbano.com\/revista\/wp-content\/uploads\/MG_0449.jpg","contentUrl":"https:\/\/centrourbano.com\/revista\/wp-content\/uploads\/MG_0449.jpg","width":800,"height":600},{"@type":"BreadcrumbList","@id":"https:\/\/centrourbano.com\/revista\/actualidad\/eligen-a-nuevo-presidente-nacional-de-la-coparmex\/#breadcrumb","itemListElement":[{"@type":"ListItem","position":1,"name":"Portada","item":"https:\/\/centrourbano.com\/revista\/"},{"@type":"ListItem","position":2,"name":"Eligen a nuevo presidente nacional de la Coparmex"}]},{"@type":"WebSite","@id":"https:\/\/centrourbano.com\/revista\/#website","url":"https:\/\/centrourbano.com\/revista\/","name":"Centro Urbano","description":"Medio especializado en los sectores vivienda, inmobiliario, construcci\u00f3n, arquitectura y urbanismo.","publisher":{"@id":"https:\/\/centrourbano.com\/revista\/#organization"},"potentialAction":[{"@type":"SearchAction","target":{"@type":"EntryPoint","urlTemplate":"https:\/\/centrourbano.com\/revista\/?s={search_term_string}"},"query-input":{"@type":"PropertyValueSpecification","valueRequired":true,"valueName":"search_term_string"}}],"inLanguage":"es"},{"@type":"Organization","@id":"https:\/\/centrourbano.com\/revista\/#organization","name":"Centro Urbano","url":"https:\/\/centrourbano.com\/revista\/","logo":{"@type":"ImageObject","inLanguage":"es","@id":"https:\/\/centrourbano.com\/revista\/#\/schema\/logo\/image\/","url":"https:\/\/centrourbano.com\/revista\/wp-content\/uploads\/web_CU_logo-1.png","contentUrl":"https:\/\/centrourbano.com\/revista\/wp-content\/uploads\/web_CU_logo-1.png","width":350,"height":91,"caption":"Centro Urbano"},"image":{"@id":"https:\/\/centrourbano.com\/revista\/#\/schema\/logo\/image\/"},"sameAs":["https:\/\/www.facebook.com\/portalcentrourbano","https:\/\/x.com\/CentroUrbano","https:\/\/www.instagram.com\/centro_urbano\/","https:\/\/www.linkedin.com\/company\/centro-urbano\/","http:\/\/www.youtube.com\/user\/portalcentrourbano"]},{"@type":"Person","@id":"https:\/\/centrourbano.com\/revista\/#\/schema\/person\/b50192a3cd0e680841b45dc537f53970","name":"Diego Rodr\u00edguez","image":{"@type":"ImageObject","inLanguage":"es","@id":"https:\/\/secure.gravatar.com\/avatar\/d217565525df2df5d4e7265d47758506f41845ed9529510921a7625d8365789d?s=96&d=mm&r=g","url":"https:\/\/secure.gravatar.com\/avatar\/d217565525df2df5d4e7265d47758506f41845ed9529510921a7625d8365789d?s=96&d=mm&r=g","contentUrl":"https:\/\/secure.gravatar.com\/avatar\/d217565525df2df5d4e7265d47758506f41845ed9529510921a7625d8365789d?s=96&d=mm&r=g","caption":"Diego Rodr\u00edguez"},"description":"Egresado de la Facultad de Estudios Superiores Acatl\u00e1n de la carrera en Comunicaci\u00f3n, con especialidad en medios escritos. Reportero del desaparecido peri\u00f3dico Nuestro M\u00e9xico, en donde cubri\u00f3 las fuentes delegacionales y Asamblea Legislativa. Tambi\u00e9n trabaj\u00f3 en la Coordinaci\u00f3n de Comunicaci\u00f3n Social en la delegaci\u00f3n \u00c1lvaro Obreg\u00f3n. Le gusta leer novelas y cuentos.","url":"https:\/\/centrourbano.com\/revista\/author\/diegorodriguez\/"}]}},"_links":{"self":[{"href":"https:\/\/centrourbano.com\/revista\/wp-json\/wp\/v2\/posts\/26571","targetHints":{"allow":["GET"]}}],"collection":[{"href":"https:\/\/centrourbano.com\/revista\/wp-json\/wp\/v2\/posts"}],"about":[{"href":"https:\/\/centrourbano.com\/revista\/wp-json\/wp\/v2\/types\/post"}],"author":[{"embeddable":true,"href":"https:\/\/centrourbano.com\/revista\/wp-json\/wp\/v2\/users\/37"}],"replies":[{"embeddable":true,"href":"https:\/\/centrourbano.com\/revista\/wp-json\/wp\/v2\/comments?post=26571"}],"version-history":[{"count":0,"href":"https:\/\/centrourbano.com\/revista\/wp-json\/wp\/v2\/posts\/26571\/revisions"}],"wp:featuredmedia":[{"embeddable":true,"href":"https:\/\/centrourbano.com\/revista\/wp-json\/wp\/v2\/media\/26572"}],"wp:attachment":[{"href":"https:\/\/centrourbano.com\/revista\/wp-json\/wp\/v2\/media?parent=26571"}],"wp:term":[{"taxonomy":"category","embeddable":true,"href":"https:\/\/centrourbano.com\/revista\/wp-json\/wp\/v2\/categories?post=26571"},{"taxonomy":"post_tag","embeddable":true,"href":"https:\/\/centrourbano.com\/revista\/wp-json\/wp\/v2\/tags?post=26571"}],"curies":[{"name":"wp","href":"https:\/\/api.w.org\/{rel}","templated":true}]}}