{"id":26458,"date":"2015-12-04T18:02:25","date_gmt":"2015-12-05T00:02:25","guid":{"rendered":"http:\/\/centrourbano.com\/?p=26458"},"modified":"2015-12-04T18:02:48","modified_gmt":"2015-12-05T00:02:48","slug":"construiran-parque-industrial-en-puebla","status":"publish","type":"post","link":"https:\/\/centrourbano.com\/revista\/inmobiliario\/construiran-parque-industrial-en-puebla\/","title":{"rendered":"Construir\u00e1n parque industrial en Puebla"},"content":{"rendered":"<p>&nbsp;<\/p>\n<p><em>Las obras iniciar\u00e1n en 2016 y se espera tener los espacios listes en 36 meses para ser rentados<\/em><!--more--><\/p>\n<p><a class=\"expresscurate_contentTags\" href=\"http:\/\/centrourbano.com\/tag\/vesta\/\">#Vesta<\/a> coloc\u00f3 la primera piedra del que ser\u00e1 su parque industrial en el municipio de Huejotzingo, <a class=\"expresscurate_contentTags\" href=\"http:\/\/centrourbano.com\/tag\/puebla\/\">#Puebla<\/a>, en el que invertir\u00e1 50,000,000 de d\u00f3lares, ocupar\u00e1 23 hect\u00e1reas de terreno y albergar\u00e1 a empresas proveedoras de autopartes de Volkswagen, Audi y otras, divididas en seis naves distribuidas en 100,000 metros cuadrados.<\/p>\n<p>Las obras de <a class=\"expresscurate_contentTags\" href=\"http:\/\/centrourbano.com\/tag\/construccion-2\/\">#construcci\u00f3n<\/a> de <a class=\"expresscurate_contentTags\" href=\"http:\/\/centrourbano.com\/tag\/vesta-park\/\">#Vesta Park<\/a> Puebla 1 iniciar\u00e1n en 2016, y se espera tener listos los espacios en 36 meses para ser rentados; adem\u00e1s, durante la construcci\u00f3n del parque, se generar\u00e1n mil empleos directos, principalmente para los habitantes del municipio.<\/p>\n<p>La empresa, dedicada a la operaci\u00f3n de edificios industriales y centros de distribuci\u00f3n para renta en M\u00e9xico, actualmente cuenta con inversiones en 13 estado del pa\u00eds; y ha realizado proyectos en Quer\u00e9taro, donde tiene instalada la \u00fanica planta aeroespacial de M\u00e9xico, y ha construido otros parques en Toluca, Tlaxcala, Tijuana y Ciudad Ju\u00e1rez, mientras que para Nissan hizo una nave en Aguascalientes.<\/p>\n","protected":false},"excerpt":{"rendered":"<p>&nbsp; Las obras iniciar\u00e1n en 2016 y se espera tener los espacios listes en 36 meses para ser rentados<\/p>\n","protected":false},"author":19,"featured_media":26459,"comment_status":"open","ping_status":"closed","sticky":false,"template":"","format":"standard","meta":{"om_disable_all_campaigns":false,"inline_featured_image":false,"_monsterinsights_skip_tracking":false,"_monsterinsights_sitenote_active":false,"_monsterinsights_sitenote_note":"","_monsterinsights_sitenote_category":0,"footnotes":""},"categories":[15],"tags":[22,223,602,3970,7159],"class_list":["post-26458","post","type-post","status-publish","format-standard","has-post-thumbnail","hentry","category-inmobiliario","tag-construccion-2","tag-parques-industriales","tag-puebla","tag-vesta","tag-vesta-park"],"yoast_head":"<!-- This site is optimized with the Yoast SEO plugin v27.5 - https:\/\/yoast.com\/product\/yoast-seo-wordpress\/ -->\n<title>Construir\u00e1n parque industrial en Puebla -<\/title>\n<meta name=\"description\" content=\"&nbsp; Las obras iniciar\u00e1n en 2016 y se espera tener los espacios listes en 36 meses para ser rentados #Vesta coloc\u00f3 la primera piedra del que ser\u00e1 su\" \/>\n<meta name=\"robots\" content=\"index, follow, max-snippet:-1, max-image-preview:large, max-video-preview:-1\" \/>\n<link rel=\"canonical\" href=\"https:\/\/centrourbano.com\/revista\/inmobiliario\/construiran-parque-industrial-en-puebla\/\" \/>\n<meta property=\"og:locale\" content=\"es_ES\" \/>\n<meta property=\"og:type\" content=\"article\" \/>\n<meta property=\"og:title\" content=\"Construir\u00e1n parque industrial en Puebla -\" \/>\n<meta property=\"og:description\" content=\"&nbsp; Las obras iniciar\u00e1n en 2016 y se espera tener los espacios listes en 36 meses para ser rentados #Vesta coloc\u00f3 la primera piedra del que ser\u00e1 su\" \/>\n<meta property=\"og:url\" content=\"https:\/\/centrourbano.com\/revista\/inmobiliario\/construiran-parque-industrial-en-puebla\/\" \/>\n<meta property=\"og:site_name\" content=\"Centro Urbano\" \/>\n<meta property=\"article:publisher\" content=\"https:\/\/www.facebook.com\/portalcentrourbano\" \/>\n<meta property=\"article:published_time\" content=\"2015-12-05T00:02:25+00:00\" \/>\n<meta property=\"article:modified_time\" content=\"2015-12-05T00:02:48+00:00\" \/>\n<meta property=\"og:image\" content=\"https:\/\/centrourbano.com\/revista\/wp-content\/uploads\/Parque-industrial2.jpg\" \/>\n\t<meta property=\"og:image:width\" content=\"729\" \/>\n\t<meta property=\"og:image:height\" content=\"483\" \/>\n\t<meta property=\"og:image:type\" content=\"image\/jpeg\" \/>\n<meta name=\"author\" content=\"Sofia Osorio\" \/>\n<meta name=\"twitter:card\" content=\"summary_large_image\" \/>\n<meta name=\"twitter:creator\" content=\"@CentroUrbano\" \/>\n<meta name=\"twitter:site\" content=\"@CentroUrbano\" \/>\n<meta name=\"twitter:label1\" content=\"Escrito por\" \/>\n\t<meta name=\"twitter:data1\" content=\"Sofia Osorio\" \/>\n\t<meta name=\"twitter:label2\" content=\"Tiempo de lectura\" \/>\n\t<meta name=\"twitter:data2\" content=\"1 minuto\" \/>\n<script type=\"application\/ld+json\" class=\"yoast-schema-graph\">{\"@context\":\"https:\\\/\\\/schema.org\",\"@graph\":[{\"@type\":\"Article\",\"@id\":\"https:\\\/\\\/centrourbano.com\\\/revista\\\/inmobiliario\\\/construiran-parque-industrial-en-puebla\\\/#article\",\"isPartOf\":{\"@id\":\"https:\\\/\\\/centrourbano.com\\\/revista\\\/inmobiliario\\\/construiran-parque-industrial-en-puebla\\\/\"},\"author\":{\"name\":\"Sofia Osorio\",\"@id\":\"https:\\\/\\\/centrourbano.com\\\/revista\\\/#\\\/schema\\\/person\\\/e3142244139c9fbcfb78e51eec6b37ce\"},\"headline\":\"Construir\u00e1n parque industrial en Puebla\",\"datePublished\":\"2015-12-05T00:02:25+00:00\",\"dateModified\":\"2015-12-05T00:02:48+00:00\",\"mainEntityOfPage\":{\"@id\":\"https:\\\/\\\/centrourbano.com\\\/revista\\\/inmobiliario\\\/construiran-parque-industrial-en-puebla\\\/\"},\"wordCount\":185,\"commentCount\":0,\"publisher\":{\"@id\":\"https:\\\/\\\/centrourbano.com\\\/revista\\\/#organization\"},\"image\":{\"@id\":\"https:\\\/\\\/centrourbano.com\\\/revista\\\/inmobiliario\\\/construiran-parque-industrial-en-puebla\\\/#primaryimage\"},\"thumbnailUrl\":\"https:\\\/\\\/centrourbano.com\\\/revista\\\/wp-content\\\/uploads\\\/Parque-industrial2.jpg\",\"keywords\":[\"construcci\u00f3n\",\"parques industriales\",\"Puebla\",\"Vesta\",\"Vesta Park\"],\"articleSection\":[\"Inmobiliario\"],\"inLanguage\":\"es\",\"potentialAction\":[{\"@type\":\"CommentAction\",\"name\":\"Comment\",\"target\":[\"https:\\\/\\\/centrourbano.com\\\/revista\\\/inmobiliario\\\/construiran-parque-industrial-en-puebla\\\/#respond\"]}]},{\"@type\":\"WebPage\",\"@id\":\"https:\\\/\\\/centrourbano.com\\\/revista\\\/inmobiliario\\\/construiran-parque-industrial-en-puebla\\\/\",\"url\":\"https:\\\/\\\/centrourbano.com\\\/revista\\\/inmobiliario\\\/construiran-parque-industrial-en-puebla\\\/\",\"name\":\"Construir\u00e1n parque industrial en Puebla -\",\"isPartOf\":{\"@id\":\"https:\\\/\\\/centrourbano.com\\\/revista\\\/#website\"},\"primaryImageOfPage\":{\"@id\":\"https:\\\/\\\/centrourbano.com\\\/revista\\\/inmobiliario\\\/construiran-parque-industrial-en-puebla\\\/#primaryimage\"},\"image\":{\"@id\":\"https:\\\/\\\/centrourbano.com\\\/revista\\\/inmobiliario\\\/construiran-parque-industrial-en-puebla\\\/#primaryimage\"},\"thumbnailUrl\":\"https:\\\/\\\/centrourbano.com\\\/revista\\\/wp-content\\\/uploads\\\/Parque-industrial2.jpg\",\"datePublished\":\"2015-12-05T00:02:25+00:00\",\"dateModified\":\"2015-12-05T00:02:48+00:00\",\"description\":\"&nbsp; Las obras iniciar\u00e1n en 2016 y se espera tener los espacios listes en 36 meses para ser rentados #Vesta coloc\u00f3 la primera piedra del que ser\u00e1 su\",\"breadcrumb\":{\"@id\":\"https:\\\/\\\/centrourbano.com\\\/revista\\\/inmobiliario\\\/construiran-parque-industrial-en-puebla\\\/#breadcrumb\"},\"inLanguage\":\"es\",\"potentialAction\":[{\"@type\":\"ReadAction\",\"target\":[\"https:\\\/\\\/centrourbano.com\\\/revista\\\/inmobiliario\\\/construiran-parque-industrial-en-puebla\\\/\"]}]},{\"@type\":\"ImageObject\",\"inLanguage\":\"es\",\"@id\":\"https:\\\/\\\/centrourbano.com\\\/revista\\\/inmobiliario\\\/construiran-parque-industrial-en-puebla\\\/#primaryimage\",\"url\":\"https:\\\/\\\/centrourbano.com\\\/revista\\\/wp-content\\\/uploads\\\/Parque-industrial2.jpg\",\"contentUrl\":\"https:\\\/\\\/centrourbano.com\\\/revista\\\/wp-content\\\/uploads\\\/Parque-industrial2.jpg\",\"width\":729,\"height\":483},{\"@type\":\"BreadcrumbList\",\"@id\":\"https:\\\/\\\/centrourbano.com\\\/revista\\\/inmobiliario\\\/construiran-parque-industrial-en-puebla\\\/#breadcrumb\",\"itemListElement\":[{\"@type\":\"ListItem\",\"position\":1,\"name\":\"Portada\",\"item\":\"https:\\\/\\\/centrourbano.com\\\/revista\\\/\"},{\"@type\":\"ListItem\",\"position\":2,\"name\":\"Construir\u00e1n parque industrial en Puebla\"}]},{\"@type\":\"WebSite\",\"@id\":\"https:\\\/\\\/centrourbano.com\\\/revista\\\/#website\",\"url\":\"https:\\\/\\\/centrourbano.com\\\/revista\\\/\",\"name\":\"Centro Urbano\",\"description\":\"Medio especializado en los sectores vivienda, inmobiliario, construcci\u00f3n, arquitectura y urbanismo.\",\"publisher\":{\"@id\":\"https:\\\/\\\/centrourbano.com\\\/revista\\\/#organization\"},\"potentialAction\":[{\"@type\":\"SearchAction\",\"target\":{\"@type\":\"EntryPoint\",\"urlTemplate\":\"https:\\\/\\\/centrourbano.com\\\/revista\\\/?s={search_term_string}\"},\"query-input\":{\"@type\":\"PropertyValueSpecification\",\"valueRequired\":true,\"valueName\":\"search_term_string\"}}],\"inLanguage\":\"es\"},{\"@type\":\"Organization\",\"@id\":\"https:\\\/\\\/centrourbano.com\\\/revista\\\/#organization\",\"name\":\"Centro Urbano\",\"url\":\"https:\\\/\\\/centrourbano.com\\\/revista\\\/\",\"logo\":{\"@type\":\"ImageObject\",\"inLanguage\":\"es\",\"@id\":\"https:\\\/\\\/centrourbano.com\\\/revista\\\/#\\\/schema\\\/logo\\\/image\\\/\",\"url\":\"https:\\\/\\\/centrourbano.com\\\/revista\\\/wp-content\\\/uploads\\\/web_CU_logo-1.png\",\"contentUrl\":\"https:\\\/\\\/centrourbano.com\\\/revista\\\/wp-content\\\/uploads\\\/web_CU_logo-1.png\",\"width\":350,\"height\":91,\"caption\":\"Centro Urbano\"},\"image\":{\"@id\":\"https:\\\/\\\/centrourbano.com\\\/revista\\\/#\\\/schema\\\/logo\\\/image\\\/\"},\"sameAs\":[\"https:\\\/\\\/www.facebook.com\\\/portalcentrourbano\",\"https:\\\/\\\/x.com\\\/CentroUrbano\",\"https:\\\/\\\/www.instagram.com\\\/centro_urbano\\\/\",\"https:\\\/\\\/www.linkedin.com\\\/company\\\/centro-urbano\\\/\",\"http:\\\/\\\/www.youtube.com\\\/user\\\/portalcentrourbano\"]},{\"@type\":\"Person\",\"@id\":\"https:\\\/\\\/centrourbano.com\\\/revista\\\/#\\\/schema\\\/person\\\/e3142244139c9fbcfb78e51eec6b37ce\",\"name\":\"Sofia Osorio\",\"image\":{\"@type\":\"ImageObject\",\"inLanguage\":\"es\",\"@id\":\"https:\\\/\\\/secure.gravatar.com\\\/avatar\\\/540346885009217f50383aeae8f93738fea6ce04c37c93d6be2d0515d1be354c?s=96&d=mm&r=g\",\"url\":\"https:\\\/\\\/secure.gravatar.com\\\/avatar\\\/540346885009217f50383aeae8f93738fea6ce04c37c93d6be2d0515d1be354c?s=96&d=mm&r=g\",\"contentUrl\":\"https:\\\/\\\/secure.gravatar.com\\\/avatar\\\/540346885009217f50383aeae8f93738fea6ce04c37c93d6be2d0515d1be354c?s=96&d=mm&r=g\",\"caption\":\"Sofia Osorio\"},\"description\":\"Egresada de la Facultad de Estudios Superiores Arag\u00f3n. Comunicaci\u00f3n y Periodismo. Loca y feliz. Suele re\u00edrse de todo, dormir en el transporte p\u00fablico y terminar corriendo para llegar a cualquier lugar. Cantante de regadera, bailarina frustrada y chiva de coraz\u00f3n, apasionada por lo que hay que hacer. Enojona, gritona y medio amable con la gente. Su primera oportunidad laboral la tuvo como becaria en la revista Klika y fungi\u00f3 como community manager en Grupo Radio Centro. Actualmente explora nuevos campos del periodismo en Centro Urbano.\",\"url\":\"https:\\\/\\\/centrourbano.com\\\/revista\\\/author\\\/sofia-osorio\\\/\"}]}<\/script>\n<!-- \/ Yoast SEO plugin. -->","yoast_head_json":{"title":"Construir\u00e1n parque industrial en Puebla -","description":"&nbsp; Las obras iniciar\u00e1n en 2016 y se espera tener los espacios listes en 36 meses para ser rentados #Vesta coloc\u00f3 la primera piedra del que ser\u00e1 su","robots":{"index":"index","follow":"follow","max-snippet":"max-snippet:-1","max-image-preview":"max-image-preview:large","max-video-preview":"max-video-preview:-1"},"canonical":"https:\/\/centrourbano.com\/revista\/inmobiliario\/construiran-parque-industrial-en-puebla\/","og_locale":"es_ES","og_type":"article","og_title":"Construir\u00e1n parque industrial en Puebla -","og_description":"&nbsp; Las obras iniciar\u00e1n en 2016 y se espera tener los espacios listes en 36 meses para ser rentados #Vesta coloc\u00f3 la primera piedra del que ser\u00e1 su","og_url":"https:\/\/centrourbano.com\/revista\/inmobiliario\/construiran-parque-industrial-en-puebla\/","og_site_name":"Centro Urbano","article_publisher":"https:\/\/www.facebook.com\/portalcentrourbano","article_published_time":"2015-12-05T00:02:25+00:00","article_modified_time":"2015-12-05T00:02:48+00:00","og_image":[{"width":729,"height":483,"url":"https:\/\/centrourbano.com\/revista\/wp-content\/uploads\/Parque-industrial2.jpg","type":"image\/jpeg"}],"author":"Sofia Osorio","twitter_card":"summary_large_image","twitter_creator":"@CentroUrbano","twitter_site":"@CentroUrbano","twitter_misc":{"Escrito por":"Sofia Osorio","Tiempo de lectura":"1 minuto"},"schema":{"@context":"https:\/\/schema.org","@graph":[{"@type":"Article","@id":"https:\/\/centrourbano.com\/revista\/inmobiliario\/construiran-parque-industrial-en-puebla\/#article","isPartOf":{"@id":"https:\/\/centrourbano.com\/revista\/inmobiliario\/construiran-parque-industrial-en-puebla\/"},"author":{"name":"Sofia Osorio","@id":"https:\/\/centrourbano.com\/revista\/#\/schema\/person\/e3142244139c9fbcfb78e51eec6b37ce"},"headline":"Construir\u00e1n parque industrial en Puebla","datePublished":"2015-12-05T00:02:25+00:00","dateModified":"2015-12-05T00:02:48+00:00","mainEntityOfPage":{"@id":"https:\/\/centrourbano.com\/revista\/inmobiliario\/construiran-parque-industrial-en-puebla\/"},"wordCount":185,"commentCount":0,"publisher":{"@id":"https:\/\/centrourbano.com\/revista\/#organization"},"image":{"@id":"https:\/\/centrourbano.com\/revista\/inmobiliario\/construiran-parque-industrial-en-puebla\/#primaryimage"},"thumbnailUrl":"https:\/\/centrourbano.com\/revista\/wp-content\/uploads\/Parque-industrial2.jpg","keywords":["construcci\u00f3n","parques industriales","Puebla","Vesta","Vesta Park"],"articleSection":["Inmobiliario"],"inLanguage":"es","potentialAction":[{"@type":"CommentAction","name":"Comment","target":["https:\/\/centrourbano.com\/revista\/inmobiliario\/construiran-parque-industrial-en-puebla\/#respond"]}]},{"@type":"WebPage","@id":"https:\/\/centrourbano.com\/revista\/inmobiliario\/construiran-parque-industrial-en-puebla\/","url":"https:\/\/centrourbano.com\/revista\/inmobiliario\/construiran-parque-industrial-en-puebla\/","name":"Construir\u00e1n parque industrial en Puebla -","isPartOf":{"@id":"https:\/\/centrourbano.com\/revista\/#website"},"primaryImageOfPage":{"@id":"https:\/\/centrourbano.com\/revista\/inmobiliario\/construiran-parque-industrial-en-puebla\/#primaryimage"},"image":{"@id":"https:\/\/centrourbano.com\/revista\/inmobiliario\/construiran-parque-industrial-en-puebla\/#primaryimage"},"thumbnailUrl":"https:\/\/centrourbano.com\/revista\/wp-content\/uploads\/Parque-industrial2.jpg","datePublished":"2015-12-05T00:02:25+00:00","dateModified":"2015-12-05T00:02:48+00:00","description":"&nbsp; Las obras iniciar\u00e1n en 2016 y se espera tener los espacios listes en 36 meses para ser rentados #Vesta coloc\u00f3 la primera piedra del que ser\u00e1 su","breadcrumb":{"@id":"https:\/\/centrourbano.com\/revista\/inmobiliario\/construiran-parque-industrial-en-puebla\/#breadcrumb"},"inLanguage":"es","potentialAction":[{"@type":"ReadAction","target":["https:\/\/centrourbano.com\/revista\/inmobiliario\/construiran-parque-industrial-en-puebla\/"]}]},{"@type":"ImageObject","inLanguage":"es","@id":"https:\/\/centrourbano.com\/revista\/inmobiliario\/construiran-parque-industrial-en-puebla\/#primaryimage","url":"https:\/\/centrourbano.com\/revista\/wp-content\/uploads\/Parque-industrial2.jpg","contentUrl":"https:\/\/centrourbano.com\/revista\/wp-content\/uploads\/Parque-industrial2.jpg","width":729,"height":483},{"@type":"BreadcrumbList","@id":"https:\/\/centrourbano.com\/revista\/inmobiliario\/construiran-parque-industrial-en-puebla\/#breadcrumb","itemListElement":[{"@type":"ListItem","position":1,"name":"Portada","item":"https:\/\/centrourbano.com\/revista\/"},{"@type":"ListItem","position":2,"name":"Construir\u00e1n parque industrial en Puebla"}]},{"@type":"WebSite","@id":"https:\/\/centrourbano.com\/revista\/#website","url":"https:\/\/centrourbano.com\/revista\/","name":"Centro Urbano","description":"Medio especializado en los sectores vivienda, inmobiliario, construcci\u00f3n, arquitectura y urbanismo.","publisher":{"@id":"https:\/\/centrourbano.com\/revista\/#organization"},"potentialAction":[{"@type":"SearchAction","target":{"@type":"EntryPoint","urlTemplate":"https:\/\/centrourbano.com\/revista\/?s={search_term_string}"},"query-input":{"@type":"PropertyValueSpecification","valueRequired":true,"valueName":"search_term_string"}}],"inLanguage":"es"},{"@type":"Organization","@id":"https:\/\/centrourbano.com\/revista\/#organization","name":"Centro Urbano","url":"https:\/\/centrourbano.com\/revista\/","logo":{"@type":"ImageObject","inLanguage":"es","@id":"https:\/\/centrourbano.com\/revista\/#\/schema\/logo\/image\/","url":"https:\/\/centrourbano.com\/revista\/wp-content\/uploads\/web_CU_logo-1.png","contentUrl":"https:\/\/centrourbano.com\/revista\/wp-content\/uploads\/web_CU_logo-1.png","width":350,"height":91,"caption":"Centro Urbano"},"image":{"@id":"https:\/\/centrourbano.com\/revista\/#\/schema\/logo\/image\/"},"sameAs":["https:\/\/www.facebook.com\/portalcentrourbano","https:\/\/x.com\/CentroUrbano","https:\/\/www.instagram.com\/centro_urbano\/","https:\/\/www.linkedin.com\/company\/centro-urbano\/","http:\/\/www.youtube.com\/user\/portalcentrourbano"]},{"@type":"Person","@id":"https:\/\/centrourbano.com\/revista\/#\/schema\/person\/e3142244139c9fbcfb78e51eec6b37ce","name":"Sofia Osorio","image":{"@type":"ImageObject","inLanguage":"es","@id":"https:\/\/secure.gravatar.com\/avatar\/540346885009217f50383aeae8f93738fea6ce04c37c93d6be2d0515d1be354c?s=96&d=mm&r=g","url":"https:\/\/secure.gravatar.com\/avatar\/540346885009217f50383aeae8f93738fea6ce04c37c93d6be2d0515d1be354c?s=96&d=mm&r=g","contentUrl":"https:\/\/secure.gravatar.com\/avatar\/540346885009217f50383aeae8f93738fea6ce04c37c93d6be2d0515d1be354c?s=96&d=mm&r=g","caption":"Sofia Osorio"},"description":"Egresada de la Facultad de Estudios Superiores Arag\u00f3n. Comunicaci\u00f3n y Periodismo. Loca y feliz. Suele re\u00edrse de todo, dormir en el transporte p\u00fablico y terminar corriendo para llegar a cualquier lugar. Cantante de regadera, bailarina frustrada y chiva de coraz\u00f3n, apasionada por lo que hay que hacer. Enojona, gritona y medio amable con la gente. Su primera oportunidad laboral la tuvo como becaria en la revista Klika y fungi\u00f3 como community manager en Grupo Radio Centro. Actualmente explora nuevos campos del periodismo en Centro Urbano.","url":"https:\/\/centrourbano.com\/revista\/author\/sofia-osorio\/"}]}},"_links":{"self":[{"href":"https:\/\/centrourbano.com\/revista\/wp-json\/wp\/v2\/posts\/26458","targetHints":{"allow":["GET"]}}],"collection":[{"href":"https:\/\/centrourbano.com\/revista\/wp-json\/wp\/v2\/posts"}],"about":[{"href":"https:\/\/centrourbano.com\/revista\/wp-json\/wp\/v2\/types\/post"}],"author":[{"embeddable":true,"href":"https:\/\/centrourbano.com\/revista\/wp-json\/wp\/v2\/users\/19"}],"replies":[{"embeddable":true,"href":"https:\/\/centrourbano.com\/revista\/wp-json\/wp\/v2\/comments?post=26458"}],"version-history":[{"count":0,"href":"https:\/\/centrourbano.com\/revista\/wp-json\/wp\/v2\/posts\/26458\/revisions"}],"wp:featuredmedia":[{"embeddable":true,"href":"https:\/\/centrourbano.com\/revista\/wp-json\/wp\/v2\/media\/26459"}],"wp:attachment":[{"href":"https:\/\/centrourbano.com\/revista\/wp-json\/wp\/v2\/media?parent=26458"}],"wp:term":[{"taxonomy":"category","embeddable":true,"href":"https:\/\/centrourbano.com\/revista\/wp-json\/wp\/v2\/categories?post=26458"},{"taxonomy":"post_tag","embeddable":true,"href":"https:\/\/centrourbano.com\/revista\/wp-json\/wp\/v2\/tags?post=26458"}],"curies":[{"name":"wp","href":"https:\/\/api.w.org\/{rel}","templated":true}]}}