{"id":26426,"date":"2015-12-04T12:17:26","date_gmt":"2015-12-04T18:17:26","guid":{"rendered":"http:\/\/centrourbano.com\/?p=26426"},"modified":"2015-12-04T12:20:46","modified_gmt":"2015-12-04T18:20:46","slug":"muestran-proceso-de-construccion-de-la-puerta-de-la-creacion","status":"publish","type":"post","link":"https:\/\/centrourbano.com\/revista\/arquitectura-2\/muestran-proceso-de-construccion-de-la-puerta-de-la-creacion\/","title":{"rendered":"Muestran proceso de construcci\u00f3n de la Puerta de la Creaci\u00f3n"},"content":{"rendered":"<p><em>Primera obra p\u00fablica del arquitecto japon\u00e9s <a class=\"expresscurate_contentTags\" href=\"http:\/\/centrourbano.com\/tag\/tadao-ando\/\">#Tadao Ando<\/a>, ganador del premio <\/em><a class=\"expresscurate_contentTags\" href=\"http:\/\/centrourbano.com\/tag\/pritzker\/\">#Pritzker<\/a><br \/>\n<!--more--><\/p>\n<p>En la Biblioteca de M\u00e9xico se presenta la exposici\u00f3n Centro Roberto Garza Sada: Umbral creativo de Tadao Ando en M\u00e9xico, en la que se muestra el proceso de <a class=\"expresscurate_contentTags\" href=\"http:\/\/centrourbano.com\/tag\/construccion-2\/\">#construcci\u00f3n<\/a> del edificio que forma parte de la <a class=\"expresscurate_contentTags\" href=\"http:\/\/centrourbano.com\/tag\/universidad-de-monterrey\/\">#Universidad de Monterrey<\/a>, que es la primera obra p\u00fablica del arquitecto japon\u00e9s Tadao Ando.<\/p>\n<p>El edificio fue \u2018bautizado\u2019 por Ando como <a class=\"expresscurate_contentTags\" href=\"http:\/\/centrourbano.com\/tag\/puerta-de-la-creacion\/\">#Puerta de la Creaci\u00f3n<\/a>, en la exposici\u00f3n se pueden apreciar las principales caracter\u00edsticas de la <a class=\"expresscurate_contentTags\" href=\"http:\/\/centrourbano.com\/tag\/arquitectura\/\">#arquitectura<\/a> del edificio que descansa en dos puntos y se apuntala en una estructura de acero en su interior, en esta escuela se forman profesionistas especializados en arte, arquitectura y dise\u00f1o.<\/p>\n<p>La construcci\u00f3n de este inmueble fue de casi 3 a\u00f1os, en donde laboraron 2,800 trabajadores, sus dimensiones son de 99 metros de largo, mientras que su anchura es de 27 metros. Tiene 6 pisos niveles, cada uno con una altura de 5.4 metros y tuvo un costo de 45,000,000 de d\u00f3lares.<\/p>\n<p>En sus caracter\u00edsticas visuales, el edificio no tiene color, por lo que se aprecia lo natural de los materiales, con lo que el gris de concreto se asemeja al colorido de las monta\u00f1as que se encuentra alrededor, adem\u00e1s es el primer inmueble de Ando que recibe la certificaci\u00f3n LEED, es decir, que su dise\u00f1o y construcci\u00f3n tom\u00f3 en cuenta para mejorar su desempe\u00f1o ambiental.<\/p>\n<p>Tadao Ando gan\u00f3 en 1995 el premio Pritzker, considerado el m\u00e1ximo galard\u00f3n que se otorga en la actualidad a los arquitectos.<\/p>\n<p>La inauguraci\u00f3n se realiza este viernes en el vest\u00edbulo de la Biblioteca, el curador de la muestra fue Elianne Ferretti, adem\u00e1s se presentar\u00e1 toda la obra de Tadao Ando. La muestra estar\u00e1 abierta hasta el 31 de enero de 2016.<\/p>\n<p>&nbsp;<\/p>\n","protected":false},"excerpt":{"rendered":"<p>Primera obra p\u00fablica del arquitecto japon\u00e9s #Tadao Ando, ganador del premio #Pritzker<\/p>\n","protected":false},"author":37,"featured_media":26427,"comment_status":"open","ping_status":"closed","sticky":false,"template":"","format":"standard","meta":{"om_disable_all_campaigns":false,"inline_featured_image":false,"_monsterinsights_skip_tracking":false,"_monsterinsights_sitenote_active":false,"_monsterinsights_sitenote_note":"","_monsterinsights_sitenote_category":0,"footnotes":""},"categories":[81],"tags":[20,22,1296,7154,842,7155],"class_list":["post-26426","post","type-post","status-publish","format-standard","has-post-thumbnail","hentry","category-arquitectura-2","tag-arquitectura","tag-construccion-2","tag-pritzker","tag-puerta-de-la-creacion","tag-tadao-ando","tag-universidad-de-monterrey"],"yoast_head":"<!-- This site is optimized with the Yoast SEO plugin v27.4 - https:\/\/yoast.com\/product\/yoast-seo-wordpress\/ -->\n<title>Muestran proceso de construcci\u00f3n de la Puerta de la Creaci\u00f3n -<\/title>\n<meta name=\"description\" content=\"Primera obra p\u00fablica del arquitecto japon\u00e9s #Tadao Ando, ganador del premio #Pritzker En la Biblioteca de M\u00e9xico se presenta la exposici\u00f3n Centro Roberto\" \/>\n<meta name=\"robots\" content=\"index, follow, max-snippet:-1, max-image-preview:large, max-video-preview:-1\" \/>\n<link rel=\"canonical\" href=\"https:\/\/centrourbano.com\/revista\/arquitectura-2\/muestran-proceso-de-construccion-de-la-puerta-de-la-creacion\/\" \/>\n<meta property=\"og:locale\" content=\"es_ES\" \/>\n<meta property=\"og:type\" content=\"article\" \/>\n<meta property=\"og:title\" content=\"Muestran proceso de construcci\u00f3n de la Puerta de la Creaci\u00f3n -\" \/>\n<meta property=\"og:description\" content=\"Primera obra p\u00fablica del arquitecto japon\u00e9s #Tadao Ando, ganador del premio #Pritzker En la Biblioteca de M\u00e9xico se presenta la exposici\u00f3n Centro Roberto\" \/>\n<meta property=\"og:url\" content=\"https:\/\/centrourbano.com\/revista\/arquitectura-2\/muestran-proceso-de-construccion-de-la-puerta-de-la-creacion\/\" \/>\n<meta property=\"og:site_name\" content=\"Centro Urbano\" \/>\n<meta property=\"article:publisher\" content=\"https:\/\/www.facebook.com\/portalcentrourbano\" \/>\n<meta property=\"article:published_time\" content=\"2015-12-04T18:17:26+00:00\" \/>\n<meta property=\"article:modified_time\" content=\"2015-12-04T18:20:46+00:00\" \/>\n<meta property=\"og:image\" content=\"https:\/\/centrourbano.com\/revista\/wp-content\/uploads\/Puerta-de-la-Creaci\u00f3n.png\" \/>\n\t<meta property=\"og:image:width\" content=\"528\" \/>\n\t<meta property=\"og:image:height\" content=\"352\" \/>\n\t<meta property=\"og:image:type\" content=\"image\/png\" \/>\n<meta name=\"author\" content=\"Diego Rodr\u00edguez\" \/>\n<meta name=\"twitter:card\" content=\"summary_large_image\" \/>\n<meta name=\"twitter:creator\" content=\"@CentroUrbano\" \/>\n<meta name=\"twitter:site\" content=\"@CentroUrbano\" \/>\n<meta name=\"twitter:label1\" content=\"Escrito por\" \/>\n\t<meta name=\"twitter:data1\" content=\"Diego Rodr\u00edguez\" \/>\n\t<meta name=\"twitter:label2\" content=\"Tiempo de lectura\" \/>\n\t<meta name=\"twitter:data2\" content=\"2 minutos\" \/>\n<script type=\"application\/ld+json\" class=\"yoast-schema-graph\">{\"@context\":\"https:\\\/\\\/schema.org\",\"@graph\":[{\"@type\":\"Article\",\"@id\":\"https:\\\/\\\/centrourbano.com\\\/revista\\\/arquitectura-2\\\/muestran-proceso-de-construccion-de-la-puerta-de-la-creacion\\\/#article\",\"isPartOf\":{\"@id\":\"https:\\\/\\\/centrourbano.com\\\/revista\\\/arquitectura-2\\\/muestran-proceso-de-construccion-de-la-puerta-de-la-creacion\\\/\"},\"author\":{\"name\":\"Diego Rodr\u00edguez\",\"@id\":\"https:\\\/\\\/centrourbano.com\\\/revista\\\/#\\\/schema\\\/person\\\/b50192a3cd0e680841b45dc537f53970\"},\"headline\":\"Muestran proceso de construcci\u00f3n de la Puerta de la Creaci\u00f3n\",\"datePublished\":\"2015-12-04T18:17:26+00:00\",\"dateModified\":\"2015-12-04T18:20:46+00:00\",\"mainEntityOfPage\":{\"@id\":\"https:\\\/\\\/centrourbano.com\\\/revista\\\/arquitectura-2\\\/muestran-proceso-de-construccion-de-la-puerta-de-la-creacion\\\/\"},\"wordCount\":321,\"commentCount\":0,\"publisher\":{\"@id\":\"https:\\\/\\\/centrourbano.com\\\/revista\\\/#organization\"},\"image\":{\"@id\":\"https:\\\/\\\/centrourbano.com\\\/revista\\\/arquitectura-2\\\/muestran-proceso-de-construccion-de-la-puerta-de-la-creacion\\\/#primaryimage\"},\"thumbnailUrl\":\"https:\\\/\\\/centrourbano.com\\\/revista\\\/wp-content\\\/uploads\\\/Puerta-de-la-Creaci\u00f3n.png\",\"keywords\":[\"arquitectura\",\"construcci\u00f3n\",\"Pritzker\",\"Puerta de la Creaci\u00f3n\",\"Tadao Ando\",\"Universidad de Monterrey\"],\"articleSection\":[\"Arquitectura\"],\"inLanguage\":\"es\",\"potentialAction\":[{\"@type\":\"CommentAction\",\"name\":\"Comment\",\"target\":[\"https:\\\/\\\/centrourbano.com\\\/revista\\\/arquitectura-2\\\/muestran-proceso-de-construccion-de-la-puerta-de-la-creacion\\\/#respond\"]}]},{\"@type\":\"WebPage\",\"@id\":\"https:\\\/\\\/centrourbano.com\\\/revista\\\/arquitectura-2\\\/muestran-proceso-de-construccion-de-la-puerta-de-la-creacion\\\/\",\"url\":\"https:\\\/\\\/centrourbano.com\\\/revista\\\/arquitectura-2\\\/muestran-proceso-de-construccion-de-la-puerta-de-la-creacion\\\/\",\"name\":\"Muestran proceso de construcci\u00f3n de la Puerta de la Creaci\u00f3n -\",\"isPartOf\":{\"@id\":\"https:\\\/\\\/centrourbano.com\\\/revista\\\/#website\"},\"primaryImageOfPage\":{\"@id\":\"https:\\\/\\\/centrourbano.com\\\/revista\\\/arquitectura-2\\\/muestran-proceso-de-construccion-de-la-puerta-de-la-creacion\\\/#primaryimage\"},\"image\":{\"@id\":\"https:\\\/\\\/centrourbano.com\\\/revista\\\/arquitectura-2\\\/muestran-proceso-de-construccion-de-la-puerta-de-la-creacion\\\/#primaryimage\"},\"thumbnailUrl\":\"https:\\\/\\\/centrourbano.com\\\/revista\\\/wp-content\\\/uploads\\\/Puerta-de-la-Creaci\u00f3n.png\",\"datePublished\":\"2015-12-04T18:17:26+00:00\",\"dateModified\":\"2015-12-04T18:20:46+00:00\",\"description\":\"Primera obra p\u00fablica del arquitecto japon\u00e9s #Tadao Ando, ganador del premio #Pritzker En la Biblioteca de M\u00e9xico se presenta la exposici\u00f3n Centro Roberto\",\"breadcrumb\":{\"@id\":\"https:\\\/\\\/centrourbano.com\\\/revista\\\/arquitectura-2\\\/muestran-proceso-de-construccion-de-la-puerta-de-la-creacion\\\/#breadcrumb\"},\"inLanguage\":\"es\",\"potentialAction\":[{\"@type\":\"ReadAction\",\"target\":[\"https:\\\/\\\/centrourbano.com\\\/revista\\\/arquitectura-2\\\/muestran-proceso-de-construccion-de-la-puerta-de-la-creacion\\\/\"]}]},{\"@type\":\"ImageObject\",\"inLanguage\":\"es\",\"@id\":\"https:\\\/\\\/centrourbano.com\\\/revista\\\/arquitectura-2\\\/muestran-proceso-de-construccion-de-la-puerta-de-la-creacion\\\/#primaryimage\",\"url\":\"https:\\\/\\\/centrourbano.com\\\/revista\\\/wp-content\\\/uploads\\\/Puerta-de-la-Creaci\u00f3n.png\",\"contentUrl\":\"https:\\\/\\\/centrourbano.com\\\/revista\\\/wp-content\\\/uploads\\\/Puerta-de-la-Creaci\u00f3n.png\",\"width\":528,\"height\":352},{\"@type\":\"BreadcrumbList\",\"@id\":\"https:\\\/\\\/centrourbano.com\\\/revista\\\/arquitectura-2\\\/muestran-proceso-de-construccion-de-la-puerta-de-la-creacion\\\/#breadcrumb\",\"itemListElement\":[{\"@type\":\"ListItem\",\"position\":1,\"name\":\"Portada\",\"item\":\"https:\\\/\\\/centrourbano.com\\\/revista\\\/\"},{\"@type\":\"ListItem\",\"position\":2,\"name\":\"Muestran proceso de construcci\u00f3n de la Puerta de la Creaci\u00f3n\"}]},{\"@type\":\"WebSite\",\"@id\":\"https:\\\/\\\/centrourbano.com\\\/revista\\\/#website\",\"url\":\"https:\\\/\\\/centrourbano.com\\\/revista\\\/\",\"name\":\"Centro Urbano\",\"description\":\"Medio especializado en los sectores vivienda, inmobiliario, construcci\u00f3n, arquitectura y urbanismo.\",\"publisher\":{\"@id\":\"https:\\\/\\\/centrourbano.com\\\/revista\\\/#organization\"},\"potentialAction\":[{\"@type\":\"SearchAction\",\"target\":{\"@type\":\"EntryPoint\",\"urlTemplate\":\"https:\\\/\\\/centrourbano.com\\\/revista\\\/?s={search_term_string}\"},\"query-input\":{\"@type\":\"PropertyValueSpecification\",\"valueRequired\":true,\"valueName\":\"search_term_string\"}}],\"inLanguage\":\"es\"},{\"@type\":\"Organization\",\"@id\":\"https:\\\/\\\/centrourbano.com\\\/revista\\\/#organization\",\"name\":\"Centro Urbano\",\"url\":\"https:\\\/\\\/centrourbano.com\\\/revista\\\/\",\"logo\":{\"@type\":\"ImageObject\",\"inLanguage\":\"es\",\"@id\":\"https:\\\/\\\/centrourbano.com\\\/revista\\\/#\\\/schema\\\/logo\\\/image\\\/\",\"url\":\"https:\\\/\\\/centrourbano.com\\\/revista\\\/wp-content\\\/uploads\\\/web_CU_logo-1.png\",\"contentUrl\":\"https:\\\/\\\/centrourbano.com\\\/revista\\\/wp-content\\\/uploads\\\/web_CU_logo-1.png\",\"width\":350,\"height\":91,\"caption\":\"Centro Urbano\"},\"image\":{\"@id\":\"https:\\\/\\\/centrourbano.com\\\/revista\\\/#\\\/schema\\\/logo\\\/image\\\/\"},\"sameAs\":[\"https:\\\/\\\/www.facebook.com\\\/portalcentrourbano\",\"https:\\\/\\\/x.com\\\/CentroUrbano\",\"https:\\\/\\\/www.instagram.com\\\/centro_urbano\\\/\",\"https:\\\/\\\/www.linkedin.com\\\/company\\\/centro-urbano\\\/\",\"http:\\\/\\\/www.youtube.com\\\/user\\\/portalcentrourbano\"]},{\"@type\":\"Person\",\"@id\":\"https:\\\/\\\/centrourbano.com\\\/revista\\\/#\\\/schema\\\/person\\\/b50192a3cd0e680841b45dc537f53970\",\"name\":\"Diego Rodr\u00edguez\",\"image\":{\"@type\":\"ImageObject\",\"inLanguage\":\"es\",\"@id\":\"https:\\\/\\\/secure.gravatar.com\\\/avatar\\\/d217565525df2df5d4e7265d47758506f41845ed9529510921a7625d8365789d?s=96&d=mm&r=g\",\"url\":\"https:\\\/\\\/secure.gravatar.com\\\/avatar\\\/d217565525df2df5d4e7265d47758506f41845ed9529510921a7625d8365789d?s=96&d=mm&r=g\",\"contentUrl\":\"https:\\\/\\\/secure.gravatar.com\\\/avatar\\\/d217565525df2df5d4e7265d47758506f41845ed9529510921a7625d8365789d?s=96&d=mm&r=g\",\"caption\":\"Diego Rodr\u00edguez\"},\"description\":\"Egresado de la Facultad de Estudios Superiores Acatl\u00e1n de la carrera en Comunicaci\u00f3n, con especialidad en medios escritos. Reportero del desaparecido peri\u00f3dico Nuestro M\u00e9xico, en donde cubri\u00f3 las fuentes delegacionales y Asamblea Legislativa. Tambi\u00e9n trabaj\u00f3 en la Coordinaci\u00f3n de Comunicaci\u00f3n Social en la delegaci\u00f3n \u00c1lvaro Obreg\u00f3n. Le gusta leer novelas y cuentos.\",\"url\":\"https:\\\/\\\/centrourbano.com\\\/revista\\\/author\\\/diegorodriguez\\\/\"}]}<\/script>\n<!-- \/ Yoast SEO plugin. -->","yoast_head_json":{"title":"Muestran proceso de construcci\u00f3n de la Puerta de la Creaci\u00f3n -","description":"Primera obra p\u00fablica del arquitecto japon\u00e9s #Tadao Ando, ganador del premio #Pritzker En la Biblioteca de M\u00e9xico se presenta la exposici\u00f3n Centro Roberto","robots":{"index":"index","follow":"follow","max-snippet":"max-snippet:-1","max-image-preview":"max-image-preview:large","max-video-preview":"max-video-preview:-1"},"canonical":"https:\/\/centrourbano.com\/revista\/arquitectura-2\/muestran-proceso-de-construccion-de-la-puerta-de-la-creacion\/","og_locale":"es_ES","og_type":"article","og_title":"Muestran proceso de construcci\u00f3n de la Puerta de la Creaci\u00f3n -","og_description":"Primera obra p\u00fablica del arquitecto japon\u00e9s #Tadao Ando, ganador del premio #Pritzker En la Biblioteca de M\u00e9xico se presenta la exposici\u00f3n Centro Roberto","og_url":"https:\/\/centrourbano.com\/revista\/arquitectura-2\/muestran-proceso-de-construccion-de-la-puerta-de-la-creacion\/","og_site_name":"Centro Urbano","article_publisher":"https:\/\/www.facebook.com\/portalcentrourbano","article_published_time":"2015-12-04T18:17:26+00:00","article_modified_time":"2015-12-04T18:20:46+00:00","og_image":[{"width":528,"height":352,"url":"https:\/\/centrourbano.com\/revista\/wp-content\/uploads\/Puerta-de-la-Creaci\u00f3n.png","type":"image\/png"}],"author":"Diego Rodr\u00edguez","twitter_card":"summary_large_image","twitter_creator":"@CentroUrbano","twitter_site":"@CentroUrbano","twitter_misc":{"Escrito por":"Diego Rodr\u00edguez","Tiempo de lectura":"2 minutos"},"schema":{"@context":"https:\/\/schema.org","@graph":[{"@type":"Article","@id":"https:\/\/centrourbano.com\/revista\/arquitectura-2\/muestran-proceso-de-construccion-de-la-puerta-de-la-creacion\/#article","isPartOf":{"@id":"https:\/\/centrourbano.com\/revista\/arquitectura-2\/muestran-proceso-de-construccion-de-la-puerta-de-la-creacion\/"},"author":{"name":"Diego Rodr\u00edguez","@id":"https:\/\/centrourbano.com\/revista\/#\/schema\/person\/b50192a3cd0e680841b45dc537f53970"},"headline":"Muestran proceso de construcci\u00f3n de la Puerta de la Creaci\u00f3n","datePublished":"2015-12-04T18:17:26+00:00","dateModified":"2015-12-04T18:20:46+00:00","mainEntityOfPage":{"@id":"https:\/\/centrourbano.com\/revista\/arquitectura-2\/muestran-proceso-de-construccion-de-la-puerta-de-la-creacion\/"},"wordCount":321,"commentCount":0,"publisher":{"@id":"https:\/\/centrourbano.com\/revista\/#organization"},"image":{"@id":"https:\/\/centrourbano.com\/revista\/arquitectura-2\/muestran-proceso-de-construccion-de-la-puerta-de-la-creacion\/#primaryimage"},"thumbnailUrl":"https:\/\/centrourbano.com\/revista\/wp-content\/uploads\/Puerta-de-la-Creaci\u00f3n.png","keywords":["arquitectura","construcci\u00f3n","Pritzker","Puerta de la Creaci\u00f3n","Tadao Ando","Universidad de Monterrey"],"articleSection":["Arquitectura"],"inLanguage":"es","potentialAction":[{"@type":"CommentAction","name":"Comment","target":["https:\/\/centrourbano.com\/revista\/arquitectura-2\/muestran-proceso-de-construccion-de-la-puerta-de-la-creacion\/#respond"]}]},{"@type":"WebPage","@id":"https:\/\/centrourbano.com\/revista\/arquitectura-2\/muestran-proceso-de-construccion-de-la-puerta-de-la-creacion\/","url":"https:\/\/centrourbano.com\/revista\/arquitectura-2\/muestran-proceso-de-construccion-de-la-puerta-de-la-creacion\/","name":"Muestran proceso de construcci\u00f3n de la Puerta de la Creaci\u00f3n -","isPartOf":{"@id":"https:\/\/centrourbano.com\/revista\/#website"},"primaryImageOfPage":{"@id":"https:\/\/centrourbano.com\/revista\/arquitectura-2\/muestran-proceso-de-construccion-de-la-puerta-de-la-creacion\/#primaryimage"},"image":{"@id":"https:\/\/centrourbano.com\/revista\/arquitectura-2\/muestran-proceso-de-construccion-de-la-puerta-de-la-creacion\/#primaryimage"},"thumbnailUrl":"https:\/\/centrourbano.com\/revista\/wp-content\/uploads\/Puerta-de-la-Creaci\u00f3n.png","datePublished":"2015-12-04T18:17:26+00:00","dateModified":"2015-12-04T18:20:46+00:00","description":"Primera obra p\u00fablica del arquitecto japon\u00e9s #Tadao Ando, ganador del premio #Pritzker En la Biblioteca de M\u00e9xico se presenta la exposici\u00f3n Centro Roberto","breadcrumb":{"@id":"https:\/\/centrourbano.com\/revista\/arquitectura-2\/muestran-proceso-de-construccion-de-la-puerta-de-la-creacion\/#breadcrumb"},"inLanguage":"es","potentialAction":[{"@type":"ReadAction","target":["https:\/\/centrourbano.com\/revista\/arquitectura-2\/muestran-proceso-de-construccion-de-la-puerta-de-la-creacion\/"]}]},{"@type":"ImageObject","inLanguage":"es","@id":"https:\/\/centrourbano.com\/revista\/arquitectura-2\/muestran-proceso-de-construccion-de-la-puerta-de-la-creacion\/#primaryimage","url":"https:\/\/centrourbano.com\/revista\/wp-content\/uploads\/Puerta-de-la-Creaci\u00f3n.png","contentUrl":"https:\/\/centrourbano.com\/revista\/wp-content\/uploads\/Puerta-de-la-Creaci\u00f3n.png","width":528,"height":352},{"@type":"BreadcrumbList","@id":"https:\/\/centrourbano.com\/revista\/arquitectura-2\/muestran-proceso-de-construccion-de-la-puerta-de-la-creacion\/#breadcrumb","itemListElement":[{"@type":"ListItem","position":1,"name":"Portada","item":"https:\/\/centrourbano.com\/revista\/"},{"@type":"ListItem","position":2,"name":"Muestran proceso de construcci\u00f3n de la Puerta de la Creaci\u00f3n"}]},{"@type":"WebSite","@id":"https:\/\/centrourbano.com\/revista\/#website","url":"https:\/\/centrourbano.com\/revista\/","name":"Centro Urbano","description":"Medio especializado en los sectores vivienda, inmobiliario, construcci\u00f3n, arquitectura y urbanismo.","publisher":{"@id":"https:\/\/centrourbano.com\/revista\/#organization"},"potentialAction":[{"@type":"SearchAction","target":{"@type":"EntryPoint","urlTemplate":"https:\/\/centrourbano.com\/revista\/?s={search_term_string}"},"query-input":{"@type":"PropertyValueSpecification","valueRequired":true,"valueName":"search_term_string"}}],"inLanguage":"es"},{"@type":"Organization","@id":"https:\/\/centrourbano.com\/revista\/#organization","name":"Centro Urbano","url":"https:\/\/centrourbano.com\/revista\/","logo":{"@type":"ImageObject","inLanguage":"es","@id":"https:\/\/centrourbano.com\/revista\/#\/schema\/logo\/image\/","url":"https:\/\/centrourbano.com\/revista\/wp-content\/uploads\/web_CU_logo-1.png","contentUrl":"https:\/\/centrourbano.com\/revista\/wp-content\/uploads\/web_CU_logo-1.png","width":350,"height":91,"caption":"Centro Urbano"},"image":{"@id":"https:\/\/centrourbano.com\/revista\/#\/schema\/logo\/image\/"},"sameAs":["https:\/\/www.facebook.com\/portalcentrourbano","https:\/\/x.com\/CentroUrbano","https:\/\/www.instagram.com\/centro_urbano\/","https:\/\/www.linkedin.com\/company\/centro-urbano\/","http:\/\/www.youtube.com\/user\/portalcentrourbano"]},{"@type":"Person","@id":"https:\/\/centrourbano.com\/revista\/#\/schema\/person\/b50192a3cd0e680841b45dc537f53970","name":"Diego Rodr\u00edguez","image":{"@type":"ImageObject","inLanguage":"es","@id":"https:\/\/secure.gravatar.com\/avatar\/d217565525df2df5d4e7265d47758506f41845ed9529510921a7625d8365789d?s=96&d=mm&r=g","url":"https:\/\/secure.gravatar.com\/avatar\/d217565525df2df5d4e7265d47758506f41845ed9529510921a7625d8365789d?s=96&d=mm&r=g","contentUrl":"https:\/\/secure.gravatar.com\/avatar\/d217565525df2df5d4e7265d47758506f41845ed9529510921a7625d8365789d?s=96&d=mm&r=g","caption":"Diego Rodr\u00edguez"},"description":"Egresado de la Facultad de Estudios Superiores Acatl\u00e1n de la carrera en Comunicaci\u00f3n, con especialidad en medios escritos. Reportero del desaparecido peri\u00f3dico Nuestro M\u00e9xico, en donde cubri\u00f3 las fuentes delegacionales y Asamblea Legislativa. Tambi\u00e9n trabaj\u00f3 en la Coordinaci\u00f3n de Comunicaci\u00f3n Social en la delegaci\u00f3n \u00c1lvaro Obreg\u00f3n. Le gusta leer novelas y cuentos.","url":"https:\/\/centrourbano.com\/revista\/author\/diegorodriguez\/"}]}},"_links":{"self":[{"href":"https:\/\/centrourbano.com\/revista\/wp-json\/wp\/v2\/posts\/26426","targetHints":{"allow":["GET"]}}],"collection":[{"href":"https:\/\/centrourbano.com\/revista\/wp-json\/wp\/v2\/posts"}],"about":[{"href":"https:\/\/centrourbano.com\/revista\/wp-json\/wp\/v2\/types\/post"}],"author":[{"embeddable":true,"href":"https:\/\/centrourbano.com\/revista\/wp-json\/wp\/v2\/users\/37"}],"replies":[{"embeddable":true,"href":"https:\/\/centrourbano.com\/revista\/wp-json\/wp\/v2\/comments?post=26426"}],"version-history":[{"count":0,"href":"https:\/\/centrourbano.com\/revista\/wp-json\/wp\/v2\/posts\/26426\/revisions"}],"wp:featuredmedia":[{"embeddable":true,"href":"https:\/\/centrourbano.com\/revista\/wp-json\/wp\/v2\/media\/26427"}],"wp:attachment":[{"href":"https:\/\/centrourbano.com\/revista\/wp-json\/wp\/v2\/media?parent=26426"}],"wp:term":[{"taxonomy":"category","embeddable":true,"href":"https:\/\/centrourbano.com\/revista\/wp-json\/wp\/v2\/categories?post=26426"},{"taxonomy":"post_tag","embeddable":true,"href":"https:\/\/centrourbano.com\/revista\/wp-json\/wp\/v2\/tags?post=26426"}],"curies":[{"name":"wp","href":"https:\/\/api.w.org\/{rel}","templated":true}]}}