{"id":2626,"date":"2014-01-14T12:00:02","date_gmt":"2014-01-14T18:00:02","guid":{"rendered":"http:\/\/centrourbano.com\/?p=2626"},"modified":"2014-03-19T22:48:45","modified_gmt":"2014-03-20T04:48:45","slug":"la-obra-de-manuel-rocha-cumplira-4-decadas","status":"publish","type":"post","link":"https:\/\/centrourbano.com\/revista\/arquitectura-2\/la-obra-de-manuel-rocha-cumplira-4-decadas\/","title":{"rendered":"La obra de Manuel Rocha cumplir\u00e1 4 d\u00e9cadas"},"content":{"rendered":"<p><i>Aunque las nuevas instalaciones cuentan con 30 a\u00f1os de haber sido edificadas, la cede original de este recinto conocido como la Cineteca Nacional cumplir\u00e1 10 a\u00f1os m\u00e1s<\/i><\/p>\n<p><i>\u00a0<!--more--><\/i><\/p>\n<p>&nbsp;<\/p>\n<p>La Cineteca Nacional conmemorar\u00e1 en este mes de enero cuatro d\u00e9cadas de su inauguraci\u00f3n en sus instalaciones originales, mientras que la sede que ocupa hoy en d\u00eda cumplir\u00e1 tres d\u00e9cadas de abrir sus puertas.<\/p>\n<p>&nbsp;<\/p>\n<p>Bajo el dise\u00f1o del arquitecto mexicano Manuel Rocha D\u00edaz, \u00a0el 27 de enero de 1984 fue inaugurada la Cineteca Nacional.<\/p>\n<p>&nbsp;<\/p>\n<p>No obstante, fue realmente el 17 de enero de 1974, cuando este recinto abri\u00f3 sus puertas por primera vez al p\u00fablico en los antiguos foros de Los Estudios Churubusco, donde contaba tan s\u00f3lo con dos salas de proyecci\u00f3n: Sal\u00f3n Rojo y Sala Fernando de Fuentes.<\/p>\n<p>&nbsp;<\/p>\n<p>Tras el incendio que devastar\u00e1 en marzo de 1982 una de las salas de la Cineteca, que adem\u00e1s afect\u00f3 99% de las cintas cinematogr\u00e1ficas, un acervo que inclu\u00eda pel\u00edculas tanto nacionales como extranjeras, se busc\u00f3 un nuevo sitio para seguir proyectando el arte f\u00edlmico.<\/p>\n<p>&nbsp;<\/p>\n<p>Es as\u00ed como la obra del arquitecto, lleg\u00f3 a ocupar la Plaza de los Compositores, ubicada en la avenida M\u00e9xico Coyoac\u00e1n, en el antiguo pueblo de Xoco al Sur de la ciudad.<\/p>\n","protected":false},"excerpt":{"rendered":"<p>Aunque las nuevas instalaciones cuentan con 30 a\u00f1os de haber sido edificadas, la cede original de este recinto conocido como la Cineteca Nacional cumplir\u00e1 10 a\u00f1os m\u00e1s \u00a0<\/p>\n","protected":false},"author":14,"featured_media":16932,"comment_status":"open","ping_status":"closed","sticky":false,"template":"","format":"standard","meta":{"om_disable_all_campaigns":false,"inline_featured_image":false,"_monsterinsights_skip_tracking":false,"_monsterinsights_sitenote_active":false,"_monsterinsights_sitenote_note":"","_monsterinsights_sitenote_category":0,"footnotes":""},"categories":[81],"tags":[811,810,808,809],"class_list":["post-2626","post","type-post","status-publish","format-standard","has-post-thumbnail","hentry","category-arquitectura-2","tag-40-anos","tag-arquitecto-mexicano-manuel-rocha","tag-cineteca-nacional","tag-manuel-rocha-diaz"],"yoast_head":"<!-- This site is optimized with the Yoast SEO plugin v27.4 - https:\/\/yoast.com\/product\/yoast-seo-wordpress\/ -->\n<title>La obra de Manuel Rocha cumplir\u00e1 4 d\u00e9cadas -<\/title>\n<meta name=\"description\" content=\"Aunque las nuevas instalaciones cuentan con 30 a\u00f1os de haber sido edificadas, la cede original de este recinto conocido como la Cineteca Nacional cumplir\u00e1\" \/>\n<meta name=\"robots\" content=\"index, follow, max-snippet:-1, max-image-preview:large, max-video-preview:-1\" \/>\n<link rel=\"canonical\" href=\"https:\/\/centrourbano.com\/revista\/arquitectura-2\/la-obra-de-manuel-rocha-cumplira-4-decadas\/\" \/>\n<meta property=\"og:locale\" content=\"es_ES\" \/>\n<meta property=\"og:type\" content=\"article\" \/>\n<meta property=\"og:title\" content=\"La obra de Manuel Rocha cumplir\u00e1 4 d\u00e9cadas -\" \/>\n<meta property=\"og:description\" content=\"Aunque las nuevas instalaciones cuentan con 30 a\u00f1os de haber sido edificadas, la cede original de este recinto conocido como la Cineteca Nacional cumplir\u00e1\" \/>\n<meta property=\"og:url\" content=\"https:\/\/centrourbano.com\/revista\/arquitectura-2\/la-obra-de-manuel-rocha-cumplira-4-decadas\/\" \/>\n<meta property=\"og:site_name\" content=\"Centro Urbano\" \/>\n<meta property=\"article:publisher\" content=\"https:\/\/www.facebook.com\/portalcentrourbano\" \/>\n<meta property=\"article:published_time\" content=\"2014-01-14T18:00:02+00:00\" \/>\n<meta property=\"article:modified_time\" content=\"2014-03-20T04:48:45+00:00\" \/>\n<meta property=\"og:image\" content=\"https:\/\/centrourbano.com\/revista\/wp-content\/uploads\/Cineteca-Nacional1.jpg\" \/>\n\t<meta property=\"og:image:width\" content=\"270\" \/>\n\t<meta property=\"og:image:height\" content=\"200\" \/>\n\t<meta property=\"og:image:type\" content=\"image\/jpeg\" \/>\n<meta name=\"author\" content=\"Redacci\u00f3n Centro Urbano\" \/>\n<meta name=\"twitter:card\" content=\"summary_large_image\" \/>\n<meta name=\"twitter:creator\" content=\"@CentroUrbano\" \/>\n<meta name=\"twitter:site\" content=\"@CentroUrbano\" \/>\n<meta name=\"twitter:label1\" content=\"Escrito por\" \/>\n\t<meta name=\"twitter:data1\" content=\"Redacci\u00f3n Centro Urbano\" \/>\n\t<meta name=\"twitter:label2\" content=\"Tiempo de lectura\" \/>\n\t<meta name=\"twitter:data2\" content=\"1 minuto\" \/>\n<script type=\"application\/ld+json\" class=\"yoast-schema-graph\">{\"@context\":\"https:\\\/\\\/schema.org\",\"@graph\":[{\"@type\":\"Article\",\"@id\":\"https:\\\/\\\/centrourbano.com\\\/revista\\\/arquitectura-2\\\/la-obra-de-manuel-rocha-cumplira-4-decadas\\\/#article\",\"isPartOf\":{\"@id\":\"https:\\\/\\\/centrourbano.com\\\/revista\\\/arquitectura-2\\\/la-obra-de-manuel-rocha-cumplira-4-decadas\\\/\"},\"author\":{\"name\":\"Redacci\u00f3n Centro Urbano\",\"@id\":\"https:\\\/\\\/centrourbano.com\\\/revista\\\/#\\\/schema\\\/person\\\/680e7c50f9d6e917e416c9efdc26f996\"},\"headline\":\"La obra de Manuel Rocha cumplir\u00e1 4 d\u00e9cadas\",\"datePublished\":\"2014-01-14T18:00:02+00:00\",\"dateModified\":\"2014-03-20T04:48:45+00:00\",\"mainEntityOfPage\":{\"@id\":\"https:\\\/\\\/centrourbano.com\\\/revista\\\/arquitectura-2\\\/la-obra-de-manuel-rocha-cumplira-4-decadas\\\/\"},\"wordCount\":227,\"commentCount\":0,\"publisher\":{\"@id\":\"https:\\\/\\\/centrourbano.com\\\/revista\\\/#organization\"},\"image\":{\"@id\":\"https:\\\/\\\/centrourbano.com\\\/revista\\\/arquitectura-2\\\/la-obra-de-manuel-rocha-cumplira-4-decadas\\\/#primaryimage\"},\"thumbnailUrl\":\"https:\\\/\\\/centrourbano.com\\\/revista\\\/wp-content\\\/uploads\\\/Cineteca-Nacional1.jpg\",\"keywords\":[\"40 a\u00f1os\",\"arquitecto mexicano Manuel Rocha\",\"Cineteca Nacional\",\"Manuel Rocha D\u00edaz\"],\"articleSection\":[\"Arquitectura\"],\"inLanguage\":\"es\",\"potentialAction\":[{\"@type\":\"CommentAction\",\"name\":\"Comment\",\"target\":[\"https:\\\/\\\/centrourbano.com\\\/revista\\\/arquitectura-2\\\/la-obra-de-manuel-rocha-cumplira-4-decadas\\\/#respond\"]}]},{\"@type\":\"WebPage\",\"@id\":\"https:\\\/\\\/centrourbano.com\\\/revista\\\/arquitectura-2\\\/la-obra-de-manuel-rocha-cumplira-4-decadas\\\/\",\"url\":\"https:\\\/\\\/centrourbano.com\\\/revista\\\/arquitectura-2\\\/la-obra-de-manuel-rocha-cumplira-4-decadas\\\/\",\"name\":\"La obra de Manuel Rocha cumplir\u00e1 4 d\u00e9cadas -\",\"isPartOf\":{\"@id\":\"https:\\\/\\\/centrourbano.com\\\/revista\\\/#website\"},\"primaryImageOfPage\":{\"@id\":\"https:\\\/\\\/centrourbano.com\\\/revista\\\/arquitectura-2\\\/la-obra-de-manuel-rocha-cumplira-4-decadas\\\/#primaryimage\"},\"image\":{\"@id\":\"https:\\\/\\\/centrourbano.com\\\/revista\\\/arquitectura-2\\\/la-obra-de-manuel-rocha-cumplira-4-decadas\\\/#primaryimage\"},\"thumbnailUrl\":\"https:\\\/\\\/centrourbano.com\\\/revista\\\/wp-content\\\/uploads\\\/Cineteca-Nacional1.jpg\",\"datePublished\":\"2014-01-14T18:00:02+00:00\",\"dateModified\":\"2014-03-20T04:48:45+00:00\",\"description\":\"Aunque las nuevas instalaciones cuentan con 30 a\u00f1os de haber sido edificadas, la cede original de este recinto conocido como la Cineteca Nacional cumplir\u00e1\",\"breadcrumb\":{\"@id\":\"https:\\\/\\\/centrourbano.com\\\/revista\\\/arquitectura-2\\\/la-obra-de-manuel-rocha-cumplira-4-decadas\\\/#breadcrumb\"},\"inLanguage\":\"es\",\"potentialAction\":[{\"@type\":\"ReadAction\",\"target\":[\"https:\\\/\\\/centrourbano.com\\\/revista\\\/arquitectura-2\\\/la-obra-de-manuel-rocha-cumplira-4-decadas\\\/\"]}]},{\"@type\":\"ImageObject\",\"inLanguage\":\"es\",\"@id\":\"https:\\\/\\\/centrourbano.com\\\/revista\\\/arquitectura-2\\\/la-obra-de-manuel-rocha-cumplira-4-decadas\\\/#primaryimage\",\"url\":\"https:\\\/\\\/centrourbano.com\\\/revista\\\/wp-content\\\/uploads\\\/Cineteca-Nacional1.jpg\",\"contentUrl\":\"https:\\\/\\\/centrourbano.com\\\/revista\\\/wp-content\\\/uploads\\\/Cineteca-Nacional1.jpg\",\"width\":270,\"height\":200},{\"@type\":\"BreadcrumbList\",\"@id\":\"https:\\\/\\\/centrourbano.com\\\/revista\\\/arquitectura-2\\\/la-obra-de-manuel-rocha-cumplira-4-decadas\\\/#breadcrumb\",\"itemListElement\":[{\"@type\":\"ListItem\",\"position\":1,\"name\":\"Portada\",\"item\":\"https:\\\/\\\/centrourbano.com\\\/revista\\\/\"},{\"@type\":\"ListItem\",\"position\":2,\"name\":\"La obra de Manuel Rocha cumplir\u00e1 4 d\u00e9cadas\"}]},{\"@type\":\"WebSite\",\"@id\":\"https:\\\/\\\/centrourbano.com\\\/revista\\\/#website\",\"url\":\"https:\\\/\\\/centrourbano.com\\\/revista\\\/\",\"name\":\"Centro Urbano\",\"description\":\"Medio especializado en los sectores vivienda, inmobiliario, construcci\u00f3n, arquitectura y urbanismo.\",\"publisher\":{\"@id\":\"https:\\\/\\\/centrourbano.com\\\/revista\\\/#organization\"},\"potentialAction\":[{\"@type\":\"SearchAction\",\"target\":{\"@type\":\"EntryPoint\",\"urlTemplate\":\"https:\\\/\\\/centrourbano.com\\\/revista\\\/?s={search_term_string}\"},\"query-input\":{\"@type\":\"PropertyValueSpecification\",\"valueRequired\":true,\"valueName\":\"search_term_string\"}}],\"inLanguage\":\"es\"},{\"@type\":\"Organization\",\"@id\":\"https:\\\/\\\/centrourbano.com\\\/revista\\\/#organization\",\"name\":\"Centro Urbano\",\"url\":\"https:\\\/\\\/centrourbano.com\\\/revista\\\/\",\"logo\":{\"@type\":\"ImageObject\",\"inLanguage\":\"es\",\"@id\":\"https:\\\/\\\/centrourbano.com\\\/revista\\\/#\\\/schema\\\/logo\\\/image\\\/\",\"url\":\"https:\\\/\\\/centrourbano.com\\\/revista\\\/wp-content\\\/uploads\\\/web_CU_logo-1.png\",\"contentUrl\":\"https:\\\/\\\/centrourbano.com\\\/revista\\\/wp-content\\\/uploads\\\/web_CU_logo-1.png\",\"width\":350,\"height\":91,\"caption\":\"Centro Urbano\"},\"image\":{\"@id\":\"https:\\\/\\\/centrourbano.com\\\/revista\\\/#\\\/schema\\\/logo\\\/image\\\/\"},\"sameAs\":[\"https:\\\/\\\/www.facebook.com\\\/portalcentrourbano\",\"https:\\\/\\\/x.com\\\/CentroUrbano\",\"https:\\\/\\\/www.instagram.com\\\/centro_urbano\\\/\",\"https:\\\/\\\/www.linkedin.com\\\/company\\\/centro-urbano\\\/\",\"http:\\\/\\\/www.youtube.com\\\/user\\\/portalcentrourbano\"]},{\"@type\":\"Person\",\"@id\":\"https:\\\/\\\/centrourbano.com\\\/revista\\\/#\\\/schema\\\/person\\\/680e7c50f9d6e917e416c9efdc26f996\",\"name\":\"Redacci\u00f3n Centro Urbano\",\"image\":{\"@type\":\"ImageObject\",\"inLanguage\":\"es\",\"@id\":\"https:\\\/\\\/secure.gravatar.com\\\/avatar\\\/15a789f894398c0f311f3a7a2ee28032bbc0483098539da66b6a045aa810bf35?s=96&d=mm&r=g\",\"url\":\"https:\\\/\\\/secure.gravatar.com\\\/avatar\\\/15a789f894398c0f311f3a7a2ee28032bbc0483098539da66b6a045aa810bf35?s=96&d=mm&r=g\",\"contentUrl\":\"https:\\\/\\\/secure.gravatar.com\\\/avatar\\\/15a789f894398c0f311f3a7a2ee28032bbc0483098539da66b6a045aa810bf35?s=96&d=mm&r=g\",\"caption\":\"Redacci\u00f3n Centro Urbano\"},\"url\":\"https:\\\/\\\/centrourbano.com\\\/revista\\\/author\\\/editorial\\\/\"}]}<\/script>\n<!-- \/ Yoast SEO plugin. -->","yoast_head_json":{"title":"La obra de Manuel Rocha cumplir\u00e1 4 d\u00e9cadas -","description":"Aunque las nuevas instalaciones cuentan con 30 a\u00f1os de haber sido edificadas, la cede original de este recinto conocido como la Cineteca Nacional cumplir\u00e1","robots":{"index":"index","follow":"follow","max-snippet":"max-snippet:-1","max-image-preview":"max-image-preview:large","max-video-preview":"max-video-preview:-1"},"canonical":"https:\/\/centrourbano.com\/revista\/arquitectura-2\/la-obra-de-manuel-rocha-cumplira-4-decadas\/","og_locale":"es_ES","og_type":"article","og_title":"La obra de Manuel Rocha cumplir\u00e1 4 d\u00e9cadas -","og_description":"Aunque las nuevas instalaciones cuentan con 30 a\u00f1os de haber sido edificadas, la cede original de este recinto conocido como la Cineteca Nacional cumplir\u00e1","og_url":"https:\/\/centrourbano.com\/revista\/arquitectura-2\/la-obra-de-manuel-rocha-cumplira-4-decadas\/","og_site_name":"Centro Urbano","article_publisher":"https:\/\/www.facebook.com\/portalcentrourbano","article_published_time":"2014-01-14T18:00:02+00:00","article_modified_time":"2014-03-20T04:48:45+00:00","og_image":[{"width":270,"height":200,"url":"https:\/\/centrourbano.com\/revista\/wp-content\/uploads\/Cineteca-Nacional1.jpg","type":"image\/jpeg"}],"author":"Redacci\u00f3n Centro Urbano","twitter_card":"summary_large_image","twitter_creator":"@CentroUrbano","twitter_site":"@CentroUrbano","twitter_misc":{"Escrito por":"Redacci\u00f3n Centro Urbano","Tiempo de lectura":"1 minuto"},"schema":{"@context":"https:\/\/schema.org","@graph":[{"@type":"Article","@id":"https:\/\/centrourbano.com\/revista\/arquitectura-2\/la-obra-de-manuel-rocha-cumplira-4-decadas\/#article","isPartOf":{"@id":"https:\/\/centrourbano.com\/revista\/arquitectura-2\/la-obra-de-manuel-rocha-cumplira-4-decadas\/"},"author":{"name":"Redacci\u00f3n Centro Urbano","@id":"https:\/\/centrourbano.com\/revista\/#\/schema\/person\/680e7c50f9d6e917e416c9efdc26f996"},"headline":"La obra de Manuel Rocha cumplir\u00e1 4 d\u00e9cadas","datePublished":"2014-01-14T18:00:02+00:00","dateModified":"2014-03-20T04:48:45+00:00","mainEntityOfPage":{"@id":"https:\/\/centrourbano.com\/revista\/arquitectura-2\/la-obra-de-manuel-rocha-cumplira-4-decadas\/"},"wordCount":227,"commentCount":0,"publisher":{"@id":"https:\/\/centrourbano.com\/revista\/#organization"},"image":{"@id":"https:\/\/centrourbano.com\/revista\/arquitectura-2\/la-obra-de-manuel-rocha-cumplira-4-decadas\/#primaryimage"},"thumbnailUrl":"https:\/\/centrourbano.com\/revista\/wp-content\/uploads\/Cineteca-Nacional1.jpg","keywords":["40 a\u00f1os","arquitecto mexicano Manuel Rocha","Cineteca Nacional","Manuel Rocha D\u00edaz"],"articleSection":["Arquitectura"],"inLanguage":"es","potentialAction":[{"@type":"CommentAction","name":"Comment","target":["https:\/\/centrourbano.com\/revista\/arquitectura-2\/la-obra-de-manuel-rocha-cumplira-4-decadas\/#respond"]}]},{"@type":"WebPage","@id":"https:\/\/centrourbano.com\/revista\/arquitectura-2\/la-obra-de-manuel-rocha-cumplira-4-decadas\/","url":"https:\/\/centrourbano.com\/revista\/arquitectura-2\/la-obra-de-manuel-rocha-cumplira-4-decadas\/","name":"La obra de Manuel Rocha cumplir\u00e1 4 d\u00e9cadas -","isPartOf":{"@id":"https:\/\/centrourbano.com\/revista\/#website"},"primaryImageOfPage":{"@id":"https:\/\/centrourbano.com\/revista\/arquitectura-2\/la-obra-de-manuel-rocha-cumplira-4-decadas\/#primaryimage"},"image":{"@id":"https:\/\/centrourbano.com\/revista\/arquitectura-2\/la-obra-de-manuel-rocha-cumplira-4-decadas\/#primaryimage"},"thumbnailUrl":"https:\/\/centrourbano.com\/revista\/wp-content\/uploads\/Cineteca-Nacional1.jpg","datePublished":"2014-01-14T18:00:02+00:00","dateModified":"2014-03-20T04:48:45+00:00","description":"Aunque las nuevas instalaciones cuentan con 30 a\u00f1os de haber sido edificadas, la cede original de este recinto conocido como la Cineteca Nacional cumplir\u00e1","breadcrumb":{"@id":"https:\/\/centrourbano.com\/revista\/arquitectura-2\/la-obra-de-manuel-rocha-cumplira-4-decadas\/#breadcrumb"},"inLanguage":"es","potentialAction":[{"@type":"ReadAction","target":["https:\/\/centrourbano.com\/revista\/arquitectura-2\/la-obra-de-manuel-rocha-cumplira-4-decadas\/"]}]},{"@type":"ImageObject","inLanguage":"es","@id":"https:\/\/centrourbano.com\/revista\/arquitectura-2\/la-obra-de-manuel-rocha-cumplira-4-decadas\/#primaryimage","url":"https:\/\/centrourbano.com\/revista\/wp-content\/uploads\/Cineteca-Nacional1.jpg","contentUrl":"https:\/\/centrourbano.com\/revista\/wp-content\/uploads\/Cineteca-Nacional1.jpg","width":270,"height":200},{"@type":"BreadcrumbList","@id":"https:\/\/centrourbano.com\/revista\/arquitectura-2\/la-obra-de-manuel-rocha-cumplira-4-decadas\/#breadcrumb","itemListElement":[{"@type":"ListItem","position":1,"name":"Portada","item":"https:\/\/centrourbano.com\/revista\/"},{"@type":"ListItem","position":2,"name":"La obra de Manuel Rocha cumplir\u00e1 4 d\u00e9cadas"}]},{"@type":"WebSite","@id":"https:\/\/centrourbano.com\/revista\/#website","url":"https:\/\/centrourbano.com\/revista\/","name":"Centro Urbano","description":"Medio especializado en los sectores vivienda, inmobiliario, construcci\u00f3n, arquitectura y urbanismo.","publisher":{"@id":"https:\/\/centrourbano.com\/revista\/#organization"},"potentialAction":[{"@type":"SearchAction","target":{"@type":"EntryPoint","urlTemplate":"https:\/\/centrourbano.com\/revista\/?s={search_term_string}"},"query-input":{"@type":"PropertyValueSpecification","valueRequired":true,"valueName":"search_term_string"}}],"inLanguage":"es"},{"@type":"Organization","@id":"https:\/\/centrourbano.com\/revista\/#organization","name":"Centro Urbano","url":"https:\/\/centrourbano.com\/revista\/","logo":{"@type":"ImageObject","inLanguage":"es","@id":"https:\/\/centrourbano.com\/revista\/#\/schema\/logo\/image\/","url":"https:\/\/centrourbano.com\/revista\/wp-content\/uploads\/web_CU_logo-1.png","contentUrl":"https:\/\/centrourbano.com\/revista\/wp-content\/uploads\/web_CU_logo-1.png","width":350,"height":91,"caption":"Centro Urbano"},"image":{"@id":"https:\/\/centrourbano.com\/revista\/#\/schema\/logo\/image\/"},"sameAs":["https:\/\/www.facebook.com\/portalcentrourbano","https:\/\/x.com\/CentroUrbano","https:\/\/www.instagram.com\/centro_urbano\/","https:\/\/www.linkedin.com\/company\/centro-urbano\/","http:\/\/www.youtube.com\/user\/portalcentrourbano"]},{"@type":"Person","@id":"https:\/\/centrourbano.com\/revista\/#\/schema\/person\/680e7c50f9d6e917e416c9efdc26f996","name":"Redacci\u00f3n Centro Urbano","image":{"@type":"ImageObject","inLanguage":"es","@id":"https:\/\/secure.gravatar.com\/avatar\/15a789f894398c0f311f3a7a2ee28032bbc0483098539da66b6a045aa810bf35?s=96&d=mm&r=g","url":"https:\/\/secure.gravatar.com\/avatar\/15a789f894398c0f311f3a7a2ee28032bbc0483098539da66b6a045aa810bf35?s=96&d=mm&r=g","contentUrl":"https:\/\/secure.gravatar.com\/avatar\/15a789f894398c0f311f3a7a2ee28032bbc0483098539da66b6a045aa810bf35?s=96&d=mm&r=g","caption":"Redacci\u00f3n Centro Urbano"},"url":"https:\/\/centrourbano.com\/revista\/author\/editorial\/"}]}},"_links":{"self":[{"href":"https:\/\/centrourbano.com\/revista\/wp-json\/wp\/v2\/posts\/2626","targetHints":{"allow":["GET"]}}],"collection":[{"href":"https:\/\/centrourbano.com\/revista\/wp-json\/wp\/v2\/posts"}],"about":[{"href":"https:\/\/centrourbano.com\/revista\/wp-json\/wp\/v2\/types\/post"}],"author":[{"embeddable":true,"href":"https:\/\/centrourbano.com\/revista\/wp-json\/wp\/v2\/users\/14"}],"replies":[{"embeddable":true,"href":"https:\/\/centrourbano.com\/revista\/wp-json\/wp\/v2\/comments?post=2626"}],"version-history":[{"count":0,"href":"https:\/\/centrourbano.com\/revista\/wp-json\/wp\/v2\/posts\/2626\/revisions"}],"wp:featuredmedia":[{"embeddable":true,"href":"https:\/\/centrourbano.com\/revista\/wp-json\/wp\/v2\/media\/16932"}],"wp:attachment":[{"href":"https:\/\/centrourbano.com\/revista\/wp-json\/wp\/v2\/media?parent=2626"}],"wp:term":[{"taxonomy":"category","embeddable":true,"href":"https:\/\/centrourbano.com\/revista\/wp-json\/wp\/v2\/categories?post=2626"},{"taxonomy":"post_tag","embeddable":true,"href":"https:\/\/centrourbano.com\/revista\/wp-json\/wp\/v2\/tags?post=2626"}],"curies":[{"name":"wp","href":"https:\/\/api.w.org\/{rel}","templated":true}]}}