{"id":26134,"date":"2015-11-30T17:34:01","date_gmt":"2015-11-30T23:34:01","guid":{"rendered":"http:\/\/centrourbano.com\/?p=26134"},"modified":"2015-11-30T17:34:01","modified_gmt":"2015-11-30T23:34:01","slug":"atendera-clinica-condesa-en-iztapalapa-a-20-mil-personas","status":"publish","type":"post","link":"https:\/\/centrourbano.com\/revista\/construccion\/atendera-clinica-condesa-en-iztapalapa-a-20-mil-personas\/","title":{"rendered":"Atender\u00e1 Cl\u00ednica Condesa en Iztapalapa a 20 mil personas"},"content":{"rendered":"<p><em>Equipamiento de \u00faltima generaci\u00f3n para cuidado de personas con VIH<\/em><br \/>\n<!--more--><\/p>\n<p>En <a class=\"expresscurate_contentTags\" href=\"http:\/\/centrourbano.com\/tag\/iztapalapa\/\">#Iztapalapa<\/a> se construy\u00f3 la Cl\u00ednica Especializada Condesa Dr. Jaime Sep\u00falveda Amor, la que se dedicar\u00e1 en la atenci\u00f3n a personas con el VIH Sida, este edificio tuvo un costo de 112 millones de pesos.<\/p>\n<p>Esta obra fue entregada por la secretaria federal de Salud, <a class=\"expresscurate_contentTags\" href=\"http:\/\/centrourbano.com\/tag\/mercedes-juan\/\">#Mercedes Juan<\/a> L\u00f3pez y el jefe de Gobierno del Distrito Federal, Miguel \u00c1ngel <a class=\"expresscurate_contentTags\" href=\"http:\/\/centrourbano.com\/tag\/mancera\/\">#Mancera<\/a>, con motivo del D\u00eda Mundial de Lucha contra el VIH.<\/p>\n<p>\u201cHoy damos un paso m\u00e1s, con un modelo espec\u00edfico, con incorporaci\u00f3n clara de la sociedad civil en el modelo de atenci\u00f3n y con participaci\u00f3n de derechos humanos en la tarea de acompa\u00f1amiento\u201d, dijo.<\/p>\n<p>Detall\u00f3 que el equipamiento de la cl\u00ednica es de \u00faltima generaci\u00f3n, para brindar una atenci\u00f3n integral, \u201ces un modelo que tiene todas y cada una de las bases que se requieren para poder dar un servicio comprometido a la ciudadan\u00eda\u201d, agreg\u00f3.<\/p>\n<p>Alrededor de 20,000 personas podr\u00e1n recibir atenci\u00f3n m\u00e9dica en este espacio, con lo que se suma a los 9,000 que se atienden en la <a class=\"expresscurate_contentTags\" href=\"http:\/\/centrourbano.com\/tag\/clinica-condesa\/\">#Cl\u00ednica Condesa<\/a>.<\/p>\n<p>Mercedes Juan dijo que \u201cla cl\u00ednica que contribuir\u00e1 a prevenir y atender a pacientes con el virus, la Secretar\u00eda de Salud Federal est\u00e1 en la mejor disposici\u00f3n de seguir trabajando con el gobierno de la ciudad. Felicitarlo Jefe de Gobierno por este gran logro, es una cl\u00ednica que nos deja muy satisfechos\u201d.<\/p>\n<p>Jaime Sep\u00falveda Amor, fundador del Consejo Nacional para la Prevenci\u00f3n y el Control del Sida (CONASIDA), adem\u00e1s de agradecer por poner su nombre a esta cl\u00ednica dijo que \u201ctenemos la oportunidad hist\u00f3rica de acabar con la epidemia y contar con una nueva generaci\u00f3n libre, estoy seguro que la Declaraci\u00f3n de Paris nos llevar\u00e1 a que en la CDMX se alcance reducci\u00f3n de la mortalidad antes del 2020\u201d, dijo.<\/p>\n<p>Con la firma de esta declaraci\u00f3n, el gobierno de la ciudad se compromete a implementar acciones que contribuyan a erradicar esta enfermedad.<\/p>\n<p>Finalmente, Armando Ahued, secretario de salud del Distrito Federal, asegur\u00f3 que el gobierno local asume el reto de erradicar la transmisi\u00f3n del VIH de manera perinatal \u201cy generar condiciones que contribuyan erradicar la epidemia en el 2030 a nivel mundial, adem\u00e1s agradezco la colaboraci\u00f3n del gobierno federal para otorgar los recursos que permitieron la construcci\u00f3n de la nueva cl\u00ednica\u201d, termin\u00f3.<\/p>\n<p>&nbsp;<\/p>\n<p>&nbsp;<\/p>\n","protected":false},"excerpt":{"rendered":"<p>Equipamiento de \u00faltima generaci\u00f3n para cuidado de personas con VIH<\/p>\n","protected":false},"author":37,"featured_media":26167,"comment_status":"open","ping_status":"closed","sticky":false,"template":"","format":"standard","meta":{"om_disable_all_campaigns":false,"inline_featured_image":false,"_monsterinsights_skip_tracking":false,"_monsterinsights_sitenote_active":false,"_monsterinsights_sitenote_note":"","_monsterinsights_sitenote_category":0,"footnotes":""},"categories":[14],"tags":[7125,227,1846,7126],"class_list":["post-26134","post","type-post","status-publish","format-standard","has-post-thumbnail","hentry","category-construccion","tag-clinica-condesa","tag-iztapalapa","tag-mancera","tag-mercedes-juan"],"yoast_head":"<!-- This site is optimized with the Yoast SEO plugin v27.4 - https:\/\/yoast.com\/product\/yoast-seo-wordpress\/ -->\n<title>Atender\u00e1 Cl\u00ednica Condesa en Iztapalapa a 20 mil personas -<\/title>\n<meta name=\"description\" content=\"Equipamiento de \u00faltima generaci\u00f3n para cuidado de personas con VIH En #Iztapalapa se construy\u00f3 la Cl\u00ednica Especializada Condesa Dr. Jaime Sep\u00falveda Amor,\" \/>\n<meta name=\"robots\" content=\"index, follow, max-snippet:-1, max-image-preview:large, max-video-preview:-1\" \/>\n<link rel=\"canonical\" href=\"https:\/\/centrourbano.com\/revista\/construccion\/atendera-clinica-condesa-en-iztapalapa-a-20-mil-personas\/\" \/>\n<meta property=\"og:locale\" content=\"es_ES\" \/>\n<meta property=\"og:type\" content=\"article\" \/>\n<meta property=\"og:title\" content=\"Atender\u00e1 Cl\u00ednica Condesa en Iztapalapa a 20 mil personas -\" \/>\n<meta property=\"og:description\" content=\"Equipamiento de \u00faltima generaci\u00f3n para cuidado de personas con VIH En #Iztapalapa se construy\u00f3 la Cl\u00ednica Especializada Condesa Dr. Jaime Sep\u00falveda Amor,\" \/>\n<meta property=\"og:url\" content=\"https:\/\/centrourbano.com\/revista\/construccion\/atendera-clinica-condesa-en-iztapalapa-a-20-mil-personas\/\" \/>\n<meta property=\"og:site_name\" content=\"Centro Urbano\" \/>\n<meta property=\"article:publisher\" content=\"https:\/\/www.facebook.com\/portalcentrourbano\" \/>\n<meta property=\"article:published_time\" content=\"2015-11-30T23:34:01+00:00\" \/>\n<meta property=\"og:image\" content=\"https:\/\/centrourbano.com\/revista\/wp-content\/uploads\/CL\u00cdNICA-CONDESA-IZTAPALAPA-7.jpg\" \/>\n\t<meta property=\"og:image:width\" content=\"1000\" \/>\n\t<meta property=\"og:image:height\" content=\"667\" \/>\n\t<meta property=\"og:image:type\" content=\"image\/jpeg\" \/>\n<meta name=\"author\" content=\"Diego Rodr\u00edguez\" \/>\n<meta name=\"twitter:card\" content=\"summary_large_image\" \/>\n<meta name=\"twitter:creator\" content=\"@CentroUrbano\" \/>\n<meta name=\"twitter:site\" content=\"@CentroUrbano\" \/>\n<meta name=\"twitter:label1\" content=\"Escrito por\" \/>\n\t<meta name=\"twitter:data1\" content=\"Diego Rodr\u00edguez\" \/>\n\t<meta name=\"twitter:label2\" content=\"Tiempo de lectura\" \/>\n\t<meta name=\"twitter:data2\" content=\"2 minutos\" \/>\n<script type=\"application\/ld+json\" class=\"yoast-schema-graph\">{\"@context\":\"https:\\\/\\\/schema.org\",\"@graph\":[{\"@type\":\"Article\",\"@id\":\"https:\\\/\\\/centrourbano.com\\\/revista\\\/construccion\\\/atendera-clinica-condesa-en-iztapalapa-a-20-mil-personas\\\/#article\",\"isPartOf\":{\"@id\":\"https:\\\/\\\/centrourbano.com\\\/revista\\\/construccion\\\/atendera-clinica-condesa-en-iztapalapa-a-20-mil-personas\\\/\"},\"author\":{\"name\":\"Diego Rodr\u00edguez\",\"@id\":\"https:\\\/\\\/centrourbano.com\\\/revista\\\/#\\\/schema\\\/person\\\/b50192a3cd0e680841b45dc537f53970\"},\"headline\":\"Atender\u00e1 Cl\u00ednica Condesa en Iztapalapa a 20 mil personas\",\"datePublished\":\"2015-11-30T23:34:01+00:00\",\"mainEntityOfPage\":{\"@id\":\"https:\\\/\\\/centrourbano.com\\\/revista\\\/construccion\\\/atendera-clinica-condesa-en-iztapalapa-a-20-mil-personas\\\/\"},\"wordCount\":425,\"commentCount\":0,\"publisher\":{\"@id\":\"https:\\\/\\\/centrourbano.com\\\/revista\\\/#organization\"},\"image\":{\"@id\":\"https:\\\/\\\/centrourbano.com\\\/revista\\\/construccion\\\/atendera-clinica-condesa-en-iztapalapa-a-20-mil-personas\\\/#primaryimage\"},\"thumbnailUrl\":\"https:\\\/\\\/centrourbano.com\\\/revista\\\/wp-content\\\/uploads\\\/CL\u00cdNICA-CONDESA-IZTAPALAPA-7.jpg\",\"keywords\":[\"Cl\u00ednica Condesa\",\"Iztapalapa\",\"Mancera\",\"Mercedes Juan\"],\"articleSection\":[\"Construcci\u00f3n\"],\"inLanguage\":\"es\",\"potentialAction\":[{\"@type\":\"CommentAction\",\"name\":\"Comment\",\"target\":[\"https:\\\/\\\/centrourbano.com\\\/revista\\\/construccion\\\/atendera-clinica-condesa-en-iztapalapa-a-20-mil-personas\\\/#respond\"]}]},{\"@type\":\"WebPage\",\"@id\":\"https:\\\/\\\/centrourbano.com\\\/revista\\\/construccion\\\/atendera-clinica-condesa-en-iztapalapa-a-20-mil-personas\\\/\",\"url\":\"https:\\\/\\\/centrourbano.com\\\/revista\\\/construccion\\\/atendera-clinica-condesa-en-iztapalapa-a-20-mil-personas\\\/\",\"name\":\"Atender\u00e1 Cl\u00ednica Condesa en Iztapalapa a 20 mil personas -\",\"isPartOf\":{\"@id\":\"https:\\\/\\\/centrourbano.com\\\/revista\\\/#website\"},\"primaryImageOfPage\":{\"@id\":\"https:\\\/\\\/centrourbano.com\\\/revista\\\/construccion\\\/atendera-clinica-condesa-en-iztapalapa-a-20-mil-personas\\\/#primaryimage\"},\"image\":{\"@id\":\"https:\\\/\\\/centrourbano.com\\\/revista\\\/construccion\\\/atendera-clinica-condesa-en-iztapalapa-a-20-mil-personas\\\/#primaryimage\"},\"thumbnailUrl\":\"https:\\\/\\\/centrourbano.com\\\/revista\\\/wp-content\\\/uploads\\\/CL\u00cdNICA-CONDESA-IZTAPALAPA-7.jpg\",\"datePublished\":\"2015-11-30T23:34:01+00:00\",\"description\":\"Equipamiento de \u00faltima generaci\u00f3n para cuidado de personas con VIH En #Iztapalapa se construy\u00f3 la Cl\u00ednica Especializada Condesa Dr. Jaime Sep\u00falveda Amor,\",\"breadcrumb\":{\"@id\":\"https:\\\/\\\/centrourbano.com\\\/revista\\\/construccion\\\/atendera-clinica-condesa-en-iztapalapa-a-20-mil-personas\\\/#breadcrumb\"},\"inLanguage\":\"es\",\"potentialAction\":[{\"@type\":\"ReadAction\",\"target\":[\"https:\\\/\\\/centrourbano.com\\\/revista\\\/construccion\\\/atendera-clinica-condesa-en-iztapalapa-a-20-mil-personas\\\/\"]}]},{\"@type\":\"ImageObject\",\"inLanguage\":\"es\",\"@id\":\"https:\\\/\\\/centrourbano.com\\\/revista\\\/construccion\\\/atendera-clinica-condesa-en-iztapalapa-a-20-mil-personas\\\/#primaryimage\",\"url\":\"https:\\\/\\\/centrourbano.com\\\/revista\\\/wp-content\\\/uploads\\\/CL\u00cdNICA-CONDESA-IZTAPALAPA-7.jpg\",\"contentUrl\":\"https:\\\/\\\/centrourbano.com\\\/revista\\\/wp-content\\\/uploads\\\/CL\u00cdNICA-CONDESA-IZTAPALAPA-7.jpg\",\"width\":1000,\"height\":667},{\"@type\":\"BreadcrumbList\",\"@id\":\"https:\\\/\\\/centrourbano.com\\\/revista\\\/construccion\\\/atendera-clinica-condesa-en-iztapalapa-a-20-mil-personas\\\/#breadcrumb\",\"itemListElement\":[{\"@type\":\"ListItem\",\"position\":1,\"name\":\"Portada\",\"item\":\"https:\\\/\\\/centrourbano.com\\\/revista\\\/\"},{\"@type\":\"ListItem\",\"position\":2,\"name\":\"Atender\u00e1 Cl\u00ednica Condesa en Iztapalapa a 20 mil personas\"}]},{\"@type\":\"WebSite\",\"@id\":\"https:\\\/\\\/centrourbano.com\\\/revista\\\/#website\",\"url\":\"https:\\\/\\\/centrourbano.com\\\/revista\\\/\",\"name\":\"Centro Urbano\",\"description\":\"Medio especializado en los sectores vivienda, inmobiliario, construcci\u00f3n, arquitectura y urbanismo.\",\"publisher\":{\"@id\":\"https:\\\/\\\/centrourbano.com\\\/revista\\\/#organization\"},\"potentialAction\":[{\"@type\":\"SearchAction\",\"target\":{\"@type\":\"EntryPoint\",\"urlTemplate\":\"https:\\\/\\\/centrourbano.com\\\/revista\\\/?s={search_term_string}\"},\"query-input\":{\"@type\":\"PropertyValueSpecification\",\"valueRequired\":true,\"valueName\":\"search_term_string\"}}],\"inLanguage\":\"es\"},{\"@type\":\"Organization\",\"@id\":\"https:\\\/\\\/centrourbano.com\\\/revista\\\/#organization\",\"name\":\"Centro Urbano\",\"url\":\"https:\\\/\\\/centrourbano.com\\\/revista\\\/\",\"logo\":{\"@type\":\"ImageObject\",\"inLanguage\":\"es\",\"@id\":\"https:\\\/\\\/centrourbano.com\\\/revista\\\/#\\\/schema\\\/logo\\\/image\\\/\",\"url\":\"https:\\\/\\\/centrourbano.com\\\/revista\\\/wp-content\\\/uploads\\\/web_CU_logo-1.png\",\"contentUrl\":\"https:\\\/\\\/centrourbano.com\\\/revista\\\/wp-content\\\/uploads\\\/web_CU_logo-1.png\",\"width\":350,\"height\":91,\"caption\":\"Centro Urbano\"},\"image\":{\"@id\":\"https:\\\/\\\/centrourbano.com\\\/revista\\\/#\\\/schema\\\/logo\\\/image\\\/\"},\"sameAs\":[\"https:\\\/\\\/www.facebook.com\\\/portalcentrourbano\",\"https:\\\/\\\/x.com\\\/CentroUrbano\",\"https:\\\/\\\/www.instagram.com\\\/centro_urbano\\\/\",\"https:\\\/\\\/www.linkedin.com\\\/company\\\/centro-urbano\\\/\",\"http:\\\/\\\/www.youtube.com\\\/user\\\/portalcentrourbano\"]},{\"@type\":\"Person\",\"@id\":\"https:\\\/\\\/centrourbano.com\\\/revista\\\/#\\\/schema\\\/person\\\/b50192a3cd0e680841b45dc537f53970\",\"name\":\"Diego Rodr\u00edguez\",\"image\":{\"@type\":\"ImageObject\",\"inLanguage\":\"es\",\"@id\":\"https:\\\/\\\/secure.gravatar.com\\\/avatar\\\/d217565525df2df5d4e7265d47758506f41845ed9529510921a7625d8365789d?s=96&d=mm&r=g\",\"url\":\"https:\\\/\\\/secure.gravatar.com\\\/avatar\\\/d217565525df2df5d4e7265d47758506f41845ed9529510921a7625d8365789d?s=96&d=mm&r=g\",\"contentUrl\":\"https:\\\/\\\/secure.gravatar.com\\\/avatar\\\/d217565525df2df5d4e7265d47758506f41845ed9529510921a7625d8365789d?s=96&d=mm&r=g\",\"caption\":\"Diego Rodr\u00edguez\"},\"description\":\"Egresado de la Facultad de Estudios Superiores Acatl\u00e1n de la carrera en Comunicaci\u00f3n, con especialidad en medios escritos. Reportero del desaparecido peri\u00f3dico Nuestro M\u00e9xico, en donde cubri\u00f3 las fuentes delegacionales y Asamblea Legislativa. Tambi\u00e9n trabaj\u00f3 en la Coordinaci\u00f3n de Comunicaci\u00f3n Social en la delegaci\u00f3n \u00c1lvaro Obreg\u00f3n. Le gusta leer novelas y cuentos.\",\"url\":\"https:\\\/\\\/centrourbano.com\\\/revista\\\/author\\\/diegorodriguez\\\/\"}]}<\/script>\n<!-- \/ Yoast SEO plugin. -->","yoast_head_json":{"title":"Atender\u00e1 Cl\u00ednica Condesa en Iztapalapa a 20 mil personas -","description":"Equipamiento de \u00faltima generaci\u00f3n para cuidado de personas con VIH En #Iztapalapa se construy\u00f3 la Cl\u00ednica Especializada Condesa Dr. Jaime Sep\u00falveda Amor,","robots":{"index":"index","follow":"follow","max-snippet":"max-snippet:-1","max-image-preview":"max-image-preview:large","max-video-preview":"max-video-preview:-1"},"canonical":"https:\/\/centrourbano.com\/revista\/construccion\/atendera-clinica-condesa-en-iztapalapa-a-20-mil-personas\/","og_locale":"es_ES","og_type":"article","og_title":"Atender\u00e1 Cl\u00ednica Condesa en Iztapalapa a 20 mil personas -","og_description":"Equipamiento de \u00faltima generaci\u00f3n para cuidado de personas con VIH En #Iztapalapa se construy\u00f3 la Cl\u00ednica Especializada Condesa Dr. Jaime Sep\u00falveda Amor,","og_url":"https:\/\/centrourbano.com\/revista\/construccion\/atendera-clinica-condesa-en-iztapalapa-a-20-mil-personas\/","og_site_name":"Centro Urbano","article_publisher":"https:\/\/www.facebook.com\/portalcentrourbano","article_published_time":"2015-11-30T23:34:01+00:00","og_image":[{"width":1000,"height":667,"url":"https:\/\/centrourbano.com\/revista\/wp-content\/uploads\/CL\u00cdNICA-CONDESA-IZTAPALAPA-7.jpg","type":"image\/jpeg"}],"author":"Diego Rodr\u00edguez","twitter_card":"summary_large_image","twitter_creator":"@CentroUrbano","twitter_site":"@CentroUrbano","twitter_misc":{"Escrito por":"Diego Rodr\u00edguez","Tiempo de lectura":"2 minutos"},"schema":{"@context":"https:\/\/schema.org","@graph":[{"@type":"Article","@id":"https:\/\/centrourbano.com\/revista\/construccion\/atendera-clinica-condesa-en-iztapalapa-a-20-mil-personas\/#article","isPartOf":{"@id":"https:\/\/centrourbano.com\/revista\/construccion\/atendera-clinica-condesa-en-iztapalapa-a-20-mil-personas\/"},"author":{"name":"Diego Rodr\u00edguez","@id":"https:\/\/centrourbano.com\/revista\/#\/schema\/person\/b50192a3cd0e680841b45dc537f53970"},"headline":"Atender\u00e1 Cl\u00ednica Condesa en Iztapalapa a 20 mil personas","datePublished":"2015-11-30T23:34:01+00:00","mainEntityOfPage":{"@id":"https:\/\/centrourbano.com\/revista\/construccion\/atendera-clinica-condesa-en-iztapalapa-a-20-mil-personas\/"},"wordCount":425,"commentCount":0,"publisher":{"@id":"https:\/\/centrourbano.com\/revista\/#organization"},"image":{"@id":"https:\/\/centrourbano.com\/revista\/construccion\/atendera-clinica-condesa-en-iztapalapa-a-20-mil-personas\/#primaryimage"},"thumbnailUrl":"https:\/\/centrourbano.com\/revista\/wp-content\/uploads\/CL\u00cdNICA-CONDESA-IZTAPALAPA-7.jpg","keywords":["Cl\u00ednica Condesa","Iztapalapa","Mancera","Mercedes Juan"],"articleSection":["Construcci\u00f3n"],"inLanguage":"es","potentialAction":[{"@type":"CommentAction","name":"Comment","target":["https:\/\/centrourbano.com\/revista\/construccion\/atendera-clinica-condesa-en-iztapalapa-a-20-mil-personas\/#respond"]}]},{"@type":"WebPage","@id":"https:\/\/centrourbano.com\/revista\/construccion\/atendera-clinica-condesa-en-iztapalapa-a-20-mil-personas\/","url":"https:\/\/centrourbano.com\/revista\/construccion\/atendera-clinica-condesa-en-iztapalapa-a-20-mil-personas\/","name":"Atender\u00e1 Cl\u00ednica Condesa en Iztapalapa a 20 mil personas -","isPartOf":{"@id":"https:\/\/centrourbano.com\/revista\/#website"},"primaryImageOfPage":{"@id":"https:\/\/centrourbano.com\/revista\/construccion\/atendera-clinica-condesa-en-iztapalapa-a-20-mil-personas\/#primaryimage"},"image":{"@id":"https:\/\/centrourbano.com\/revista\/construccion\/atendera-clinica-condesa-en-iztapalapa-a-20-mil-personas\/#primaryimage"},"thumbnailUrl":"https:\/\/centrourbano.com\/revista\/wp-content\/uploads\/CL\u00cdNICA-CONDESA-IZTAPALAPA-7.jpg","datePublished":"2015-11-30T23:34:01+00:00","description":"Equipamiento de \u00faltima generaci\u00f3n para cuidado de personas con VIH En #Iztapalapa se construy\u00f3 la Cl\u00ednica Especializada Condesa Dr. Jaime Sep\u00falveda Amor,","breadcrumb":{"@id":"https:\/\/centrourbano.com\/revista\/construccion\/atendera-clinica-condesa-en-iztapalapa-a-20-mil-personas\/#breadcrumb"},"inLanguage":"es","potentialAction":[{"@type":"ReadAction","target":["https:\/\/centrourbano.com\/revista\/construccion\/atendera-clinica-condesa-en-iztapalapa-a-20-mil-personas\/"]}]},{"@type":"ImageObject","inLanguage":"es","@id":"https:\/\/centrourbano.com\/revista\/construccion\/atendera-clinica-condesa-en-iztapalapa-a-20-mil-personas\/#primaryimage","url":"https:\/\/centrourbano.com\/revista\/wp-content\/uploads\/CL\u00cdNICA-CONDESA-IZTAPALAPA-7.jpg","contentUrl":"https:\/\/centrourbano.com\/revista\/wp-content\/uploads\/CL\u00cdNICA-CONDESA-IZTAPALAPA-7.jpg","width":1000,"height":667},{"@type":"BreadcrumbList","@id":"https:\/\/centrourbano.com\/revista\/construccion\/atendera-clinica-condesa-en-iztapalapa-a-20-mil-personas\/#breadcrumb","itemListElement":[{"@type":"ListItem","position":1,"name":"Portada","item":"https:\/\/centrourbano.com\/revista\/"},{"@type":"ListItem","position":2,"name":"Atender\u00e1 Cl\u00ednica Condesa en Iztapalapa a 20 mil personas"}]},{"@type":"WebSite","@id":"https:\/\/centrourbano.com\/revista\/#website","url":"https:\/\/centrourbano.com\/revista\/","name":"Centro Urbano","description":"Medio especializado en los sectores vivienda, inmobiliario, construcci\u00f3n, arquitectura y urbanismo.","publisher":{"@id":"https:\/\/centrourbano.com\/revista\/#organization"},"potentialAction":[{"@type":"SearchAction","target":{"@type":"EntryPoint","urlTemplate":"https:\/\/centrourbano.com\/revista\/?s={search_term_string}"},"query-input":{"@type":"PropertyValueSpecification","valueRequired":true,"valueName":"search_term_string"}}],"inLanguage":"es"},{"@type":"Organization","@id":"https:\/\/centrourbano.com\/revista\/#organization","name":"Centro Urbano","url":"https:\/\/centrourbano.com\/revista\/","logo":{"@type":"ImageObject","inLanguage":"es","@id":"https:\/\/centrourbano.com\/revista\/#\/schema\/logo\/image\/","url":"https:\/\/centrourbano.com\/revista\/wp-content\/uploads\/web_CU_logo-1.png","contentUrl":"https:\/\/centrourbano.com\/revista\/wp-content\/uploads\/web_CU_logo-1.png","width":350,"height":91,"caption":"Centro Urbano"},"image":{"@id":"https:\/\/centrourbano.com\/revista\/#\/schema\/logo\/image\/"},"sameAs":["https:\/\/www.facebook.com\/portalcentrourbano","https:\/\/x.com\/CentroUrbano","https:\/\/www.instagram.com\/centro_urbano\/","https:\/\/www.linkedin.com\/company\/centro-urbano\/","http:\/\/www.youtube.com\/user\/portalcentrourbano"]},{"@type":"Person","@id":"https:\/\/centrourbano.com\/revista\/#\/schema\/person\/b50192a3cd0e680841b45dc537f53970","name":"Diego Rodr\u00edguez","image":{"@type":"ImageObject","inLanguage":"es","@id":"https:\/\/secure.gravatar.com\/avatar\/d217565525df2df5d4e7265d47758506f41845ed9529510921a7625d8365789d?s=96&d=mm&r=g","url":"https:\/\/secure.gravatar.com\/avatar\/d217565525df2df5d4e7265d47758506f41845ed9529510921a7625d8365789d?s=96&d=mm&r=g","contentUrl":"https:\/\/secure.gravatar.com\/avatar\/d217565525df2df5d4e7265d47758506f41845ed9529510921a7625d8365789d?s=96&d=mm&r=g","caption":"Diego Rodr\u00edguez"},"description":"Egresado de la Facultad de Estudios Superiores Acatl\u00e1n de la carrera en Comunicaci\u00f3n, con especialidad en medios escritos. Reportero del desaparecido peri\u00f3dico Nuestro M\u00e9xico, en donde cubri\u00f3 las fuentes delegacionales y Asamblea Legislativa. Tambi\u00e9n trabaj\u00f3 en la Coordinaci\u00f3n de Comunicaci\u00f3n Social en la delegaci\u00f3n \u00c1lvaro Obreg\u00f3n. Le gusta leer novelas y cuentos.","url":"https:\/\/centrourbano.com\/revista\/author\/diegorodriguez\/"}]}},"_links":{"self":[{"href":"https:\/\/centrourbano.com\/revista\/wp-json\/wp\/v2\/posts\/26134","targetHints":{"allow":["GET"]}}],"collection":[{"href":"https:\/\/centrourbano.com\/revista\/wp-json\/wp\/v2\/posts"}],"about":[{"href":"https:\/\/centrourbano.com\/revista\/wp-json\/wp\/v2\/types\/post"}],"author":[{"embeddable":true,"href":"https:\/\/centrourbano.com\/revista\/wp-json\/wp\/v2\/users\/37"}],"replies":[{"embeddable":true,"href":"https:\/\/centrourbano.com\/revista\/wp-json\/wp\/v2\/comments?post=26134"}],"version-history":[{"count":0,"href":"https:\/\/centrourbano.com\/revista\/wp-json\/wp\/v2\/posts\/26134\/revisions"}],"wp:featuredmedia":[{"embeddable":true,"href":"https:\/\/centrourbano.com\/revista\/wp-json\/wp\/v2\/media\/26167"}],"wp:attachment":[{"href":"https:\/\/centrourbano.com\/revista\/wp-json\/wp\/v2\/media?parent=26134"}],"wp:term":[{"taxonomy":"category","embeddable":true,"href":"https:\/\/centrourbano.com\/revista\/wp-json\/wp\/v2\/categories?post=26134"},{"taxonomy":"post_tag","embeddable":true,"href":"https:\/\/centrourbano.com\/revista\/wp-json\/wp\/v2\/tags?post=26134"}],"curies":[{"name":"wp","href":"https:\/\/api.w.org\/{rel}","templated":true}]}}