{"id":25978,"date":"2015-11-26T17:14:34","date_gmt":"2015-11-26T23:14:34","guid":{"rendered":"http:\/\/centrourbano.com\/?p=25978"},"modified":"2015-11-30T13:47:11","modified_gmt":"2015-11-30T19:47:11","slug":"mantiene-el-bajio-crecimiento-industrial","status":"publish","type":"post","link":"https:\/\/centrourbano.com\/revista\/inmobiliario\/mantiene-el-bajio-crecimiento-industrial\/","title":{"rendered":"Mantiene el Baj\u00edo crecimiento industrial"},"content":{"rendered":"<p><em>Destaca <a class=\"expresscurate_contentTags\" href=\"http:\/\/centrourbano.com\/tag\/queretaro\/\">#Quer\u00e9taro<\/a> con mayor dinamismo, 50% de los espacios comerciales se dieron en el estado<\/em><!--more--><\/p>\n<p>El crecimiento en la zona del <a class=\"expresscurate_contentTags\" href=\"http:\/\/centrourbano.com\/tag\/bajio\/\">#Baj\u00edo<\/a> contin\u00faa gracias a la demanda de espacio industrial por las empresas proveedoras de las armadoras automotrices que se instalan en la regi\u00f3n, as\u00ed como por un sector log\u00edstico y manufacturero cada vez m\u00e1s atractivo, motivo por el que, durante el tercer trimestre del a\u00f1o, el inventario en materia industrial creci\u00f3 6%, comparado con los dos trimestres anteriores, inform\u00f3 la consultora <a class=\"expresscurate_contentTags\" href=\"http:\/\/centrourbano.com\/tag\/cbre\/\">#CBRE<\/a> en su informe <em><a class=\"expresscurate_contentTags\" href=\"http:\/\/centrourbano.com\/tag\/marketview\/\">#Marketview<\/a><\/em> para dicha zona.<\/p>\n<p>Aunque de manera general todos los estados del Baj\u00edo siguieron un ritmo positivo, durante el tercer trimestre, Quer\u00e9taro se destac\u00f3 por tener un dinamismo superior al del resto, ya que casi el 50% de los espacios comercializados se dio en esta zona. Expansiones de empresas ya establecidas, el arribo de nuevas que demandaron espacio especulativo y nuevos desarrollos hechos a la medida, fue lo que hizo que este mercado repuntara.<\/p>\n<p>Las empresas con mayor desarrollo son las del sector automotriz, aunque es en <a class=\"expresscurate_contentTags\" href=\"http:\/\/centrourbano.com\/tag\/guanajuato\/\">#Guanajuato<\/a> y <a class=\"expresscurate_contentTags\" href=\"http:\/\/centrourbano.com\/tag\/san-luis-potosi\/\">#San Luis Potos\u00ed<\/a> donde el crecimiento de estas empresas es m\u00e1s visible, ya que m\u00e1s del 80% de los proyectos actualmente en construcci\u00f3n corresponden a espacios hechos a la medida para este sector.<\/p>\n<p>El inventario de espacios industriales clase A, cerr\u00f3 con un total de siete millones 229 mil 18 metros cuadrados, de los cuales dos millones 729 mil 276 metros cuadrados se ubican en Quer\u00e9taro, con una tasa de disponibilidad de 12.1% y precio promedio de renta por metro cuadrado en 3.89 d\u00f3lares al mes; dos millones 411 mil 444 mil en Guanajuato, 5.1% de disponibilidad y 4.43 d\u00f3lares promedio; un mill\u00f3n 359 mil 594 en San Luis Potos\u00ed, 5.6% de disponibilidad y 4.19 d\u00f3lares de renta promedio; y 728 mil 703 a <a class=\"expresscurate_contentTags\" href=\"http:\/\/centrourbano.com\/tag\/aguascalientes\/\">#Aguascalientes<\/a>, que reporta 2.4% de disponibilidad y un precio de 3.89 d\u00f3lares por metro cuadrado de renta.<\/p>\n","protected":false},"excerpt":{"rendered":"<p>Destaca #Quer\u00e9taro con mayor dinamismo, 50% de los espacios comerciales se dieron en el estado<\/p>\n","protected":false},"author":77,"featured_media":25983,"comment_status":"open","ping_status":"closed","sticky":false,"template":"","format":"standard","meta":{"inline_featured_image":false,"footnotes":""},"categories":[15],"tags":[475,1437,2116,53,7084,221,1012],"class_list":["post-25978","post","type-post","status-publish","format-standard","has-post-thumbnail","hentry","category-inmobiliario","tag-aguascalientes","tag-bajio","tag-cbre","tag-guanajuato","tag-marketview","tag-queretaro","tag-san-luis-potosi"],"yoast_head":"<!-- This site is optimized with the Yoast SEO plugin v28.4 - https:\/\/yoast.com\/product\/yoast-seo-wordpress\/ -->\n<title>Mantiene el Baj\u00edo crecimiento industrial -<\/title>\n<meta name=\"description\" content=\"Destaca #Quer\u00e9taro con mayor dinamismo, 50% de los espacios comerciales se dieron en el estado El crecimiento en la zona del #Baj\u00edo contin\u00faa gracias a la\" \/>\n<meta name=\"robots\" content=\"index, follow, max-snippet:-1, max-image-preview:large, max-video-preview:-1\" \/>\n<link rel=\"canonical\" href=\"https:\/\/centrourbano.com\/revista\/inmobiliario\/mantiene-el-bajio-crecimiento-industrial\/\" \/>\n<meta property=\"og:locale\" content=\"es_ES\" \/>\n<meta property=\"og:type\" content=\"article\" \/>\n<meta property=\"og:title\" content=\"Mantiene el Baj\u00edo crecimiento industrial -\" \/>\n<meta property=\"og:description\" content=\"Destaca #Quer\u00e9taro con mayor dinamismo, 50% de los espacios comerciales se dieron en el estado El crecimiento en la zona del #Baj\u00edo contin\u00faa gracias a la\" \/>\n<meta property=\"og:url\" content=\"https:\/\/centrourbano.com\/revista\/inmobiliario\/mantiene-el-bajio-crecimiento-industrial\/\" \/>\n<meta property=\"og:site_name\" content=\"Centro Urbano\" \/>\n<meta property=\"article:publisher\" content=\"https:\/\/www.facebook.com\/portalcentrourbano\" \/>\n<meta property=\"article:published_time\" content=\"2015-11-26T23:14:34+00:00\" \/>\n<meta property=\"article:modified_time\" content=\"2015-11-30T19:47:11+00:00\" \/>\n<meta property=\"og:image\" content=\"https:\/\/centrourbano.com\/revista\/wp-content\/uploads\/Tijuana_jul12.jpg\" \/>\n\t<meta property=\"og:image:width\" content=\"800\" \/>\n\t<meta property=\"og:image:height\" content=\"600\" \/>\n\t<meta property=\"og:image:type\" content=\"image\/jpeg\" \/>\n<meta name=\"author\" content=\"G4A\" \/>\n<meta name=\"twitter:card\" content=\"summary_large_image\" \/>\n<meta name=\"twitter:creator\" content=\"@CentroUrbano\" \/>\n<meta name=\"twitter:site\" content=\"@CentroUrbano\" \/>\n<meta name=\"twitter:label1\" content=\"Escrito por\" \/>\n\t<meta name=\"twitter:data1\" content=\"G4A\" \/>\n\t<meta name=\"twitter:label2\" content=\"Tiempo de lectura\" \/>\n\t<meta name=\"twitter:data2\" content=\"2 minutos\" \/>\n<script type=\"application\/ld+json\" class=\"yoast-schema-graph\">{\"@context\":\"https:\\\/\\\/schema.org\",\"@graph\":[{\"@type\":\"Article\",\"@id\":\"https:\\\/\\\/centrourbano.com\\\/revista\\\/inmobiliario\\\/mantiene-el-bajio-crecimiento-industrial\\\/#article\",\"isPartOf\":{\"@id\":\"https:\\\/\\\/centrourbano.com\\\/revista\\\/inmobiliario\\\/mantiene-el-bajio-crecimiento-industrial\\\/\"},\"author\":{\"name\":\"G4A\",\"@id\":\"https:\\\/\\\/centrourbano.com\\\/revista\\\/#\\\/schema\\\/person\\\/370fa0ba2d8dd5bde3fdb8b62ad360aa\"},\"headline\":\"Mantiene el Baj\u00edo crecimiento industrial\",\"datePublished\":\"2015-11-26T23:14:34+00:00\",\"dateModified\":\"2015-11-30T19:47:11+00:00\",\"mainEntityOfPage\":{\"@id\":\"https:\\\/\\\/centrourbano.com\\\/revista\\\/inmobiliario\\\/mantiene-el-bajio-crecimiento-industrial\\\/\"},\"wordCount\":318,\"commentCount\":0,\"publisher\":{\"@id\":\"https:\\\/\\\/centrourbano.com\\\/revista\\\/#organization\"},\"image\":{\"@id\":\"https:\\\/\\\/centrourbano.com\\\/revista\\\/inmobiliario\\\/mantiene-el-bajio-crecimiento-industrial\\\/#primaryimage\"},\"thumbnailUrl\":\"https:\\\/\\\/centrourbano.com\\\/revista\\\/wp-content\\\/uploads\\\/Tijuana_jul12.jpg\",\"keywords\":[\"Aguascalientes\",\"BAj\u00edo\",\"CBRE\",\"Guanajuato\",\"Marketview\",\"Quer\u00e9taro\",\"San Luis Potos\u00ed\"],\"articleSection\":[\"Inmobiliario\"],\"inLanguage\":\"es\"},{\"@type\":\"WebPage\",\"@id\":\"https:\\\/\\\/centrourbano.com\\\/revista\\\/inmobiliario\\\/mantiene-el-bajio-crecimiento-industrial\\\/\",\"url\":\"https:\\\/\\\/centrourbano.com\\\/revista\\\/inmobiliario\\\/mantiene-el-bajio-crecimiento-industrial\\\/\",\"name\":\"Mantiene el Baj\u00edo crecimiento industrial -\",\"isPartOf\":{\"@id\":\"https:\\\/\\\/centrourbano.com\\\/revista\\\/#website\"},\"primaryImageOfPage\":{\"@id\":\"https:\\\/\\\/centrourbano.com\\\/revista\\\/inmobiliario\\\/mantiene-el-bajio-crecimiento-industrial\\\/#primaryimage\"},\"image\":{\"@id\":\"https:\\\/\\\/centrourbano.com\\\/revista\\\/inmobiliario\\\/mantiene-el-bajio-crecimiento-industrial\\\/#primaryimage\"},\"thumbnailUrl\":\"https:\\\/\\\/centrourbano.com\\\/revista\\\/wp-content\\\/uploads\\\/Tijuana_jul12.jpg\",\"datePublished\":\"2015-11-26T23:14:34+00:00\",\"dateModified\":\"2015-11-30T19:47:11+00:00\",\"description\":\"Destaca #Quer\u00e9taro con mayor dinamismo, 50% de los espacios comerciales se dieron en el estado El crecimiento en la zona del #Baj\u00edo contin\u00faa gracias a la\",\"breadcrumb\":{\"@id\":\"https:\\\/\\\/centrourbano.com\\\/revista\\\/inmobiliario\\\/mantiene-el-bajio-crecimiento-industrial\\\/#breadcrumb\"},\"inLanguage\":\"es\",\"potentialAction\":[{\"@type\":\"ReadAction\",\"target\":[\"https:\\\/\\\/centrourbano.com\\\/revista\\\/inmobiliario\\\/mantiene-el-bajio-crecimiento-industrial\\\/\"]}]},{\"@type\":\"ImageObject\",\"inLanguage\":\"es\",\"@id\":\"https:\\\/\\\/centrourbano.com\\\/revista\\\/inmobiliario\\\/mantiene-el-bajio-crecimiento-industrial\\\/#primaryimage\",\"url\":\"https:\\\/\\\/centrourbano.com\\\/revista\\\/wp-content\\\/uploads\\\/Tijuana_jul12.jpg\",\"contentUrl\":\"https:\\\/\\\/centrourbano.com\\\/revista\\\/wp-content\\\/uploads\\\/Tijuana_jul12.jpg\",\"width\":800,\"height\":600,\"caption\":\"A finales del a\u00f1o pasado s\u00f3lo 10 edificios estaban disponibles para ser arrendados\"},{\"@type\":\"BreadcrumbList\",\"@id\":\"https:\\\/\\\/centrourbano.com\\\/revista\\\/inmobiliario\\\/mantiene-el-bajio-crecimiento-industrial\\\/#breadcrumb\",\"itemListElement\":[{\"@type\":\"ListItem\",\"position\":1,\"name\":\"Portada\",\"item\":\"https:\\\/\\\/centrourbano.com\\\/revista\\\/\"},{\"@type\":\"ListItem\",\"position\":2,\"name\":\"Mantiene el Baj\u00edo crecimiento industrial\"}]},{\"@type\":\"WebSite\",\"@id\":\"https:\\\/\\\/centrourbano.com\\\/revista\\\/#website\",\"url\":\"https:\\\/\\\/centrourbano.com\\\/revista\\\/\",\"name\":\"Centro Urbano\",\"description\":\"Medio especializado en los sectores vivienda, inmobiliario, construcci\u00f3n, arquitectura y urbanismo.\",\"publisher\":{\"@id\":\"https:\\\/\\\/centrourbano.com\\\/revista\\\/#organization\"},\"potentialAction\":[{\"@type\":\"SearchAction\",\"target\":{\"@type\":\"EntryPoint\",\"urlTemplate\":\"https:\\\/\\\/centrourbano.com\\\/revista\\\/?s={search_term_string}\"},\"query-input\":{\"@type\":\"PropertyValueSpecification\",\"valueRequired\":true,\"valueName\":\"search_term_string\"}}],\"inLanguage\":\"es\"},{\"@type\":\"Organization\",\"@id\":\"https:\\\/\\\/centrourbano.com\\\/revista\\\/#organization\",\"name\":\"Centro Urbano\",\"url\":\"https:\\\/\\\/centrourbano.com\\\/revista\\\/\",\"logo\":{\"@type\":\"ImageObject\",\"inLanguage\":\"es\",\"@id\":\"https:\\\/\\\/centrourbano.com\\\/revista\\\/#\\\/schema\\\/logo\\\/image\\\/\",\"url\":\"https:\\\/\\\/centrourbano.com\\\/revista\\\/wp-content\\\/uploads\\\/web_CU_logo-1.png\",\"contentUrl\":\"https:\\\/\\\/centrourbano.com\\\/revista\\\/wp-content\\\/uploads\\\/web_CU_logo-1.png\",\"width\":350,\"height\":91,\"caption\":\"Centro Urbano\"},\"image\":{\"@id\":\"https:\\\/\\\/centrourbano.com\\\/revista\\\/#\\\/schema\\\/logo\\\/image\\\/\"},\"sameAs\":[\"https:\\\/\\\/www.facebook.com\\\/portalcentrourbano\",\"https:\\\/\\\/x.com\\\/CentroUrbano\",\"https:\\\/\\\/www.instagram.com\\\/centro_urbano\\\/\",\"https:\\\/\\\/www.linkedin.com\\\/company\\\/centro-urbano\\\/\",\"http:\\\/\\\/www.youtube.com\\\/user\\\/portalcentrourbano\"]},{\"@type\":\"Person\",\"@id\":\"https:\\\/\\\/centrourbano.com\\\/revista\\\/#\\\/schema\\\/person\\\/370fa0ba2d8dd5bde3fdb8b62ad360aa\",\"name\":\"G4A\",\"image\":{\"@type\":\"ImageObject\",\"inLanguage\":\"es\",\"@id\":\"https:\\\/\\\/secure.gravatar.com\\\/avatar\\\/932a97121b13d5de5bbd8193c6c83d3b92c9eda0f39623607d4280e7a5778d97?s=96&d=mm&r=g\",\"url\":\"https:\\\/\\\/secure.gravatar.com\\\/avatar\\\/932a97121b13d5de5bbd8193c6c83d3b92c9eda0f39623607d4280e7a5778d97?s=96&d=mm&r=g\",\"contentUrl\":\"https:\\\/\\\/secure.gravatar.com\\\/avatar\\\/932a97121b13d5de5bbd8193c6c83d3b92c9eda0f39623607d4280e7a5778d97?s=96&d=mm&r=g\",\"caption\":\"G4A\"},\"url\":\"https:\\\/\\\/centrourbano.com\\\/revista\\\/author\\\/admin-g4a\\\/\"}]}<\/script>\n<!-- \/ Yoast SEO plugin. -->","yoast_head_json":{"title":"Mantiene el Baj\u00edo crecimiento industrial -","description":"Destaca #Quer\u00e9taro con mayor dinamismo, 50% de los espacios comerciales se dieron en el estado El crecimiento en la zona del #Baj\u00edo contin\u00faa gracias a la","robots":{"index":"index","follow":"follow","max-snippet":"max-snippet:-1","max-image-preview":"max-image-preview:large","max-video-preview":"max-video-preview:-1"},"canonical":"https:\/\/centrourbano.com\/revista\/inmobiliario\/mantiene-el-bajio-crecimiento-industrial\/","og_locale":"es_ES","og_type":"article","og_title":"Mantiene el Baj\u00edo crecimiento industrial -","og_description":"Destaca #Quer\u00e9taro con mayor dinamismo, 50% de los espacios comerciales se dieron en el estado El crecimiento en la zona del #Baj\u00edo contin\u00faa gracias a la","og_url":"https:\/\/centrourbano.com\/revista\/inmobiliario\/mantiene-el-bajio-crecimiento-industrial\/","og_site_name":"Centro Urbano","article_publisher":"https:\/\/www.facebook.com\/portalcentrourbano","article_published_time":"2015-11-26T23:14:34+00:00","article_modified_time":"2015-11-30T19:47:11+00:00","og_image":[{"width":800,"height":600,"url":"https:\/\/centrourbano.com\/revista\/wp-content\/uploads\/Tijuana_jul12.jpg","type":"image\/jpeg"}],"author":"G4A","twitter_card":"summary_large_image","twitter_creator":"@CentroUrbano","twitter_site":"@CentroUrbano","twitter_misc":{"Escrito por":"G4A","Tiempo de lectura":"2 minutos"},"schema":{"@context":"https:\/\/schema.org","@graph":[{"@type":"Article","@id":"https:\/\/centrourbano.com\/revista\/inmobiliario\/mantiene-el-bajio-crecimiento-industrial\/#article","isPartOf":{"@id":"https:\/\/centrourbano.com\/revista\/inmobiliario\/mantiene-el-bajio-crecimiento-industrial\/"},"author":{"name":"G4A","@id":"https:\/\/centrourbano.com\/revista\/#\/schema\/person\/370fa0ba2d8dd5bde3fdb8b62ad360aa"},"headline":"Mantiene el Baj\u00edo crecimiento industrial","datePublished":"2015-11-26T23:14:34+00:00","dateModified":"2015-11-30T19:47:11+00:00","mainEntityOfPage":{"@id":"https:\/\/centrourbano.com\/revista\/inmobiliario\/mantiene-el-bajio-crecimiento-industrial\/"},"wordCount":318,"commentCount":0,"publisher":{"@id":"https:\/\/centrourbano.com\/revista\/#organization"},"image":{"@id":"https:\/\/centrourbano.com\/revista\/inmobiliario\/mantiene-el-bajio-crecimiento-industrial\/#primaryimage"},"thumbnailUrl":"https:\/\/centrourbano.com\/revista\/wp-content\/uploads\/Tijuana_jul12.jpg","keywords":["Aguascalientes","BAj\u00edo","CBRE","Guanajuato","Marketview","Quer\u00e9taro","San Luis Potos\u00ed"],"articleSection":["Inmobiliario"],"inLanguage":"es"},{"@type":"WebPage","@id":"https:\/\/centrourbano.com\/revista\/inmobiliario\/mantiene-el-bajio-crecimiento-industrial\/","url":"https:\/\/centrourbano.com\/revista\/inmobiliario\/mantiene-el-bajio-crecimiento-industrial\/","name":"Mantiene el Baj\u00edo crecimiento industrial -","isPartOf":{"@id":"https:\/\/centrourbano.com\/revista\/#website"},"primaryImageOfPage":{"@id":"https:\/\/centrourbano.com\/revista\/inmobiliario\/mantiene-el-bajio-crecimiento-industrial\/#primaryimage"},"image":{"@id":"https:\/\/centrourbano.com\/revista\/inmobiliario\/mantiene-el-bajio-crecimiento-industrial\/#primaryimage"},"thumbnailUrl":"https:\/\/centrourbano.com\/revista\/wp-content\/uploads\/Tijuana_jul12.jpg","datePublished":"2015-11-26T23:14:34+00:00","dateModified":"2015-11-30T19:47:11+00:00","description":"Destaca #Quer\u00e9taro con mayor dinamismo, 50% de los espacios comerciales se dieron en el estado El crecimiento en la zona del #Baj\u00edo contin\u00faa gracias a la","breadcrumb":{"@id":"https:\/\/centrourbano.com\/revista\/inmobiliario\/mantiene-el-bajio-crecimiento-industrial\/#breadcrumb"},"inLanguage":"es","potentialAction":[{"@type":"ReadAction","target":["https:\/\/centrourbano.com\/revista\/inmobiliario\/mantiene-el-bajio-crecimiento-industrial\/"]}]},{"@type":"ImageObject","inLanguage":"es","@id":"https:\/\/centrourbano.com\/revista\/inmobiliario\/mantiene-el-bajio-crecimiento-industrial\/#primaryimage","url":"https:\/\/centrourbano.com\/revista\/wp-content\/uploads\/Tijuana_jul12.jpg","contentUrl":"https:\/\/centrourbano.com\/revista\/wp-content\/uploads\/Tijuana_jul12.jpg","width":800,"height":600,"caption":"A finales del a\u00f1o pasado s\u00f3lo 10 edificios estaban disponibles para ser arrendados"},{"@type":"BreadcrumbList","@id":"https:\/\/centrourbano.com\/revista\/inmobiliario\/mantiene-el-bajio-crecimiento-industrial\/#breadcrumb","itemListElement":[{"@type":"ListItem","position":1,"name":"Portada","item":"https:\/\/centrourbano.com\/revista\/"},{"@type":"ListItem","position":2,"name":"Mantiene el Baj\u00edo crecimiento industrial"}]},{"@type":"WebSite","@id":"https:\/\/centrourbano.com\/revista\/#website","url":"https:\/\/centrourbano.com\/revista\/","name":"Centro Urbano","description":"Medio especializado en los sectores vivienda, inmobiliario, construcci\u00f3n, arquitectura y urbanismo.","publisher":{"@id":"https:\/\/centrourbano.com\/revista\/#organization"},"potentialAction":[{"@type":"SearchAction","target":{"@type":"EntryPoint","urlTemplate":"https:\/\/centrourbano.com\/revista\/?s={search_term_string}"},"query-input":{"@type":"PropertyValueSpecification","valueRequired":true,"valueName":"search_term_string"}}],"inLanguage":"es"},{"@type":"Organization","@id":"https:\/\/centrourbano.com\/revista\/#organization","name":"Centro Urbano","url":"https:\/\/centrourbano.com\/revista\/","logo":{"@type":"ImageObject","inLanguage":"es","@id":"https:\/\/centrourbano.com\/revista\/#\/schema\/logo\/image\/","url":"https:\/\/centrourbano.com\/revista\/wp-content\/uploads\/web_CU_logo-1.png","contentUrl":"https:\/\/centrourbano.com\/revista\/wp-content\/uploads\/web_CU_logo-1.png","width":350,"height":91,"caption":"Centro Urbano"},"image":{"@id":"https:\/\/centrourbano.com\/revista\/#\/schema\/logo\/image\/"},"sameAs":["https:\/\/www.facebook.com\/portalcentrourbano","https:\/\/x.com\/CentroUrbano","https:\/\/www.instagram.com\/centro_urbano\/","https:\/\/www.linkedin.com\/company\/centro-urbano\/","http:\/\/www.youtube.com\/user\/portalcentrourbano"]},{"@type":"Person","@id":"https:\/\/centrourbano.com\/revista\/#\/schema\/person\/370fa0ba2d8dd5bde3fdb8b62ad360aa","name":"G4A","image":{"@type":"ImageObject","inLanguage":"es","@id":"https:\/\/secure.gravatar.com\/avatar\/932a97121b13d5de5bbd8193c6c83d3b92c9eda0f39623607d4280e7a5778d97?s=96&d=mm&r=g","url":"https:\/\/secure.gravatar.com\/avatar\/932a97121b13d5de5bbd8193c6c83d3b92c9eda0f39623607d4280e7a5778d97?s=96&d=mm&r=g","contentUrl":"https:\/\/secure.gravatar.com\/avatar\/932a97121b13d5de5bbd8193c6c83d3b92c9eda0f39623607d4280e7a5778d97?s=96&d=mm&r=g","caption":"G4A"},"url":"https:\/\/centrourbano.com\/revista\/author\/admin-g4a\/"}]}},"_links":{"self":[{"href":"https:\/\/centrourbano.com\/revista\/wp-json\/wp\/v2\/posts\/25978","targetHints":{"allow":["GET"]}}],"collection":[{"href":"https:\/\/centrourbano.com\/revista\/wp-json\/wp\/v2\/posts"}],"about":[{"href":"https:\/\/centrourbano.com\/revista\/wp-json\/wp\/v2\/types\/post"}],"author":[{"embeddable":true,"href":"https:\/\/centrourbano.com\/revista\/wp-json\/wp\/v2\/users\/77"}],"replies":[{"embeddable":true,"href":"https:\/\/centrourbano.com\/revista\/wp-json\/wp\/v2\/comments?post=25978"}],"version-history":[{"count":0,"href":"https:\/\/centrourbano.com\/revista\/wp-json\/wp\/v2\/posts\/25978\/revisions"}],"wp:featuredmedia":[{"embeddable":true,"href":"https:\/\/centrourbano.com\/revista\/wp-json\/wp\/v2\/media\/25983"}],"wp:attachment":[{"href":"https:\/\/centrourbano.com\/revista\/wp-json\/wp\/v2\/media?parent=25978"}],"wp:term":[{"taxonomy":"category","embeddable":true,"href":"https:\/\/centrourbano.com\/revista\/wp-json\/wp\/v2\/categories?post=25978"},{"taxonomy":"post_tag","embeddable":true,"href":"https:\/\/centrourbano.com\/revista\/wp-json\/wp\/v2\/tags?post=25978"}],"curies":[{"name":"wp","href":"https:\/\/api.w.org\/{rel}","templated":true}]}}