{"id":25973,"date":"2015-11-26T15:11:07","date_gmt":"2015-11-26T21:11:07","guid":{"rendered":"http:\/\/centrourbano.com\/?p=25973"},"modified":"2015-11-27T13:22:03","modified_gmt":"2015-11-27T19:22:03","slug":"museo-universitario-del-chopo-celebra-su-40-aniversario","status":"publish","type":"post","link":"https:\/\/centrourbano.com\/revista\/arquitectura-2\/museo-universitario-del-chopo-celebra-su-40-aniversario\/","title":{"rendered":"Museo Universitario del Chopo celebra su 40 aniversario"},"content":{"rendered":"<p><em><a class=\"expresscurate_contentTags\" href=\"http:\/\/centrourbano.com\/tag\/enrique-norten\/\">#Enrique Norten<\/a> intervino el recinto en el a\u00f1o 2006, a fin de preservar el inmueble hist\u00f3rico y construir, en su interior, otro edificio y as\u00ed ampliar los espacios expositivos<\/em><!--more--><\/p>\n<p>El <a class=\"expresscurate_contentTags\" href=\"http:\/\/centrourbano.com\/tag\/museo-universitario-del-chopo\/\">#Museo Universitario del Chopo<\/a> est\u00e1 celebrando su aniversario No. 40 como sede y espacio para la difusi\u00f3n del arte, la cultura y la movilizaci\u00f3n del pensamiento.<\/p>\n<p>Esta recinto, perteneciente a la Universidad Nacional Aut\u00f3noma de M\u00e9xico (<a class=\"expresscurate_contentTags\" href=\"http:\/\/centrourbano.com\/tag\/unam\/\">#UNAM<\/a>), ha sido difusor de culturas y pr\u00e1cticas art\u00edsticas que se distancian de las generalmente admitidas, albergando de forma cr\u00edtica propuestas emergentes y transdisciplinarias.<\/p>\n<p>Adem\u00e1s, se ha erigido como centro de cultura contempor\u00e1nea con una amplia oferta en artes visuales, artes vivas (teatro, m\u00fasica, danza, performance) y literatura expandida. Moviliza el pensamiento cr\u00edtico mediante conferencias y mesas redondas, y cuenta actualmente con un Centro de Documentaci\u00f3n de las escenas contraculturales y subterr\u00e1neas en M\u00e9xico, as\u00ed como con una Fanzinoteca.<\/p>\n<p>El edificio se asent\u00f3 cerca de la estaci\u00f3n Buenavista del ferrocarril, que para entonces marcaba el l\u00edmite de la ciudad de M\u00e9xico en el norte, y en aquel rumbo, todav\u00eda conocido por la gente como el Chopo, se construy\u00f3 el inmueble al que pronto se le identific\u00f3 como \u201cel palacio de cristal\u201d.<\/p>\n<p>En el a\u00f1o de 1913, como parte de la celebraci\u00f3n del Centenario de la Independencia de M\u00e9xico, Porfirio D\u00edaz despleg\u00f3 una estrategia de relaciones diplom\u00e1ticas y comerciales, y \u201cel palacio de cristal\u201d result\u00f3 id\u00f3neo para incorporarse al programa de los festejos tanto por sus caracter\u00edsticas arquitect\u00f3nicas como por su ubicaci\u00f3n. El edificio se convirti\u00f3 as\u00ed en un s\u00edmbolo de las relaciones pol\u00edticas del Porfiriato, su \u00e9lite y el orden internacional.<\/p>\n<p>A partir de diciembre de 1913 y hasta 1963, el inmueble fue sede del Museo Nacional de Historia Natural, el m\u00e1s importante de su tipo en Latinoam\u00e9rica en esa \u00e9poca.<\/p>\n<p>En 1929, el edificio pas\u00f3 a integrar el patrimonio de la UNAM y la propia demanda de un proyecto m\u00e1s integral por parte del Instituto de Biolog\u00eda de la Universidad, que implicaba la relocalizaci\u00f3n de la instituci\u00f3n debido al deterioro del edificio y los cambios en la pol\u00edtica cultural de Estado, llevaron a la clausura del Museo Nacional de Historia Natural.<\/p>\n<p>Pese al abandono del edificio, el Chopo fue espacio para la escenificaci\u00f3n, ya que en 1971 sirvi\u00f3 como locaci\u00f3n para el rodaje de La mansi\u00f3n de la locura, del director mexicano Juan L\u00f3pez Moctezuma.<\/p>\n<p>El rescate del inmueble comenz\u00f3 en 1973 y fue para el a\u00f1o de 1975 cuando el rector de la UNAM, Guillermo Sober\u00f3n, inaugur\u00f3 el Museo Universitario del Chopo el 25 de noviembre, con las exposiciones De recientes \u00f3rbitas celestes, una mirada al universo y Museo de sitio.<\/p>\n<p>La apertura del museo form\u00f3 parte de un amplio proyecto que promov\u00eda la descentralizaci\u00f3n a trav\u00e9s de instituciones dedicadas a la difusi\u00f3n cultural situadas fuera del campus universitario.<\/p>\n<p>En el a\u00f1o 2006 dieron inicio los trabajos de preservaci\u00f3n del inmueble hist\u00f3rico as\u00ed como la construcci\u00f3n, en su interior, de otro edificio para ampliar los espacios expositivos, ofrecer un foro y un cinemat\u00f3grafo completamente renovados, un centro de documentaci\u00f3n y mediateca, as\u00ed como una tienda y una cafeter\u00eda.<\/p>\n<p>La intervenci\u00f3n estuvo a cargo del arquitecto mexicano Enrique Norten, mientras que la obra fue ejecutada por la Coordinaci\u00f3n de Proyectos Especiales de la UNAM.<\/p>\n<p>Como resultado, en mayo de 2010 el Chopo reabri\u00f3 sus puertas con el doble de capacidad para albergar exposiciones y un equipamiento de primer nivel para actividades esc\u00e9nicas y cinematogr\u00e1ficas, y actualmente, desde diversos puntos del nuevo edificio interior, es posible observar los detalles de la antigua estructura.<\/p>\n<p>&nbsp;<\/p>\n<p>&nbsp;<\/p>\n","protected":false},"excerpt":{"rendered":"<p>#Enrique Norten intervino el recinto en el a\u00f1o 2006, a fin de preservar el inmueble hist\u00f3rico y construir, en su interior, otro edificio y as\u00ed ampliar los espacios expositivos<\/p>\n","protected":false},"author":9,"featured_media":25974,"comment_status":"open","ping_status":"closed","sticky":false,"template":"","format":"standard","meta":{"om_disable_all_campaigns":false,"inline_featured_image":false,"_monsterinsights_skip_tracking":false,"_monsterinsights_sitenote_active":false,"_monsterinsights_sitenote_note":"","_monsterinsights_sitenote_category":0,"footnotes":""},"categories":[81],"tags":[20,886,7082,244],"class_list":["post-25973","post","type-post","status-publish","format-standard","has-post-thumbnail","hentry","category-arquitectura-2","tag-arquitectura","tag-enrique-norten","tag-museo-universitario-del-chopo","tag-unam"],"yoast_head":"<!-- This site is optimized with the Yoast SEO plugin v27.4 - https:\/\/yoast.com\/product\/yoast-seo-wordpress\/ -->\n<title>Museo Universitario del Chopo celebra su 40 aniversario -<\/title>\n<meta name=\"description\" content=\"#Enrique Norten intervino el recinto en el a\u00f1o 2006, a fin de preservar el inmueble hist\u00f3rico y construir, en su interior, otro edificio y as\u00ed ampliar los\" \/>\n<meta name=\"robots\" content=\"index, follow, max-snippet:-1, max-image-preview:large, max-video-preview:-1\" \/>\n<link rel=\"canonical\" href=\"https:\/\/centrourbano.com\/revista\/arquitectura-2\/museo-universitario-del-chopo-celebra-su-40-aniversario\/\" \/>\n<meta property=\"og:locale\" content=\"es_ES\" \/>\n<meta property=\"og:type\" content=\"article\" \/>\n<meta property=\"og:title\" content=\"Museo Universitario del Chopo celebra su 40 aniversario -\" \/>\n<meta property=\"og:description\" content=\"#Enrique Norten intervino el recinto en el a\u00f1o 2006, a fin de preservar el inmueble hist\u00f3rico y construir, en su interior, otro edificio y as\u00ed ampliar los\" \/>\n<meta property=\"og:url\" content=\"https:\/\/centrourbano.com\/revista\/arquitectura-2\/museo-universitario-del-chopo-celebra-su-40-aniversario\/\" \/>\n<meta property=\"og:site_name\" content=\"Centro Urbano\" \/>\n<meta property=\"article:publisher\" content=\"https:\/\/www.facebook.com\/portalcentrourbano\" \/>\n<meta property=\"article:published_time\" content=\"2015-11-26T21:11:07+00:00\" \/>\n<meta property=\"article:modified_time\" content=\"2015-11-27T19:22:03+00:00\" \/>\n<meta property=\"og:image\" content=\"https:\/\/centrourbano.com\/revista\/wp-content\/uploads\/Museo-Universitario-del-Chopo.jpg\" \/>\n\t<meta property=\"og:image:width\" content=\"800\" \/>\n\t<meta property=\"og:image:height\" content=\"600\" \/>\n\t<meta property=\"og:image:type\" content=\"image\/jpeg\" \/>\n<meta name=\"author\" content=\"Dinorah Nava\" \/>\n<meta name=\"twitter:card\" content=\"summary_large_image\" \/>\n<meta name=\"twitter:creator\" content=\"@https:\/\/twitter.com\/Dinorah_Nava28\" \/>\n<meta name=\"twitter:site\" content=\"@CentroUrbano\" \/>\n<meta name=\"twitter:label1\" content=\"Escrito por\" \/>\n\t<meta name=\"twitter:data1\" content=\"Dinorah Nava\" \/>\n\t<meta name=\"twitter:label2\" content=\"Tiempo de lectura\" \/>\n\t<meta name=\"twitter:data2\" content=\"3 minutos\" \/>\n<script type=\"application\/ld+json\" class=\"yoast-schema-graph\">{\"@context\":\"https:\\\/\\\/schema.org\",\"@graph\":[{\"@type\":\"Article\",\"@id\":\"https:\\\/\\\/centrourbano.com\\\/revista\\\/arquitectura-2\\\/museo-universitario-del-chopo-celebra-su-40-aniversario\\\/#article\",\"isPartOf\":{\"@id\":\"https:\\\/\\\/centrourbano.com\\\/revista\\\/arquitectura-2\\\/museo-universitario-del-chopo-celebra-su-40-aniversario\\\/\"},\"author\":{\"name\":\"Dinorah Nava\",\"@id\":\"https:\\\/\\\/centrourbano.com\\\/revista\\\/#\\\/schema\\\/person\\\/b45db815d96831257ba428a3d5a5fbdc\"},\"headline\":\"Museo Universitario del Chopo celebra su 40 aniversario\",\"datePublished\":\"2015-11-26T21:11:07+00:00\",\"dateModified\":\"2015-11-27T19:22:03+00:00\",\"mainEntityOfPage\":{\"@id\":\"https:\\\/\\\/centrourbano.com\\\/revista\\\/arquitectura-2\\\/museo-universitario-del-chopo-celebra-su-40-aniversario\\\/\"},\"wordCount\":645,\"commentCount\":0,\"publisher\":{\"@id\":\"https:\\\/\\\/centrourbano.com\\\/revista\\\/#organization\"},\"image\":{\"@id\":\"https:\\\/\\\/centrourbano.com\\\/revista\\\/arquitectura-2\\\/museo-universitario-del-chopo-celebra-su-40-aniversario\\\/#primaryimage\"},\"thumbnailUrl\":\"https:\\\/\\\/centrourbano.com\\\/revista\\\/wp-content\\\/uploads\\\/Museo-Universitario-del-Chopo.jpg\",\"keywords\":[\"arquitectura\",\"Enrique Norten\",\"Museo Universitario del Chopo\",\"UNAM\"],\"articleSection\":[\"Arquitectura\"],\"inLanguage\":\"es\",\"potentialAction\":[{\"@type\":\"CommentAction\",\"name\":\"Comment\",\"target\":[\"https:\\\/\\\/centrourbano.com\\\/revista\\\/arquitectura-2\\\/museo-universitario-del-chopo-celebra-su-40-aniversario\\\/#respond\"]}]},{\"@type\":\"WebPage\",\"@id\":\"https:\\\/\\\/centrourbano.com\\\/revista\\\/arquitectura-2\\\/museo-universitario-del-chopo-celebra-su-40-aniversario\\\/\",\"url\":\"https:\\\/\\\/centrourbano.com\\\/revista\\\/arquitectura-2\\\/museo-universitario-del-chopo-celebra-su-40-aniversario\\\/\",\"name\":\"Museo Universitario del Chopo celebra su 40 aniversario -\",\"isPartOf\":{\"@id\":\"https:\\\/\\\/centrourbano.com\\\/revista\\\/#website\"},\"primaryImageOfPage\":{\"@id\":\"https:\\\/\\\/centrourbano.com\\\/revista\\\/arquitectura-2\\\/museo-universitario-del-chopo-celebra-su-40-aniversario\\\/#primaryimage\"},\"image\":{\"@id\":\"https:\\\/\\\/centrourbano.com\\\/revista\\\/arquitectura-2\\\/museo-universitario-del-chopo-celebra-su-40-aniversario\\\/#primaryimage\"},\"thumbnailUrl\":\"https:\\\/\\\/centrourbano.com\\\/revista\\\/wp-content\\\/uploads\\\/Museo-Universitario-del-Chopo.jpg\",\"datePublished\":\"2015-11-26T21:11:07+00:00\",\"dateModified\":\"2015-11-27T19:22:03+00:00\",\"description\":\"#Enrique Norten intervino el recinto en el a\u00f1o 2006, a fin de preservar el inmueble hist\u00f3rico y construir, en su interior, otro edificio y as\u00ed ampliar los\",\"breadcrumb\":{\"@id\":\"https:\\\/\\\/centrourbano.com\\\/revista\\\/arquitectura-2\\\/museo-universitario-del-chopo-celebra-su-40-aniversario\\\/#breadcrumb\"},\"inLanguage\":\"es\",\"potentialAction\":[{\"@type\":\"ReadAction\",\"target\":[\"https:\\\/\\\/centrourbano.com\\\/revista\\\/arquitectura-2\\\/museo-universitario-del-chopo-celebra-su-40-aniversario\\\/\"]}]},{\"@type\":\"ImageObject\",\"inLanguage\":\"es\",\"@id\":\"https:\\\/\\\/centrourbano.com\\\/revista\\\/arquitectura-2\\\/museo-universitario-del-chopo-celebra-su-40-aniversario\\\/#primaryimage\",\"url\":\"https:\\\/\\\/centrourbano.com\\\/revista\\\/wp-content\\\/uploads\\\/Museo-Universitario-del-Chopo.jpg\",\"contentUrl\":\"https:\\\/\\\/centrourbano.com\\\/revista\\\/wp-content\\\/uploads\\\/Museo-Universitario-del-Chopo.jpg\",\"width\":800,\"height\":600},{\"@type\":\"BreadcrumbList\",\"@id\":\"https:\\\/\\\/centrourbano.com\\\/revista\\\/arquitectura-2\\\/museo-universitario-del-chopo-celebra-su-40-aniversario\\\/#breadcrumb\",\"itemListElement\":[{\"@type\":\"ListItem\",\"position\":1,\"name\":\"Portada\",\"item\":\"https:\\\/\\\/centrourbano.com\\\/revista\\\/\"},{\"@type\":\"ListItem\",\"position\":2,\"name\":\"Museo Universitario del Chopo celebra su 40 aniversario\"}]},{\"@type\":\"WebSite\",\"@id\":\"https:\\\/\\\/centrourbano.com\\\/revista\\\/#website\",\"url\":\"https:\\\/\\\/centrourbano.com\\\/revista\\\/\",\"name\":\"Centro Urbano\",\"description\":\"Medio especializado en los sectores vivienda, inmobiliario, construcci\u00f3n, arquitectura y urbanismo.\",\"publisher\":{\"@id\":\"https:\\\/\\\/centrourbano.com\\\/revista\\\/#organization\"},\"potentialAction\":[{\"@type\":\"SearchAction\",\"target\":{\"@type\":\"EntryPoint\",\"urlTemplate\":\"https:\\\/\\\/centrourbano.com\\\/revista\\\/?s={search_term_string}\"},\"query-input\":{\"@type\":\"PropertyValueSpecification\",\"valueRequired\":true,\"valueName\":\"search_term_string\"}}],\"inLanguage\":\"es\"},{\"@type\":\"Organization\",\"@id\":\"https:\\\/\\\/centrourbano.com\\\/revista\\\/#organization\",\"name\":\"Centro Urbano\",\"url\":\"https:\\\/\\\/centrourbano.com\\\/revista\\\/\",\"logo\":{\"@type\":\"ImageObject\",\"inLanguage\":\"es\",\"@id\":\"https:\\\/\\\/centrourbano.com\\\/revista\\\/#\\\/schema\\\/logo\\\/image\\\/\",\"url\":\"https:\\\/\\\/centrourbano.com\\\/revista\\\/wp-content\\\/uploads\\\/web_CU_logo-1.png\",\"contentUrl\":\"https:\\\/\\\/centrourbano.com\\\/revista\\\/wp-content\\\/uploads\\\/web_CU_logo-1.png\",\"width\":350,\"height\":91,\"caption\":\"Centro Urbano\"},\"image\":{\"@id\":\"https:\\\/\\\/centrourbano.com\\\/revista\\\/#\\\/schema\\\/logo\\\/image\\\/\"},\"sameAs\":[\"https:\\\/\\\/www.facebook.com\\\/portalcentrourbano\",\"https:\\\/\\\/x.com\\\/CentroUrbano\",\"https:\\\/\\\/www.instagram.com\\\/centro_urbano\\\/\",\"https:\\\/\\\/www.linkedin.com\\\/company\\\/centro-urbano\\\/\",\"http:\\\/\\\/www.youtube.com\\\/user\\\/portalcentrourbano\"]},{\"@type\":\"Person\",\"@id\":\"https:\\\/\\\/centrourbano.com\\\/revista\\\/#\\\/schema\\\/person\\\/b45db815d96831257ba428a3d5a5fbdc\",\"name\":\"Dinorah Nava\",\"image\":{\"@type\":\"ImageObject\",\"inLanguage\":\"es\",\"@id\":\"https:\\\/\\\/secure.gravatar.com\\\/avatar\\\/f6ca6430c51d147f363940f84e1225aa4b8183885c11802cc3b042305a4ecc1a?s=96&d=mm&r=g\",\"url\":\"https:\\\/\\\/secure.gravatar.com\\\/avatar\\\/f6ca6430c51d147f363940f84e1225aa4b8183885c11802cc3b042305a4ecc1a?s=96&d=mm&r=g\",\"contentUrl\":\"https:\\\/\\\/secure.gravatar.com\\\/avatar\\\/f6ca6430c51d147f363940f84e1225aa4b8183885c11802cc3b042305a4ecc1a?s=96&d=mm&r=g\",\"caption\":\"Dinorah Nava\"},\"description\":\"Editora de Contenidos y Estrategias Digitales en Centro Urbano y Coeditora en Peri\u00f3dico Mi Casa. Egresada de la licenciatura en Comunicaci\u00f3n y Periodismo de la Facultad de Estudios Superiores Arag\u00f3n (UNAM). Amante de la edici\u00f3n y correcci\u00f3n de estilo, las redes sociales y el mundo digital. Especialista en temas son arquitectura, inmobiliario y urbanismo.\",\"sameAs\":[\"linkedin.com\\\/in\\\/dinorah-nava\",\"https:\\\/\\\/x.com\\\/https:\\\/\\\/twitter.com\\\/Dinorah_Nava28\"],\"url\":\"https:\\\/\\\/centrourbano.com\\\/revista\\\/author\\\/dinorah-nava\\\/\"}]}<\/script>\n<!-- \/ Yoast SEO plugin. -->","yoast_head_json":{"title":"Museo Universitario del Chopo celebra su 40 aniversario -","description":"#Enrique Norten intervino el recinto en el a\u00f1o 2006, a fin de preservar el inmueble hist\u00f3rico y construir, en su interior, otro edificio y as\u00ed ampliar los","robots":{"index":"index","follow":"follow","max-snippet":"max-snippet:-1","max-image-preview":"max-image-preview:large","max-video-preview":"max-video-preview:-1"},"canonical":"https:\/\/centrourbano.com\/revista\/arquitectura-2\/museo-universitario-del-chopo-celebra-su-40-aniversario\/","og_locale":"es_ES","og_type":"article","og_title":"Museo Universitario del Chopo celebra su 40 aniversario -","og_description":"#Enrique Norten intervino el recinto en el a\u00f1o 2006, a fin de preservar el inmueble hist\u00f3rico y construir, en su interior, otro edificio y as\u00ed ampliar los","og_url":"https:\/\/centrourbano.com\/revista\/arquitectura-2\/museo-universitario-del-chopo-celebra-su-40-aniversario\/","og_site_name":"Centro Urbano","article_publisher":"https:\/\/www.facebook.com\/portalcentrourbano","article_published_time":"2015-11-26T21:11:07+00:00","article_modified_time":"2015-11-27T19:22:03+00:00","og_image":[{"width":800,"height":600,"url":"https:\/\/centrourbano.com\/revista\/wp-content\/uploads\/Museo-Universitario-del-Chopo.jpg","type":"image\/jpeg"}],"author":"Dinorah Nava","twitter_card":"summary_large_image","twitter_creator":"@https:\/\/twitter.com\/Dinorah_Nava28","twitter_site":"@CentroUrbano","twitter_misc":{"Escrito por":"Dinorah Nava","Tiempo de lectura":"3 minutos"},"schema":{"@context":"https:\/\/schema.org","@graph":[{"@type":"Article","@id":"https:\/\/centrourbano.com\/revista\/arquitectura-2\/museo-universitario-del-chopo-celebra-su-40-aniversario\/#article","isPartOf":{"@id":"https:\/\/centrourbano.com\/revista\/arquitectura-2\/museo-universitario-del-chopo-celebra-su-40-aniversario\/"},"author":{"name":"Dinorah Nava","@id":"https:\/\/centrourbano.com\/revista\/#\/schema\/person\/b45db815d96831257ba428a3d5a5fbdc"},"headline":"Museo Universitario del Chopo celebra su 40 aniversario","datePublished":"2015-11-26T21:11:07+00:00","dateModified":"2015-11-27T19:22:03+00:00","mainEntityOfPage":{"@id":"https:\/\/centrourbano.com\/revista\/arquitectura-2\/museo-universitario-del-chopo-celebra-su-40-aniversario\/"},"wordCount":645,"commentCount":0,"publisher":{"@id":"https:\/\/centrourbano.com\/revista\/#organization"},"image":{"@id":"https:\/\/centrourbano.com\/revista\/arquitectura-2\/museo-universitario-del-chopo-celebra-su-40-aniversario\/#primaryimage"},"thumbnailUrl":"https:\/\/centrourbano.com\/revista\/wp-content\/uploads\/Museo-Universitario-del-Chopo.jpg","keywords":["arquitectura","Enrique Norten","Museo Universitario del Chopo","UNAM"],"articleSection":["Arquitectura"],"inLanguage":"es","potentialAction":[{"@type":"CommentAction","name":"Comment","target":["https:\/\/centrourbano.com\/revista\/arquitectura-2\/museo-universitario-del-chopo-celebra-su-40-aniversario\/#respond"]}]},{"@type":"WebPage","@id":"https:\/\/centrourbano.com\/revista\/arquitectura-2\/museo-universitario-del-chopo-celebra-su-40-aniversario\/","url":"https:\/\/centrourbano.com\/revista\/arquitectura-2\/museo-universitario-del-chopo-celebra-su-40-aniversario\/","name":"Museo Universitario del Chopo celebra su 40 aniversario -","isPartOf":{"@id":"https:\/\/centrourbano.com\/revista\/#website"},"primaryImageOfPage":{"@id":"https:\/\/centrourbano.com\/revista\/arquitectura-2\/museo-universitario-del-chopo-celebra-su-40-aniversario\/#primaryimage"},"image":{"@id":"https:\/\/centrourbano.com\/revista\/arquitectura-2\/museo-universitario-del-chopo-celebra-su-40-aniversario\/#primaryimage"},"thumbnailUrl":"https:\/\/centrourbano.com\/revista\/wp-content\/uploads\/Museo-Universitario-del-Chopo.jpg","datePublished":"2015-11-26T21:11:07+00:00","dateModified":"2015-11-27T19:22:03+00:00","description":"#Enrique Norten intervino el recinto en el a\u00f1o 2006, a fin de preservar el inmueble hist\u00f3rico y construir, en su interior, otro edificio y as\u00ed ampliar los","breadcrumb":{"@id":"https:\/\/centrourbano.com\/revista\/arquitectura-2\/museo-universitario-del-chopo-celebra-su-40-aniversario\/#breadcrumb"},"inLanguage":"es","potentialAction":[{"@type":"ReadAction","target":["https:\/\/centrourbano.com\/revista\/arquitectura-2\/museo-universitario-del-chopo-celebra-su-40-aniversario\/"]}]},{"@type":"ImageObject","inLanguage":"es","@id":"https:\/\/centrourbano.com\/revista\/arquitectura-2\/museo-universitario-del-chopo-celebra-su-40-aniversario\/#primaryimage","url":"https:\/\/centrourbano.com\/revista\/wp-content\/uploads\/Museo-Universitario-del-Chopo.jpg","contentUrl":"https:\/\/centrourbano.com\/revista\/wp-content\/uploads\/Museo-Universitario-del-Chopo.jpg","width":800,"height":600},{"@type":"BreadcrumbList","@id":"https:\/\/centrourbano.com\/revista\/arquitectura-2\/museo-universitario-del-chopo-celebra-su-40-aniversario\/#breadcrumb","itemListElement":[{"@type":"ListItem","position":1,"name":"Portada","item":"https:\/\/centrourbano.com\/revista\/"},{"@type":"ListItem","position":2,"name":"Museo Universitario del Chopo celebra su 40 aniversario"}]},{"@type":"WebSite","@id":"https:\/\/centrourbano.com\/revista\/#website","url":"https:\/\/centrourbano.com\/revista\/","name":"Centro Urbano","description":"Medio especializado en los sectores vivienda, inmobiliario, construcci\u00f3n, arquitectura y urbanismo.","publisher":{"@id":"https:\/\/centrourbano.com\/revista\/#organization"},"potentialAction":[{"@type":"SearchAction","target":{"@type":"EntryPoint","urlTemplate":"https:\/\/centrourbano.com\/revista\/?s={search_term_string}"},"query-input":{"@type":"PropertyValueSpecification","valueRequired":true,"valueName":"search_term_string"}}],"inLanguage":"es"},{"@type":"Organization","@id":"https:\/\/centrourbano.com\/revista\/#organization","name":"Centro Urbano","url":"https:\/\/centrourbano.com\/revista\/","logo":{"@type":"ImageObject","inLanguage":"es","@id":"https:\/\/centrourbano.com\/revista\/#\/schema\/logo\/image\/","url":"https:\/\/centrourbano.com\/revista\/wp-content\/uploads\/web_CU_logo-1.png","contentUrl":"https:\/\/centrourbano.com\/revista\/wp-content\/uploads\/web_CU_logo-1.png","width":350,"height":91,"caption":"Centro Urbano"},"image":{"@id":"https:\/\/centrourbano.com\/revista\/#\/schema\/logo\/image\/"},"sameAs":["https:\/\/www.facebook.com\/portalcentrourbano","https:\/\/x.com\/CentroUrbano","https:\/\/www.instagram.com\/centro_urbano\/","https:\/\/www.linkedin.com\/company\/centro-urbano\/","http:\/\/www.youtube.com\/user\/portalcentrourbano"]},{"@type":"Person","@id":"https:\/\/centrourbano.com\/revista\/#\/schema\/person\/b45db815d96831257ba428a3d5a5fbdc","name":"Dinorah Nava","image":{"@type":"ImageObject","inLanguage":"es","@id":"https:\/\/secure.gravatar.com\/avatar\/f6ca6430c51d147f363940f84e1225aa4b8183885c11802cc3b042305a4ecc1a?s=96&d=mm&r=g","url":"https:\/\/secure.gravatar.com\/avatar\/f6ca6430c51d147f363940f84e1225aa4b8183885c11802cc3b042305a4ecc1a?s=96&d=mm&r=g","contentUrl":"https:\/\/secure.gravatar.com\/avatar\/f6ca6430c51d147f363940f84e1225aa4b8183885c11802cc3b042305a4ecc1a?s=96&d=mm&r=g","caption":"Dinorah Nava"},"description":"Editora de Contenidos y Estrategias Digitales en Centro Urbano y Coeditora en Peri\u00f3dico Mi Casa. Egresada de la licenciatura en Comunicaci\u00f3n y Periodismo de la Facultad de Estudios Superiores Arag\u00f3n (UNAM). Amante de la edici\u00f3n y correcci\u00f3n de estilo, las redes sociales y el mundo digital. Especialista en temas son arquitectura, inmobiliario y urbanismo.","sameAs":["linkedin.com\/in\/dinorah-nava","https:\/\/x.com\/https:\/\/twitter.com\/Dinorah_Nava28"],"url":"https:\/\/centrourbano.com\/revista\/author\/dinorah-nava\/"}]}},"_links":{"self":[{"href":"https:\/\/centrourbano.com\/revista\/wp-json\/wp\/v2\/posts\/25973","targetHints":{"allow":["GET"]}}],"collection":[{"href":"https:\/\/centrourbano.com\/revista\/wp-json\/wp\/v2\/posts"}],"about":[{"href":"https:\/\/centrourbano.com\/revista\/wp-json\/wp\/v2\/types\/post"}],"author":[{"embeddable":true,"href":"https:\/\/centrourbano.com\/revista\/wp-json\/wp\/v2\/users\/9"}],"replies":[{"embeddable":true,"href":"https:\/\/centrourbano.com\/revista\/wp-json\/wp\/v2\/comments?post=25973"}],"version-history":[{"count":0,"href":"https:\/\/centrourbano.com\/revista\/wp-json\/wp\/v2\/posts\/25973\/revisions"}],"wp:featuredmedia":[{"embeddable":true,"href":"https:\/\/centrourbano.com\/revista\/wp-json\/wp\/v2\/media\/25974"}],"wp:attachment":[{"href":"https:\/\/centrourbano.com\/revista\/wp-json\/wp\/v2\/media?parent=25973"}],"wp:term":[{"taxonomy":"category","embeddable":true,"href":"https:\/\/centrourbano.com\/revista\/wp-json\/wp\/v2\/categories?post=25973"},{"taxonomy":"post_tag","embeddable":true,"href":"https:\/\/centrourbano.com\/revista\/wp-json\/wp\/v2\/tags?post=25973"}],"curies":[{"name":"wp","href":"https:\/\/api.w.org\/{rel}","templated":true}]}}