{"id":25944,"date":"2015-11-26T10:23:05","date_gmt":"2015-11-26T16:23:05","guid":{"rendered":"http:\/\/centrourbano.com\/?p=25944"},"modified":"2015-11-26T10:23:05","modified_gmt":"2015-11-26T16:23:05","slug":"concluye-gira-de-promocion-un-encuentro-para-crecer-de-la-bmv","status":"publish","type":"post","link":"https:\/\/centrourbano.com\/revista\/actualidad\/concluye-gira-de-promocion-un-encuentro-para-crecer-de-la-bmv\/","title":{"rendered":"Concluye gira de promoci\u00f3n \u201cUn Encuentro para Crecer\u201d de la BMV"},"content":{"rendered":"<p><em>Se brind\u00f3 asesor\u00eda financiera \u00a0a las empresas<\/em><!--more--><\/p>\n<p>La Bolsa Mexicana de Valores y la Asociaci\u00f3n Mexicana de Intermediarios Burs\u00e1tiles culminaron la segunda edici\u00f3n de la gira \u201cUn Encuentro para Crecer\u201d ayer, en el estado de Guanajuato, para dar a conocer las ventajas y apoyos que reciben las empresas al emitir deuda en el mercado de valores.<\/p>\n<p>\u201cEstamos trabajando para que todas las empresas medianas del pa\u00eds conozcan los beneficios que otorga el Mercado de Valores. Cualquier empresa puede emitir valores en la Bolsa Mexicana, logrando as\u00ed su institucionalizaci\u00f3n y transparencia, pero sobre todo, su permanencia\u201d, declar\u00f3 Jos\u00e9-Oriol Bosch Par, Director General del Grupo BMV.<\/p>\n<p>En el evento, se les dieron a conocer instrumentos con los que cuenta la Bolsa Mexicana de Valores, por su parte los despachos proporcionaron asesor\u00eda en sus procesos para institucionalizarse e implementar Normas Internacionales de Informaci\u00f3n Financiera.<\/p>\n<p>La gira tuvo como objetivo crear sinergia efectiva con empresas del pa\u00eds; la Bolsa Mexicana de Valores y Firmas de Asesor\u00eda Institucional e Intermediarios Colocadores, ofrecieron brindar la mejor calidad y servicio con las empresas para lograr su crecimiento e incursi\u00f3n al mercado.<\/p>\n<p>Este a\u00f1o se a\u00f1adieron a la lista de invitados, 8 estados de la Rep\u00fablica y asistieron m\u00e1s de 40 directores de empresas del estado de Guanajuato.<\/p>\n<p>&nbsp;<\/p>\n","protected":false},"excerpt":{"rendered":"<p>Se brind\u00f3 asesor\u00eda financiera \u00a0a las empresas<\/p>\n","protected":false},"author":36,"featured_media":25945,"comment_status":"open","ping_status":"closed","sticky":false,"template":"","format":"standard","meta":{"om_disable_all_campaigns":false,"inline_featured_image":false,"_monsterinsights_skip_tracking":false,"_monsterinsights_sitenote_active":false,"_monsterinsights_sitenote_note":"","_monsterinsights_sitenote_category":0,"footnotes":""},"categories":[80],"tags":[407,3129,53,5594],"class_list":["post-25944","post","type-post","status-publish","format-standard","has-post-thumbnail","hentry","category-actualidad","tag-bmv","tag-empresas","tag-guanajuato","tag-un-encuentro-para-crecer"],"yoast_head":"<!-- This site is optimized with the Yoast SEO plugin v27.4 - https:\/\/yoast.com\/product\/yoast-seo-wordpress\/ -->\n<title>Concluye gira de promoci\u00f3n \u201cUn Encuentro para Crecer\u201d de la BMV -<\/title>\n<meta name=\"description\" content=\"Se brind\u00f3 asesor\u00eda financiera \u00a0a las empresas La Bolsa Mexicana de Valores y la Asociaci\u00f3n Mexicana de Intermediarios Burs\u00e1tiles culminaron la segunda\" \/>\n<meta name=\"robots\" content=\"index, follow, max-snippet:-1, max-image-preview:large, max-video-preview:-1\" \/>\n<link rel=\"canonical\" href=\"https:\/\/centrourbano.com\/revista\/actualidad\/concluye-gira-de-promocion-un-encuentro-para-crecer-de-la-bmv\/\" \/>\n<meta property=\"og:locale\" content=\"es_ES\" \/>\n<meta property=\"og:type\" content=\"article\" \/>\n<meta property=\"og:title\" content=\"Concluye gira de promoci\u00f3n \u201cUn Encuentro para Crecer\u201d de la BMV -\" \/>\n<meta property=\"og:description\" content=\"Se brind\u00f3 asesor\u00eda financiera \u00a0a las empresas La Bolsa Mexicana de Valores y la Asociaci\u00f3n Mexicana de Intermediarios Burs\u00e1tiles culminaron la segunda\" \/>\n<meta property=\"og:url\" content=\"https:\/\/centrourbano.com\/revista\/actualidad\/concluye-gira-de-promocion-un-encuentro-para-crecer-de-la-bmv\/\" \/>\n<meta property=\"og:site_name\" content=\"Centro Urbano\" \/>\n<meta property=\"article:publisher\" content=\"https:\/\/www.facebook.com\/portalcentrourbano\" \/>\n<meta property=\"article:published_time\" content=\"2015-11-26T16:23:05+00:00\" \/>\n<meta property=\"og:image\" content=\"https:\/\/centrourbano.com\/revista\/wp-content\/uploads\/bmv-construye-rt.jpg\" \/>\n\t<meta property=\"og:image:width\" content=\"600\" \/>\n\t<meta property=\"og:image:height\" content=\"306\" \/>\n\t<meta property=\"og:image:type\" content=\"image\/jpeg\" \/>\n<meta name=\"author\" content=\"Yareth Casanova\" \/>\n<meta name=\"twitter:card\" content=\"summary_large_image\" \/>\n<meta name=\"twitter:creator\" content=\"@CentroUrbano\" \/>\n<meta name=\"twitter:site\" content=\"@CentroUrbano\" \/>\n<meta name=\"twitter:label1\" content=\"Escrito por\" \/>\n\t<meta name=\"twitter:data1\" content=\"Yareth Casanova\" \/>\n\t<meta name=\"twitter:label2\" content=\"Tiempo de lectura\" \/>\n\t<meta name=\"twitter:data2\" content=\"1 minuto\" \/>\n<script type=\"application\/ld+json\" class=\"yoast-schema-graph\">{\"@context\":\"https:\\\/\\\/schema.org\",\"@graph\":[{\"@type\":\"Article\",\"@id\":\"https:\\\/\\\/centrourbano.com\\\/revista\\\/actualidad\\\/concluye-gira-de-promocion-un-encuentro-para-crecer-de-la-bmv\\\/#article\",\"isPartOf\":{\"@id\":\"https:\\\/\\\/centrourbano.com\\\/revista\\\/actualidad\\\/concluye-gira-de-promocion-un-encuentro-para-crecer-de-la-bmv\\\/\"},\"author\":{\"name\":\"Yareth Casanova\",\"@id\":\"https:\\\/\\\/centrourbano.com\\\/revista\\\/#\\\/schema\\\/person\\\/fa3124fc7c30aaf90c5e85dc5ce88a3d\"},\"headline\":\"Concluye gira de promoci\u00f3n \u201cUn Encuentro para Crecer\u201d de la BMV\",\"datePublished\":\"2015-11-26T16:23:05+00:00\",\"mainEntityOfPage\":{\"@id\":\"https:\\\/\\\/centrourbano.com\\\/revista\\\/actualidad\\\/concluye-gira-de-promocion-un-encuentro-para-crecer-de-la-bmv\\\/\"},\"wordCount\":237,\"commentCount\":0,\"publisher\":{\"@id\":\"https:\\\/\\\/centrourbano.com\\\/revista\\\/#organization\"},\"image\":{\"@id\":\"https:\\\/\\\/centrourbano.com\\\/revista\\\/actualidad\\\/concluye-gira-de-promocion-un-encuentro-para-crecer-de-la-bmv\\\/#primaryimage\"},\"thumbnailUrl\":\"https:\\\/\\\/centrourbano.com\\\/revista\\\/wp-content\\\/uploads\\\/bmv-construye-rt.jpg\",\"keywords\":[\"BMV\",\"Empresas\",\"Guanajuato\",\"Un encuentro para crecer\"],\"articleSection\":[\"Actualidad\"],\"inLanguage\":\"es\",\"potentialAction\":[{\"@type\":\"CommentAction\",\"name\":\"Comment\",\"target\":[\"https:\\\/\\\/centrourbano.com\\\/revista\\\/actualidad\\\/concluye-gira-de-promocion-un-encuentro-para-crecer-de-la-bmv\\\/#respond\"]}]},{\"@type\":\"WebPage\",\"@id\":\"https:\\\/\\\/centrourbano.com\\\/revista\\\/actualidad\\\/concluye-gira-de-promocion-un-encuentro-para-crecer-de-la-bmv\\\/\",\"url\":\"https:\\\/\\\/centrourbano.com\\\/revista\\\/actualidad\\\/concluye-gira-de-promocion-un-encuentro-para-crecer-de-la-bmv\\\/\",\"name\":\"Concluye gira de promoci\u00f3n \u201cUn Encuentro para Crecer\u201d de la BMV -\",\"isPartOf\":{\"@id\":\"https:\\\/\\\/centrourbano.com\\\/revista\\\/#website\"},\"primaryImageOfPage\":{\"@id\":\"https:\\\/\\\/centrourbano.com\\\/revista\\\/actualidad\\\/concluye-gira-de-promocion-un-encuentro-para-crecer-de-la-bmv\\\/#primaryimage\"},\"image\":{\"@id\":\"https:\\\/\\\/centrourbano.com\\\/revista\\\/actualidad\\\/concluye-gira-de-promocion-un-encuentro-para-crecer-de-la-bmv\\\/#primaryimage\"},\"thumbnailUrl\":\"https:\\\/\\\/centrourbano.com\\\/revista\\\/wp-content\\\/uploads\\\/bmv-construye-rt.jpg\",\"datePublished\":\"2015-11-26T16:23:05+00:00\",\"description\":\"Se brind\u00f3 asesor\u00eda financiera \u00a0a las empresas La Bolsa Mexicana de Valores y la Asociaci\u00f3n Mexicana de Intermediarios Burs\u00e1tiles culminaron la segunda\",\"breadcrumb\":{\"@id\":\"https:\\\/\\\/centrourbano.com\\\/revista\\\/actualidad\\\/concluye-gira-de-promocion-un-encuentro-para-crecer-de-la-bmv\\\/#breadcrumb\"},\"inLanguage\":\"es\",\"potentialAction\":[{\"@type\":\"ReadAction\",\"target\":[\"https:\\\/\\\/centrourbano.com\\\/revista\\\/actualidad\\\/concluye-gira-de-promocion-un-encuentro-para-crecer-de-la-bmv\\\/\"]}]},{\"@type\":\"ImageObject\",\"inLanguage\":\"es\",\"@id\":\"https:\\\/\\\/centrourbano.com\\\/revista\\\/actualidad\\\/concluye-gira-de-promocion-un-encuentro-para-crecer-de-la-bmv\\\/#primaryimage\",\"url\":\"https:\\\/\\\/centrourbano.com\\\/revista\\\/wp-content\\\/uploads\\\/bmv-construye-rt.jpg\",\"contentUrl\":\"https:\\\/\\\/centrourbano.com\\\/revista\\\/wp-content\\\/uploads\\\/bmv-construye-rt.jpg\",\"width\":600,\"height\":306},{\"@type\":\"BreadcrumbList\",\"@id\":\"https:\\\/\\\/centrourbano.com\\\/revista\\\/actualidad\\\/concluye-gira-de-promocion-un-encuentro-para-crecer-de-la-bmv\\\/#breadcrumb\",\"itemListElement\":[{\"@type\":\"ListItem\",\"position\":1,\"name\":\"Portada\",\"item\":\"https:\\\/\\\/centrourbano.com\\\/revista\\\/\"},{\"@type\":\"ListItem\",\"position\":2,\"name\":\"Concluye gira de promoci\u00f3n \u201cUn Encuentro para Crecer\u201d de la BMV\"}]},{\"@type\":\"WebSite\",\"@id\":\"https:\\\/\\\/centrourbano.com\\\/revista\\\/#website\",\"url\":\"https:\\\/\\\/centrourbano.com\\\/revista\\\/\",\"name\":\"Centro Urbano\",\"description\":\"Medio especializado en los sectores vivienda, inmobiliario, construcci\u00f3n, arquitectura y urbanismo.\",\"publisher\":{\"@id\":\"https:\\\/\\\/centrourbano.com\\\/revista\\\/#organization\"},\"potentialAction\":[{\"@type\":\"SearchAction\",\"target\":{\"@type\":\"EntryPoint\",\"urlTemplate\":\"https:\\\/\\\/centrourbano.com\\\/revista\\\/?s={search_term_string}\"},\"query-input\":{\"@type\":\"PropertyValueSpecification\",\"valueRequired\":true,\"valueName\":\"search_term_string\"}}],\"inLanguage\":\"es\"},{\"@type\":\"Organization\",\"@id\":\"https:\\\/\\\/centrourbano.com\\\/revista\\\/#organization\",\"name\":\"Centro Urbano\",\"url\":\"https:\\\/\\\/centrourbano.com\\\/revista\\\/\",\"logo\":{\"@type\":\"ImageObject\",\"inLanguage\":\"es\",\"@id\":\"https:\\\/\\\/centrourbano.com\\\/revista\\\/#\\\/schema\\\/logo\\\/image\\\/\",\"url\":\"https:\\\/\\\/centrourbano.com\\\/revista\\\/wp-content\\\/uploads\\\/web_CU_logo-1.png\",\"contentUrl\":\"https:\\\/\\\/centrourbano.com\\\/revista\\\/wp-content\\\/uploads\\\/web_CU_logo-1.png\",\"width\":350,\"height\":91,\"caption\":\"Centro Urbano\"},\"image\":{\"@id\":\"https:\\\/\\\/centrourbano.com\\\/revista\\\/#\\\/schema\\\/logo\\\/image\\\/\"},\"sameAs\":[\"https:\\\/\\\/www.facebook.com\\\/portalcentrourbano\",\"https:\\\/\\\/x.com\\\/CentroUrbano\",\"https:\\\/\\\/www.instagram.com\\\/centro_urbano\\\/\",\"https:\\\/\\\/www.linkedin.com\\\/company\\\/centro-urbano\\\/\",\"http:\\\/\\\/www.youtube.com\\\/user\\\/portalcentrourbano\"]},{\"@type\":\"Person\",\"@id\":\"https:\\\/\\\/centrourbano.com\\\/revista\\\/#\\\/schema\\\/person\\\/fa3124fc7c30aaf90c5e85dc5ce88a3d\",\"name\":\"Yareth Casanova\",\"image\":{\"@type\":\"ImageObject\",\"inLanguage\":\"es\",\"@id\":\"https:\\\/\\\/secure.gravatar.com\\\/avatar\\\/cc5021d028a26acc18cd90754b870114c9449717d0cf43cc142712f089324f6d?s=96&d=mm&r=g\",\"url\":\"https:\\\/\\\/secure.gravatar.com\\\/avatar\\\/cc5021d028a26acc18cd90754b870114c9449717d0cf43cc142712f089324f6d?s=96&d=mm&r=g\",\"contentUrl\":\"https:\\\/\\\/secure.gravatar.com\\\/avatar\\\/cc5021d028a26acc18cd90754b870114c9449717d0cf43cc142712f089324f6d?s=96&d=mm&r=g\",\"caption\":\"Yareth Casanova\"},\"description\":\"Egresada de la Universidad del Valle de M\u00e9xico en Ciencias de la Comunicaci\u00f3n. Fungi\u00f3 como community manager en el Senado de la Rep\u00fablica y como becaria en editorial Televisa. Actualmente se desempe\u00f1a como community manager y reportera en Centro Urbano. Es amante de los perros y sus pasiones son el baile, el cine, la pol\u00edtica y la moda.\",\"url\":\"https:\\\/\\\/centrourbano.com\\\/revista\\\/author\\\/yarethcu\\\/\"}]}<\/script>\n<!-- \/ Yoast SEO plugin. -->","yoast_head_json":{"title":"Concluye gira de promoci\u00f3n \u201cUn Encuentro para Crecer\u201d de la BMV -","description":"Se brind\u00f3 asesor\u00eda financiera \u00a0a las empresas La Bolsa Mexicana de Valores y la Asociaci\u00f3n Mexicana de Intermediarios Burs\u00e1tiles culminaron la segunda","robots":{"index":"index","follow":"follow","max-snippet":"max-snippet:-1","max-image-preview":"max-image-preview:large","max-video-preview":"max-video-preview:-1"},"canonical":"https:\/\/centrourbano.com\/revista\/actualidad\/concluye-gira-de-promocion-un-encuentro-para-crecer-de-la-bmv\/","og_locale":"es_ES","og_type":"article","og_title":"Concluye gira de promoci\u00f3n \u201cUn Encuentro para Crecer\u201d de la BMV -","og_description":"Se brind\u00f3 asesor\u00eda financiera \u00a0a las empresas La Bolsa Mexicana de Valores y la Asociaci\u00f3n Mexicana de Intermediarios Burs\u00e1tiles culminaron la segunda","og_url":"https:\/\/centrourbano.com\/revista\/actualidad\/concluye-gira-de-promocion-un-encuentro-para-crecer-de-la-bmv\/","og_site_name":"Centro Urbano","article_publisher":"https:\/\/www.facebook.com\/portalcentrourbano","article_published_time":"2015-11-26T16:23:05+00:00","og_image":[{"width":600,"height":306,"url":"https:\/\/centrourbano.com\/revista\/wp-content\/uploads\/bmv-construye-rt.jpg","type":"image\/jpeg"}],"author":"Yareth Casanova","twitter_card":"summary_large_image","twitter_creator":"@CentroUrbano","twitter_site":"@CentroUrbano","twitter_misc":{"Escrito por":"Yareth Casanova","Tiempo de lectura":"1 minuto"},"schema":{"@context":"https:\/\/schema.org","@graph":[{"@type":"Article","@id":"https:\/\/centrourbano.com\/revista\/actualidad\/concluye-gira-de-promocion-un-encuentro-para-crecer-de-la-bmv\/#article","isPartOf":{"@id":"https:\/\/centrourbano.com\/revista\/actualidad\/concluye-gira-de-promocion-un-encuentro-para-crecer-de-la-bmv\/"},"author":{"name":"Yareth Casanova","@id":"https:\/\/centrourbano.com\/revista\/#\/schema\/person\/fa3124fc7c30aaf90c5e85dc5ce88a3d"},"headline":"Concluye gira de promoci\u00f3n \u201cUn Encuentro para Crecer\u201d de la BMV","datePublished":"2015-11-26T16:23:05+00:00","mainEntityOfPage":{"@id":"https:\/\/centrourbano.com\/revista\/actualidad\/concluye-gira-de-promocion-un-encuentro-para-crecer-de-la-bmv\/"},"wordCount":237,"commentCount":0,"publisher":{"@id":"https:\/\/centrourbano.com\/revista\/#organization"},"image":{"@id":"https:\/\/centrourbano.com\/revista\/actualidad\/concluye-gira-de-promocion-un-encuentro-para-crecer-de-la-bmv\/#primaryimage"},"thumbnailUrl":"https:\/\/centrourbano.com\/revista\/wp-content\/uploads\/bmv-construye-rt.jpg","keywords":["BMV","Empresas","Guanajuato","Un encuentro para crecer"],"articleSection":["Actualidad"],"inLanguage":"es","potentialAction":[{"@type":"CommentAction","name":"Comment","target":["https:\/\/centrourbano.com\/revista\/actualidad\/concluye-gira-de-promocion-un-encuentro-para-crecer-de-la-bmv\/#respond"]}]},{"@type":"WebPage","@id":"https:\/\/centrourbano.com\/revista\/actualidad\/concluye-gira-de-promocion-un-encuentro-para-crecer-de-la-bmv\/","url":"https:\/\/centrourbano.com\/revista\/actualidad\/concluye-gira-de-promocion-un-encuentro-para-crecer-de-la-bmv\/","name":"Concluye gira de promoci\u00f3n \u201cUn Encuentro para Crecer\u201d de la BMV -","isPartOf":{"@id":"https:\/\/centrourbano.com\/revista\/#website"},"primaryImageOfPage":{"@id":"https:\/\/centrourbano.com\/revista\/actualidad\/concluye-gira-de-promocion-un-encuentro-para-crecer-de-la-bmv\/#primaryimage"},"image":{"@id":"https:\/\/centrourbano.com\/revista\/actualidad\/concluye-gira-de-promocion-un-encuentro-para-crecer-de-la-bmv\/#primaryimage"},"thumbnailUrl":"https:\/\/centrourbano.com\/revista\/wp-content\/uploads\/bmv-construye-rt.jpg","datePublished":"2015-11-26T16:23:05+00:00","description":"Se brind\u00f3 asesor\u00eda financiera \u00a0a las empresas La Bolsa Mexicana de Valores y la Asociaci\u00f3n Mexicana de Intermediarios Burs\u00e1tiles culminaron la segunda","breadcrumb":{"@id":"https:\/\/centrourbano.com\/revista\/actualidad\/concluye-gira-de-promocion-un-encuentro-para-crecer-de-la-bmv\/#breadcrumb"},"inLanguage":"es","potentialAction":[{"@type":"ReadAction","target":["https:\/\/centrourbano.com\/revista\/actualidad\/concluye-gira-de-promocion-un-encuentro-para-crecer-de-la-bmv\/"]}]},{"@type":"ImageObject","inLanguage":"es","@id":"https:\/\/centrourbano.com\/revista\/actualidad\/concluye-gira-de-promocion-un-encuentro-para-crecer-de-la-bmv\/#primaryimage","url":"https:\/\/centrourbano.com\/revista\/wp-content\/uploads\/bmv-construye-rt.jpg","contentUrl":"https:\/\/centrourbano.com\/revista\/wp-content\/uploads\/bmv-construye-rt.jpg","width":600,"height":306},{"@type":"BreadcrumbList","@id":"https:\/\/centrourbano.com\/revista\/actualidad\/concluye-gira-de-promocion-un-encuentro-para-crecer-de-la-bmv\/#breadcrumb","itemListElement":[{"@type":"ListItem","position":1,"name":"Portada","item":"https:\/\/centrourbano.com\/revista\/"},{"@type":"ListItem","position":2,"name":"Concluye gira de promoci\u00f3n \u201cUn Encuentro para Crecer\u201d de la BMV"}]},{"@type":"WebSite","@id":"https:\/\/centrourbano.com\/revista\/#website","url":"https:\/\/centrourbano.com\/revista\/","name":"Centro Urbano","description":"Medio especializado en los sectores vivienda, inmobiliario, construcci\u00f3n, arquitectura y urbanismo.","publisher":{"@id":"https:\/\/centrourbano.com\/revista\/#organization"},"potentialAction":[{"@type":"SearchAction","target":{"@type":"EntryPoint","urlTemplate":"https:\/\/centrourbano.com\/revista\/?s={search_term_string}"},"query-input":{"@type":"PropertyValueSpecification","valueRequired":true,"valueName":"search_term_string"}}],"inLanguage":"es"},{"@type":"Organization","@id":"https:\/\/centrourbano.com\/revista\/#organization","name":"Centro Urbano","url":"https:\/\/centrourbano.com\/revista\/","logo":{"@type":"ImageObject","inLanguage":"es","@id":"https:\/\/centrourbano.com\/revista\/#\/schema\/logo\/image\/","url":"https:\/\/centrourbano.com\/revista\/wp-content\/uploads\/web_CU_logo-1.png","contentUrl":"https:\/\/centrourbano.com\/revista\/wp-content\/uploads\/web_CU_logo-1.png","width":350,"height":91,"caption":"Centro Urbano"},"image":{"@id":"https:\/\/centrourbano.com\/revista\/#\/schema\/logo\/image\/"},"sameAs":["https:\/\/www.facebook.com\/portalcentrourbano","https:\/\/x.com\/CentroUrbano","https:\/\/www.instagram.com\/centro_urbano\/","https:\/\/www.linkedin.com\/company\/centro-urbano\/","http:\/\/www.youtube.com\/user\/portalcentrourbano"]},{"@type":"Person","@id":"https:\/\/centrourbano.com\/revista\/#\/schema\/person\/fa3124fc7c30aaf90c5e85dc5ce88a3d","name":"Yareth Casanova","image":{"@type":"ImageObject","inLanguage":"es","@id":"https:\/\/secure.gravatar.com\/avatar\/cc5021d028a26acc18cd90754b870114c9449717d0cf43cc142712f089324f6d?s=96&d=mm&r=g","url":"https:\/\/secure.gravatar.com\/avatar\/cc5021d028a26acc18cd90754b870114c9449717d0cf43cc142712f089324f6d?s=96&d=mm&r=g","contentUrl":"https:\/\/secure.gravatar.com\/avatar\/cc5021d028a26acc18cd90754b870114c9449717d0cf43cc142712f089324f6d?s=96&d=mm&r=g","caption":"Yareth Casanova"},"description":"Egresada de la Universidad del Valle de M\u00e9xico en Ciencias de la Comunicaci\u00f3n. Fungi\u00f3 como community manager en el Senado de la Rep\u00fablica y como becaria en editorial Televisa. Actualmente se desempe\u00f1a como community manager y reportera en Centro Urbano. Es amante de los perros y sus pasiones son el baile, el cine, la pol\u00edtica y la moda.","url":"https:\/\/centrourbano.com\/revista\/author\/yarethcu\/"}]}},"_links":{"self":[{"href":"https:\/\/centrourbano.com\/revista\/wp-json\/wp\/v2\/posts\/25944","targetHints":{"allow":["GET"]}}],"collection":[{"href":"https:\/\/centrourbano.com\/revista\/wp-json\/wp\/v2\/posts"}],"about":[{"href":"https:\/\/centrourbano.com\/revista\/wp-json\/wp\/v2\/types\/post"}],"author":[{"embeddable":true,"href":"https:\/\/centrourbano.com\/revista\/wp-json\/wp\/v2\/users\/36"}],"replies":[{"embeddable":true,"href":"https:\/\/centrourbano.com\/revista\/wp-json\/wp\/v2\/comments?post=25944"}],"version-history":[{"count":0,"href":"https:\/\/centrourbano.com\/revista\/wp-json\/wp\/v2\/posts\/25944\/revisions"}],"wp:featuredmedia":[{"embeddable":true,"href":"https:\/\/centrourbano.com\/revista\/wp-json\/wp\/v2\/media\/25945"}],"wp:attachment":[{"href":"https:\/\/centrourbano.com\/revista\/wp-json\/wp\/v2\/media?parent=25944"}],"wp:term":[{"taxonomy":"category","embeddable":true,"href":"https:\/\/centrourbano.com\/revista\/wp-json\/wp\/v2\/categories?post=25944"},{"taxonomy":"post_tag","embeddable":true,"href":"https:\/\/centrourbano.com\/revista\/wp-json\/wp\/v2\/tags?post=25944"}],"curies":[{"name":"wp","href":"https:\/\/api.w.org\/{rel}","templated":true}]}}