{"id":25923,"date":"2015-11-25T17:46:43","date_gmt":"2015-11-25T23:46:43","guid":{"rendered":"http:\/\/centrourbano.com\/?p=25923"},"modified":"2015-11-25T17:46:43","modified_gmt":"2015-11-25T23:46:43","slug":"55-de-creditos-del-fovissste-en-2015-fueron-para-mujeres","status":"publish","type":"post","link":"https:\/\/centrourbano.com\/revista\/vivienda\/55-de-creditos-del-fovissste-en-2015-fueron-para-mujeres\/","title":{"rendered":"55% de cr\u00e9ditos del FOVISSSTE en 2015 fueron para mujeres"},"content":{"rendered":"<p><em>Fondo con el mismo n\u00famero de trabajadores mujeres y hombres<\/em><br \/>\n<!--more--><\/p>\n<p>M\u00e1s de la mitad de los cr\u00e9ditos que ha entregado el Fondo de la Vivienda del Instituto de Seguridad y Servicios Sociales de los Trabajadores del Estado (FOVISSSTE) en 2015 han sido para mujeres.<\/p>\n<p>Esto lo dio a conocer Luis Antonio Godina Herrera, Vocal Ejecutivo de la instituci\u00f3n, quien al encabezar la ceremonia por el D\u00eda Internacional de la Eliminaci\u00f3n de la Violencia contra la Mujer dijo que el Fondo se ha estado a la vanguardia en la equidad y no violencia a las mujeres.<\/p>\n<p>\u201cEl FOVISSSTE fue el primer organismo gubernamental en certificarse dentro del modelo de equidad de g\u00e9nero en el pa\u00eds y es un entusiasta promotor de la no violencia contra las mujeres. Es muy importante que los hombres nos involucremos de lleno y plenamente a esta iniciativa\u201d, dijo el Vocal.<\/p>\n<p>Dijo tambi\u00e9n que el Fondo es ejemplo de equidad, ya que tienen el mismo n\u00famero de trabajadores de cada sexo, con 432 mujeres y 433 hombres y que en los \u00faltimos dos a\u00f1os no se han tenido quejas de acoso sexual. Adem\u00e1s, en 2013 se cre\u00f3 el Centro de Estudios y Apoyos a la Mujer del ISSSTE, ya que m\u00e1s del 60 por ciento de los derechohabientes de la instituci\u00f3n son mujeres.<\/p>\n<p>Finalmente, a varias trabajadoras se les ofreci\u00f3 la conferencia Masculinidad Tradicional y la Violencia contra las Mujeres, a cargo de la soci\u00f3loga Ver\u00f3nica Navarro.<\/p>\n<p>Estuvieron presentes en el evento las representantes de la Secci\u00f3n XLII del Sindicato Nacional de Trabajadores del ISSSTE (SNTISSSTE), Margarita Mejorada Rodr\u00edguez y de la Secci\u00f3n XXX del Sindicato Independiente de Trabajadores del ISSSTE (SITISSSTE) Claudia Ayala Zepeda y los subdirectores de Administraci\u00f3n, Juan Ahuactzin Ponce y de Atenci\u00f3n a Acreditados y Enlace con Gerencias Regionales, H\u00e9ctor Fern\u00e1ndez Moreno.<\/p>\n","protected":false},"excerpt":{"rendered":"<p>Fondo con el mismo n\u00famero de trabajadores mujeres y hombres<\/p>\n","protected":false},"author":77,"featured_media":25924,"comment_status":"open","ping_status":"closed","sticky":false,"template":"","format":"standard","meta":{"inline_featured_image":false,"footnotes":""},"categories":[12],"tags":[642,155],"class_list":["post-25923","post","type-post","status-publish","format-standard","has-post-thumbnail","hentry","category-vivienda","tag-creditos","tag-fovissste"],"yoast_head":"<!-- This site is optimized with the Yoast SEO plugin v28.4 - https:\/\/yoast.com\/product\/yoast-seo-wordpress\/ -->\n<title>55% de cr\u00e9ditos del FOVISSSTE en 2015 fueron para mujeres -<\/title>\n<meta name=\"description\" content=\"Fondo con el mismo n\u00famero de trabajadores mujeres y hombres M\u00e1s de la mitad de los cr\u00e9ditos que ha entregado el Fondo de la Vivienda del Instituto de\" \/>\n<meta name=\"robots\" content=\"index, follow, max-snippet:-1, max-image-preview:large, max-video-preview:-1\" \/>\n<link rel=\"canonical\" href=\"https:\/\/centrourbano.com\/revista\/vivienda\/55-de-creditos-del-fovissste-en-2015-fueron-para-mujeres\/\" \/>\n<meta property=\"og:locale\" content=\"es_ES\" \/>\n<meta property=\"og:type\" content=\"article\" \/>\n<meta property=\"og:title\" content=\"55% de cr\u00e9ditos del FOVISSSTE en 2015 fueron para mujeres -\" \/>\n<meta property=\"og:description\" content=\"Fondo con el mismo n\u00famero de trabajadores mujeres y hombres M\u00e1s de la mitad de los cr\u00e9ditos que ha entregado el Fondo de la Vivienda del Instituto de\" \/>\n<meta property=\"og:url\" content=\"https:\/\/centrourbano.com\/revista\/vivienda\/55-de-creditos-del-fovissste-en-2015-fueron-para-mujeres\/\" \/>\n<meta property=\"og:site_name\" content=\"Centro Urbano\" \/>\n<meta property=\"article:publisher\" content=\"https:\/\/www.facebook.com\/portalcentrourbano\" \/>\n<meta property=\"article:published_time\" content=\"2015-11-25T23:46:43+00:00\" \/>\n<meta property=\"og:image\" content=\"https:\/\/centrourbano.com\/revista\/wp-content\/uploads\/Luis-Antonio-Godina.jpg\" \/>\n\t<meta property=\"og:image:width\" content=\"1200\" \/>\n\t<meta property=\"og:image:height\" content=\"800\" \/>\n\t<meta property=\"og:image:type\" content=\"image\/jpeg\" \/>\n<meta name=\"author\" content=\"G4A\" \/>\n<meta name=\"twitter:card\" content=\"summary_large_image\" \/>\n<meta name=\"twitter:creator\" content=\"@CentroUrbano\" \/>\n<meta name=\"twitter:site\" content=\"@CentroUrbano\" \/>\n<meta name=\"twitter:label1\" content=\"Escrito por\" \/>\n\t<meta name=\"twitter:data1\" content=\"G4A\" \/>\n\t<meta name=\"twitter:label2\" content=\"Tiempo de lectura\" \/>\n\t<meta name=\"twitter:data2\" content=\"2 minutos\" \/>\n<script type=\"application\/ld+json\" class=\"yoast-schema-graph\">{\"@context\":\"https:\\\/\\\/schema.org\",\"@graph\":[{\"@type\":\"Article\",\"@id\":\"https:\\\/\\\/centrourbano.com\\\/revista\\\/vivienda\\\/55-de-creditos-del-fovissste-en-2015-fueron-para-mujeres\\\/#article\",\"isPartOf\":{\"@id\":\"https:\\\/\\\/centrourbano.com\\\/revista\\\/vivienda\\\/55-de-creditos-del-fovissste-en-2015-fueron-para-mujeres\\\/\"},\"author\":{\"name\":\"G4A\",\"@id\":\"https:\\\/\\\/centrourbano.com\\\/revista\\\/#\\\/schema\\\/person\\\/370fa0ba2d8dd5bde3fdb8b62ad360aa\"},\"headline\":\"55% de cr\u00e9ditos del FOVISSSTE en 2015 fueron para mujeres\",\"datePublished\":\"2015-11-25T23:46:43+00:00\",\"mainEntityOfPage\":{\"@id\":\"https:\\\/\\\/centrourbano.com\\\/revista\\\/vivienda\\\/55-de-creditos-del-fovissste-en-2015-fueron-para-mujeres\\\/\"},\"wordCount\":326,\"commentCount\":0,\"publisher\":{\"@id\":\"https:\\\/\\\/centrourbano.com\\\/revista\\\/#organization\"},\"image\":{\"@id\":\"https:\\\/\\\/centrourbano.com\\\/revista\\\/vivienda\\\/55-de-creditos-del-fovissste-en-2015-fueron-para-mujeres\\\/#primaryimage\"},\"thumbnailUrl\":\"https:\\\/\\\/centrourbano.com\\\/revista\\\/wp-content\\\/uploads\\\/Luis-Antonio-Godina.jpg\",\"keywords\":[\"Cr\u00e9ditos\",\"Fovissste\"],\"articleSection\":[\"Vivienda\"],\"inLanguage\":\"es\"},{\"@type\":\"WebPage\",\"@id\":\"https:\\\/\\\/centrourbano.com\\\/revista\\\/vivienda\\\/55-de-creditos-del-fovissste-en-2015-fueron-para-mujeres\\\/\",\"url\":\"https:\\\/\\\/centrourbano.com\\\/revista\\\/vivienda\\\/55-de-creditos-del-fovissste-en-2015-fueron-para-mujeres\\\/\",\"name\":\"55% de cr\u00e9ditos del FOVISSSTE en 2015 fueron para mujeres -\",\"isPartOf\":{\"@id\":\"https:\\\/\\\/centrourbano.com\\\/revista\\\/#website\"},\"primaryImageOfPage\":{\"@id\":\"https:\\\/\\\/centrourbano.com\\\/revista\\\/vivienda\\\/55-de-creditos-del-fovissste-en-2015-fueron-para-mujeres\\\/#primaryimage\"},\"image\":{\"@id\":\"https:\\\/\\\/centrourbano.com\\\/revista\\\/vivienda\\\/55-de-creditos-del-fovissste-en-2015-fueron-para-mujeres\\\/#primaryimage\"},\"thumbnailUrl\":\"https:\\\/\\\/centrourbano.com\\\/revista\\\/wp-content\\\/uploads\\\/Luis-Antonio-Godina.jpg\",\"datePublished\":\"2015-11-25T23:46:43+00:00\",\"description\":\"Fondo con el mismo n\u00famero de trabajadores mujeres y hombres M\u00e1s de la mitad de los cr\u00e9ditos que ha entregado el Fondo de la Vivienda del Instituto de\",\"breadcrumb\":{\"@id\":\"https:\\\/\\\/centrourbano.com\\\/revista\\\/vivienda\\\/55-de-creditos-del-fovissste-en-2015-fueron-para-mujeres\\\/#breadcrumb\"},\"inLanguage\":\"es\",\"potentialAction\":[{\"@type\":\"ReadAction\",\"target\":[\"https:\\\/\\\/centrourbano.com\\\/revista\\\/vivienda\\\/55-de-creditos-del-fovissste-en-2015-fueron-para-mujeres\\\/\"]}]},{\"@type\":\"ImageObject\",\"inLanguage\":\"es\",\"@id\":\"https:\\\/\\\/centrourbano.com\\\/revista\\\/vivienda\\\/55-de-creditos-del-fovissste-en-2015-fueron-para-mujeres\\\/#primaryimage\",\"url\":\"https:\\\/\\\/centrourbano.com\\\/revista\\\/wp-content\\\/uploads\\\/Luis-Antonio-Godina.jpg\",\"contentUrl\":\"https:\\\/\\\/centrourbano.com\\\/revista\\\/wp-content\\\/uploads\\\/Luis-Antonio-Godina.jpg\",\"width\":1200,\"height\":800},{\"@type\":\"BreadcrumbList\",\"@id\":\"https:\\\/\\\/centrourbano.com\\\/revista\\\/vivienda\\\/55-de-creditos-del-fovissste-en-2015-fueron-para-mujeres\\\/#breadcrumb\",\"itemListElement\":[{\"@type\":\"ListItem\",\"position\":1,\"name\":\"Portada\",\"item\":\"https:\\\/\\\/centrourbano.com\\\/revista\\\/\"},{\"@type\":\"ListItem\",\"position\":2,\"name\":\"55% de cr\u00e9ditos del FOVISSSTE en 2015 fueron para mujeres\"}]},{\"@type\":\"WebSite\",\"@id\":\"https:\\\/\\\/centrourbano.com\\\/revista\\\/#website\",\"url\":\"https:\\\/\\\/centrourbano.com\\\/revista\\\/\",\"name\":\"Centro Urbano\",\"description\":\"Medio especializado en los sectores vivienda, inmobiliario, construcci\u00f3n, arquitectura y urbanismo.\",\"publisher\":{\"@id\":\"https:\\\/\\\/centrourbano.com\\\/revista\\\/#organization\"},\"potentialAction\":[{\"@type\":\"SearchAction\",\"target\":{\"@type\":\"EntryPoint\",\"urlTemplate\":\"https:\\\/\\\/centrourbano.com\\\/revista\\\/?s={search_term_string}\"},\"query-input\":{\"@type\":\"PropertyValueSpecification\",\"valueRequired\":true,\"valueName\":\"search_term_string\"}}],\"inLanguage\":\"es\"},{\"@type\":\"Organization\",\"@id\":\"https:\\\/\\\/centrourbano.com\\\/revista\\\/#organization\",\"name\":\"Centro Urbano\",\"url\":\"https:\\\/\\\/centrourbano.com\\\/revista\\\/\",\"logo\":{\"@type\":\"ImageObject\",\"inLanguage\":\"es\",\"@id\":\"https:\\\/\\\/centrourbano.com\\\/revista\\\/#\\\/schema\\\/logo\\\/image\\\/\",\"url\":\"https:\\\/\\\/centrourbano.com\\\/revista\\\/wp-content\\\/uploads\\\/web_CU_logo-1.png\",\"contentUrl\":\"https:\\\/\\\/centrourbano.com\\\/revista\\\/wp-content\\\/uploads\\\/web_CU_logo-1.png\",\"width\":350,\"height\":91,\"caption\":\"Centro Urbano\"},\"image\":{\"@id\":\"https:\\\/\\\/centrourbano.com\\\/revista\\\/#\\\/schema\\\/logo\\\/image\\\/\"},\"sameAs\":[\"https:\\\/\\\/www.facebook.com\\\/portalcentrourbano\",\"https:\\\/\\\/x.com\\\/CentroUrbano\",\"https:\\\/\\\/www.instagram.com\\\/centro_urbano\\\/\",\"https:\\\/\\\/www.linkedin.com\\\/company\\\/centro-urbano\\\/\",\"http:\\\/\\\/www.youtube.com\\\/user\\\/portalcentrourbano\"]},{\"@type\":\"Person\",\"@id\":\"https:\\\/\\\/centrourbano.com\\\/revista\\\/#\\\/schema\\\/person\\\/370fa0ba2d8dd5bde3fdb8b62ad360aa\",\"name\":\"G4A\",\"image\":{\"@type\":\"ImageObject\",\"inLanguage\":\"es\",\"@id\":\"https:\\\/\\\/secure.gravatar.com\\\/avatar\\\/932a97121b13d5de5bbd8193c6c83d3b92c9eda0f39623607d4280e7a5778d97?s=96&d=mm&r=g\",\"url\":\"https:\\\/\\\/secure.gravatar.com\\\/avatar\\\/932a97121b13d5de5bbd8193c6c83d3b92c9eda0f39623607d4280e7a5778d97?s=96&d=mm&r=g\",\"contentUrl\":\"https:\\\/\\\/secure.gravatar.com\\\/avatar\\\/932a97121b13d5de5bbd8193c6c83d3b92c9eda0f39623607d4280e7a5778d97?s=96&d=mm&r=g\",\"caption\":\"G4A\"},\"url\":\"https:\\\/\\\/centrourbano.com\\\/revista\\\/author\\\/admin-g4a\\\/\"}]}<\/script>\n<!-- \/ Yoast SEO plugin. -->","yoast_head_json":{"title":"55% de cr\u00e9ditos del FOVISSSTE en 2015 fueron para mujeres -","description":"Fondo con el mismo n\u00famero de trabajadores mujeres y hombres M\u00e1s de la mitad de los cr\u00e9ditos que ha entregado el Fondo de la Vivienda del Instituto de","robots":{"index":"index","follow":"follow","max-snippet":"max-snippet:-1","max-image-preview":"max-image-preview:large","max-video-preview":"max-video-preview:-1"},"canonical":"https:\/\/centrourbano.com\/revista\/vivienda\/55-de-creditos-del-fovissste-en-2015-fueron-para-mujeres\/","og_locale":"es_ES","og_type":"article","og_title":"55% de cr\u00e9ditos del FOVISSSTE en 2015 fueron para mujeres -","og_description":"Fondo con el mismo n\u00famero de trabajadores mujeres y hombres M\u00e1s de la mitad de los cr\u00e9ditos que ha entregado el Fondo de la Vivienda del Instituto de","og_url":"https:\/\/centrourbano.com\/revista\/vivienda\/55-de-creditos-del-fovissste-en-2015-fueron-para-mujeres\/","og_site_name":"Centro Urbano","article_publisher":"https:\/\/www.facebook.com\/portalcentrourbano","article_published_time":"2015-11-25T23:46:43+00:00","og_image":[{"width":1200,"height":800,"url":"https:\/\/centrourbano.com\/revista\/wp-content\/uploads\/Luis-Antonio-Godina.jpg","type":"image\/jpeg"}],"author":"G4A","twitter_card":"summary_large_image","twitter_creator":"@CentroUrbano","twitter_site":"@CentroUrbano","twitter_misc":{"Escrito por":"G4A","Tiempo de lectura":"2 minutos"},"schema":{"@context":"https:\/\/schema.org","@graph":[{"@type":"Article","@id":"https:\/\/centrourbano.com\/revista\/vivienda\/55-de-creditos-del-fovissste-en-2015-fueron-para-mujeres\/#article","isPartOf":{"@id":"https:\/\/centrourbano.com\/revista\/vivienda\/55-de-creditos-del-fovissste-en-2015-fueron-para-mujeres\/"},"author":{"name":"G4A","@id":"https:\/\/centrourbano.com\/revista\/#\/schema\/person\/370fa0ba2d8dd5bde3fdb8b62ad360aa"},"headline":"55% de cr\u00e9ditos del FOVISSSTE en 2015 fueron para mujeres","datePublished":"2015-11-25T23:46:43+00:00","mainEntityOfPage":{"@id":"https:\/\/centrourbano.com\/revista\/vivienda\/55-de-creditos-del-fovissste-en-2015-fueron-para-mujeres\/"},"wordCount":326,"commentCount":0,"publisher":{"@id":"https:\/\/centrourbano.com\/revista\/#organization"},"image":{"@id":"https:\/\/centrourbano.com\/revista\/vivienda\/55-de-creditos-del-fovissste-en-2015-fueron-para-mujeres\/#primaryimage"},"thumbnailUrl":"https:\/\/centrourbano.com\/revista\/wp-content\/uploads\/Luis-Antonio-Godina.jpg","keywords":["Cr\u00e9ditos","Fovissste"],"articleSection":["Vivienda"],"inLanguage":"es"},{"@type":"WebPage","@id":"https:\/\/centrourbano.com\/revista\/vivienda\/55-de-creditos-del-fovissste-en-2015-fueron-para-mujeres\/","url":"https:\/\/centrourbano.com\/revista\/vivienda\/55-de-creditos-del-fovissste-en-2015-fueron-para-mujeres\/","name":"55% de cr\u00e9ditos del FOVISSSTE en 2015 fueron para mujeres -","isPartOf":{"@id":"https:\/\/centrourbano.com\/revista\/#website"},"primaryImageOfPage":{"@id":"https:\/\/centrourbano.com\/revista\/vivienda\/55-de-creditos-del-fovissste-en-2015-fueron-para-mujeres\/#primaryimage"},"image":{"@id":"https:\/\/centrourbano.com\/revista\/vivienda\/55-de-creditos-del-fovissste-en-2015-fueron-para-mujeres\/#primaryimage"},"thumbnailUrl":"https:\/\/centrourbano.com\/revista\/wp-content\/uploads\/Luis-Antonio-Godina.jpg","datePublished":"2015-11-25T23:46:43+00:00","description":"Fondo con el mismo n\u00famero de trabajadores mujeres y hombres M\u00e1s de la mitad de los cr\u00e9ditos que ha entregado el Fondo de la Vivienda del Instituto de","breadcrumb":{"@id":"https:\/\/centrourbano.com\/revista\/vivienda\/55-de-creditos-del-fovissste-en-2015-fueron-para-mujeres\/#breadcrumb"},"inLanguage":"es","potentialAction":[{"@type":"ReadAction","target":["https:\/\/centrourbano.com\/revista\/vivienda\/55-de-creditos-del-fovissste-en-2015-fueron-para-mujeres\/"]}]},{"@type":"ImageObject","inLanguage":"es","@id":"https:\/\/centrourbano.com\/revista\/vivienda\/55-de-creditos-del-fovissste-en-2015-fueron-para-mujeres\/#primaryimage","url":"https:\/\/centrourbano.com\/revista\/wp-content\/uploads\/Luis-Antonio-Godina.jpg","contentUrl":"https:\/\/centrourbano.com\/revista\/wp-content\/uploads\/Luis-Antonio-Godina.jpg","width":1200,"height":800},{"@type":"BreadcrumbList","@id":"https:\/\/centrourbano.com\/revista\/vivienda\/55-de-creditos-del-fovissste-en-2015-fueron-para-mujeres\/#breadcrumb","itemListElement":[{"@type":"ListItem","position":1,"name":"Portada","item":"https:\/\/centrourbano.com\/revista\/"},{"@type":"ListItem","position":2,"name":"55% de cr\u00e9ditos del FOVISSSTE en 2015 fueron para mujeres"}]},{"@type":"WebSite","@id":"https:\/\/centrourbano.com\/revista\/#website","url":"https:\/\/centrourbano.com\/revista\/","name":"Centro Urbano","description":"Medio especializado en los sectores vivienda, inmobiliario, construcci\u00f3n, arquitectura y urbanismo.","publisher":{"@id":"https:\/\/centrourbano.com\/revista\/#organization"},"potentialAction":[{"@type":"SearchAction","target":{"@type":"EntryPoint","urlTemplate":"https:\/\/centrourbano.com\/revista\/?s={search_term_string}"},"query-input":{"@type":"PropertyValueSpecification","valueRequired":true,"valueName":"search_term_string"}}],"inLanguage":"es"},{"@type":"Organization","@id":"https:\/\/centrourbano.com\/revista\/#organization","name":"Centro Urbano","url":"https:\/\/centrourbano.com\/revista\/","logo":{"@type":"ImageObject","inLanguage":"es","@id":"https:\/\/centrourbano.com\/revista\/#\/schema\/logo\/image\/","url":"https:\/\/centrourbano.com\/revista\/wp-content\/uploads\/web_CU_logo-1.png","contentUrl":"https:\/\/centrourbano.com\/revista\/wp-content\/uploads\/web_CU_logo-1.png","width":350,"height":91,"caption":"Centro Urbano"},"image":{"@id":"https:\/\/centrourbano.com\/revista\/#\/schema\/logo\/image\/"},"sameAs":["https:\/\/www.facebook.com\/portalcentrourbano","https:\/\/x.com\/CentroUrbano","https:\/\/www.instagram.com\/centro_urbano\/","https:\/\/www.linkedin.com\/company\/centro-urbano\/","http:\/\/www.youtube.com\/user\/portalcentrourbano"]},{"@type":"Person","@id":"https:\/\/centrourbano.com\/revista\/#\/schema\/person\/370fa0ba2d8dd5bde3fdb8b62ad360aa","name":"G4A","image":{"@type":"ImageObject","inLanguage":"es","@id":"https:\/\/secure.gravatar.com\/avatar\/932a97121b13d5de5bbd8193c6c83d3b92c9eda0f39623607d4280e7a5778d97?s=96&d=mm&r=g","url":"https:\/\/secure.gravatar.com\/avatar\/932a97121b13d5de5bbd8193c6c83d3b92c9eda0f39623607d4280e7a5778d97?s=96&d=mm&r=g","contentUrl":"https:\/\/secure.gravatar.com\/avatar\/932a97121b13d5de5bbd8193c6c83d3b92c9eda0f39623607d4280e7a5778d97?s=96&d=mm&r=g","caption":"G4A"},"url":"https:\/\/centrourbano.com\/revista\/author\/admin-g4a\/"}]}},"_links":{"self":[{"href":"https:\/\/centrourbano.com\/revista\/wp-json\/wp\/v2\/posts\/25923","targetHints":{"allow":["GET"]}}],"collection":[{"href":"https:\/\/centrourbano.com\/revista\/wp-json\/wp\/v2\/posts"}],"about":[{"href":"https:\/\/centrourbano.com\/revista\/wp-json\/wp\/v2\/types\/post"}],"author":[{"embeddable":true,"href":"https:\/\/centrourbano.com\/revista\/wp-json\/wp\/v2\/users\/77"}],"replies":[{"embeddable":true,"href":"https:\/\/centrourbano.com\/revista\/wp-json\/wp\/v2\/comments?post=25923"}],"version-history":[{"count":0,"href":"https:\/\/centrourbano.com\/revista\/wp-json\/wp\/v2\/posts\/25923\/revisions"}],"wp:featuredmedia":[{"embeddable":true,"href":"https:\/\/centrourbano.com\/revista\/wp-json\/wp\/v2\/media\/25924"}],"wp:attachment":[{"href":"https:\/\/centrourbano.com\/revista\/wp-json\/wp\/v2\/media?parent=25923"}],"wp:term":[{"taxonomy":"category","embeddable":true,"href":"https:\/\/centrourbano.com\/revista\/wp-json\/wp\/v2\/categories?post=25923"},{"taxonomy":"post_tag","embeddable":true,"href":"https:\/\/centrourbano.com\/revista\/wp-json\/wp\/v2\/tags?post=25923"}],"curies":[{"name":"wp","href":"https:\/\/api.w.org\/{rel}","templated":true}]}}