{"id":2577,"date":"2014-01-13T09:50:35","date_gmt":"2014-01-13T15:50:35","guid":{"rendered":"http:\/\/centrourbano.com\/?p=2577"},"modified":"2014-03-21T15:34:30","modified_gmt":"2014-03-21T21:34:30","slug":"grupo-ruba-trabajara-en-segmentacion-de-vivienda","status":"publish","type":"post","link":"https:\/\/centrourbano.com\/revista\/vivienda\/grupo-ruba-trabajara-en-segmentacion-de-vivienda\/","title":{"rendered":"Grupo Ruba trabajar\u00e1 en segmentaci\u00f3n de vivienda"},"content":{"rendered":"<p><em>La empresa incrementar\u00e1 los elementos de sustentabilidad en sus desarrollos<\/em><\/p>\n<p><em><!--more--><\/em><\/p>\n<p>&nbsp;<\/p>\n<p>Debido a que en muchas de las l\u00edneas que marc\u00f3 la administraci\u00f3n en la Pol\u00edtica Nacional de Vivienda, el tema de sustentabilidad tiene una gran relevancia, la desarrolladora Ruba se actualiza constantemente, acudiendo a eventos o foros en estos temas para ver hacia donde se va ir en ecotecnolog\u00eda, pol\u00edticas sustentables y energ\u00eda renovable, con el objetivo de estar a la vanguardia.<\/p>\n<p>&nbsp;<\/p>\n<p>As\u00ed lo expres\u00f3 el director de relaciones institucionales de Grupo Ruba, Otto Schmal Thomae, quien record\u00f3 que la empresa de vivienda est\u00e1 presente en 13 diferentes estados de la Rep\u00fablica y 21 municipios.<\/p>\n<p>&nbsp;<\/p>\n<p>\u201cTenemos una meta de vivienda en donde dependiendo de las condiciones meteorol\u00f3gicas de la zona estamos muy interesados en mantener lo que ya tenemos pero en crecer tambi\u00e9n en los elementos de sustentabilidad en los desarrollos\u201d, indic\u00f3.<\/p>\n<p>&nbsp;<\/p>\n<p>Sobre el a\u00f1o que reci\u00e9n comenz\u00f3, Otto Schmal coment\u00f3: \u201cTenemos una demanda todav\u00eda muy interesante creo que tenemos que empezar a segmentar mucho m\u00e1s a toda esa gente que no tiene todav\u00eda una vivienda, en el sentido de separar a la gente que tiene la afiliaci\u00f3n a Infonavit o al Fovissste en algunos estados, con los que la tienen o con quienes no\u201d.<\/p>\n<p>&nbsp;<\/p>\n<p>Grupo Ruba es una de las empresas de vivienda m\u00e1s importantes y rentables del pa\u00eds, cuenta con m\u00e1s de 30 a\u00f1os de construir casas con valor y calidad; adem\u00e1s, la responsabilidad social es parte de su distintivo, prueba de ello es la construcci\u00f3n de un sal\u00f3n de usos m\u00faltiples para una casa Hogar en Chihuahua que construy\u00f3 en 2013.<\/p>\n<p>&nbsp;<\/p>\n<p>&nbsp;<\/p>\n<p>&nbsp;<\/p>\n<p>&nbsp;<\/p>\n<p>&nbsp;<\/p>\n","protected":false},"excerpt":{"rendered":"<p>La empresa incrementar\u00e1 los elementos de sustentabilidad en sus desarrollos<\/p>\n","protected":false},"author":5,"featured_media":16919,"comment_status":"open","ping_status":"closed","sticky":false,"template":"","format":"standard","meta":{"om_disable_all_campaigns":false,"inline_featured_image":false,"_monsterinsights_skip_tracking":false,"_monsterinsights_sitenote_active":false,"_monsterinsights_sitenote_note":"","_monsterinsights_sitenote_category":0,"footnotes":""},"categories":[12],"tags":[578,165],"class_list":["post-2577","post","type-post","status-publish","format-standard","has-post-thumbnail","hentry","category-vivienda","tag-ruba","tag-sustentabilidad"],"yoast_head":"<!-- This site is optimized with the Yoast SEO plugin v27.5 - https:\/\/yoast.com\/product\/yoast-seo-wordpress\/ -->\n<title>Grupo Ruba trabajar\u00e1 en segmentaci\u00f3n de vivienda -<\/title>\n<meta name=\"description\" content=\"La empresa incrementar\u00e1 los elementos de sustentabilidad en sus desarrollos &nbsp; Debido a que en muchas de las l\u00edneas que marc\u00f3 la administraci\u00f3n en la\" \/>\n<meta name=\"robots\" content=\"index, follow, max-snippet:-1, max-image-preview:large, max-video-preview:-1\" \/>\n<link rel=\"canonical\" href=\"https:\/\/centrourbano.com\/revista\/vivienda\/grupo-ruba-trabajara-en-segmentacion-de-vivienda\/\" \/>\n<meta property=\"og:locale\" content=\"es_ES\" \/>\n<meta property=\"og:type\" content=\"article\" \/>\n<meta property=\"og:title\" content=\"Grupo Ruba trabajar\u00e1 en segmentaci\u00f3n de vivienda -\" \/>\n<meta property=\"og:description\" content=\"La empresa incrementar\u00e1 los elementos de sustentabilidad en sus desarrollos &nbsp; Debido a que en muchas de las l\u00edneas que marc\u00f3 la administraci\u00f3n en la\" \/>\n<meta property=\"og:url\" content=\"https:\/\/centrourbano.com\/revista\/vivienda\/grupo-ruba-trabajara-en-segmentacion-de-vivienda\/\" \/>\n<meta property=\"og:site_name\" content=\"Centro Urbano\" \/>\n<meta property=\"article:publisher\" content=\"https:\/\/www.facebook.com\/portalcentrourbano\" \/>\n<meta property=\"article:published_time\" content=\"2014-01-13T15:50:35+00:00\" \/>\n<meta property=\"article:modified_time\" content=\"2014-03-21T21:34:30+00:00\" \/>\n<meta property=\"og:image\" content=\"https:\/\/centrourbano.com\/revista\/wp-content\/uploads\/Otto-Schmal1-scaled.jpg\" \/>\n\t<meta property=\"og:image:width\" content=\"1920\" \/>\n\t<meta property=\"og:image:height\" content=\"2560\" \/>\n\t<meta property=\"og:image:type\" content=\"image\/jpeg\" \/>\n<meta name=\"author\" content=\"Aura Fuentes\" \/>\n<meta name=\"twitter:card\" content=\"summary_large_image\" \/>\n<meta name=\"twitter:creator\" content=\"@CentroUrbano\" \/>\n<meta name=\"twitter:site\" content=\"@CentroUrbano\" \/>\n<meta name=\"twitter:label1\" content=\"Escrito por\" \/>\n\t<meta name=\"twitter:data1\" content=\"Aura Fuentes\" \/>\n\t<meta name=\"twitter:label2\" content=\"Tiempo de lectura\" \/>\n\t<meta name=\"twitter:data2\" content=\"1 minuto\" \/>\n<script type=\"application\/ld+json\" class=\"yoast-schema-graph\">{\"@context\":\"https:\\\/\\\/schema.org\",\"@graph\":[{\"@type\":\"Article\",\"@id\":\"https:\\\/\\\/centrourbano.com\\\/revista\\\/vivienda\\\/grupo-ruba-trabajara-en-segmentacion-de-vivienda\\\/#article\",\"isPartOf\":{\"@id\":\"https:\\\/\\\/centrourbano.com\\\/revista\\\/vivienda\\\/grupo-ruba-trabajara-en-segmentacion-de-vivienda\\\/\"},\"author\":{\"name\":\"Aura Fuentes\",\"@id\":\"https:\\\/\\\/centrourbano.com\\\/revista\\\/#\\\/schema\\\/person\\\/38a5f013f1017893ef1ef0454a94d0a7\"},\"headline\":\"Grupo Ruba trabajar\u00e1 en segmentaci\u00f3n de vivienda\",\"datePublished\":\"2014-01-13T15:50:35+00:00\",\"dateModified\":\"2014-03-21T21:34:30+00:00\",\"mainEntityOfPage\":{\"@id\":\"https:\\\/\\\/centrourbano.com\\\/revista\\\/vivienda\\\/grupo-ruba-trabajara-en-segmentacion-de-vivienda\\\/\"},\"wordCount\":301,\"commentCount\":0,\"publisher\":{\"@id\":\"https:\\\/\\\/centrourbano.com\\\/revista\\\/#organization\"},\"image\":{\"@id\":\"https:\\\/\\\/centrourbano.com\\\/revista\\\/vivienda\\\/grupo-ruba-trabajara-en-segmentacion-de-vivienda\\\/#primaryimage\"},\"thumbnailUrl\":\"https:\\\/\\\/centrourbano.com\\\/revista\\\/wp-content\\\/uploads\\\/Otto-Schmal1-scaled.jpg\",\"keywords\":[\"Ruba\",\"sustentabilidad\"],\"articleSection\":[\"Vivienda\"],\"inLanguage\":\"es\",\"potentialAction\":[{\"@type\":\"CommentAction\",\"name\":\"Comment\",\"target\":[\"https:\\\/\\\/centrourbano.com\\\/revista\\\/vivienda\\\/grupo-ruba-trabajara-en-segmentacion-de-vivienda\\\/#respond\"]}]},{\"@type\":\"WebPage\",\"@id\":\"https:\\\/\\\/centrourbano.com\\\/revista\\\/vivienda\\\/grupo-ruba-trabajara-en-segmentacion-de-vivienda\\\/\",\"url\":\"https:\\\/\\\/centrourbano.com\\\/revista\\\/vivienda\\\/grupo-ruba-trabajara-en-segmentacion-de-vivienda\\\/\",\"name\":\"Grupo Ruba trabajar\u00e1 en segmentaci\u00f3n de vivienda -\",\"isPartOf\":{\"@id\":\"https:\\\/\\\/centrourbano.com\\\/revista\\\/#website\"},\"primaryImageOfPage\":{\"@id\":\"https:\\\/\\\/centrourbano.com\\\/revista\\\/vivienda\\\/grupo-ruba-trabajara-en-segmentacion-de-vivienda\\\/#primaryimage\"},\"image\":{\"@id\":\"https:\\\/\\\/centrourbano.com\\\/revista\\\/vivienda\\\/grupo-ruba-trabajara-en-segmentacion-de-vivienda\\\/#primaryimage\"},\"thumbnailUrl\":\"https:\\\/\\\/centrourbano.com\\\/revista\\\/wp-content\\\/uploads\\\/Otto-Schmal1-scaled.jpg\",\"datePublished\":\"2014-01-13T15:50:35+00:00\",\"dateModified\":\"2014-03-21T21:34:30+00:00\",\"description\":\"La empresa incrementar\u00e1 los elementos de sustentabilidad en sus desarrollos &nbsp; Debido a que en muchas de las l\u00edneas que marc\u00f3 la administraci\u00f3n en la\",\"breadcrumb\":{\"@id\":\"https:\\\/\\\/centrourbano.com\\\/revista\\\/vivienda\\\/grupo-ruba-trabajara-en-segmentacion-de-vivienda\\\/#breadcrumb\"},\"inLanguage\":\"es\",\"potentialAction\":[{\"@type\":\"ReadAction\",\"target\":[\"https:\\\/\\\/centrourbano.com\\\/revista\\\/vivienda\\\/grupo-ruba-trabajara-en-segmentacion-de-vivienda\\\/\"]}]},{\"@type\":\"ImageObject\",\"inLanguage\":\"es\",\"@id\":\"https:\\\/\\\/centrourbano.com\\\/revista\\\/vivienda\\\/grupo-ruba-trabajara-en-segmentacion-de-vivienda\\\/#primaryimage\",\"url\":\"https:\\\/\\\/centrourbano.com\\\/revista\\\/wp-content\\\/uploads\\\/Otto-Schmal1-scaled.jpg\",\"contentUrl\":\"https:\\\/\\\/centrourbano.com\\\/revista\\\/wp-content\\\/uploads\\\/Otto-Schmal1-scaled.jpg\",\"width\":1920,\"height\":2560},{\"@type\":\"BreadcrumbList\",\"@id\":\"https:\\\/\\\/centrourbano.com\\\/revista\\\/vivienda\\\/grupo-ruba-trabajara-en-segmentacion-de-vivienda\\\/#breadcrumb\",\"itemListElement\":[{\"@type\":\"ListItem\",\"position\":1,\"name\":\"Portada\",\"item\":\"https:\\\/\\\/centrourbano.com\\\/revista\\\/\"},{\"@type\":\"ListItem\",\"position\":2,\"name\":\"Grupo Ruba trabajar\u00e1 en segmentaci\u00f3n de vivienda\"}]},{\"@type\":\"WebSite\",\"@id\":\"https:\\\/\\\/centrourbano.com\\\/revista\\\/#website\",\"url\":\"https:\\\/\\\/centrourbano.com\\\/revista\\\/\",\"name\":\"Centro Urbano\",\"description\":\"Medio especializado en los sectores vivienda, inmobiliario, construcci\u00f3n, arquitectura y urbanismo.\",\"publisher\":{\"@id\":\"https:\\\/\\\/centrourbano.com\\\/revista\\\/#organization\"},\"potentialAction\":[{\"@type\":\"SearchAction\",\"target\":{\"@type\":\"EntryPoint\",\"urlTemplate\":\"https:\\\/\\\/centrourbano.com\\\/revista\\\/?s={search_term_string}\"},\"query-input\":{\"@type\":\"PropertyValueSpecification\",\"valueRequired\":true,\"valueName\":\"search_term_string\"}}],\"inLanguage\":\"es\"},{\"@type\":\"Organization\",\"@id\":\"https:\\\/\\\/centrourbano.com\\\/revista\\\/#organization\",\"name\":\"Centro Urbano\",\"url\":\"https:\\\/\\\/centrourbano.com\\\/revista\\\/\",\"logo\":{\"@type\":\"ImageObject\",\"inLanguage\":\"es\",\"@id\":\"https:\\\/\\\/centrourbano.com\\\/revista\\\/#\\\/schema\\\/logo\\\/image\\\/\",\"url\":\"https:\\\/\\\/centrourbano.com\\\/revista\\\/wp-content\\\/uploads\\\/web_CU_logo-1.png\",\"contentUrl\":\"https:\\\/\\\/centrourbano.com\\\/revista\\\/wp-content\\\/uploads\\\/web_CU_logo-1.png\",\"width\":350,\"height\":91,\"caption\":\"Centro Urbano\"},\"image\":{\"@id\":\"https:\\\/\\\/centrourbano.com\\\/revista\\\/#\\\/schema\\\/logo\\\/image\\\/\"},\"sameAs\":[\"https:\\\/\\\/www.facebook.com\\\/portalcentrourbano\",\"https:\\\/\\\/x.com\\\/CentroUrbano\",\"https:\\\/\\\/www.instagram.com\\\/centro_urbano\\\/\",\"https:\\\/\\\/www.linkedin.com\\\/company\\\/centro-urbano\\\/\",\"http:\\\/\\\/www.youtube.com\\\/user\\\/portalcentrourbano\"]},{\"@type\":\"Person\",\"@id\":\"https:\\\/\\\/centrourbano.com\\\/revista\\\/#\\\/schema\\\/person\\\/38a5f013f1017893ef1ef0454a94d0a7\",\"name\":\"Aura Fuentes\",\"image\":{\"@type\":\"ImageObject\",\"inLanguage\":\"es\",\"@id\":\"https:\\\/\\\/secure.gravatar.com\\\/avatar\\\/d4d494c7466b3a8e92935aa38a4205c72303f888e06051bec24b2018c769f20a?s=96&d=mm&r=g\",\"url\":\"https:\\\/\\\/secure.gravatar.com\\\/avatar\\\/d4d494c7466b3a8e92935aa38a4205c72303f888e06051bec24b2018c769f20a?s=96&d=mm&r=g\",\"contentUrl\":\"https:\\\/\\\/secure.gravatar.com\\\/avatar\\\/d4d494c7466b3a8e92935aa38a4205c72303f888e06051bec24b2018c769f20a?s=96&d=mm&r=g\",\"caption\":\"Aura Fuentes\"},\"description\":\"Egresada de la carrera de Comunicaci\u00f3n y Periodismo en la FES Arag\u00f3n, UNAM. Aunque se especializ\u00f3 en Televisi\u00f3n prefiere estar detr\u00e1s de una computadora haciendo lo que m\u00e1s le gusta: escribir. Su mayor experiencia como profesionista la obtuvo en Diario de M\u00e9xico Edici\u00f3n USA, donde fungi\u00f3 como coordinadora editorial. Siempre perfeccionista y responsable, ahora se desempe\u00f1a como Editora en Jefe dentro de Centro Urbano.\",\"sameAs\":[\"http:\\\/\\\/@Aura_CU\"],\"url\":\"https:\\\/\\\/centrourbano.com\\\/revista\\\/author\\\/aura-fuentes\\\/\"}]}<\/script>\n<!-- \/ Yoast SEO plugin. -->","yoast_head_json":{"title":"Grupo Ruba trabajar\u00e1 en segmentaci\u00f3n de vivienda -","description":"La empresa incrementar\u00e1 los elementos de sustentabilidad en sus desarrollos &nbsp; Debido a que en muchas de las l\u00edneas que marc\u00f3 la administraci\u00f3n en la","robots":{"index":"index","follow":"follow","max-snippet":"max-snippet:-1","max-image-preview":"max-image-preview:large","max-video-preview":"max-video-preview:-1"},"canonical":"https:\/\/centrourbano.com\/revista\/vivienda\/grupo-ruba-trabajara-en-segmentacion-de-vivienda\/","og_locale":"es_ES","og_type":"article","og_title":"Grupo Ruba trabajar\u00e1 en segmentaci\u00f3n de vivienda -","og_description":"La empresa incrementar\u00e1 los elementos de sustentabilidad en sus desarrollos &nbsp; Debido a que en muchas de las l\u00edneas que marc\u00f3 la administraci\u00f3n en la","og_url":"https:\/\/centrourbano.com\/revista\/vivienda\/grupo-ruba-trabajara-en-segmentacion-de-vivienda\/","og_site_name":"Centro Urbano","article_publisher":"https:\/\/www.facebook.com\/portalcentrourbano","article_published_time":"2014-01-13T15:50:35+00:00","article_modified_time":"2014-03-21T21:34:30+00:00","og_image":[{"width":1920,"height":2560,"url":"https:\/\/centrourbano.com\/revista\/wp-content\/uploads\/Otto-Schmal1-scaled.jpg","type":"image\/jpeg"}],"author":"Aura Fuentes","twitter_card":"summary_large_image","twitter_creator":"@CentroUrbano","twitter_site":"@CentroUrbano","twitter_misc":{"Escrito por":"Aura Fuentes","Tiempo de lectura":"1 minuto"},"schema":{"@context":"https:\/\/schema.org","@graph":[{"@type":"Article","@id":"https:\/\/centrourbano.com\/revista\/vivienda\/grupo-ruba-trabajara-en-segmentacion-de-vivienda\/#article","isPartOf":{"@id":"https:\/\/centrourbano.com\/revista\/vivienda\/grupo-ruba-trabajara-en-segmentacion-de-vivienda\/"},"author":{"name":"Aura Fuentes","@id":"https:\/\/centrourbano.com\/revista\/#\/schema\/person\/38a5f013f1017893ef1ef0454a94d0a7"},"headline":"Grupo Ruba trabajar\u00e1 en segmentaci\u00f3n de vivienda","datePublished":"2014-01-13T15:50:35+00:00","dateModified":"2014-03-21T21:34:30+00:00","mainEntityOfPage":{"@id":"https:\/\/centrourbano.com\/revista\/vivienda\/grupo-ruba-trabajara-en-segmentacion-de-vivienda\/"},"wordCount":301,"commentCount":0,"publisher":{"@id":"https:\/\/centrourbano.com\/revista\/#organization"},"image":{"@id":"https:\/\/centrourbano.com\/revista\/vivienda\/grupo-ruba-trabajara-en-segmentacion-de-vivienda\/#primaryimage"},"thumbnailUrl":"https:\/\/centrourbano.com\/revista\/wp-content\/uploads\/Otto-Schmal1-scaled.jpg","keywords":["Ruba","sustentabilidad"],"articleSection":["Vivienda"],"inLanguage":"es","potentialAction":[{"@type":"CommentAction","name":"Comment","target":["https:\/\/centrourbano.com\/revista\/vivienda\/grupo-ruba-trabajara-en-segmentacion-de-vivienda\/#respond"]}]},{"@type":"WebPage","@id":"https:\/\/centrourbano.com\/revista\/vivienda\/grupo-ruba-trabajara-en-segmentacion-de-vivienda\/","url":"https:\/\/centrourbano.com\/revista\/vivienda\/grupo-ruba-trabajara-en-segmentacion-de-vivienda\/","name":"Grupo Ruba trabajar\u00e1 en segmentaci\u00f3n de vivienda -","isPartOf":{"@id":"https:\/\/centrourbano.com\/revista\/#website"},"primaryImageOfPage":{"@id":"https:\/\/centrourbano.com\/revista\/vivienda\/grupo-ruba-trabajara-en-segmentacion-de-vivienda\/#primaryimage"},"image":{"@id":"https:\/\/centrourbano.com\/revista\/vivienda\/grupo-ruba-trabajara-en-segmentacion-de-vivienda\/#primaryimage"},"thumbnailUrl":"https:\/\/centrourbano.com\/revista\/wp-content\/uploads\/Otto-Schmal1-scaled.jpg","datePublished":"2014-01-13T15:50:35+00:00","dateModified":"2014-03-21T21:34:30+00:00","description":"La empresa incrementar\u00e1 los elementos de sustentabilidad en sus desarrollos &nbsp; Debido a que en muchas de las l\u00edneas que marc\u00f3 la administraci\u00f3n en la","breadcrumb":{"@id":"https:\/\/centrourbano.com\/revista\/vivienda\/grupo-ruba-trabajara-en-segmentacion-de-vivienda\/#breadcrumb"},"inLanguage":"es","potentialAction":[{"@type":"ReadAction","target":["https:\/\/centrourbano.com\/revista\/vivienda\/grupo-ruba-trabajara-en-segmentacion-de-vivienda\/"]}]},{"@type":"ImageObject","inLanguage":"es","@id":"https:\/\/centrourbano.com\/revista\/vivienda\/grupo-ruba-trabajara-en-segmentacion-de-vivienda\/#primaryimage","url":"https:\/\/centrourbano.com\/revista\/wp-content\/uploads\/Otto-Schmal1-scaled.jpg","contentUrl":"https:\/\/centrourbano.com\/revista\/wp-content\/uploads\/Otto-Schmal1-scaled.jpg","width":1920,"height":2560},{"@type":"BreadcrumbList","@id":"https:\/\/centrourbano.com\/revista\/vivienda\/grupo-ruba-trabajara-en-segmentacion-de-vivienda\/#breadcrumb","itemListElement":[{"@type":"ListItem","position":1,"name":"Portada","item":"https:\/\/centrourbano.com\/revista\/"},{"@type":"ListItem","position":2,"name":"Grupo Ruba trabajar\u00e1 en segmentaci\u00f3n de vivienda"}]},{"@type":"WebSite","@id":"https:\/\/centrourbano.com\/revista\/#website","url":"https:\/\/centrourbano.com\/revista\/","name":"Centro Urbano","description":"Medio especializado en los sectores vivienda, inmobiliario, construcci\u00f3n, arquitectura y urbanismo.","publisher":{"@id":"https:\/\/centrourbano.com\/revista\/#organization"},"potentialAction":[{"@type":"SearchAction","target":{"@type":"EntryPoint","urlTemplate":"https:\/\/centrourbano.com\/revista\/?s={search_term_string}"},"query-input":{"@type":"PropertyValueSpecification","valueRequired":true,"valueName":"search_term_string"}}],"inLanguage":"es"},{"@type":"Organization","@id":"https:\/\/centrourbano.com\/revista\/#organization","name":"Centro Urbano","url":"https:\/\/centrourbano.com\/revista\/","logo":{"@type":"ImageObject","inLanguage":"es","@id":"https:\/\/centrourbano.com\/revista\/#\/schema\/logo\/image\/","url":"https:\/\/centrourbano.com\/revista\/wp-content\/uploads\/web_CU_logo-1.png","contentUrl":"https:\/\/centrourbano.com\/revista\/wp-content\/uploads\/web_CU_logo-1.png","width":350,"height":91,"caption":"Centro Urbano"},"image":{"@id":"https:\/\/centrourbano.com\/revista\/#\/schema\/logo\/image\/"},"sameAs":["https:\/\/www.facebook.com\/portalcentrourbano","https:\/\/x.com\/CentroUrbano","https:\/\/www.instagram.com\/centro_urbano\/","https:\/\/www.linkedin.com\/company\/centro-urbano\/","http:\/\/www.youtube.com\/user\/portalcentrourbano"]},{"@type":"Person","@id":"https:\/\/centrourbano.com\/revista\/#\/schema\/person\/38a5f013f1017893ef1ef0454a94d0a7","name":"Aura Fuentes","image":{"@type":"ImageObject","inLanguage":"es","@id":"https:\/\/secure.gravatar.com\/avatar\/d4d494c7466b3a8e92935aa38a4205c72303f888e06051bec24b2018c769f20a?s=96&d=mm&r=g","url":"https:\/\/secure.gravatar.com\/avatar\/d4d494c7466b3a8e92935aa38a4205c72303f888e06051bec24b2018c769f20a?s=96&d=mm&r=g","contentUrl":"https:\/\/secure.gravatar.com\/avatar\/d4d494c7466b3a8e92935aa38a4205c72303f888e06051bec24b2018c769f20a?s=96&d=mm&r=g","caption":"Aura Fuentes"},"description":"Egresada de la carrera de Comunicaci\u00f3n y Periodismo en la FES Arag\u00f3n, UNAM. Aunque se especializ\u00f3 en Televisi\u00f3n prefiere estar detr\u00e1s de una computadora haciendo lo que m\u00e1s le gusta: escribir. Su mayor experiencia como profesionista la obtuvo en Diario de M\u00e9xico Edici\u00f3n USA, donde fungi\u00f3 como coordinadora editorial. Siempre perfeccionista y responsable, ahora se desempe\u00f1a como Editora en Jefe dentro de Centro Urbano.","sameAs":["http:\/\/@Aura_CU"],"url":"https:\/\/centrourbano.com\/revista\/author\/aura-fuentes\/"}]}},"_links":{"self":[{"href":"https:\/\/centrourbano.com\/revista\/wp-json\/wp\/v2\/posts\/2577","targetHints":{"allow":["GET"]}}],"collection":[{"href":"https:\/\/centrourbano.com\/revista\/wp-json\/wp\/v2\/posts"}],"about":[{"href":"https:\/\/centrourbano.com\/revista\/wp-json\/wp\/v2\/types\/post"}],"author":[{"embeddable":true,"href":"https:\/\/centrourbano.com\/revista\/wp-json\/wp\/v2\/users\/5"}],"replies":[{"embeddable":true,"href":"https:\/\/centrourbano.com\/revista\/wp-json\/wp\/v2\/comments?post=2577"}],"version-history":[{"count":0,"href":"https:\/\/centrourbano.com\/revista\/wp-json\/wp\/v2\/posts\/2577\/revisions"}],"wp:featuredmedia":[{"embeddable":true,"href":"https:\/\/centrourbano.com\/revista\/wp-json\/wp\/v2\/media\/16919"}],"wp:attachment":[{"href":"https:\/\/centrourbano.com\/revista\/wp-json\/wp\/v2\/media?parent=2577"}],"wp:term":[{"taxonomy":"category","embeddable":true,"href":"https:\/\/centrourbano.com\/revista\/wp-json\/wp\/v2\/categories?post=2577"},{"taxonomy":"post_tag","embeddable":true,"href":"https:\/\/centrourbano.com\/revista\/wp-json\/wp\/v2\/tags?post=2577"}],"curies":[{"name":"wp","href":"https:\/\/api.w.org\/{rel}","templated":true}]}}