{"id":25589,"date":"2015-11-13T12:57:57","date_gmt":"2015-11-13T18:57:57","guid":{"rendered":"http:\/\/centrourbano.com\/?p=25589"},"modified":"2015-11-13T12:59:05","modified_gmt":"2015-11-13T18:59:05","slug":"ruba-presenta-fraccionamiento-en-juriquilla","status":"publish","type":"post","link":"https:\/\/centrourbano.com\/revista\/vivienda\/ruba-presenta-fraccionamiento-en-juriquilla\/","title":{"rendered":"Ruba presenta \u00abCumbres Provenza\u00bb en Juriquilla"},"content":{"rendered":"<p>&nbsp;<\/p>\n<p><em>El proyecto, desarrollado en Quer\u00e9taro, cuenta con tan s\u00f3lo 47 exclusivas residencias<\/em><\/p>\n<p><!--more--><\/p>\n<p>Grupo Ruba realiz\u00f3 la inauguraci\u00f3n su m\u00e1s innovador desarrollo en la zona metropolitana de mayor crecimiento e importancia de la ciudad de Quer\u00e9taro, localizado en Juriquilla, la zona, considerada la m\u00e1s cercana a la ciudad de M\u00e9xico, aunado a la fuerte expansi\u00f3n econ\u00f3mica de Quer\u00e9taro y a la consistente demanda de vivienda de alto nivel, Grupo Ruba proyect\u00f3 y ejecut\u00f3 el desarrollo que brinda a la capital del estado un polo de atracci\u00f3n m\u00e1s para familias locales o venideras que buscan un fraccionamiento residencial.<\/p>\n<p>En un ambiente festivo, el <em>open house<\/em> de \u201cCumbres Provenza\u201d congreg\u00f3 a las familias que ya han comprado o est\u00e1n por adquirir su patrimonio en este rumbo del noroeste de la ciudad colonial.<\/p>\n<p>Adri\u00e1n Ram\u00edrez Gallegos, director de Ruba en la Plaza Quer\u00e9taro, inform\u00f3 que \u201cCumbres Provenza\u201d es una cerrada que consta de s\u00f3lo 47 casas tipo residencial, separadas, en un condominio de acceso controlado que est\u00e1 pensado para familias que desean un estilo de vida moderno y seguro.<\/p>\n<p>\u201cTodo esto que caracteriza a Ruba se ve reflejado en los detalles que conforman este condominio: los tama\u00f1os de los terrenos, las elegantes y amplias vialidades de adocreto para permitir un acceso de primer mundo hacia las residencias\u201d, dijo.<\/p>\n<p>Adem\u00e1s, cubre aspectos desde la mejor calidad en construcci\u00f3n, bello y funcional dise\u00f1o arquitect\u00f3nico y el interior de la casas con equipamiento de cocina, cl\u00f3set y amplios vestidores; hasta un entorno de naturaleza e integral con amenidades que comparten con vecinos y amigos.<\/p>\n<p>\u201cCumbres Provenza\u201d aprovecha su excelente ubicaci\u00f3n &#8211;en las inmediaciones de la presa Juriquilla y del Campo de Golf&#8211; para crear una amplia \u00e1rea de usos m\u00faltiples en lo alto del condominio que proporciona un espacio exterior para convivir en familia o con amigos, con ba\u00f1os, barra central y un fogatero rodeado de asientos, en un marco de espectacular vista a todo Juriquilla.<\/p>\n<p>Adem\u00e1s, cuenta con \u00e1rea de alberca, ba\u00f1os, barra y \u00e1rea de juegos infantiles, y cada espacio cuenta con su propio asador y espacios independientes, todo dentro de esta privada \u00fanica que hace de \u201cCumbres Provenza\u201d la mejor opci\u00f3n para vivir dentro de Cumbres del Lago en Juriquilla.<\/p>\n<p>Grupo Ruba cuenta con 35 a\u00f1os de experiencia en la industria de la vivienda y con presencia en 15 ciudades de 12 estados del pa\u00eds, y es una de las 5 m\u00e1s importantes desarrolladoras a nivel nacional y adem\u00e1s una de las empresas de mayor reconocimiento por su solidez financiera y trayectoria en el mercado.<\/p>\n<p>Muy cerca de Cumbres Provenza existe un parque lineal con \u00e1reas al aire libre para hacer ejercicio con aparatos, pista para correr, palapas y juegos para ni\u00f1os, todo con miras a la comodidad y uni\u00f3n de la familia. Una importante plaza comercial en la zona brinda atractivo adicional.<\/p>\n<p>Las casas cuentan con cuatro modelos con amplios terrenos desde 164 hasta 195 m2, Ruba en Cumbres Provenza ofrece 4 modelos de casas tipo residencial: Cannet, con 158 m2 de construcci\u00f3n sobre un terreno de 164; Arl\u00e9s, con 195 m2 de lote con 173 construidos; Marsella, con 195 m2 de construcci\u00f3n en terreno de 185; y Alessa, casa de 208 m2 de construcci\u00f3n edificada sobre un lote de 186 m2. Casas desde 1,850,000 pesos hasta los 3,000,000.00 de pesos es lo que este conjunto exclusivo ofrece a quienes deseen vivir en \u00e9l.<\/p>\n<p>Una manera r\u00e1pida de llegar a Cumbres Provenza, es partiendo de la autopista 57 Quer\u00e9taro-San Luis Potos\u00ed, es enfilar al oeste hacia al Campo de Golf, pasando por la Universidad del Valle de M\u00e9xico, hasta avenidas Hacienda de Galindo y La Solana. De ah\u00ed, continuar por las calles Lago de Chapala, Lago de P\u00e1tzcuaro y hasta Lago Nichupte.<\/p>\n<p>La distancia desde la carretera 57 hasta el nuevo fraccionamiento es de un aproximado de 1 kil\u00f3metro.<\/p>\n<p>&nbsp;<\/p>\n<p>&nbsp;<\/p>\n","protected":false},"excerpt":{"rendered":"<p>&nbsp; El proyecto, desarrollado en Quer\u00e9taro, cuenta con tan s\u00f3lo 47 exclusivas residencias<\/p>\n","protected":false},"author":28,"featured_media":25591,"comment_status":"open","ping_status":"closed","sticky":false,"template":"","format":"standard","meta":{"om_disable_all_campaigns":false,"inline_featured_image":false,"_monsterinsights_skip_tracking":false,"_monsterinsights_sitenote_active":false,"_monsterinsights_sitenote_note":"","_monsterinsights_sitenote_category":0,"footnotes":""},"categories":[12],"tags":[6995,221,578],"class_list":["post-25589","post","type-post","status-publish","format-standard","has-post-thumbnail","hentry","category-vivienda","tag-juriquilla","tag-queretaro","tag-ruba"],"yoast_head":"<!-- This site is optimized with the Yoast SEO plugin v27.4 - https:\/\/yoast.com\/product\/yoast-seo-wordpress\/ -->\n<title>Ruba presenta &quot;Cumbres Provenza&quot; en Juriquilla -<\/title>\n<meta name=\"description\" content=\"&nbsp; El proyecto, desarrollado en Quer\u00e9taro, cuenta con tan s\u00f3lo 47 exclusivas residencias Grupo Ruba realiz\u00f3 la inauguraci\u00f3n su m\u00e1s innovador\" \/>\n<meta name=\"robots\" content=\"index, follow, max-snippet:-1, max-image-preview:large, max-video-preview:-1\" \/>\n<link rel=\"canonical\" href=\"https:\/\/centrourbano.com\/revista\/vivienda\/ruba-presenta-fraccionamiento-en-juriquilla\/\" \/>\n<meta property=\"og:locale\" content=\"es_ES\" \/>\n<meta property=\"og:type\" content=\"article\" \/>\n<meta property=\"og:title\" content=\"Ruba presenta &quot;Cumbres Provenza&quot; en Juriquilla -\" \/>\n<meta property=\"og:description\" content=\"&nbsp; El proyecto, desarrollado en Quer\u00e9taro, cuenta con tan s\u00f3lo 47 exclusivas residencias Grupo Ruba realiz\u00f3 la inauguraci\u00f3n su m\u00e1s innovador\" \/>\n<meta property=\"og:url\" content=\"https:\/\/centrourbano.com\/revista\/vivienda\/ruba-presenta-fraccionamiento-en-juriquilla\/\" \/>\n<meta property=\"og:site_name\" content=\"Centro Urbano\" \/>\n<meta property=\"article:publisher\" content=\"https:\/\/www.facebook.com\/portalcentrourbano\" \/>\n<meta property=\"article:published_time\" content=\"2015-11-13T18:57:57+00:00\" \/>\n<meta property=\"article:modified_time\" content=\"2015-11-13T18:59:05+00:00\" \/>\n<meta property=\"og:image\" content=\"https:\/\/centrourbano.com\/revista\/wp-content\/uploads\/foto-cumbres2-qro-11nov15-scaled.jpg\" \/>\n\t<meta property=\"og:image:width\" content=\"2560\" \/>\n\t<meta property=\"og:image:height\" content=\"1920\" \/>\n\t<meta property=\"og:image:type\" content=\"image\/jpeg\" \/>\n<meta name=\"author\" content=\"Mario V\u00e1zquez Barrios\" \/>\n<meta name=\"twitter:card\" content=\"summary_large_image\" \/>\n<meta name=\"twitter:creator\" content=\"@MarioDeNiro\" \/>\n<meta name=\"twitter:site\" content=\"@CentroUrbano\" \/>\n<meta name=\"twitter:label1\" content=\"Escrito por\" \/>\n\t<meta name=\"twitter:data1\" content=\"Mario V\u00e1zquez Barrios\" \/>\n\t<meta name=\"twitter:label2\" content=\"Tiempo de lectura\" \/>\n\t<meta name=\"twitter:data2\" content=\"3 minutos\" \/>\n<script type=\"application\/ld+json\" class=\"yoast-schema-graph\">{\"@context\":\"https:\\\/\\\/schema.org\",\"@graph\":[{\"@type\":\"Article\",\"@id\":\"https:\\\/\\\/centrourbano.com\\\/revista\\\/vivienda\\\/ruba-presenta-fraccionamiento-en-juriquilla\\\/#article\",\"isPartOf\":{\"@id\":\"https:\\\/\\\/centrourbano.com\\\/revista\\\/vivienda\\\/ruba-presenta-fraccionamiento-en-juriquilla\\\/\"},\"author\":{\"name\":\"Mario V\u00e1zquez Barrios\",\"@id\":\"https:\\\/\\\/centrourbano.com\\\/revista\\\/#\\\/schema\\\/person\\\/71e020a5b63ca4230c0f1228a36cde93\"},\"headline\":\"Ruba presenta \u00abCumbres Provenza\u00bb en Juriquilla\",\"datePublished\":\"2015-11-13T18:57:57+00:00\",\"dateModified\":\"2015-11-13T18:59:05+00:00\",\"mainEntityOfPage\":{\"@id\":\"https:\\\/\\\/centrourbano.com\\\/revista\\\/vivienda\\\/ruba-presenta-fraccionamiento-en-juriquilla\\\/\"},\"wordCount\":667,\"commentCount\":0,\"publisher\":{\"@id\":\"https:\\\/\\\/centrourbano.com\\\/revista\\\/#organization\"},\"image\":{\"@id\":\"https:\\\/\\\/centrourbano.com\\\/revista\\\/vivienda\\\/ruba-presenta-fraccionamiento-en-juriquilla\\\/#primaryimage\"},\"thumbnailUrl\":\"https:\\\/\\\/centrourbano.com\\\/revista\\\/wp-content\\\/uploads\\\/foto-cumbres2-qro-11nov15-scaled.jpg\",\"keywords\":[\"Juriquilla\",\"Quer\u00e9taro\",\"Ruba\"],\"articleSection\":[\"Vivienda\"],\"inLanguage\":\"es\",\"potentialAction\":[{\"@type\":\"CommentAction\",\"name\":\"Comment\",\"target\":[\"https:\\\/\\\/centrourbano.com\\\/revista\\\/vivienda\\\/ruba-presenta-fraccionamiento-en-juriquilla\\\/#respond\"]}]},{\"@type\":\"WebPage\",\"@id\":\"https:\\\/\\\/centrourbano.com\\\/revista\\\/vivienda\\\/ruba-presenta-fraccionamiento-en-juriquilla\\\/\",\"url\":\"https:\\\/\\\/centrourbano.com\\\/revista\\\/vivienda\\\/ruba-presenta-fraccionamiento-en-juriquilla\\\/\",\"name\":\"Ruba presenta \\\"Cumbres Provenza\\\" en Juriquilla -\",\"isPartOf\":{\"@id\":\"https:\\\/\\\/centrourbano.com\\\/revista\\\/#website\"},\"primaryImageOfPage\":{\"@id\":\"https:\\\/\\\/centrourbano.com\\\/revista\\\/vivienda\\\/ruba-presenta-fraccionamiento-en-juriquilla\\\/#primaryimage\"},\"image\":{\"@id\":\"https:\\\/\\\/centrourbano.com\\\/revista\\\/vivienda\\\/ruba-presenta-fraccionamiento-en-juriquilla\\\/#primaryimage\"},\"thumbnailUrl\":\"https:\\\/\\\/centrourbano.com\\\/revista\\\/wp-content\\\/uploads\\\/foto-cumbres2-qro-11nov15-scaled.jpg\",\"datePublished\":\"2015-11-13T18:57:57+00:00\",\"dateModified\":\"2015-11-13T18:59:05+00:00\",\"description\":\"&nbsp; El proyecto, desarrollado en Quer\u00e9taro, cuenta con tan s\u00f3lo 47 exclusivas residencias Grupo Ruba realiz\u00f3 la inauguraci\u00f3n su m\u00e1s innovador\",\"breadcrumb\":{\"@id\":\"https:\\\/\\\/centrourbano.com\\\/revista\\\/vivienda\\\/ruba-presenta-fraccionamiento-en-juriquilla\\\/#breadcrumb\"},\"inLanguage\":\"es\",\"potentialAction\":[{\"@type\":\"ReadAction\",\"target\":[\"https:\\\/\\\/centrourbano.com\\\/revista\\\/vivienda\\\/ruba-presenta-fraccionamiento-en-juriquilla\\\/\"]}]},{\"@type\":\"ImageObject\",\"inLanguage\":\"es\",\"@id\":\"https:\\\/\\\/centrourbano.com\\\/revista\\\/vivienda\\\/ruba-presenta-fraccionamiento-en-juriquilla\\\/#primaryimage\",\"url\":\"https:\\\/\\\/centrourbano.com\\\/revista\\\/wp-content\\\/uploads\\\/foto-cumbres2-qro-11nov15-scaled.jpg\",\"contentUrl\":\"https:\\\/\\\/centrourbano.com\\\/revista\\\/wp-content\\\/uploads\\\/foto-cumbres2-qro-11nov15-scaled.jpg\",\"width\":2560,\"height\":1920},{\"@type\":\"BreadcrumbList\",\"@id\":\"https:\\\/\\\/centrourbano.com\\\/revista\\\/vivienda\\\/ruba-presenta-fraccionamiento-en-juriquilla\\\/#breadcrumb\",\"itemListElement\":[{\"@type\":\"ListItem\",\"position\":1,\"name\":\"Portada\",\"item\":\"https:\\\/\\\/centrourbano.com\\\/revista\\\/\"},{\"@type\":\"ListItem\",\"position\":2,\"name\":\"Ruba presenta \u00abCumbres Provenza\u00bb en Juriquilla\"}]},{\"@type\":\"WebSite\",\"@id\":\"https:\\\/\\\/centrourbano.com\\\/revista\\\/#website\",\"url\":\"https:\\\/\\\/centrourbano.com\\\/revista\\\/\",\"name\":\"Centro Urbano\",\"description\":\"Medio especializado en los sectores vivienda, inmobiliario, construcci\u00f3n, arquitectura y urbanismo.\",\"publisher\":{\"@id\":\"https:\\\/\\\/centrourbano.com\\\/revista\\\/#organization\"},\"potentialAction\":[{\"@type\":\"SearchAction\",\"target\":{\"@type\":\"EntryPoint\",\"urlTemplate\":\"https:\\\/\\\/centrourbano.com\\\/revista\\\/?s={search_term_string}\"},\"query-input\":{\"@type\":\"PropertyValueSpecification\",\"valueRequired\":true,\"valueName\":\"search_term_string\"}}],\"inLanguage\":\"es\"},{\"@type\":\"Organization\",\"@id\":\"https:\\\/\\\/centrourbano.com\\\/revista\\\/#organization\",\"name\":\"Centro Urbano\",\"url\":\"https:\\\/\\\/centrourbano.com\\\/revista\\\/\",\"logo\":{\"@type\":\"ImageObject\",\"inLanguage\":\"es\",\"@id\":\"https:\\\/\\\/centrourbano.com\\\/revista\\\/#\\\/schema\\\/logo\\\/image\\\/\",\"url\":\"https:\\\/\\\/centrourbano.com\\\/revista\\\/wp-content\\\/uploads\\\/web_CU_logo-1.png\",\"contentUrl\":\"https:\\\/\\\/centrourbano.com\\\/revista\\\/wp-content\\\/uploads\\\/web_CU_logo-1.png\",\"width\":350,\"height\":91,\"caption\":\"Centro Urbano\"},\"image\":{\"@id\":\"https:\\\/\\\/centrourbano.com\\\/revista\\\/#\\\/schema\\\/logo\\\/image\\\/\"},\"sameAs\":[\"https:\\\/\\\/www.facebook.com\\\/portalcentrourbano\",\"https:\\\/\\\/x.com\\\/CentroUrbano\",\"https:\\\/\\\/www.instagram.com\\\/centro_urbano\\\/\",\"https:\\\/\\\/www.linkedin.com\\\/company\\\/centro-urbano\\\/\",\"http:\\\/\\\/www.youtube.com\\\/user\\\/portalcentrourbano\"]},{\"@type\":\"Person\",\"@id\":\"https:\\\/\\\/centrourbano.com\\\/revista\\\/#\\\/schema\\\/person\\\/71e020a5b63ca4230c0f1228a36cde93\",\"name\":\"Mario V\u00e1zquez Barrios\",\"image\":{\"@type\":\"ImageObject\",\"inLanguage\":\"es\",\"@id\":\"https:\\\/\\\/secure.gravatar.com\\\/avatar\\\/347e6d9c0b04f0194ca244ba64b0fe62752d716a3a93d1713bd259eb87aad5b6?s=96&d=mm&r=g\",\"url\":\"https:\\\/\\\/secure.gravatar.com\\\/avatar\\\/347e6d9c0b04f0194ca244ba64b0fe62752d716a3a93d1713bd259eb87aad5b6?s=96&d=mm&r=g\",\"contentUrl\":\"https:\\\/\\\/secure.gravatar.com\\\/avatar\\\/347e6d9c0b04f0194ca244ba64b0fe62752d716a3a93d1713bd259eb87aad5b6?s=96&d=mm&r=g\",\"caption\":\"Mario V\u00e1zquez Barrios\"},\"description\":\"Me inici\u00e9 en El Financiero haciendo reportajes; en MegaNoticias Televisi\u00f3n fui reportero titular; en EMedios, control de calidad; y Radio 13 Noticias me acogi\u00f3 como colaborador. Me gusta encontrar en las banquetas la nota, una entrevista y el inicio de un reportaje.\",\"sameAs\":[\"https:\\\/\\\/x.com\\\/@MarioDeNiro\"],\"url\":\"https:\\\/\\\/centrourbano.com\\\/revista\\\/author\\\/mario-vazquez\\\/\"}]}<\/script>\n<!-- \/ Yoast SEO plugin. -->","yoast_head_json":{"title":"Ruba presenta \"Cumbres Provenza\" en Juriquilla -","description":"&nbsp; El proyecto, desarrollado en Quer\u00e9taro, cuenta con tan s\u00f3lo 47 exclusivas residencias Grupo Ruba realiz\u00f3 la inauguraci\u00f3n su m\u00e1s innovador","robots":{"index":"index","follow":"follow","max-snippet":"max-snippet:-1","max-image-preview":"max-image-preview:large","max-video-preview":"max-video-preview:-1"},"canonical":"https:\/\/centrourbano.com\/revista\/vivienda\/ruba-presenta-fraccionamiento-en-juriquilla\/","og_locale":"es_ES","og_type":"article","og_title":"Ruba presenta \"Cumbres Provenza\" en Juriquilla -","og_description":"&nbsp; El proyecto, desarrollado en Quer\u00e9taro, cuenta con tan s\u00f3lo 47 exclusivas residencias Grupo Ruba realiz\u00f3 la inauguraci\u00f3n su m\u00e1s innovador","og_url":"https:\/\/centrourbano.com\/revista\/vivienda\/ruba-presenta-fraccionamiento-en-juriquilla\/","og_site_name":"Centro Urbano","article_publisher":"https:\/\/www.facebook.com\/portalcentrourbano","article_published_time":"2015-11-13T18:57:57+00:00","article_modified_time":"2015-11-13T18:59:05+00:00","og_image":[{"width":2560,"height":1920,"url":"https:\/\/centrourbano.com\/revista\/wp-content\/uploads\/foto-cumbres2-qro-11nov15-scaled.jpg","type":"image\/jpeg"}],"author":"Mario V\u00e1zquez Barrios","twitter_card":"summary_large_image","twitter_creator":"@MarioDeNiro","twitter_site":"@CentroUrbano","twitter_misc":{"Escrito por":"Mario V\u00e1zquez Barrios","Tiempo de lectura":"3 minutos"},"schema":{"@context":"https:\/\/schema.org","@graph":[{"@type":"Article","@id":"https:\/\/centrourbano.com\/revista\/vivienda\/ruba-presenta-fraccionamiento-en-juriquilla\/#article","isPartOf":{"@id":"https:\/\/centrourbano.com\/revista\/vivienda\/ruba-presenta-fraccionamiento-en-juriquilla\/"},"author":{"name":"Mario V\u00e1zquez Barrios","@id":"https:\/\/centrourbano.com\/revista\/#\/schema\/person\/71e020a5b63ca4230c0f1228a36cde93"},"headline":"Ruba presenta \u00abCumbres Provenza\u00bb en Juriquilla","datePublished":"2015-11-13T18:57:57+00:00","dateModified":"2015-11-13T18:59:05+00:00","mainEntityOfPage":{"@id":"https:\/\/centrourbano.com\/revista\/vivienda\/ruba-presenta-fraccionamiento-en-juriquilla\/"},"wordCount":667,"commentCount":0,"publisher":{"@id":"https:\/\/centrourbano.com\/revista\/#organization"},"image":{"@id":"https:\/\/centrourbano.com\/revista\/vivienda\/ruba-presenta-fraccionamiento-en-juriquilla\/#primaryimage"},"thumbnailUrl":"https:\/\/centrourbano.com\/revista\/wp-content\/uploads\/foto-cumbres2-qro-11nov15-scaled.jpg","keywords":["Juriquilla","Quer\u00e9taro","Ruba"],"articleSection":["Vivienda"],"inLanguage":"es","potentialAction":[{"@type":"CommentAction","name":"Comment","target":["https:\/\/centrourbano.com\/revista\/vivienda\/ruba-presenta-fraccionamiento-en-juriquilla\/#respond"]}]},{"@type":"WebPage","@id":"https:\/\/centrourbano.com\/revista\/vivienda\/ruba-presenta-fraccionamiento-en-juriquilla\/","url":"https:\/\/centrourbano.com\/revista\/vivienda\/ruba-presenta-fraccionamiento-en-juriquilla\/","name":"Ruba presenta \"Cumbres Provenza\" en Juriquilla -","isPartOf":{"@id":"https:\/\/centrourbano.com\/revista\/#website"},"primaryImageOfPage":{"@id":"https:\/\/centrourbano.com\/revista\/vivienda\/ruba-presenta-fraccionamiento-en-juriquilla\/#primaryimage"},"image":{"@id":"https:\/\/centrourbano.com\/revista\/vivienda\/ruba-presenta-fraccionamiento-en-juriquilla\/#primaryimage"},"thumbnailUrl":"https:\/\/centrourbano.com\/revista\/wp-content\/uploads\/foto-cumbres2-qro-11nov15-scaled.jpg","datePublished":"2015-11-13T18:57:57+00:00","dateModified":"2015-11-13T18:59:05+00:00","description":"&nbsp; El proyecto, desarrollado en Quer\u00e9taro, cuenta con tan s\u00f3lo 47 exclusivas residencias Grupo Ruba realiz\u00f3 la inauguraci\u00f3n su m\u00e1s innovador","breadcrumb":{"@id":"https:\/\/centrourbano.com\/revista\/vivienda\/ruba-presenta-fraccionamiento-en-juriquilla\/#breadcrumb"},"inLanguage":"es","potentialAction":[{"@type":"ReadAction","target":["https:\/\/centrourbano.com\/revista\/vivienda\/ruba-presenta-fraccionamiento-en-juriquilla\/"]}]},{"@type":"ImageObject","inLanguage":"es","@id":"https:\/\/centrourbano.com\/revista\/vivienda\/ruba-presenta-fraccionamiento-en-juriquilla\/#primaryimage","url":"https:\/\/centrourbano.com\/revista\/wp-content\/uploads\/foto-cumbres2-qro-11nov15-scaled.jpg","contentUrl":"https:\/\/centrourbano.com\/revista\/wp-content\/uploads\/foto-cumbres2-qro-11nov15-scaled.jpg","width":2560,"height":1920},{"@type":"BreadcrumbList","@id":"https:\/\/centrourbano.com\/revista\/vivienda\/ruba-presenta-fraccionamiento-en-juriquilla\/#breadcrumb","itemListElement":[{"@type":"ListItem","position":1,"name":"Portada","item":"https:\/\/centrourbano.com\/revista\/"},{"@type":"ListItem","position":2,"name":"Ruba presenta \u00abCumbres Provenza\u00bb en Juriquilla"}]},{"@type":"WebSite","@id":"https:\/\/centrourbano.com\/revista\/#website","url":"https:\/\/centrourbano.com\/revista\/","name":"Centro Urbano","description":"Medio especializado en los sectores vivienda, inmobiliario, construcci\u00f3n, arquitectura y urbanismo.","publisher":{"@id":"https:\/\/centrourbano.com\/revista\/#organization"},"potentialAction":[{"@type":"SearchAction","target":{"@type":"EntryPoint","urlTemplate":"https:\/\/centrourbano.com\/revista\/?s={search_term_string}"},"query-input":{"@type":"PropertyValueSpecification","valueRequired":true,"valueName":"search_term_string"}}],"inLanguage":"es"},{"@type":"Organization","@id":"https:\/\/centrourbano.com\/revista\/#organization","name":"Centro Urbano","url":"https:\/\/centrourbano.com\/revista\/","logo":{"@type":"ImageObject","inLanguage":"es","@id":"https:\/\/centrourbano.com\/revista\/#\/schema\/logo\/image\/","url":"https:\/\/centrourbano.com\/revista\/wp-content\/uploads\/web_CU_logo-1.png","contentUrl":"https:\/\/centrourbano.com\/revista\/wp-content\/uploads\/web_CU_logo-1.png","width":350,"height":91,"caption":"Centro Urbano"},"image":{"@id":"https:\/\/centrourbano.com\/revista\/#\/schema\/logo\/image\/"},"sameAs":["https:\/\/www.facebook.com\/portalcentrourbano","https:\/\/x.com\/CentroUrbano","https:\/\/www.instagram.com\/centro_urbano\/","https:\/\/www.linkedin.com\/company\/centro-urbano\/","http:\/\/www.youtube.com\/user\/portalcentrourbano"]},{"@type":"Person","@id":"https:\/\/centrourbano.com\/revista\/#\/schema\/person\/71e020a5b63ca4230c0f1228a36cde93","name":"Mario V\u00e1zquez Barrios","image":{"@type":"ImageObject","inLanguage":"es","@id":"https:\/\/secure.gravatar.com\/avatar\/347e6d9c0b04f0194ca244ba64b0fe62752d716a3a93d1713bd259eb87aad5b6?s=96&d=mm&r=g","url":"https:\/\/secure.gravatar.com\/avatar\/347e6d9c0b04f0194ca244ba64b0fe62752d716a3a93d1713bd259eb87aad5b6?s=96&d=mm&r=g","contentUrl":"https:\/\/secure.gravatar.com\/avatar\/347e6d9c0b04f0194ca244ba64b0fe62752d716a3a93d1713bd259eb87aad5b6?s=96&d=mm&r=g","caption":"Mario V\u00e1zquez Barrios"},"description":"Me inici\u00e9 en El Financiero haciendo reportajes; en MegaNoticias Televisi\u00f3n fui reportero titular; en EMedios, control de calidad; y Radio 13 Noticias me acogi\u00f3 como colaborador. Me gusta encontrar en las banquetas la nota, una entrevista y el inicio de un reportaje.","sameAs":["https:\/\/x.com\/@MarioDeNiro"],"url":"https:\/\/centrourbano.com\/revista\/author\/mario-vazquez\/"}]}},"_links":{"self":[{"href":"https:\/\/centrourbano.com\/revista\/wp-json\/wp\/v2\/posts\/25589","targetHints":{"allow":["GET"]}}],"collection":[{"href":"https:\/\/centrourbano.com\/revista\/wp-json\/wp\/v2\/posts"}],"about":[{"href":"https:\/\/centrourbano.com\/revista\/wp-json\/wp\/v2\/types\/post"}],"author":[{"embeddable":true,"href":"https:\/\/centrourbano.com\/revista\/wp-json\/wp\/v2\/users\/28"}],"replies":[{"embeddable":true,"href":"https:\/\/centrourbano.com\/revista\/wp-json\/wp\/v2\/comments?post=25589"}],"version-history":[{"count":0,"href":"https:\/\/centrourbano.com\/revista\/wp-json\/wp\/v2\/posts\/25589\/revisions"}],"wp:featuredmedia":[{"embeddable":true,"href":"https:\/\/centrourbano.com\/revista\/wp-json\/wp\/v2\/media\/25591"}],"wp:attachment":[{"href":"https:\/\/centrourbano.com\/revista\/wp-json\/wp\/v2\/media?parent=25589"}],"wp:term":[{"taxonomy":"category","embeddable":true,"href":"https:\/\/centrourbano.com\/revista\/wp-json\/wp\/v2\/categories?post=25589"},{"taxonomy":"post_tag","embeddable":true,"href":"https:\/\/centrourbano.com\/revista\/wp-json\/wp\/v2\/tags?post=25589"}],"curies":[{"name":"wp","href":"https:\/\/api.w.org\/{rel}","templated":true}]}}