{"id":25287,"date":"2015-11-05T17:28:04","date_gmt":"2015-11-05T23:28:04","guid":{"rendered":"http:\/\/centrourbano.com\/?p=25287"},"modified":"2015-11-05T17:31:49","modified_gmt":"2015-11-05T23:31:49","slug":"analiza-sct-ampliar-capacidad-de-la-mexico-queretaro-para-transporte-de-carga","status":"publish","type":"post","link":"https:\/\/centrourbano.com\/revista\/construccion\/analiza-sct-ampliar-capacidad-de-la-mexico-queretaro-para-transporte-de-carga\/","title":{"rendered":"Analiza SCT ampliar carretera M\u00e9xico-Quer\u00e9taro"},"content":{"rendered":"<p><em>La log\u00edstica indispensable para aumentar la competitividad del pa\u00eds<\/em><br \/>\n<!--more--><\/p>\n<p><strong>\u00a0<\/strong>La carretera M\u00e9xico-Quer\u00e9taro podr\u00eda ampliar su superficie de rodamiento a cuatro carriles que ser\u00edan exclusivos para el transporte de carga que utiliza esta v\u00eda adem\u00e1s de la ampliaci\u00f3n del segundo piso del Perif\u00e9rico para que el tr\u00e1nsito vehicular sea m\u00e1s \u00e1gil.<\/p>\n<p>Esto lo dijo el secretario de Comunicaciones y Transportes, Gerardo Ruiz Esparza, durante su participaci\u00f3n en el Foro The 25th Anniversary M\u00e9xico Summit, organizado por The Economist, en donde se habl\u00f3 del tema El Boom de la Infraestructura, An\u00e1lisis y Oportunidades.<\/p>\n<p>Explic\u00f3 que este an\u00e1lisis es parte de ver a la log\u00edstica de infraestructura como el futuro del transporte para apoyar la producci\u00f3n nacional, \u201ceste es un tema al que se le debe prestar mucha atenci\u00f3n, ya que en el futuro ser\u00e1 sin\u00f3nimo de innovaci\u00f3n y productividad entre los pa\u00edses, porque es la forma en que la planta productiva puede disminuir costos y ser m\u00e1s competitiva\u201d, dijo Gerardo Ruiz.<\/p>\n<p>El Secretario agreg\u00f3 que, en lo que toca a la Secretar\u00eda de Comunicaciones y Transportes (SCT) del Programa Nacional de Infraestructura para cumplir esta meta se construyen 52 nuevas autopistas para ampliar la red carretera en tres mil kil\u00f3metros, adem\u00e1s del mejoramiento de 80 carreteras federales<\/p>\n<p>\u201cEsto se suma a la calificaci\u00f3n que hace la OCDE de nuestro sistema ferroviario de carga, al considerarlo como de los mejores del mundo por su equipamiento y capacidad de traslado. Tambi\u00e9n se est\u00e1n ampliando los puertos, pues representan el medio por el que m\u00e1s del 80 por ciento de las mercanc\u00edas se mueven, se trabaja en los puertos de Manzanillo, L\u00e1zaro C\u00e1rdenas y Veracruz, as\u00ed como el nuevo puerto de Tuxpan, el cual ser\u00e1 el m\u00e1s cercano a la ciudad de M\u00e9xico\u201d, explic\u00f3.<\/p>\n<p>Sobre la forma en que se han financiado estas obras explic\u00f3 que no ha sido con dinero p\u00fablico, sino con recursos privados o asociaciones p\u00fablicas-privadas. Modelo que tambi\u00e9n se utiliza para el Nuevo Aeropuerto de la Ciudad de M\u00e9xico, que iniciar\u00e1 su construcci\u00f3n con un cr\u00e9dito de tres mil millones de d\u00f3lares con ocho firmas bancarias.<\/p>\n","protected":false},"excerpt":{"rendered":"<p>La log\u00edstica indispensable para aumentar la competitividad del pa\u00eds<\/p>\n","protected":false},"author":37,"featured_media":25288,"comment_status":"open","ping_status":"closed","sticky":false,"template":"","format":"standard","meta":{"om_disable_all_campaigns":false,"inline_featured_image":false,"_monsterinsights_skip_tracking":false,"_monsterinsights_sitenote_active":false,"_monsterinsights_sitenote_note":"","_monsterinsights_sitenote_category":0,"footnotes":""},"categories":[14],"tags":[],"class_list":["post-25287","post","type-post","status-publish","format-standard","has-post-thumbnail","hentry","category-construccion"],"yoast_head":"<!-- This site is optimized with the Yoast SEO plugin v27.4 - https:\/\/yoast.com\/product\/yoast-seo-wordpress\/ -->\n<title>Analiza SCT ampliar carretera M\u00e9xico-Quer\u00e9taro -<\/title>\n<meta name=\"description\" content=\"La log\u00edstica indispensable para aumentar la competitividad del pa\u00eds \u00a0La carretera M\u00e9xico-Quer\u00e9taro podr\u00eda ampliar su superficie de rodamiento a cuatro\" \/>\n<meta name=\"robots\" content=\"index, follow, max-snippet:-1, max-image-preview:large, max-video-preview:-1\" \/>\n<link rel=\"canonical\" href=\"https:\/\/centrourbano.com\/revista\/construccion\/analiza-sct-ampliar-capacidad-de-la-mexico-queretaro-para-transporte-de-carga\/\" \/>\n<meta property=\"og:locale\" content=\"es_ES\" \/>\n<meta property=\"og:type\" content=\"article\" \/>\n<meta property=\"og:title\" content=\"Analiza SCT ampliar carretera M\u00e9xico-Quer\u00e9taro -\" \/>\n<meta property=\"og:description\" content=\"La log\u00edstica indispensable para aumentar la competitividad del pa\u00eds \u00a0La carretera M\u00e9xico-Quer\u00e9taro podr\u00eda ampliar su superficie de rodamiento a cuatro\" \/>\n<meta property=\"og:url\" content=\"https:\/\/centrourbano.com\/revista\/construccion\/analiza-sct-ampliar-capacidad-de-la-mexico-queretaro-para-transporte-de-carga\/\" \/>\n<meta property=\"og:site_name\" content=\"Centro Urbano\" \/>\n<meta property=\"article:publisher\" content=\"https:\/\/www.facebook.com\/portalcentrourbano\" \/>\n<meta property=\"article:published_time\" content=\"2015-11-05T23:28:04+00:00\" \/>\n<meta property=\"article:modified_time\" content=\"2015-11-05T23:31:49+00:00\" \/>\n<meta property=\"og:image\" content=\"https:\/\/centrourbano.com\/revista\/wp-content\/uploads\/FOTO-1-1.jpg\" \/>\n\t<meta property=\"og:image:width\" content=\"1024\" \/>\n\t<meta property=\"og:image:height\" content=\"712\" \/>\n\t<meta property=\"og:image:type\" content=\"image\/jpeg\" \/>\n<meta name=\"author\" content=\"Diego Rodr\u00edguez\" \/>\n<meta name=\"twitter:card\" content=\"summary_large_image\" \/>\n<meta name=\"twitter:creator\" content=\"@CentroUrbano\" \/>\n<meta name=\"twitter:site\" content=\"@CentroUrbano\" \/>\n<meta name=\"twitter:label1\" content=\"Escrito por\" \/>\n\t<meta name=\"twitter:data1\" content=\"Diego Rodr\u00edguez\" \/>\n\t<meta name=\"twitter:label2\" content=\"Tiempo de lectura\" \/>\n\t<meta name=\"twitter:data2\" content=\"2 minutos\" \/>\n<script type=\"application\/ld+json\" class=\"yoast-schema-graph\">{\"@context\":\"https:\\\/\\\/schema.org\",\"@graph\":[{\"@type\":\"Article\",\"@id\":\"https:\\\/\\\/centrourbano.com\\\/revista\\\/construccion\\\/analiza-sct-ampliar-capacidad-de-la-mexico-queretaro-para-transporte-de-carga\\\/#article\",\"isPartOf\":{\"@id\":\"https:\\\/\\\/centrourbano.com\\\/revista\\\/construccion\\\/analiza-sct-ampliar-capacidad-de-la-mexico-queretaro-para-transporte-de-carga\\\/\"},\"author\":{\"name\":\"Diego Rodr\u00edguez\",\"@id\":\"https:\\\/\\\/centrourbano.com\\\/revista\\\/#\\\/schema\\\/person\\\/b50192a3cd0e680841b45dc537f53970\"},\"headline\":\"Analiza SCT ampliar carretera M\u00e9xico-Quer\u00e9taro\",\"datePublished\":\"2015-11-05T23:28:04+00:00\",\"dateModified\":\"2015-11-05T23:31:49+00:00\",\"mainEntityOfPage\":{\"@id\":\"https:\\\/\\\/centrourbano.com\\\/revista\\\/construccion\\\/analiza-sct-ampliar-capacidad-de-la-mexico-queretaro-para-transporte-de-carga\\\/\"},\"wordCount\":391,\"commentCount\":0,\"publisher\":{\"@id\":\"https:\\\/\\\/centrourbano.com\\\/revista\\\/#organization\"},\"image\":{\"@id\":\"https:\\\/\\\/centrourbano.com\\\/revista\\\/construccion\\\/analiza-sct-ampliar-capacidad-de-la-mexico-queretaro-para-transporte-de-carga\\\/#primaryimage\"},\"thumbnailUrl\":\"https:\\\/\\\/centrourbano.com\\\/revista\\\/wp-content\\\/uploads\\\/FOTO-1-1.jpg\",\"articleSection\":[\"Construcci\u00f3n\"],\"inLanguage\":\"es\",\"potentialAction\":[{\"@type\":\"CommentAction\",\"name\":\"Comment\",\"target\":[\"https:\\\/\\\/centrourbano.com\\\/revista\\\/construccion\\\/analiza-sct-ampliar-capacidad-de-la-mexico-queretaro-para-transporte-de-carga\\\/#respond\"]}]},{\"@type\":\"WebPage\",\"@id\":\"https:\\\/\\\/centrourbano.com\\\/revista\\\/construccion\\\/analiza-sct-ampliar-capacidad-de-la-mexico-queretaro-para-transporte-de-carga\\\/\",\"url\":\"https:\\\/\\\/centrourbano.com\\\/revista\\\/construccion\\\/analiza-sct-ampliar-capacidad-de-la-mexico-queretaro-para-transporte-de-carga\\\/\",\"name\":\"Analiza SCT ampliar carretera M\u00e9xico-Quer\u00e9taro -\",\"isPartOf\":{\"@id\":\"https:\\\/\\\/centrourbano.com\\\/revista\\\/#website\"},\"primaryImageOfPage\":{\"@id\":\"https:\\\/\\\/centrourbano.com\\\/revista\\\/construccion\\\/analiza-sct-ampliar-capacidad-de-la-mexico-queretaro-para-transporte-de-carga\\\/#primaryimage\"},\"image\":{\"@id\":\"https:\\\/\\\/centrourbano.com\\\/revista\\\/construccion\\\/analiza-sct-ampliar-capacidad-de-la-mexico-queretaro-para-transporte-de-carga\\\/#primaryimage\"},\"thumbnailUrl\":\"https:\\\/\\\/centrourbano.com\\\/revista\\\/wp-content\\\/uploads\\\/FOTO-1-1.jpg\",\"datePublished\":\"2015-11-05T23:28:04+00:00\",\"dateModified\":\"2015-11-05T23:31:49+00:00\",\"description\":\"La log\u00edstica indispensable para aumentar la competitividad del pa\u00eds \u00a0La carretera M\u00e9xico-Quer\u00e9taro podr\u00eda ampliar su superficie de rodamiento a cuatro\",\"breadcrumb\":{\"@id\":\"https:\\\/\\\/centrourbano.com\\\/revista\\\/construccion\\\/analiza-sct-ampliar-capacidad-de-la-mexico-queretaro-para-transporte-de-carga\\\/#breadcrumb\"},\"inLanguage\":\"es\",\"potentialAction\":[{\"@type\":\"ReadAction\",\"target\":[\"https:\\\/\\\/centrourbano.com\\\/revista\\\/construccion\\\/analiza-sct-ampliar-capacidad-de-la-mexico-queretaro-para-transporte-de-carga\\\/\"]}]},{\"@type\":\"ImageObject\",\"inLanguage\":\"es\",\"@id\":\"https:\\\/\\\/centrourbano.com\\\/revista\\\/construccion\\\/analiza-sct-ampliar-capacidad-de-la-mexico-queretaro-para-transporte-de-carga\\\/#primaryimage\",\"url\":\"https:\\\/\\\/centrourbano.com\\\/revista\\\/wp-content\\\/uploads\\\/FOTO-1-1.jpg\",\"contentUrl\":\"https:\\\/\\\/centrourbano.com\\\/revista\\\/wp-content\\\/uploads\\\/FOTO-1-1.jpg\",\"width\":1024,\"height\":712},{\"@type\":\"BreadcrumbList\",\"@id\":\"https:\\\/\\\/centrourbano.com\\\/revista\\\/construccion\\\/analiza-sct-ampliar-capacidad-de-la-mexico-queretaro-para-transporte-de-carga\\\/#breadcrumb\",\"itemListElement\":[{\"@type\":\"ListItem\",\"position\":1,\"name\":\"Portada\",\"item\":\"https:\\\/\\\/centrourbano.com\\\/revista\\\/\"},{\"@type\":\"ListItem\",\"position\":2,\"name\":\"Analiza SCT ampliar carretera M\u00e9xico-Quer\u00e9taro\"}]},{\"@type\":\"WebSite\",\"@id\":\"https:\\\/\\\/centrourbano.com\\\/revista\\\/#website\",\"url\":\"https:\\\/\\\/centrourbano.com\\\/revista\\\/\",\"name\":\"Centro Urbano\",\"description\":\"Medio especializado en los sectores vivienda, inmobiliario, construcci\u00f3n, arquitectura y urbanismo.\",\"publisher\":{\"@id\":\"https:\\\/\\\/centrourbano.com\\\/revista\\\/#organization\"},\"potentialAction\":[{\"@type\":\"SearchAction\",\"target\":{\"@type\":\"EntryPoint\",\"urlTemplate\":\"https:\\\/\\\/centrourbano.com\\\/revista\\\/?s={search_term_string}\"},\"query-input\":{\"@type\":\"PropertyValueSpecification\",\"valueRequired\":true,\"valueName\":\"search_term_string\"}}],\"inLanguage\":\"es\"},{\"@type\":\"Organization\",\"@id\":\"https:\\\/\\\/centrourbano.com\\\/revista\\\/#organization\",\"name\":\"Centro Urbano\",\"url\":\"https:\\\/\\\/centrourbano.com\\\/revista\\\/\",\"logo\":{\"@type\":\"ImageObject\",\"inLanguage\":\"es\",\"@id\":\"https:\\\/\\\/centrourbano.com\\\/revista\\\/#\\\/schema\\\/logo\\\/image\\\/\",\"url\":\"https:\\\/\\\/centrourbano.com\\\/revista\\\/wp-content\\\/uploads\\\/web_CU_logo-1.png\",\"contentUrl\":\"https:\\\/\\\/centrourbano.com\\\/revista\\\/wp-content\\\/uploads\\\/web_CU_logo-1.png\",\"width\":350,\"height\":91,\"caption\":\"Centro Urbano\"},\"image\":{\"@id\":\"https:\\\/\\\/centrourbano.com\\\/revista\\\/#\\\/schema\\\/logo\\\/image\\\/\"},\"sameAs\":[\"https:\\\/\\\/www.facebook.com\\\/portalcentrourbano\",\"https:\\\/\\\/x.com\\\/CentroUrbano\",\"https:\\\/\\\/www.instagram.com\\\/centro_urbano\\\/\",\"https:\\\/\\\/www.linkedin.com\\\/company\\\/centro-urbano\\\/\",\"http:\\\/\\\/www.youtube.com\\\/user\\\/portalcentrourbano\"]},{\"@type\":\"Person\",\"@id\":\"https:\\\/\\\/centrourbano.com\\\/revista\\\/#\\\/schema\\\/person\\\/b50192a3cd0e680841b45dc537f53970\",\"name\":\"Diego Rodr\u00edguez\",\"image\":{\"@type\":\"ImageObject\",\"inLanguage\":\"es\",\"@id\":\"https:\\\/\\\/secure.gravatar.com\\\/avatar\\\/d217565525df2df5d4e7265d47758506f41845ed9529510921a7625d8365789d?s=96&d=mm&r=g\",\"url\":\"https:\\\/\\\/secure.gravatar.com\\\/avatar\\\/d217565525df2df5d4e7265d47758506f41845ed9529510921a7625d8365789d?s=96&d=mm&r=g\",\"contentUrl\":\"https:\\\/\\\/secure.gravatar.com\\\/avatar\\\/d217565525df2df5d4e7265d47758506f41845ed9529510921a7625d8365789d?s=96&d=mm&r=g\",\"caption\":\"Diego Rodr\u00edguez\"},\"description\":\"Egresado de la Facultad de Estudios Superiores Acatl\u00e1n de la carrera en Comunicaci\u00f3n, con especialidad en medios escritos. Reportero del desaparecido peri\u00f3dico Nuestro M\u00e9xico, en donde cubri\u00f3 las fuentes delegacionales y Asamblea Legislativa. Tambi\u00e9n trabaj\u00f3 en la Coordinaci\u00f3n de Comunicaci\u00f3n Social en la delegaci\u00f3n \u00c1lvaro Obreg\u00f3n. Le gusta leer novelas y cuentos.\",\"url\":\"https:\\\/\\\/centrourbano.com\\\/revista\\\/author\\\/diegorodriguez\\\/\"}]}<\/script>\n<!-- \/ Yoast SEO plugin. -->","yoast_head_json":{"title":"Analiza SCT ampliar carretera M\u00e9xico-Quer\u00e9taro -","description":"La log\u00edstica indispensable para aumentar la competitividad del pa\u00eds \u00a0La carretera M\u00e9xico-Quer\u00e9taro podr\u00eda ampliar su superficie de rodamiento a cuatro","robots":{"index":"index","follow":"follow","max-snippet":"max-snippet:-1","max-image-preview":"max-image-preview:large","max-video-preview":"max-video-preview:-1"},"canonical":"https:\/\/centrourbano.com\/revista\/construccion\/analiza-sct-ampliar-capacidad-de-la-mexico-queretaro-para-transporte-de-carga\/","og_locale":"es_ES","og_type":"article","og_title":"Analiza SCT ampliar carretera M\u00e9xico-Quer\u00e9taro -","og_description":"La log\u00edstica indispensable para aumentar la competitividad del pa\u00eds \u00a0La carretera M\u00e9xico-Quer\u00e9taro podr\u00eda ampliar su superficie de rodamiento a cuatro","og_url":"https:\/\/centrourbano.com\/revista\/construccion\/analiza-sct-ampliar-capacidad-de-la-mexico-queretaro-para-transporte-de-carga\/","og_site_name":"Centro Urbano","article_publisher":"https:\/\/www.facebook.com\/portalcentrourbano","article_published_time":"2015-11-05T23:28:04+00:00","article_modified_time":"2015-11-05T23:31:49+00:00","og_image":[{"width":1024,"height":712,"url":"https:\/\/centrourbano.com\/revista\/wp-content\/uploads\/FOTO-1-1.jpg","type":"image\/jpeg"}],"author":"Diego Rodr\u00edguez","twitter_card":"summary_large_image","twitter_creator":"@CentroUrbano","twitter_site":"@CentroUrbano","twitter_misc":{"Escrito por":"Diego Rodr\u00edguez","Tiempo de lectura":"2 minutos"},"schema":{"@context":"https:\/\/schema.org","@graph":[{"@type":"Article","@id":"https:\/\/centrourbano.com\/revista\/construccion\/analiza-sct-ampliar-capacidad-de-la-mexico-queretaro-para-transporte-de-carga\/#article","isPartOf":{"@id":"https:\/\/centrourbano.com\/revista\/construccion\/analiza-sct-ampliar-capacidad-de-la-mexico-queretaro-para-transporte-de-carga\/"},"author":{"name":"Diego Rodr\u00edguez","@id":"https:\/\/centrourbano.com\/revista\/#\/schema\/person\/b50192a3cd0e680841b45dc537f53970"},"headline":"Analiza SCT ampliar carretera M\u00e9xico-Quer\u00e9taro","datePublished":"2015-11-05T23:28:04+00:00","dateModified":"2015-11-05T23:31:49+00:00","mainEntityOfPage":{"@id":"https:\/\/centrourbano.com\/revista\/construccion\/analiza-sct-ampliar-capacidad-de-la-mexico-queretaro-para-transporte-de-carga\/"},"wordCount":391,"commentCount":0,"publisher":{"@id":"https:\/\/centrourbano.com\/revista\/#organization"},"image":{"@id":"https:\/\/centrourbano.com\/revista\/construccion\/analiza-sct-ampliar-capacidad-de-la-mexico-queretaro-para-transporte-de-carga\/#primaryimage"},"thumbnailUrl":"https:\/\/centrourbano.com\/revista\/wp-content\/uploads\/FOTO-1-1.jpg","articleSection":["Construcci\u00f3n"],"inLanguage":"es","potentialAction":[{"@type":"CommentAction","name":"Comment","target":["https:\/\/centrourbano.com\/revista\/construccion\/analiza-sct-ampliar-capacidad-de-la-mexico-queretaro-para-transporte-de-carga\/#respond"]}]},{"@type":"WebPage","@id":"https:\/\/centrourbano.com\/revista\/construccion\/analiza-sct-ampliar-capacidad-de-la-mexico-queretaro-para-transporte-de-carga\/","url":"https:\/\/centrourbano.com\/revista\/construccion\/analiza-sct-ampliar-capacidad-de-la-mexico-queretaro-para-transporte-de-carga\/","name":"Analiza SCT ampliar carretera M\u00e9xico-Quer\u00e9taro -","isPartOf":{"@id":"https:\/\/centrourbano.com\/revista\/#website"},"primaryImageOfPage":{"@id":"https:\/\/centrourbano.com\/revista\/construccion\/analiza-sct-ampliar-capacidad-de-la-mexico-queretaro-para-transporte-de-carga\/#primaryimage"},"image":{"@id":"https:\/\/centrourbano.com\/revista\/construccion\/analiza-sct-ampliar-capacidad-de-la-mexico-queretaro-para-transporte-de-carga\/#primaryimage"},"thumbnailUrl":"https:\/\/centrourbano.com\/revista\/wp-content\/uploads\/FOTO-1-1.jpg","datePublished":"2015-11-05T23:28:04+00:00","dateModified":"2015-11-05T23:31:49+00:00","description":"La log\u00edstica indispensable para aumentar la competitividad del pa\u00eds \u00a0La carretera M\u00e9xico-Quer\u00e9taro podr\u00eda ampliar su superficie de rodamiento a cuatro","breadcrumb":{"@id":"https:\/\/centrourbano.com\/revista\/construccion\/analiza-sct-ampliar-capacidad-de-la-mexico-queretaro-para-transporte-de-carga\/#breadcrumb"},"inLanguage":"es","potentialAction":[{"@type":"ReadAction","target":["https:\/\/centrourbano.com\/revista\/construccion\/analiza-sct-ampliar-capacidad-de-la-mexico-queretaro-para-transporte-de-carga\/"]}]},{"@type":"ImageObject","inLanguage":"es","@id":"https:\/\/centrourbano.com\/revista\/construccion\/analiza-sct-ampliar-capacidad-de-la-mexico-queretaro-para-transporte-de-carga\/#primaryimage","url":"https:\/\/centrourbano.com\/revista\/wp-content\/uploads\/FOTO-1-1.jpg","contentUrl":"https:\/\/centrourbano.com\/revista\/wp-content\/uploads\/FOTO-1-1.jpg","width":1024,"height":712},{"@type":"BreadcrumbList","@id":"https:\/\/centrourbano.com\/revista\/construccion\/analiza-sct-ampliar-capacidad-de-la-mexico-queretaro-para-transporte-de-carga\/#breadcrumb","itemListElement":[{"@type":"ListItem","position":1,"name":"Portada","item":"https:\/\/centrourbano.com\/revista\/"},{"@type":"ListItem","position":2,"name":"Analiza SCT ampliar carretera M\u00e9xico-Quer\u00e9taro"}]},{"@type":"WebSite","@id":"https:\/\/centrourbano.com\/revista\/#website","url":"https:\/\/centrourbano.com\/revista\/","name":"Centro Urbano","description":"Medio especializado en los sectores vivienda, inmobiliario, construcci\u00f3n, arquitectura y urbanismo.","publisher":{"@id":"https:\/\/centrourbano.com\/revista\/#organization"},"potentialAction":[{"@type":"SearchAction","target":{"@type":"EntryPoint","urlTemplate":"https:\/\/centrourbano.com\/revista\/?s={search_term_string}"},"query-input":{"@type":"PropertyValueSpecification","valueRequired":true,"valueName":"search_term_string"}}],"inLanguage":"es"},{"@type":"Organization","@id":"https:\/\/centrourbano.com\/revista\/#organization","name":"Centro Urbano","url":"https:\/\/centrourbano.com\/revista\/","logo":{"@type":"ImageObject","inLanguage":"es","@id":"https:\/\/centrourbano.com\/revista\/#\/schema\/logo\/image\/","url":"https:\/\/centrourbano.com\/revista\/wp-content\/uploads\/web_CU_logo-1.png","contentUrl":"https:\/\/centrourbano.com\/revista\/wp-content\/uploads\/web_CU_logo-1.png","width":350,"height":91,"caption":"Centro Urbano"},"image":{"@id":"https:\/\/centrourbano.com\/revista\/#\/schema\/logo\/image\/"},"sameAs":["https:\/\/www.facebook.com\/portalcentrourbano","https:\/\/x.com\/CentroUrbano","https:\/\/www.instagram.com\/centro_urbano\/","https:\/\/www.linkedin.com\/company\/centro-urbano\/","http:\/\/www.youtube.com\/user\/portalcentrourbano"]},{"@type":"Person","@id":"https:\/\/centrourbano.com\/revista\/#\/schema\/person\/b50192a3cd0e680841b45dc537f53970","name":"Diego Rodr\u00edguez","image":{"@type":"ImageObject","inLanguage":"es","@id":"https:\/\/secure.gravatar.com\/avatar\/d217565525df2df5d4e7265d47758506f41845ed9529510921a7625d8365789d?s=96&d=mm&r=g","url":"https:\/\/secure.gravatar.com\/avatar\/d217565525df2df5d4e7265d47758506f41845ed9529510921a7625d8365789d?s=96&d=mm&r=g","contentUrl":"https:\/\/secure.gravatar.com\/avatar\/d217565525df2df5d4e7265d47758506f41845ed9529510921a7625d8365789d?s=96&d=mm&r=g","caption":"Diego Rodr\u00edguez"},"description":"Egresado de la Facultad de Estudios Superiores Acatl\u00e1n de la carrera en Comunicaci\u00f3n, con especialidad en medios escritos. Reportero del desaparecido peri\u00f3dico Nuestro M\u00e9xico, en donde cubri\u00f3 las fuentes delegacionales y Asamblea Legislativa. Tambi\u00e9n trabaj\u00f3 en la Coordinaci\u00f3n de Comunicaci\u00f3n Social en la delegaci\u00f3n \u00c1lvaro Obreg\u00f3n. Le gusta leer novelas y cuentos.","url":"https:\/\/centrourbano.com\/revista\/author\/diegorodriguez\/"}]}},"_links":{"self":[{"href":"https:\/\/centrourbano.com\/revista\/wp-json\/wp\/v2\/posts\/25287","targetHints":{"allow":["GET"]}}],"collection":[{"href":"https:\/\/centrourbano.com\/revista\/wp-json\/wp\/v2\/posts"}],"about":[{"href":"https:\/\/centrourbano.com\/revista\/wp-json\/wp\/v2\/types\/post"}],"author":[{"embeddable":true,"href":"https:\/\/centrourbano.com\/revista\/wp-json\/wp\/v2\/users\/37"}],"replies":[{"embeddable":true,"href":"https:\/\/centrourbano.com\/revista\/wp-json\/wp\/v2\/comments?post=25287"}],"version-history":[{"count":0,"href":"https:\/\/centrourbano.com\/revista\/wp-json\/wp\/v2\/posts\/25287\/revisions"}],"wp:featuredmedia":[{"embeddable":true,"href":"https:\/\/centrourbano.com\/revista\/wp-json\/wp\/v2\/media\/25288"}],"wp:attachment":[{"href":"https:\/\/centrourbano.com\/revista\/wp-json\/wp\/v2\/media?parent=25287"}],"wp:term":[{"taxonomy":"category","embeddable":true,"href":"https:\/\/centrourbano.com\/revista\/wp-json\/wp\/v2\/categories?post=25287"},{"taxonomy":"post_tag","embeddable":true,"href":"https:\/\/centrourbano.com\/revista\/wp-json\/wp\/v2\/tags?post=25287"}],"curies":[{"name":"wp","href":"https:\/\/api.w.org\/{rel}","templated":true}]}}