{"id":25226,"date":"2015-11-03T18:45:10","date_gmt":"2015-11-04T00:45:10","guid":{"rendered":"http:\/\/centrourbano.com\/?p=25226"},"modified":"2015-11-03T18:45:10","modified_gmt":"2015-11-04T00:45:10","slug":"coloca-danhos-primera-piedra-de-parque-puebla","status":"publish","type":"post","link":"https:\/\/centrourbano.com\/revista\/inmobiliario\/coloca-danhos-primera-piedra-de-parque-puebla\/","title":{"rendered":"Coloca Danhos primera piedra de Parque Puebla"},"content":{"rendered":"<p>&nbsp;<\/p>\n<p><em>Ser\u00e1 el centro comercial m\u00e1s grande del estado al contar con 140 mil metros cuadrados de \u00e1rea rentable en su primera etapa<\/em><!--more--><\/p>\n<p>El Fideicomiso de Inversi\u00f3n en Bienes Ra\u00edces, Fibra Danhos, llev\u00f3 a cabo la colocaci\u00f3n de la primera piedra del que ser\u00e1 su primer proyecto fuera de la Ciudad de M\u00e9xico: Parque Puebla, el centro comercial m\u00e1s grande del estado y en cuya construcci\u00f3n se invertir\u00e1n 4 mil millones de pesos en su primera etapa que constar\u00e1 de 140 mil metros cuadrados.<\/p>\n<p>La adquisici\u00f3n de los terrenos se concluy\u00f3 este a\u00f1o y consta de un \u00e1rea de 120 mil metros cuadrados, resultado de la consolidaci\u00f3n de seis terrenos que sol\u00edan ocupar inmuebles industriales del ramo textil y en el que se construir\u00e1, adem\u00e1s del centro comercial, edificios de oficinas y un hotel, para dar paso a un desarrollo de usos mixtos.<\/p>\n<p>Contar\u00e1 con dos tiendas departamentales ancla, Liverpool y Sears, adem\u00e1s de boutiques, salas de cine, un supermercado, restaurantes, gimnasio, \u00e1reas de entretenimiento, bancos, y un estacionamiento subterr\u00e1neo y descubierto con capacidad para 2 mil 800 veh\u00edculos. Con este proyecto, Fibra Danhos busca consolidar su oferta comercial en esta ciudad, en la que se generar\u00e1n alrededor de 350 mil empleos temporales y una vez en operaci\u00f3n, se generar\u00e1n 3 mil de forma permanente.<\/p>\n<p>Durante la ceremonia de colocaci\u00f3n de la primera piedra del centro comercial, estuvo presente el gobernador del estado de Puebla, Rafael Moreno Valle, en compa\u00f1\u00eda de Salvador Daniel, director general de Fibra Danhos; Jorge Serrano, director de Finanzas de la empresa, y otros directivos. El centro comercial ser\u00e1 construido en los siguientes 14 meses, y se espera comience operaciones en 2017.<\/p>\n","protected":false},"excerpt":{"rendered":"<p>&nbsp; Ser\u00e1 el centro comercial m\u00e1s grande del estado al contar con 140 mil metros cuadrados de \u00e1rea rentable en su primera etapa<\/p>\n","protected":false},"author":77,"featured_media":25227,"comment_status":"open","ping_status":"closed","sticky":false,"template":"","format":"standard","meta":{"inline_featured_image":false,"footnotes":""},"categories":[15],"tags":[62,127,6808,602,6338],"class_list":["post-25226","post","type-post","status-publish","format-standard","has-post-thumbnail","hentry","category-inmobiliario","tag-fibra-danhos","tag-liverpool","tag-parque-puebla","tag-puebla","tag-sears"],"yoast_head":"<!-- This site is optimized with the Yoast SEO plugin v28.4 - https:\/\/yoast.com\/product\/yoast-seo-wordpress\/ -->\n<title>Coloca Danhos primera piedra de Parque Puebla -<\/title>\n<meta name=\"description\" content=\"&nbsp; Ser\u00e1 el centro comercial m\u00e1s grande del estado al contar con 140 mil metros cuadrados de \u00e1rea rentable en su primera etapa El Fideicomiso de\" \/>\n<meta name=\"robots\" content=\"index, follow, max-snippet:-1, max-image-preview:large, max-video-preview:-1\" \/>\n<link rel=\"canonical\" href=\"https:\/\/centrourbano.com\/revista\/inmobiliario\/coloca-danhos-primera-piedra-de-parque-puebla\/\" \/>\n<meta property=\"og:locale\" content=\"es_ES\" \/>\n<meta property=\"og:type\" content=\"article\" \/>\n<meta property=\"og:title\" content=\"Coloca Danhos primera piedra de Parque Puebla -\" \/>\n<meta property=\"og:description\" content=\"&nbsp; Ser\u00e1 el centro comercial m\u00e1s grande del estado al contar con 140 mil metros cuadrados de \u00e1rea rentable en su primera etapa El Fideicomiso de\" \/>\n<meta property=\"og:url\" content=\"https:\/\/centrourbano.com\/revista\/inmobiliario\/coloca-danhos-primera-piedra-de-parque-puebla\/\" \/>\n<meta property=\"og:site_name\" content=\"Centro Urbano\" \/>\n<meta property=\"article:publisher\" content=\"https:\/\/www.facebook.com\/portalcentrourbano\" \/>\n<meta property=\"article:published_time\" content=\"2015-11-04T00:45:10+00:00\" \/>\n<meta property=\"og:image\" content=\"https:\/\/centrourbano.com\/revista\/wp-content\/uploads\/prop_puebla2015.png\" \/>\n\t<meta property=\"og:image:width\" content=\"800\" \/>\n\t<meta property=\"og:image:height\" content=\"533\" \/>\n\t<meta property=\"og:image:type\" content=\"image\/png\" \/>\n<meta name=\"author\" content=\"G4A\" \/>\n<meta name=\"twitter:card\" content=\"summary_large_image\" \/>\n<meta name=\"twitter:creator\" content=\"@CentroUrbano\" \/>\n<meta name=\"twitter:site\" content=\"@CentroUrbano\" \/>\n<meta name=\"twitter:label1\" content=\"Escrito por\" \/>\n\t<meta name=\"twitter:data1\" content=\"G4A\" \/>\n\t<meta name=\"twitter:label2\" content=\"Tiempo de lectura\" \/>\n\t<meta name=\"twitter:data2\" content=\"1 minuto\" \/>\n<script type=\"application\/ld+json\" class=\"yoast-schema-graph\">{\"@context\":\"https:\\\/\\\/schema.org\",\"@graph\":[{\"@type\":\"Article\",\"@id\":\"https:\\\/\\\/centrourbano.com\\\/revista\\\/inmobiliario\\\/coloca-danhos-primera-piedra-de-parque-puebla\\\/#article\",\"isPartOf\":{\"@id\":\"https:\\\/\\\/centrourbano.com\\\/revista\\\/inmobiliario\\\/coloca-danhos-primera-piedra-de-parque-puebla\\\/\"},\"author\":{\"name\":\"G4A\",\"@id\":\"https:\\\/\\\/centrourbano.com\\\/revista\\\/#\\\/schema\\\/person\\\/370fa0ba2d8dd5bde3fdb8b62ad360aa\"},\"headline\":\"Coloca Danhos primera piedra de Parque Puebla\",\"datePublished\":\"2015-11-04T00:45:10+00:00\",\"mainEntityOfPage\":{\"@id\":\"https:\\\/\\\/centrourbano.com\\\/revista\\\/inmobiliario\\\/coloca-danhos-primera-piedra-de-parque-puebla\\\/\"},\"wordCount\":294,\"commentCount\":0,\"publisher\":{\"@id\":\"https:\\\/\\\/centrourbano.com\\\/revista\\\/#organization\"},\"image\":{\"@id\":\"https:\\\/\\\/centrourbano.com\\\/revista\\\/inmobiliario\\\/coloca-danhos-primera-piedra-de-parque-puebla\\\/#primaryimage\"},\"thumbnailUrl\":\"https:\\\/\\\/centrourbano.com\\\/revista\\\/wp-content\\\/uploads\\\/prop_puebla2015.png\",\"keywords\":[\"Fibra Danhos\",\"liverpool\",\"Parque Puebla\",\"Puebla\",\"Sears\"],\"articleSection\":[\"Inmobiliario\"],\"inLanguage\":\"es\"},{\"@type\":\"WebPage\",\"@id\":\"https:\\\/\\\/centrourbano.com\\\/revista\\\/inmobiliario\\\/coloca-danhos-primera-piedra-de-parque-puebla\\\/\",\"url\":\"https:\\\/\\\/centrourbano.com\\\/revista\\\/inmobiliario\\\/coloca-danhos-primera-piedra-de-parque-puebla\\\/\",\"name\":\"Coloca Danhos primera piedra de Parque Puebla -\",\"isPartOf\":{\"@id\":\"https:\\\/\\\/centrourbano.com\\\/revista\\\/#website\"},\"primaryImageOfPage\":{\"@id\":\"https:\\\/\\\/centrourbano.com\\\/revista\\\/inmobiliario\\\/coloca-danhos-primera-piedra-de-parque-puebla\\\/#primaryimage\"},\"image\":{\"@id\":\"https:\\\/\\\/centrourbano.com\\\/revista\\\/inmobiliario\\\/coloca-danhos-primera-piedra-de-parque-puebla\\\/#primaryimage\"},\"thumbnailUrl\":\"https:\\\/\\\/centrourbano.com\\\/revista\\\/wp-content\\\/uploads\\\/prop_puebla2015.png\",\"datePublished\":\"2015-11-04T00:45:10+00:00\",\"description\":\"&nbsp; Ser\u00e1 el centro comercial m\u00e1s grande del estado al contar con 140 mil metros cuadrados de \u00e1rea rentable en su primera etapa El Fideicomiso de\",\"breadcrumb\":{\"@id\":\"https:\\\/\\\/centrourbano.com\\\/revista\\\/inmobiliario\\\/coloca-danhos-primera-piedra-de-parque-puebla\\\/#breadcrumb\"},\"inLanguage\":\"es\",\"potentialAction\":[{\"@type\":\"ReadAction\",\"target\":[\"https:\\\/\\\/centrourbano.com\\\/revista\\\/inmobiliario\\\/coloca-danhos-primera-piedra-de-parque-puebla\\\/\"]}]},{\"@type\":\"ImageObject\",\"inLanguage\":\"es\",\"@id\":\"https:\\\/\\\/centrourbano.com\\\/revista\\\/inmobiliario\\\/coloca-danhos-primera-piedra-de-parque-puebla\\\/#primaryimage\",\"url\":\"https:\\\/\\\/centrourbano.com\\\/revista\\\/wp-content\\\/uploads\\\/prop_puebla2015.png\",\"contentUrl\":\"https:\\\/\\\/centrourbano.com\\\/revista\\\/wp-content\\\/uploads\\\/prop_puebla2015.png\",\"width\":800,\"height\":533},{\"@type\":\"BreadcrumbList\",\"@id\":\"https:\\\/\\\/centrourbano.com\\\/revista\\\/inmobiliario\\\/coloca-danhos-primera-piedra-de-parque-puebla\\\/#breadcrumb\",\"itemListElement\":[{\"@type\":\"ListItem\",\"position\":1,\"name\":\"Portada\",\"item\":\"https:\\\/\\\/centrourbano.com\\\/revista\\\/\"},{\"@type\":\"ListItem\",\"position\":2,\"name\":\"Coloca Danhos primera piedra de Parque Puebla\"}]},{\"@type\":\"WebSite\",\"@id\":\"https:\\\/\\\/centrourbano.com\\\/revista\\\/#website\",\"url\":\"https:\\\/\\\/centrourbano.com\\\/revista\\\/\",\"name\":\"Centro Urbano\",\"description\":\"Medio especializado en los sectores vivienda, inmobiliario, construcci\u00f3n, arquitectura y urbanismo.\",\"publisher\":{\"@id\":\"https:\\\/\\\/centrourbano.com\\\/revista\\\/#organization\"},\"potentialAction\":[{\"@type\":\"SearchAction\",\"target\":{\"@type\":\"EntryPoint\",\"urlTemplate\":\"https:\\\/\\\/centrourbano.com\\\/revista\\\/?s={search_term_string}\"},\"query-input\":{\"@type\":\"PropertyValueSpecification\",\"valueRequired\":true,\"valueName\":\"search_term_string\"}}],\"inLanguage\":\"es\"},{\"@type\":\"Organization\",\"@id\":\"https:\\\/\\\/centrourbano.com\\\/revista\\\/#organization\",\"name\":\"Centro Urbano\",\"url\":\"https:\\\/\\\/centrourbano.com\\\/revista\\\/\",\"logo\":{\"@type\":\"ImageObject\",\"inLanguage\":\"es\",\"@id\":\"https:\\\/\\\/centrourbano.com\\\/revista\\\/#\\\/schema\\\/logo\\\/image\\\/\",\"url\":\"https:\\\/\\\/centrourbano.com\\\/revista\\\/wp-content\\\/uploads\\\/web_CU_logo-1.png\",\"contentUrl\":\"https:\\\/\\\/centrourbano.com\\\/revista\\\/wp-content\\\/uploads\\\/web_CU_logo-1.png\",\"width\":350,\"height\":91,\"caption\":\"Centro Urbano\"},\"image\":{\"@id\":\"https:\\\/\\\/centrourbano.com\\\/revista\\\/#\\\/schema\\\/logo\\\/image\\\/\"},\"sameAs\":[\"https:\\\/\\\/www.facebook.com\\\/portalcentrourbano\",\"https:\\\/\\\/x.com\\\/CentroUrbano\",\"https:\\\/\\\/www.instagram.com\\\/centro_urbano\\\/\",\"https:\\\/\\\/www.linkedin.com\\\/company\\\/centro-urbano\\\/\",\"http:\\\/\\\/www.youtube.com\\\/user\\\/portalcentrourbano\"]},{\"@type\":\"Person\",\"@id\":\"https:\\\/\\\/centrourbano.com\\\/revista\\\/#\\\/schema\\\/person\\\/370fa0ba2d8dd5bde3fdb8b62ad360aa\",\"name\":\"G4A\",\"image\":{\"@type\":\"ImageObject\",\"inLanguage\":\"es\",\"@id\":\"https:\\\/\\\/secure.gravatar.com\\\/avatar\\\/932a97121b13d5de5bbd8193c6c83d3b92c9eda0f39623607d4280e7a5778d97?s=96&d=mm&r=g\",\"url\":\"https:\\\/\\\/secure.gravatar.com\\\/avatar\\\/932a97121b13d5de5bbd8193c6c83d3b92c9eda0f39623607d4280e7a5778d97?s=96&d=mm&r=g\",\"contentUrl\":\"https:\\\/\\\/secure.gravatar.com\\\/avatar\\\/932a97121b13d5de5bbd8193c6c83d3b92c9eda0f39623607d4280e7a5778d97?s=96&d=mm&r=g\",\"caption\":\"G4A\"},\"url\":\"https:\\\/\\\/centrourbano.com\\\/revista\\\/author\\\/admin-g4a\\\/\"}]}<\/script>\n<!-- \/ Yoast SEO plugin. -->","yoast_head_json":{"title":"Coloca Danhos primera piedra de Parque Puebla -","description":"&nbsp; Ser\u00e1 el centro comercial m\u00e1s grande del estado al contar con 140 mil metros cuadrados de \u00e1rea rentable en su primera etapa El Fideicomiso de","robots":{"index":"index","follow":"follow","max-snippet":"max-snippet:-1","max-image-preview":"max-image-preview:large","max-video-preview":"max-video-preview:-1"},"canonical":"https:\/\/centrourbano.com\/revista\/inmobiliario\/coloca-danhos-primera-piedra-de-parque-puebla\/","og_locale":"es_ES","og_type":"article","og_title":"Coloca Danhos primera piedra de Parque Puebla -","og_description":"&nbsp; Ser\u00e1 el centro comercial m\u00e1s grande del estado al contar con 140 mil metros cuadrados de \u00e1rea rentable en su primera etapa El Fideicomiso de","og_url":"https:\/\/centrourbano.com\/revista\/inmobiliario\/coloca-danhos-primera-piedra-de-parque-puebla\/","og_site_name":"Centro Urbano","article_publisher":"https:\/\/www.facebook.com\/portalcentrourbano","article_published_time":"2015-11-04T00:45:10+00:00","og_image":[{"width":800,"height":533,"url":"https:\/\/centrourbano.com\/revista\/wp-content\/uploads\/prop_puebla2015.png","type":"image\/png"}],"author":"G4A","twitter_card":"summary_large_image","twitter_creator":"@CentroUrbano","twitter_site":"@CentroUrbano","twitter_misc":{"Escrito por":"G4A","Tiempo de lectura":"1 minuto"},"schema":{"@context":"https:\/\/schema.org","@graph":[{"@type":"Article","@id":"https:\/\/centrourbano.com\/revista\/inmobiliario\/coloca-danhos-primera-piedra-de-parque-puebla\/#article","isPartOf":{"@id":"https:\/\/centrourbano.com\/revista\/inmobiliario\/coloca-danhos-primera-piedra-de-parque-puebla\/"},"author":{"name":"G4A","@id":"https:\/\/centrourbano.com\/revista\/#\/schema\/person\/370fa0ba2d8dd5bde3fdb8b62ad360aa"},"headline":"Coloca Danhos primera piedra de Parque Puebla","datePublished":"2015-11-04T00:45:10+00:00","mainEntityOfPage":{"@id":"https:\/\/centrourbano.com\/revista\/inmobiliario\/coloca-danhos-primera-piedra-de-parque-puebla\/"},"wordCount":294,"commentCount":0,"publisher":{"@id":"https:\/\/centrourbano.com\/revista\/#organization"},"image":{"@id":"https:\/\/centrourbano.com\/revista\/inmobiliario\/coloca-danhos-primera-piedra-de-parque-puebla\/#primaryimage"},"thumbnailUrl":"https:\/\/centrourbano.com\/revista\/wp-content\/uploads\/prop_puebla2015.png","keywords":["Fibra Danhos","liverpool","Parque Puebla","Puebla","Sears"],"articleSection":["Inmobiliario"],"inLanguage":"es"},{"@type":"WebPage","@id":"https:\/\/centrourbano.com\/revista\/inmobiliario\/coloca-danhos-primera-piedra-de-parque-puebla\/","url":"https:\/\/centrourbano.com\/revista\/inmobiliario\/coloca-danhos-primera-piedra-de-parque-puebla\/","name":"Coloca Danhos primera piedra de Parque Puebla -","isPartOf":{"@id":"https:\/\/centrourbano.com\/revista\/#website"},"primaryImageOfPage":{"@id":"https:\/\/centrourbano.com\/revista\/inmobiliario\/coloca-danhos-primera-piedra-de-parque-puebla\/#primaryimage"},"image":{"@id":"https:\/\/centrourbano.com\/revista\/inmobiliario\/coloca-danhos-primera-piedra-de-parque-puebla\/#primaryimage"},"thumbnailUrl":"https:\/\/centrourbano.com\/revista\/wp-content\/uploads\/prop_puebla2015.png","datePublished":"2015-11-04T00:45:10+00:00","description":"&nbsp; Ser\u00e1 el centro comercial m\u00e1s grande del estado al contar con 140 mil metros cuadrados de \u00e1rea rentable en su primera etapa El Fideicomiso de","breadcrumb":{"@id":"https:\/\/centrourbano.com\/revista\/inmobiliario\/coloca-danhos-primera-piedra-de-parque-puebla\/#breadcrumb"},"inLanguage":"es","potentialAction":[{"@type":"ReadAction","target":["https:\/\/centrourbano.com\/revista\/inmobiliario\/coloca-danhos-primera-piedra-de-parque-puebla\/"]}]},{"@type":"ImageObject","inLanguage":"es","@id":"https:\/\/centrourbano.com\/revista\/inmobiliario\/coloca-danhos-primera-piedra-de-parque-puebla\/#primaryimage","url":"https:\/\/centrourbano.com\/revista\/wp-content\/uploads\/prop_puebla2015.png","contentUrl":"https:\/\/centrourbano.com\/revista\/wp-content\/uploads\/prop_puebla2015.png","width":800,"height":533},{"@type":"BreadcrumbList","@id":"https:\/\/centrourbano.com\/revista\/inmobiliario\/coloca-danhos-primera-piedra-de-parque-puebla\/#breadcrumb","itemListElement":[{"@type":"ListItem","position":1,"name":"Portada","item":"https:\/\/centrourbano.com\/revista\/"},{"@type":"ListItem","position":2,"name":"Coloca Danhos primera piedra de Parque Puebla"}]},{"@type":"WebSite","@id":"https:\/\/centrourbano.com\/revista\/#website","url":"https:\/\/centrourbano.com\/revista\/","name":"Centro Urbano","description":"Medio especializado en los sectores vivienda, inmobiliario, construcci\u00f3n, arquitectura y urbanismo.","publisher":{"@id":"https:\/\/centrourbano.com\/revista\/#organization"},"potentialAction":[{"@type":"SearchAction","target":{"@type":"EntryPoint","urlTemplate":"https:\/\/centrourbano.com\/revista\/?s={search_term_string}"},"query-input":{"@type":"PropertyValueSpecification","valueRequired":true,"valueName":"search_term_string"}}],"inLanguage":"es"},{"@type":"Organization","@id":"https:\/\/centrourbano.com\/revista\/#organization","name":"Centro Urbano","url":"https:\/\/centrourbano.com\/revista\/","logo":{"@type":"ImageObject","inLanguage":"es","@id":"https:\/\/centrourbano.com\/revista\/#\/schema\/logo\/image\/","url":"https:\/\/centrourbano.com\/revista\/wp-content\/uploads\/web_CU_logo-1.png","contentUrl":"https:\/\/centrourbano.com\/revista\/wp-content\/uploads\/web_CU_logo-1.png","width":350,"height":91,"caption":"Centro Urbano"},"image":{"@id":"https:\/\/centrourbano.com\/revista\/#\/schema\/logo\/image\/"},"sameAs":["https:\/\/www.facebook.com\/portalcentrourbano","https:\/\/x.com\/CentroUrbano","https:\/\/www.instagram.com\/centro_urbano\/","https:\/\/www.linkedin.com\/company\/centro-urbano\/","http:\/\/www.youtube.com\/user\/portalcentrourbano"]},{"@type":"Person","@id":"https:\/\/centrourbano.com\/revista\/#\/schema\/person\/370fa0ba2d8dd5bde3fdb8b62ad360aa","name":"G4A","image":{"@type":"ImageObject","inLanguage":"es","@id":"https:\/\/secure.gravatar.com\/avatar\/932a97121b13d5de5bbd8193c6c83d3b92c9eda0f39623607d4280e7a5778d97?s=96&d=mm&r=g","url":"https:\/\/secure.gravatar.com\/avatar\/932a97121b13d5de5bbd8193c6c83d3b92c9eda0f39623607d4280e7a5778d97?s=96&d=mm&r=g","contentUrl":"https:\/\/secure.gravatar.com\/avatar\/932a97121b13d5de5bbd8193c6c83d3b92c9eda0f39623607d4280e7a5778d97?s=96&d=mm&r=g","caption":"G4A"},"url":"https:\/\/centrourbano.com\/revista\/author\/admin-g4a\/"}]}},"_links":{"self":[{"href":"https:\/\/centrourbano.com\/revista\/wp-json\/wp\/v2\/posts\/25226","targetHints":{"allow":["GET"]}}],"collection":[{"href":"https:\/\/centrourbano.com\/revista\/wp-json\/wp\/v2\/posts"}],"about":[{"href":"https:\/\/centrourbano.com\/revista\/wp-json\/wp\/v2\/types\/post"}],"author":[{"embeddable":true,"href":"https:\/\/centrourbano.com\/revista\/wp-json\/wp\/v2\/users\/77"}],"replies":[{"embeddable":true,"href":"https:\/\/centrourbano.com\/revista\/wp-json\/wp\/v2\/comments?post=25226"}],"version-history":[{"count":0,"href":"https:\/\/centrourbano.com\/revista\/wp-json\/wp\/v2\/posts\/25226\/revisions"}],"wp:featuredmedia":[{"embeddable":true,"href":"https:\/\/centrourbano.com\/revista\/wp-json\/wp\/v2\/media\/25227"}],"wp:attachment":[{"href":"https:\/\/centrourbano.com\/revista\/wp-json\/wp\/v2\/media?parent=25226"}],"wp:term":[{"taxonomy":"category","embeddable":true,"href":"https:\/\/centrourbano.com\/revista\/wp-json\/wp\/v2\/categories?post=25226"},{"taxonomy":"post_tag","embeddable":true,"href":"https:\/\/centrourbano.com\/revista\/wp-json\/wp\/v2\/tags?post=25226"}],"curies":[{"name":"wp","href":"https:\/\/api.w.org\/{rel}","templated":true}]}}