{"id":25188,"date":"2015-11-03T11:08:20","date_gmt":"2015-11-03T17:08:20","guid":{"rendered":"http:\/\/centrourbano.com\/?p=25188"},"modified":"2015-11-03T11:08:20","modified_gmt":"2015-11-03T17:08:20","slug":"nuevo-leon-por-encima-de-la-media-nacional-en-construccion","status":"publish","type":"post","link":"https:\/\/centrourbano.com\/revista\/construccion\/nuevo-leon-por-encima-de-la-media-nacional-en-construccion\/","title":{"rendered":"Nuevo Le\u00f3n por encima de la media nacional en construcci\u00f3n"},"content":{"rendered":"<p><em>Obras para el sector del petr\u00f3leo y petroqu\u00edmica quienes m\u00e1s aportan al crecimiento<\/em><br \/>\n<!--more--><\/p>\n<p>Durante agosto el valor de la industria de la construcci\u00f3n de Nuevo Le\u00f3n fue la m\u00e1s alta del pa\u00eds, ya que a nivel nacional aport\u00f3 el 11.9 por ciento, en donde las obras realizadas en el sector de la petroqu\u00edmica y el petr\u00f3leo fueron las que m\u00e1s aportaron 17.9 por ciento del total estatal.<\/p>\n<p>De acuerdo con las cifras dadas a conocer por el Instituto Nacional de Estad\u00edstica y Geograf\u00eda, el valor generado por la industria de la construcci\u00f3n durante agosto fue de m\u00e1s de 36 mil millones de pesos, de los que s\u00f3lo este estado aport\u00f3 unos 4 mil 200 millones de pesos.<\/p>\n<p>Estos datos colocan a Nuevo Le\u00f3n sobre la media nacional, seguido del Estado de M\u00e9xico, con 6.9 por ciento, es decir, 5 punto porcentuales menos.<\/p>\n<p>El INEGI explic\u00f3 tambi\u00e9n que esta industria ha ido en crecimiento en el estado de mayo a agosto de este a\u00f1o; en mayo, la participaci\u00f3n fue de 10.8 por ciento; durante junio, de 11.3 por ciento; julio registr\u00f3 una aportaci\u00f3n de 11.1 por ciento.<\/p>\n<p>En cuanto a las obras realizadas en el sector del petr\u00f3leo y la petroqu\u00edmica, que han contribuido al crecimiento de esta industria, las cifras durante los mismos meses son: mayo con 14.4 por ciento; junio con 19.3 por ciento; en julio, 16.3 por ciento y en agosto el 17.9 por ciento.<\/p>\n<p>Sin embargo, el Instituto dijo que se present\u00f3 una ca\u00edda del 0.8 por ciento respecto al mes inmediato anterior a nivel nacional. \u201cEl valor de producci\u00f3n de las constructoras report\u00f3 una ca\u00edda de 1.6 por ciento en agosto de 2015 con al mismo mes de 2014. El personal ocupado descendi\u00f3 3.2 por ciento y las horas trabajadas fueron menores en 2.3 por ciento\u201d, explic\u00f3 el INEGI.<\/p>\n","protected":false},"excerpt":{"rendered":"<p>Obras para el sector del petr\u00f3leo y petroqu\u00edmica quienes m\u00e1s aportan al crecimiento<\/p>\n","protected":false},"author":37,"featured_media":21775,"comment_status":"open","ping_status":"closed","sticky":false,"template":"","format":"standard","meta":{"om_disable_all_campaigns":false,"inline_featured_image":false,"_monsterinsights_skip_tracking":false,"_monsterinsights_sitenote_active":false,"_monsterinsights_sitenote_note":"","_monsterinsights_sitenote_category":0,"footnotes":""},"categories":[14],"tags":[188],"class_list":["post-25188","post","type-post","status-publish","format-standard","has-post-thumbnail","hentry","category-construccion","tag-nuevo-leon"],"yoast_head":"<!-- This site is optimized with the Yoast SEO plugin v27.4 - https:\/\/yoast.com\/product\/yoast-seo-wordpress\/ -->\n<title>Nuevo Le\u00f3n por encima de la media nacional en construcci\u00f3n -<\/title>\n<meta name=\"description\" content=\"Obras para el sector del petr\u00f3leo y petroqu\u00edmica quienes m\u00e1s aportan al crecimiento Durante agosto el valor de la industria de la construcci\u00f3n de Nuevo\" \/>\n<meta name=\"robots\" content=\"index, follow, max-snippet:-1, max-image-preview:large, max-video-preview:-1\" \/>\n<link rel=\"canonical\" href=\"https:\/\/centrourbano.com\/revista\/construccion\/nuevo-leon-por-encima-de-la-media-nacional-en-construccion\/\" \/>\n<meta property=\"og:locale\" content=\"es_ES\" \/>\n<meta property=\"og:type\" content=\"article\" \/>\n<meta property=\"og:title\" content=\"Nuevo Le\u00f3n por encima de la media nacional en construcci\u00f3n -\" \/>\n<meta property=\"og:description\" content=\"Obras para el sector del petr\u00f3leo y petroqu\u00edmica quienes m\u00e1s aportan al crecimiento Durante agosto el valor de la industria de la construcci\u00f3n de Nuevo\" \/>\n<meta property=\"og:url\" content=\"https:\/\/centrourbano.com\/revista\/construccion\/nuevo-leon-por-encima-de-la-media-nacional-en-construccion\/\" \/>\n<meta property=\"og:site_name\" content=\"Centro Urbano\" \/>\n<meta property=\"article:publisher\" content=\"https:\/\/www.facebook.com\/portalcentrourbano\" \/>\n<meta property=\"article:published_time\" content=\"2015-11-03T17:08:20+00:00\" \/>\n<meta property=\"og:image\" content=\"https:\/\/centrourbano.com\/revista\/wp-content\/uploads\/construcci\u00f3n.jpg\" \/>\n\t<meta property=\"og:image:width\" content=\"660\" \/>\n\t<meta property=\"og:image:height\" content=\"370\" \/>\n\t<meta property=\"og:image:type\" content=\"image\/jpeg\" \/>\n<meta name=\"author\" content=\"Diego Rodr\u00edguez\" \/>\n<meta name=\"twitter:card\" content=\"summary_large_image\" \/>\n<meta name=\"twitter:creator\" content=\"@CentroUrbano\" \/>\n<meta name=\"twitter:site\" content=\"@CentroUrbano\" \/>\n<meta name=\"twitter:label1\" content=\"Escrito por\" \/>\n\t<meta name=\"twitter:data1\" content=\"Diego Rodr\u00edguez\" \/>\n\t<meta name=\"twitter:label2\" content=\"Tiempo de lectura\" \/>\n\t<meta name=\"twitter:data2\" content=\"2 minutos\" \/>\n<script type=\"application\/ld+json\" class=\"yoast-schema-graph\">{\"@context\":\"https:\\\/\\\/schema.org\",\"@graph\":[{\"@type\":\"Article\",\"@id\":\"https:\\\/\\\/centrourbano.com\\\/revista\\\/construccion\\\/nuevo-leon-por-encima-de-la-media-nacional-en-construccion\\\/#article\",\"isPartOf\":{\"@id\":\"https:\\\/\\\/centrourbano.com\\\/revista\\\/construccion\\\/nuevo-leon-por-encima-de-la-media-nacional-en-construccion\\\/\"},\"author\":{\"name\":\"Diego Rodr\u00edguez\",\"@id\":\"https:\\\/\\\/centrourbano.com\\\/revista\\\/#\\\/schema\\\/person\\\/b50192a3cd0e680841b45dc537f53970\"},\"headline\":\"Nuevo Le\u00f3n por encima de la media nacional en construcci\u00f3n\",\"datePublished\":\"2015-11-03T17:08:20+00:00\",\"mainEntityOfPage\":{\"@id\":\"https:\\\/\\\/centrourbano.com\\\/revista\\\/construccion\\\/nuevo-leon-por-encima-de-la-media-nacional-en-construccion\\\/\"},\"wordCount\":321,\"commentCount\":0,\"publisher\":{\"@id\":\"https:\\\/\\\/centrourbano.com\\\/revista\\\/#organization\"},\"image\":{\"@id\":\"https:\\\/\\\/centrourbano.com\\\/revista\\\/construccion\\\/nuevo-leon-por-encima-de-la-media-nacional-en-construccion\\\/#primaryimage\"},\"thumbnailUrl\":\"https:\\\/\\\/centrourbano.com\\\/revista\\\/wp-content\\\/uploads\\\/construcci\u00f3n.jpg\",\"keywords\":[\"Nuevo Le\u00f3n\"],\"articleSection\":[\"Construcci\u00f3n\"],\"inLanguage\":\"es\",\"potentialAction\":[{\"@type\":\"CommentAction\",\"name\":\"Comment\",\"target\":[\"https:\\\/\\\/centrourbano.com\\\/revista\\\/construccion\\\/nuevo-leon-por-encima-de-la-media-nacional-en-construccion\\\/#respond\"]}]},{\"@type\":\"WebPage\",\"@id\":\"https:\\\/\\\/centrourbano.com\\\/revista\\\/construccion\\\/nuevo-leon-por-encima-de-la-media-nacional-en-construccion\\\/\",\"url\":\"https:\\\/\\\/centrourbano.com\\\/revista\\\/construccion\\\/nuevo-leon-por-encima-de-la-media-nacional-en-construccion\\\/\",\"name\":\"Nuevo Le\u00f3n por encima de la media nacional en construcci\u00f3n -\",\"isPartOf\":{\"@id\":\"https:\\\/\\\/centrourbano.com\\\/revista\\\/#website\"},\"primaryImageOfPage\":{\"@id\":\"https:\\\/\\\/centrourbano.com\\\/revista\\\/construccion\\\/nuevo-leon-por-encima-de-la-media-nacional-en-construccion\\\/#primaryimage\"},\"image\":{\"@id\":\"https:\\\/\\\/centrourbano.com\\\/revista\\\/construccion\\\/nuevo-leon-por-encima-de-la-media-nacional-en-construccion\\\/#primaryimage\"},\"thumbnailUrl\":\"https:\\\/\\\/centrourbano.com\\\/revista\\\/wp-content\\\/uploads\\\/construcci\u00f3n.jpg\",\"datePublished\":\"2015-11-03T17:08:20+00:00\",\"description\":\"Obras para el sector del petr\u00f3leo y petroqu\u00edmica quienes m\u00e1s aportan al crecimiento Durante agosto el valor de la industria de la construcci\u00f3n de Nuevo\",\"breadcrumb\":{\"@id\":\"https:\\\/\\\/centrourbano.com\\\/revista\\\/construccion\\\/nuevo-leon-por-encima-de-la-media-nacional-en-construccion\\\/#breadcrumb\"},\"inLanguage\":\"es\",\"potentialAction\":[{\"@type\":\"ReadAction\",\"target\":[\"https:\\\/\\\/centrourbano.com\\\/revista\\\/construccion\\\/nuevo-leon-por-encima-de-la-media-nacional-en-construccion\\\/\"]}]},{\"@type\":\"ImageObject\",\"inLanguage\":\"es\",\"@id\":\"https:\\\/\\\/centrourbano.com\\\/revista\\\/construccion\\\/nuevo-leon-por-encima-de-la-media-nacional-en-construccion\\\/#primaryimage\",\"url\":\"https:\\\/\\\/centrourbano.com\\\/revista\\\/wp-content\\\/uploads\\\/construcci\u00f3n.jpg\",\"contentUrl\":\"https:\\\/\\\/centrourbano.com\\\/revista\\\/wp-content\\\/uploads\\\/construcci\u00f3n.jpg\",\"width\":660,\"height\":370},{\"@type\":\"BreadcrumbList\",\"@id\":\"https:\\\/\\\/centrourbano.com\\\/revista\\\/construccion\\\/nuevo-leon-por-encima-de-la-media-nacional-en-construccion\\\/#breadcrumb\",\"itemListElement\":[{\"@type\":\"ListItem\",\"position\":1,\"name\":\"Portada\",\"item\":\"https:\\\/\\\/centrourbano.com\\\/revista\\\/\"},{\"@type\":\"ListItem\",\"position\":2,\"name\":\"Nuevo Le\u00f3n por encima de la media nacional en construcci\u00f3n\"}]},{\"@type\":\"WebSite\",\"@id\":\"https:\\\/\\\/centrourbano.com\\\/revista\\\/#website\",\"url\":\"https:\\\/\\\/centrourbano.com\\\/revista\\\/\",\"name\":\"Centro Urbano\",\"description\":\"Medio especializado en los sectores vivienda, inmobiliario, construcci\u00f3n, arquitectura y urbanismo.\",\"publisher\":{\"@id\":\"https:\\\/\\\/centrourbano.com\\\/revista\\\/#organization\"},\"potentialAction\":[{\"@type\":\"SearchAction\",\"target\":{\"@type\":\"EntryPoint\",\"urlTemplate\":\"https:\\\/\\\/centrourbano.com\\\/revista\\\/?s={search_term_string}\"},\"query-input\":{\"@type\":\"PropertyValueSpecification\",\"valueRequired\":true,\"valueName\":\"search_term_string\"}}],\"inLanguage\":\"es\"},{\"@type\":\"Organization\",\"@id\":\"https:\\\/\\\/centrourbano.com\\\/revista\\\/#organization\",\"name\":\"Centro Urbano\",\"url\":\"https:\\\/\\\/centrourbano.com\\\/revista\\\/\",\"logo\":{\"@type\":\"ImageObject\",\"inLanguage\":\"es\",\"@id\":\"https:\\\/\\\/centrourbano.com\\\/revista\\\/#\\\/schema\\\/logo\\\/image\\\/\",\"url\":\"https:\\\/\\\/centrourbano.com\\\/revista\\\/wp-content\\\/uploads\\\/web_CU_logo-1.png\",\"contentUrl\":\"https:\\\/\\\/centrourbano.com\\\/revista\\\/wp-content\\\/uploads\\\/web_CU_logo-1.png\",\"width\":350,\"height\":91,\"caption\":\"Centro Urbano\"},\"image\":{\"@id\":\"https:\\\/\\\/centrourbano.com\\\/revista\\\/#\\\/schema\\\/logo\\\/image\\\/\"},\"sameAs\":[\"https:\\\/\\\/www.facebook.com\\\/portalcentrourbano\",\"https:\\\/\\\/x.com\\\/CentroUrbano\",\"https:\\\/\\\/www.instagram.com\\\/centro_urbano\\\/\",\"https:\\\/\\\/www.linkedin.com\\\/company\\\/centro-urbano\\\/\",\"http:\\\/\\\/www.youtube.com\\\/user\\\/portalcentrourbano\"]},{\"@type\":\"Person\",\"@id\":\"https:\\\/\\\/centrourbano.com\\\/revista\\\/#\\\/schema\\\/person\\\/b50192a3cd0e680841b45dc537f53970\",\"name\":\"Diego Rodr\u00edguez\",\"image\":{\"@type\":\"ImageObject\",\"inLanguage\":\"es\",\"@id\":\"https:\\\/\\\/secure.gravatar.com\\\/avatar\\\/d217565525df2df5d4e7265d47758506f41845ed9529510921a7625d8365789d?s=96&d=mm&r=g\",\"url\":\"https:\\\/\\\/secure.gravatar.com\\\/avatar\\\/d217565525df2df5d4e7265d47758506f41845ed9529510921a7625d8365789d?s=96&d=mm&r=g\",\"contentUrl\":\"https:\\\/\\\/secure.gravatar.com\\\/avatar\\\/d217565525df2df5d4e7265d47758506f41845ed9529510921a7625d8365789d?s=96&d=mm&r=g\",\"caption\":\"Diego Rodr\u00edguez\"},\"description\":\"Egresado de la Facultad de Estudios Superiores Acatl\u00e1n de la carrera en Comunicaci\u00f3n, con especialidad en medios escritos. Reportero del desaparecido peri\u00f3dico Nuestro M\u00e9xico, en donde cubri\u00f3 las fuentes delegacionales y Asamblea Legislativa. Tambi\u00e9n trabaj\u00f3 en la Coordinaci\u00f3n de Comunicaci\u00f3n Social en la delegaci\u00f3n \u00c1lvaro Obreg\u00f3n. Le gusta leer novelas y cuentos.\",\"url\":\"https:\\\/\\\/centrourbano.com\\\/revista\\\/author\\\/diegorodriguez\\\/\"}]}<\/script>\n<!-- \/ Yoast SEO plugin. -->","yoast_head_json":{"title":"Nuevo Le\u00f3n por encima de la media nacional en construcci\u00f3n -","description":"Obras para el sector del petr\u00f3leo y petroqu\u00edmica quienes m\u00e1s aportan al crecimiento Durante agosto el valor de la industria de la construcci\u00f3n de Nuevo","robots":{"index":"index","follow":"follow","max-snippet":"max-snippet:-1","max-image-preview":"max-image-preview:large","max-video-preview":"max-video-preview:-1"},"canonical":"https:\/\/centrourbano.com\/revista\/construccion\/nuevo-leon-por-encima-de-la-media-nacional-en-construccion\/","og_locale":"es_ES","og_type":"article","og_title":"Nuevo Le\u00f3n por encima de la media nacional en construcci\u00f3n -","og_description":"Obras para el sector del petr\u00f3leo y petroqu\u00edmica quienes m\u00e1s aportan al crecimiento Durante agosto el valor de la industria de la construcci\u00f3n de Nuevo","og_url":"https:\/\/centrourbano.com\/revista\/construccion\/nuevo-leon-por-encima-de-la-media-nacional-en-construccion\/","og_site_name":"Centro Urbano","article_publisher":"https:\/\/www.facebook.com\/portalcentrourbano","article_published_time":"2015-11-03T17:08:20+00:00","og_image":[{"width":660,"height":370,"url":"https:\/\/centrourbano.com\/revista\/wp-content\/uploads\/construcci\u00f3n.jpg","type":"image\/jpeg"}],"author":"Diego Rodr\u00edguez","twitter_card":"summary_large_image","twitter_creator":"@CentroUrbano","twitter_site":"@CentroUrbano","twitter_misc":{"Escrito por":"Diego Rodr\u00edguez","Tiempo de lectura":"2 minutos"},"schema":{"@context":"https:\/\/schema.org","@graph":[{"@type":"Article","@id":"https:\/\/centrourbano.com\/revista\/construccion\/nuevo-leon-por-encima-de-la-media-nacional-en-construccion\/#article","isPartOf":{"@id":"https:\/\/centrourbano.com\/revista\/construccion\/nuevo-leon-por-encima-de-la-media-nacional-en-construccion\/"},"author":{"name":"Diego Rodr\u00edguez","@id":"https:\/\/centrourbano.com\/revista\/#\/schema\/person\/b50192a3cd0e680841b45dc537f53970"},"headline":"Nuevo Le\u00f3n por encima de la media nacional en construcci\u00f3n","datePublished":"2015-11-03T17:08:20+00:00","mainEntityOfPage":{"@id":"https:\/\/centrourbano.com\/revista\/construccion\/nuevo-leon-por-encima-de-la-media-nacional-en-construccion\/"},"wordCount":321,"commentCount":0,"publisher":{"@id":"https:\/\/centrourbano.com\/revista\/#organization"},"image":{"@id":"https:\/\/centrourbano.com\/revista\/construccion\/nuevo-leon-por-encima-de-la-media-nacional-en-construccion\/#primaryimage"},"thumbnailUrl":"https:\/\/centrourbano.com\/revista\/wp-content\/uploads\/construcci\u00f3n.jpg","keywords":["Nuevo Le\u00f3n"],"articleSection":["Construcci\u00f3n"],"inLanguage":"es","potentialAction":[{"@type":"CommentAction","name":"Comment","target":["https:\/\/centrourbano.com\/revista\/construccion\/nuevo-leon-por-encima-de-la-media-nacional-en-construccion\/#respond"]}]},{"@type":"WebPage","@id":"https:\/\/centrourbano.com\/revista\/construccion\/nuevo-leon-por-encima-de-la-media-nacional-en-construccion\/","url":"https:\/\/centrourbano.com\/revista\/construccion\/nuevo-leon-por-encima-de-la-media-nacional-en-construccion\/","name":"Nuevo Le\u00f3n por encima de la media nacional en construcci\u00f3n -","isPartOf":{"@id":"https:\/\/centrourbano.com\/revista\/#website"},"primaryImageOfPage":{"@id":"https:\/\/centrourbano.com\/revista\/construccion\/nuevo-leon-por-encima-de-la-media-nacional-en-construccion\/#primaryimage"},"image":{"@id":"https:\/\/centrourbano.com\/revista\/construccion\/nuevo-leon-por-encima-de-la-media-nacional-en-construccion\/#primaryimage"},"thumbnailUrl":"https:\/\/centrourbano.com\/revista\/wp-content\/uploads\/construcci\u00f3n.jpg","datePublished":"2015-11-03T17:08:20+00:00","description":"Obras para el sector del petr\u00f3leo y petroqu\u00edmica quienes m\u00e1s aportan al crecimiento Durante agosto el valor de la industria de la construcci\u00f3n de Nuevo","breadcrumb":{"@id":"https:\/\/centrourbano.com\/revista\/construccion\/nuevo-leon-por-encima-de-la-media-nacional-en-construccion\/#breadcrumb"},"inLanguage":"es","potentialAction":[{"@type":"ReadAction","target":["https:\/\/centrourbano.com\/revista\/construccion\/nuevo-leon-por-encima-de-la-media-nacional-en-construccion\/"]}]},{"@type":"ImageObject","inLanguage":"es","@id":"https:\/\/centrourbano.com\/revista\/construccion\/nuevo-leon-por-encima-de-la-media-nacional-en-construccion\/#primaryimage","url":"https:\/\/centrourbano.com\/revista\/wp-content\/uploads\/construcci\u00f3n.jpg","contentUrl":"https:\/\/centrourbano.com\/revista\/wp-content\/uploads\/construcci\u00f3n.jpg","width":660,"height":370},{"@type":"BreadcrumbList","@id":"https:\/\/centrourbano.com\/revista\/construccion\/nuevo-leon-por-encima-de-la-media-nacional-en-construccion\/#breadcrumb","itemListElement":[{"@type":"ListItem","position":1,"name":"Portada","item":"https:\/\/centrourbano.com\/revista\/"},{"@type":"ListItem","position":2,"name":"Nuevo Le\u00f3n por encima de la media nacional en construcci\u00f3n"}]},{"@type":"WebSite","@id":"https:\/\/centrourbano.com\/revista\/#website","url":"https:\/\/centrourbano.com\/revista\/","name":"Centro Urbano","description":"Medio especializado en los sectores vivienda, inmobiliario, construcci\u00f3n, arquitectura y urbanismo.","publisher":{"@id":"https:\/\/centrourbano.com\/revista\/#organization"},"potentialAction":[{"@type":"SearchAction","target":{"@type":"EntryPoint","urlTemplate":"https:\/\/centrourbano.com\/revista\/?s={search_term_string}"},"query-input":{"@type":"PropertyValueSpecification","valueRequired":true,"valueName":"search_term_string"}}],"inLanguage":"es"},{"@type":"Organization","@id":"https:\/\/centrourbano.com\/revista\/#organization","name":"Centro Urbano","url":"https:\/\/centrourbano.com\/revista\/","logo":{"@type":"ImageObject","inLanguage":"es","@id":"https:\/\/centrourbano.com\/revista\/#\/schema\/logo\/image\/","url":"https:\/\/centrourbano.com\/revista\/wp-content\/uploads\/web_CU_logo-1.png","contentUrl":"https:\/\/centrourbano.com\/revista\/wp-content\/uploads\/web_CU_logo-1.png","width":350,"height":91,"caption":"Centro Urbano"},"image":{"@id":"https:\/\/centrourbano.com\/revista\/#\/schema\/logo\/image\/"},"sameAs":["https:\/\/www.facebook.com\/portalcentrourbano","https:\/\/x.com\/CentroUrbano","https:\/\/www.instagram.com\/centro_urbano\/","https:\/\/www.linkedin.com\/company\/centro-urbano\/","http:\/\/www.youtube.com\/user\/portalcentrourbano"]},{"@type":"Person","@id":"https:\/\/centrourbano.com\/revista\/#\/schema\/person\/b50192a3cd0e680841b45dc537f53970","name":"Diego Rodr\u00edguez","image":{"@type":"ImageObject","inLanguage":"es","@id":"https:\/\/secure.gravatar.com\/avatar\/d217565525df2df5d4e7265d47758506f41845ed9529510921a7625d8365789d?s=96&d=mm&r=g","url":"https:\/\/secure.gravatar.com\/avatar\/d217565525df2df5d4e7265d47758506f41845ed9529510921a7625d8365789d?s=96&d=mm&r=g","contentUrl":"https:\/\/secure.gravatar.com\/avatar\/d217565525df2df5d4e7265d47758506f41845ed9529510921a7625d8365789d?s=96&d=mm&r=g","caption":"Diego Rodr\u00edguez"},"description":"Egresado de la Facultad de Estudios Superiores Acatl\u00e1n de la carrera en Comunicaci\u00f3n, con especialidad en medios escritos. Reportero del desaparecido peri\u00f3dico Nuestro M\u00e9xico, en donde cubri\u00f3 las fuentes delegacionales y Asamblea Legislativa. Tambi\u00e9n trabaj\u00f3 en la Coordinaci\u00f3n de Comunicaci\u00f3n Social en la delegaci\u00f3n \u00c1lvaro Obreg\u00f3n. Le gusta leer novelas y cuentos.","url":"https:\/\/centrourbano.com\/revista\/author\/diegorodriguez\/"}]}},"_links":{"self":[{"href":"https:\/\/centrourbano.com\/revista\/wp-json\/wp\/v2\/posts\/25188","targetHints":{"allow":["GET"]}}],"collection":[{"href":"https:\/\/centrourbano.com\/revista\/wp-json\/wp\/v2\/posts"}],"about":[{"href":"https:\/\/centrourbano.com\/revista\/wp-json\/wp\/v2\/types\/post"}],"author":[{"embeddable":true,"href":"https:\/\/centrourbano.com\/revista\/wp-json\/wp\/v2\/users\/37"}],"replies":[{"embeddable":true,"href":"https:\/\/centrourbano.com\/revista\/wp-json\/wp\/v2\/comments?post=25188"}],"version-history":[{"count":0,"href":"https:\/\/centrourbano.com\/revista\/wp-json\/wp\/v2\/posts\/25188\/revisions"}],"wp:featuredmedia":[{"embeddable":true,"href":"https:\/\/centrourbano.com\/revista\/wp-json\/wp\/v2\/media\/21775"}],"wp:attachment":[{"href":"https:\/\/centrourbano.com\/revista\/wp-json\/wp\/v2\/media?parent=25188"}],"wp:term":[{"taxonomy":"category","embeddable":true,"href":"https:\/\/centrourbano.com\/revista\/wp-json\/wp\/v2\/categories?post=25188"},{"taxonomy":"post_tag","embeddable":true,"href":"https:\/\/centrourbano.com\/revista\/wp-json\/wp\/v2\/tags?post=25188"}],"curies":[{"name":"wp","href":"https:\/\/api.w.org\/{rel}","templated":true}]}}