{"id":25105,"date":"2015-11-28T11:29:36","date_gmt":"2015-11-28T17:29:36","guid":{"rendered":"http:\/\/centrourbano.com\/?p=25105"},"modified":"2016-08-12T17:19:01","modified_gmt":"2016-08-12T22:19:01","slug":"hombres-y-mujeres-de-la-casa-3","status":"publish","type":"post","link":"https:\/\/centrourbano.com\/revista\/opinion\/hombres-y-mujeres-de-la-casa-3\/","title":{"rendered":"Hombres y Mujeres de la Casa"},"content":{"rendered":"<p><em>UN PROYECTO DE COMUNIDAD PARA EL SECTOR VIVIENDA\u00a0<\/em><br \/>\n<!--more--><\/p>\n<p>El premio Hombres y Mujeres de la Casa es un proyecto que he visto crecer y que no puedo, ni debo, decir que es m\u00edo, o de Centro Urbano, ya que su fortaleza radica en ser un proyecto de Construcci\u00f3n de Comunidad que nace y se desarrolla gracias a los l\u00edderes de la industria de la vivienda.<\/p>\n<img loading=\"lazy\" decoding=\"async\" class=\"size-medium wp-image-25124 alignleft\" src=\"http:\/\/centrourbano.com\/revista\/wp-content\/uploads\/Todos-300x200.jpg\" alt=\"Todos\" width=\"300\" height=\"200\" srcset=\"https:\/\/centrourbano.com\/revista\/wp-content\/uploads\/Todos-300x200.jpg 300w, https:\/\/centrourbano.com\/revista\/wp-content\/uploads\/Todos.jpg 680w\" sizes=\"auto, (max-width: 300px) 100vw, 300px\" \/>\n<p>Les voy a contar una historia\u2026 En 1999 iniciamos un Proyecto de Comunicaci\u00f3n dirigido a difundir los valores de la vivienda como motor de desarrollo econ\u00f3mico y social.<\/p>\n<p>Parte de ese proyecto consist\u00eda en destacar el papel de quienes dirigen las empresas e instituciones del sector, como factores determinantes en el desarrollo y evoluci\u00f3n de la industria de la vivienda.<\/p>\n<img loading=\"lazy\" decoding=\"async\" class=\"size-medium wp-image-25126 alignright\" src=\"http:\/\/centrourbano.com\/revista\/wp-content\/uploads\/Foto-3-300x199.jpg\" alt=\"Foto 3\" width=\"300\" height=\"199\" srcset=\"https:\/\/centrourbano.com\/revista\/wp-content\/uploads\/Foto-3-300x199.jpg 300w, https:\/\/centrourbano.com\/revista\/wp-content\/uploads\/Foto-3.jpg 680w\" sizes=\"auto, (max-width: 300px) 100vw, 300px\" \/>\n<p>Tambi\u00e9n como parte del proyecto, en el a\u00f1o 2000 creamos nuestro primer Consejo Editorial, \u00f3rgano formado por distinguidos representantes de los diferentes \u00e1mbitos de la industria de la vivienda, que tiene como objetivo definir y dar seguimiento a nuestras l\u00edneas editorial y de negocio.<\/p>\n<p>Es precisamente a petici\u00f3n de este Consejo, que en el a\u00f1o 2002 se crea el Premio Hombres y Mujeres de la Casa, un reconocimiento anual que en dos categor\u00edas, Sector P\u00fablico y Sector Privado, busca reconocer la trayectoria de dos figuras del sector. A estas categor\u00edas, en el 2007 se agreg\u00f3 la de Cimientos, que busca reconocer a quienes han sido parte de la historia del sector.<\/p>\n<a href=\"http:\/\/centrourbano.com\/revista\/wp-content\/uploads\/Foto-22.jpg\"><img loading=\"lazy\" decoding=\"async\" class=\"size-medium wp-image-25125 alignleft\" src=\"http:\/\/centrourbano.com\/revista\/wp-content\/uploads\/Foto-22-300x219.jpg\" alt=\"Foto 2\" width=\"300\" height=\"219\" srcset=\"https:\/\/centrourbano.com\/revista\/wp-content\/uploads\/Foto-22-300x219.jpg 300w, https:\/\/centrourbano.com\/revista\/wp-content\/uploads\/Foto-22.jpg 680w\" sizes=\"auto, (max-width: 300px) 100vw, 300px\" \/><\/a>\n<p>La selecci\u00f3n de los ganadores la hacen los miembros del Consejo a trav\u00e9s de un proceso en el que ellos proponen sus candidatos, asumiendo cada propuesta al mismo tiempo como un voto, de modo que una vez cerrado el plazo otorgado para recibir propuestas, se realiza el conteo de votos que nos indica a quienes habr\u00e1n de recibir el Premio.<\/p>\n<p>Desde el nacimiento del Premio, la entrega se ha llevado a cabo en sedes emblem\u00e1ticas, como han sido el Palacio de Bellas Artes, la Residencia Oficial de Los Pinos, el Museo de Memoria y Tolerancia, el Museo Soumaya, el Museo Franz Mayer y Papalote, Museo del Ni\u00f1o.<\/p>\n<a href=\"http:\/\/centrourbano.com\/revista\/wp-content\/uploads\/foto-4-.jpg\"><img loading=\"lazy\" decoding=\"async\" class=\"wp-image-25127 aligncenter\" src=\"http:\/\/centrourbano.com\/revista\/wp-content\/uploads\/foto-4--300x200.jpg\" alt=\"foto 4\" width=\"614\" height=\"409\" srcset=\"https:\/\/centrourbano.com\/revista\/wp-content\/uploads\/foto-4--300x200.jpg 300w, https:\/\/centrourbano.com\/revista\/wp-content\/uploads\/foto-4-.jpg 680w\" sizes=\"auto, (max-width: 614px) 100vw, 614px\" \/><\/a>\n<p>Tambi\u00e9n en busca de s\u00edmbolos, la representaci\u00f3n f\u00edsica del Premio es una escultura obra del reconocido arquitecto mexicano Pedro Ram\u00edrez V\u00e1zquez.<\/p>\n<p>El Premio Hombres y Mujeres de la Casa lo entregan Centro Urbano, en alianza con el corporativo de medios, Capital Media, a trav\u00e9s de sus Consejos Editoriales para el sector Vivienda.<\/p>\n<a href=\"http:\/\/centrourbano.com\/revista\/wp-content\/uploads\/foto-12.jpg\"><img loading=\"lazy\" decoding=\"async\" class=\"size-medium wp-image-25131 alignleft\" src=\"http:\/\/centrourbano.com\/revista\/wp-content\/uploads\/foto-12-300x200.jpg\" alt=\"foto 1\" width=\"300\" height=\"200\" srcset=\"https:\/\/centrourbano.com\/revista\/wp-content\/uploads\/foto-12-300x200.jpg 300w, https:\/\/centrourbano.com\/revista\/wp-content\/uploads\/foto-12.jpg 640w\" sizes=\"auto, (max-width: 300px) 100vw, 300px\" \/><\/a>\n<p>Ganadores del Premio Hombres y Mujeres de la Casa<\/p>\n<ol>\n<li>2002: Jos\u00e9 M. Agudo, presidente de Hipotecaria Su Casita y Luis de Pablo, exdirector de Infonavit, exdirector del Fovissste y director general de LyFC.<\/li>\n<li>2003: Miguel G\u00f3mez Mont, expresidente de Canadevi y Francisco Gil D\u00edaz, secretario de Hacienda.<\/li>\n<li>2004: V\u00edctor M. Requejo, presidente de Hipotecaria Nacional y V\u00edctor M. Borr\u00e1s, director del Infonavit.<\/li>\n<li>2005: David Arelle, presidente de Condak y Carlos Guti\u00e9rrez, Comisionado Nacional de Vivienda.<\/li>\n<li>2006: Enrique Vainer, presidente de Grupo Sadasi y Vicente Fox, presidente de M\u00e9xico.<\/li>\n<li>2007: Germ\u00e1n Ahumada, presidente de ARA , Guillermo Babatz, exdirector de la Sociedad Hipotecaria Federal y director de la Comisi\u00f3n Nacional Bancaria y de Valores, y Rub\u00e9n Aguilar, exdirector de Banamex.<\/li>\n<li>2008: Cuauht\u00e9moc P\u00e9rez Rom\u00e1n, director general de URBI, Manuel P\u00e9rez C\u00e1rdenas, vocal ejecutivo del Fovissste y Dionisio S\u00e1nchez Gonz\u00e1lez, fundador de SARE.<\/li>\n<li>2009: Lydia \u00c1lvarez de Gavito, directora general de Procsa; Carlos Lozano de la Torre, presidente de la Comisi\u00f3n de Vivienda del Senado de la Rep\u00fablica, e Isaac Vainer Girs, fundador de Grupo Sadasi.<\/li>\n<li>2010: Ignacio Deschamps, presidente de BBVA Bancomer, Ernesto Cordero, Secretario de Hacienda, y Alfredo Achar, fundador de Comex<\/li>\n<li>2011: Sergio Leal Aguirre, presidente de Vinte; Ariel Cano Cuevas, comisionado nacional de Vivienda, y Manuel Zepeda Payeras, exdirector de Fovi y SHF.<\/li>\n<li>2012: Isaac Metta Cohen, director general de HogaresUni\u00f3n; Sebasti\u00e1n Fern\u00e1ndez Cortina, director del sector empresarial en Infonavit, y Jos\u00e9 Manuel Rivero Andreu, expresidente de Asociaci\u00f3n Hipotecaria Mexicana.<\/li>\n<li>2013: Aurora Garc\u00eda de Le\u00f3n, directora general de Derex; Carlos Aceves del Olmo, presidente de la Comisi\u00f3n de Vivienda de la C\u00e1mara de Diputados y Justino Hirschhorn, fundador de Grupo HIR.<\/li>\n<li>2014: Luis Enrique Terrazas, presidente de Ruba; Jorge Carlos Ram\u00edrez Mar\u00edn, titular de la Sedatu y V\u00edctor M. Requejo, director general de Banco Inmobiliario Mexicano.<\/li>\n<li>2015; Enrique Garza Trevi\u00f1o, presidente de GP Vivienda; Jos\u00e9 Reyes Baeza, director general del ISSSTE y Salvador Ibarra \u00c1lvarez del Castillo, presidente y fundador de Grupo San Carlos.<\/li>\n<\/ol>\n<p>*Los cargos se\u00f1alados son los que ocupaban al momento de recibir el Premio.<\/p>\n<a href=\"http:\/\/centrourbano.com\/revista\/wp-content\/uploads\/foto-6-.jpg\"><img loading=\"lazy\" decoding=\"async\" class=\"size-medium wp-image-25128 alignright\" src=\"http:\/\/centrourbano.com\/revista\/wp-content\/uploads\/foto-6--300x190.jpg\" alt=\"foto 6\" width=\"300\" height=\"190\" srcset=\"https:\/\/centrourbano.com\/revista\/wp-content\/uploads\/foto-6--300x190.jpg 300w, https:\/\/centrourbano.com\/revista\/wp-content\/uploads\/foto-6--171x108.jpg 171w, https:\/\/centrourbano.com\/revista\/wp-content\/uploads\/foto-6-.jpg 680w\" sizes=\"auto, (max-width: 300px) 100vw, 300px\" \/><\/a>\n<p>El Premio, as\u00ed como todo un concepto que se desarrolla bajo la marca Hombres y Mujeres de la Casa, es un proyecto de Construcci\u00f3n de Comunidad Permanente, que se desarrolla gracias al apoyo de las empresas e instituciones del sector y que hoy consta de:<\/p>\n<ul>\n<li>Premio Anual<\/li>\n<li>Libro Anual<\/li>\n<li>Revista Trimestral<\/li>\n<li>Redes Sociales y web<\/li>\n<li>Eventos<\/li>\n<li>Fundaci\u00f3n dirigida a capacitaci\u00f3n para integrantes del sector<\/li>\n<li>Proyecto diario en medios (reportajes, entrevistas)<\/li>\n<\/ul>\n<a href=\"http:\/\/centrourbano.com\/revista\/wp-content\/uploads\/foto-5.jpg\"><img loading=\"lazy\" decoding=\"async\" class=\" wp-image-25129 aligncenter\" src=\"http:\/\/centrourbano.com\/revista\/wp-content\/uploads\/foto-5-300x206.jpg\" alt=\"foto 5\" width=\"504\" height=\"346\" srcset=\"https:\/\/centrourbano.com\/revista\/wp-content\/uploads\/foto-5-300x206.jpg 300w, https:\/\/centrourbano.com\/revista\/wp-content\/uploads\/foto-5-670x460.jpg 670w, https:\/\/centrourbano.com\/revista\/wp-content\/uploads\/foto-5.jpg 680w\" sizes=\"auto, (max-width: 504px) 100vw, 504px\" \/><\/a>\n<p>Los invito a sumarse a este proyecto\u2026<\/p>\n","protected":false},"excerpt":{"rendered":"<p>UN PROYECTO DE COMUNIDAD PARA EL SECTOR VIVIENDA\u00a0<\/p>\n","protected":false},"author":13,"featured_media":25111,"comment_status":"open","ping_status":"closed","sticky":false,"template":"","format":"standard","meta":{"om_disable_all_campaigns":false,"inline_featured_image":false,"_monsterinsights_skip_tracking":false,"_monsterinsights_sitenote_active":false,"_monsterinsights_sitenote_note":"","_monsterinsights_sitenote_category":0,"footnotes":""},"categories":[241,8367,5],"tags":[6899,6898,60],"class_list":["post-25105","post","type-post","status-publish","format-standard","has-post-thumbnail","hentry","category-blog-desde-la-casa","category-hombresymujeresdelacasa","category-opinion","tag-comunidad","tag-premio-hombres-y-mujeres-de-la-casa","tag-vivienda-2"],"yoast_head":"<!-- This site is optimized with the Yoast SEO plugin v27.4 - https:\/\/yoast.com\/product\/yoast-seo-wordpress\/ -->\n<title>Hombres y Mujeres de la Casa -<\/title>\n<meta name=\"description\" content=\"UN PROYECTO DE COMUNIDAD PARA EL SECTOR VIVIENDA\u00a0 El premio Hombres y Mujeres de la Casa es un proyecto que he visto crecer y que no puedo, ni debo, decir\" \/>\n<meta name=\"robots\" content=\"index, follow, max-snippet:-1, max-image-preview:large, max-video-preview:-1\" \/>\n<link rel=\"canonical\" href=\"https:\/\/centrourbano.com\/revista\/opinion\/hombres-y-mujeres-de-la-casa-3\/\" \/>\n<meta property=\"og:locale\" content=\"es_ES\" \/>\n<meta property=\"og:type\" content=\"article\" \/>\n<meta property=\"og:title\" content=\"Hombres y Mujeres de la Casa -\" \/>\n<meta property=\"og:description\" content=\"UN PROYECTO DE COMUNIDAD PARA EL SECTOR VIVIENDA\u00a0 El premio Hombres y Mujeres de la Casa es un proyecto que he visto crecer y que no puedo, ni debo, decir\" \/>\n<meta property=\"og:url\" content=\"https:\/\/centrourbano.com\/revista\/opinion\/hombres-y-mujeres-de-la-casa-3\/\" \/>\n<meta property=\"og:site_name\" content=\"Centro Urbano\" \/>\n<meta property=\"article:publisher\" content=\"https:\/\/www.facebook.com\/portalcentrourbano\" \/>\n<meta property=\"article:author\" content=\"https:\/\/www.facebook.com\/urbano.horacio\/\" \/>\n<meta property=\"article:published_time\" content=\"2015-11-28T17:29:36+00:00\" \/>\n<meta property=\"article:modified_time\" content=\"2016-08-12T22:19:01+00:00\" \/>\n<meta property=\"og:image\" content=\"https:\/\/centrourbano.com\/revista\/wp-content\/uploads\/jefehym.jpg\" \/>\n\t<meta property=\"og:image:width\" content=\"720\" \/>\n\t<meta property=\"og:image:height\" content=\"480\" \/>\n\t<meta property=\"og:image:type\" content=\"image\/jpeg\" \/>\n<meta name=\"author\" content=\"Horacio Urbano\" \/>\n<meta name=\"twitter:card\" content=\"summary_large_image\" \/>\n<meta name=\"twitter:creator\" content=\"@https:\/\/twitter.com\/horacio_urbano\" \/>\n<meta name=\"twitter:site\" content=\"@CentroUrbano\" \/>\n<meta name=\"twitter:label1\" content=\"Escrito por\" \/>\n\t<meta name=\"twitter:data1\" content=\"Horacio Urbano\" \/>\n\t<meta name=\"twitter:label2\" content=\"Tiempo de lectura\" \/>\n\t<meta name=\"twitter:data2\" content=\"4 minutos\" \/>\n<script type=\"application\/ld+json\" class=\"yoast-schema-graph\">{\"@context\":\"https:\\\/\\\/schema.org\",\"@graph\":[{\"@type\":\"Article\",\"@id\":\"https:\\\/\\\/centrourbano.com\\\/revista\\\/opinion\\\/hombres-y-mujeres-de-la-casa-3\\\/#article\",\"isPartOf\":{\"@id\":\"https:\\\/\\\/centrourbano.com\\\/revista\\\/opinion\\\/hombres-y-mujeres-de-la-casa-3\\\/\"},\"author\":{\"name\":\"Horacio Urbano\",\"@id\":\"https:\\\/\\\/centrourbano.com\\\/revista\\\/#\\\/schema\\\/person\\\/69755154fe97eeebe4fe9394cb318d28\"},\"headline\":\"Hombres y Mujeres de la Casa\",\"datePublished\":\"2015-11-28T17:29:36+00:00\",\"dateModified\":\"2016-08-12T22:19:01+00:00\",\"mainEntityOfPage\":{\"@id\":\"https:\\\/\\\/centrourbano.com\\\/revista\\\/opinion\\\/hombres-y-mujeres-de-la-casa-3\\\/\"},\"wordCount\":860,\"commentCount\":0,\"publisher\":{\"@id\":\"https:\\\/\\\/centrourbano.com\\\/revista\\\/#organization\"},\"image\":{\"@id\":\"https:\\\/\\\/centrourbano.com\\\/revista\\\/opinion\\\/hombres-y-mujeres-de-la-casa-3\\\/#primaryimage\"},\"thumbnailUrl\":\"https:\\\/\\\/centrourbano.com\\\/revista\\\/wp-content\\\/uploads\\\/jefehym.jpg\",\"keywords\":[\"comunidad\",\"Premio Hombres y Mujeres de la Casa\",\"vivienda\"],\"articleSection\":[\"Desde la Casa\",\"Hombres y Mujeres de la Casa\",\"Opini\u00f3n\"],\"inLanguage\":\"es\",\"potentialAction\":[{\"@type\":\"CommentAction\",\"name\":\"Comment\",\"target\":[\"https:\\\/\\\/centrourbano.com\\\/revista\\\/opinion\\\/hombres-y-mujeres-de-la-casa-3\\\/#respond\"]}]},{\"@type\":\"WebPage\",\"@id\":\"https:\\\/\\\/centrourbano.com\\\/revista\\\/opinion\\\/hombres-y-mujeres-de-la-casa-3\\\/\",\"url\":\"https:\\\/\\\/centrourbano.com\\\/revista\\\/opinion\\\/hombres-y-mujeres-de-la-casa-3\\\/\",\"name\":\"Hombres y Mujeres de la Casa -\",\"isPartOf\":{\"@id\":\"https:\\\/\\\/centrourbano.com\\\/revista\\\/#website\"},\"primaryImageOfPage\":{\"@id\":\"https:\\\/\\\/centrourbano.com\\\/revista\\\/opinion\\\/hombres-y-mujeres-de-la-casa-3\\\/#primaryimage\"},\"image\":{\"@id\":\"https:\\\/\\\/centrourbano.com\\\/revista\\\/opinion\\\/hombres-y-mujeres-de-la-casa-3\\\/#primaryimage\"},\"thumbnailUrl\":\"https:\\\/\\\/centrourbano.com\\\/revista\\\/wp-content\\\/uploads\\\/jefehym.jpg\",\"datePublished\":\"2015-11-28T17:29:36+00:00\",\"dateModified\":\"2016-08-12T22:19:01+00:00\",\"description\":\"UN PROYECTO DE COMUNIDAD PARA EL SECTOR VIVIENDA\u00a0 El premio Hombres y Mujeres de la Casa es un proyecto que he visto crecer y que no puedo, ni debo, decir\",\"breadcrumb\":{\"@id\":\"https:\\\/\\\/centrourbano.com\\\/revista\\\/opinion\\\/hombres-y-mujeres-de-la-casa-3\\\/#breadcrumb\"},\"inLanguage\":\"es\",\"potentialAction\":[{\"@type\":\"ReadAction\",\"target\":[\"https:\\\/\\\/centrourbano.com\\\/revista\\\/opinion\\\/hombres-y-mujeres-de-la-casa-3\\\/\"]}]},{\"@type\":\"ImageObject\",\"inLanguage\":\"es\",\"@id\":\"https:\\\/\\\/centrourbano.com\\\/revista\\\/opinion\\\/hombres-y-mujeres-de-la-casa-3\\\/#primaryimage\",\"url\":\"https:\\\/\\\/centrourbano.com\\\/revista\\\/wp-content\\\/uploads\\\/jefehym.jpg\",\"contentUrl\":\"https:\\\/\\\/centrourbano.com\\\/revista\\\/wp-content\\\/uploads\\\/jefehym.jpg\",\"width\":720,\"height\":480},{\"@type\":\"BreadcrumbList\",\"@id\":\"https:\\\/\\\/centrourbano.com\\\/revista\\\/opinion\\\/hombres-y-mujeres-de-la-casa-3\\\/#breadcrumb\",\"itemListElement\":[{\"@type\":\"ListItem\",\"position\":1,\"name\":\"Portada\",\"item\":\"https:\\\/\\\/centrourbano.com\\\/revista\\\/\"},{\"@type\":\"ListItem\",\"position\":2,\"name\":\"Hombres y Mujeres de la Casa\"}]},{\"@type\":\"WebSite\",\"@id\":\"https:\\\/\\\/centrourbano.com\\\/revista\\\/#website\",\"url\":\"https:\\\/\\\/centrourbano.com\\\/revista\\\/\",\"name\":\"Centro Urbano\",\"description\":\"Medio especializado en los sectores vivienda, inmobiliario, construcci\u00f3n, arquitectura y urbanismo.\",\"publisher\":{\"@id\":\"https:\\\/\\\/centrourbano.com\\\/revista\\\/#organization\"},\"potentialAction\":[{\"@type\":\"SearchAction\",\"target\":{\"@type\":\"EntryPoint\",\"urlTemplate\":\"https:\\\/\\\/centrourbano.com\\\/revista\\\/?s={search_term_string}\"},\"query-input\":{\"@type\":\"PropertyValueSpecification\",\"valueRequired\":true,\"valueName\":\"search_term_string\"}}],\"inLanguage\":\"es\"},{\"@type\":\"Organization\",\"@id\":\"https:\\\/\\\/centrourbano.com\\\/revista\\\/#organization\",\"name\":\"Centro Urbano\",\"url\":\"https:\\\/\\\/centrourbano.com\\\/revista\\\/\",\"logo\":{\"@type\":\"ImageObject\",\"inLanguage\":\"es\",\"@id\":\"https:\\\/\\\/centrourbano.com\\\/revista\\\/#\\\/schema\\\/logo\\\/image\\\/\",\"url\":\"https:\\\/\\\/centrourbano.com\\\/revista\\\/wp-content\\\/uploads\\\/web_CU_logo-1.png\",\"contentUrl\":\"https:\\\/\\\/centrourbano.com\\\/revista\\\/wp-content\\\/uploads\\\/web_CU_logo-1.png\",\"width\":350,\"height\":91,\"caption\":\"Centro Urbano\"},\"image\":{\"@id\":\"https:\\\/\\\/centrourbano.com\\\/revista\\\/#\\\/schema\\\/logo\\\/image\\\/\"},\"sameAs\":[\"https:\\\/\\\/www.facebook.com\\\/portalcentrourbano\",\"https:\\\/\\\/x.com\\\/CentroUrbano\",\"https:\\\/\\\/www.instagram.com\\\/centro_urbano\\\/\",\"https:\\\/\\\/www.linkedin.com\\\/company\\\/centro-urbano\\\/\",\"http:\\\/\\\/www.youtube.com\\\/user\\\/portalcentrourbano\"]},{\"@type\":\"Person\",\"@id\":\"https:\\\/\\\/centrourbano.com\\\/revista\\\/#\\\/schema\\\/person\\\/69755154fe97eeebe4fe9394cb318d28\",\"name\":\"Horacio Urbano\",\"image\":{\"@type\":\"ImageObject\",\"inLanguage\":\"es\",\"@id\":\"https:\\\/\\\/secure.gravatar.com\\\/avatar\\\/bf4232bac122249113b7bcc4636a8d0432b9fa8bcce4243f1ed6c1ecb8fe915f?s=96&d=mm&r=g\",\"url\":\"https:\\\/\\\/secure.gravatar.com\\\/avatar\\\/bf4232bac122249113b7bcc4636a8d0432b9fa8bcce4243f1ed6c1ecb8fe915f?s=96&d=mm&r=g\",\"contentUrl\":\"https:\\\/\\\/secure.gravatar.com\\\/avatar\\\/bf4232bac122249113b7bcc4636a8d0432b9fa8bcce4243f1ed6c1ecb8fe915f?s=96&d=mm&r=g\",\"caption\":\"Horacio Urbano\"},\"description\":\"Horacio Urbano es arquitecto. Su experiencia profesional se ha desarrollado en los diferentes \u00e1mbitos que definen la industria de la vivienda. En 1999 inici\u00f3 un proyecto editorial dirigido a los sectores inmobiliario y construcci\u00f3n que a lo largo de los a\u00f1os se ha convertido en una poderosa plataforma multimedios y en una verdadera referencia para esta industria. Fundador, junto con la tambi\u00e9n arquitecta Roxana Fabris, de Grupo Centro Urbano, firma que impulsa y desarrolla una serie de esfuerzos de comunicaci\u00f3n relacionados con estos sectores. Como parte de su trabajo en M\u00e9xico y el extranjero, ha escrito o participado en una serie de libros especializados, es colaborador de diferentes medios impresos y electr\u00f3nicos, es activo conferencista y bajo diferentes modelos colabora tambi\u00e9n con diversas empresas e instituciones p\u00fablicas y privadas del sector.\",\"sameAs\":[\"http:\\\/\\\/horaciourbano.com\\\/home\\\/\",\"https:\\\/\\\/www.facebook.com\\\/urbano.horacio\\\/\",\"https:\\\/\\\/x.com\\\/https:\\\/\\\/twitter.com\\\/horacio_urbano\"],\"url\":\"https:\\\/\\\/centrourbano.com\\\/revista\\\/author\\\/horacio-urbano\\\/\"}]}<\/script>\n<!-- \/ Yoast SEO plugin. -->","yoast_head_json":{"title":"Hombres y Mujeres de la Casa -","description":"UN PROYECTO DE COMUNIDAD PARA EL SECTOR VIVIENDA\u00a0 El premio Hombres y Mujeres de la Casa es un proyecto que he visto crecer y que no puedo, ni debo, decir","robots":{"index":"index","follow":"follow","max-snippet":"max-snippet:-1","max-image-preview":"max-image-preview:large","max-video-preview":"max-video-preview:-1"},"canonical":"https:\/\/centrourbano.com\/revista\/opinion\/hombres-y-mujeres-de-la-casa-3\/","og_locale":"es_ES","og_type":"article","og_title":"Hombres y Mujeres de la Casa -","og_description":"UN PROYECTO DE COMUNIDAD PARA EL SECTOR VIVIENDA\u00a0 El premio Hombres y Mujeres de la Casa es un proyecto que he visto crecer y que no puedo, ni debo, decir","og_url":"https:\/\/centrourbano.com\/revista\/opinion\/hombres-y-mujeres-de-la-casa-3\/","og_site_name":"Centro Urbano","article_publisher":"https:\/\/www.facebook.com\/portalcentrourbano","article_author":"https:\/\/www.facebook.com\/urbano.horacio\/","article_published_time":"2015-11-28T17:29:36+00:00","article_modified_time":"2016-08-12T22:19:01+00:00","og_image":[{"width":720,"height":480,"url":"https:\/\/centrourbano.com\/revista\/wp-content\/uploads\/jefehym.jpg","type":"image\/jpeg"}],"author":"Horacio Urbano","twitter_card":"summary_large_image","twitter_creator":"@https:\/\/twitter.com\/horacio_urbano","twitter_site":"@CentroUrbano","twitter_misc":{"Escrito por":"Horacio Urbano","Tiempo de lectura":"4 minutos"},"schema":{"@context":"https:\/\/schema.org","@graph":[{"@type":"Article","@id":"https:\/\/centrourbano.com\/revista\/opinion\/hombres-y-mujeres-de-la-casa-3\/#article","isPartOf":{"@id":"https:\/\/centrourbano.com\/revista\/opinion\/hombres-y-mujeres-de-la-casa-3\/"},"author":{"name":"Horacio Urbano","@id":"https:\/\/centrourbano.com\/revista\/#\/schema\/person\/69755154fe97eeebe4fe9394cb318d28"},"headline":"Hombres y Mujeres de la Casa","datePublished":"2015-11-28T17:29:36+00:00","dateModified":"2016-08-12T22:19:01+00:00","mainEntityOfPage":{"@id":"https:\/\/centrourbano.com\/revista\/opinion\/hombres-y-mujeres-de-la-casa-3\/"},"wordCount":860,"commentCount":0,"publisher":{"@id":"https:\/\/centrourbano.com\/revista\/#organization"},"image":{"@id":"https:\/\/centrourbano.com\/revista\/opinion\/hombres-y-mujeres-de-la-casa-3\/#primaryimage"},"thumbnailUrl":"https:\/\/centrourbano.com\/revista\/wp-content\/uploads\/jefehym.jpg","keywords":["comunidad","Premio Hombres y Mujeres de la Casa","vivienda"],"articleSection":["Desde la Casa","Hombres y Mujeres de la Casa","Opini\u00f3n"],"inLanguage":"es","potentialAction":[{"@type":"CommentAction","name":"Comment","target":["https:\/\/centrourbano.com\/revista\/opinion\/hombres-y-mujeres-de-la-casa-3\/#respond"]}]},{"@type":"WebPage","@id":"https:\/\/centrourbano.com\/revista\/opinion\/hombres-y-mujeres-de-la-casa-3\/","url":"https:\/\/centrourbano.com\/revista\/opinion\/hombres-y-mujeres-de-la-casa-3\/","name":"Hombres y Mujeres de la Casa -","isPartOf":{"@id":"https:\/\/centrourbano.com\/revista\/#website"},"primaryImageOfPage":{"@id":"https:\/\/centrourbano.com\/revista\/opinion\/hombres-y-mujeres-de-la-casa-3\/#primaryimage"},"image":{"@id":"https:\/\/centrourbano.com\/revista\/opinion\/hombres-y-mujeres-de-la-casa-3\/#primaryimage"},"thumbnailUrl":"https:\/\/centrourbano.com\/revista\/wp-content\/uploads\/jefehym.jpg","datePublished":"2015-11-28T17:29:36+00:00","dateModified":"2016-08-12T22:19:01+00:00","description":"UN PROYECTO DE COMUNIDAD PARA EL SECTOR VIVIENDA\u00a0 El premio Hombres y Mujeres de la Casa es un proyecto que he visto crecer y que no puedo, ni debo, decir","breadcrumb":{"@id":"https:\/\/centrourbano.com\/revista\/opinion\/hombres-y-mujeres-de-la-casa-3\/#breadcrumb"},"inLanguage":"es","potentialAction":[{"@type":"ReadAction","target":["https:\/\/centrourbano.com\/revista\/opinion\/hombres-y-mujeres-de-la-casa-3\/"]}]},{"@type":"ImageObject","inLanguage":"es","@id":"https:\/\/centrourbano.com\/revista\/opinion\/hombres-y-mujeres-de-la-casa-3\/#primaryimage","url":"https:\/\/centrourbano.com\/revista\/wp-content\/uploads\/jefehym.jpg","contentUrl":"https:\/\/centrourbano.com\/revista\/wp-content\/uploads\/jefehym.jpg","width":720,"height":480},{"@type":"BreadcrumbList","@id":"https:\/\/centrourbano.com\/revista\/opinion\/hombres-y-mujeres-de-la-casa-3\/#breadcrumb","itemListElement":[{"@type":"ListItem","position":1,"name":"Portada","item":"https:\/\/centrourbano.com\/revista\/"},{"@type":"ListItem","position":2,"name":"Hombres y Mujeres de la Casa"}]},{"@type":"WebSite","@id":"https:\/\/centrourbano.com\/revista\/#website","url":"https:\/\/centrourbano.com\/revista\/","name":"Centro Urbano","description":"Medio especializado en los sectores vivienda, inmobiliario, construcci\u00f3n, arquitectura y urbanismo.","publisher":{"@id":"https:\/\/centrourbano.com\/revista\/#organization"},"potentialAction":[{"@type":"SearchAction","target":{"@type":"EntryPoint","urlTemplate":"https:\/\/centrourbano.com\/revista\/?s={search_term_string}"},"query-input":{"@type":"PropertyValueSpecification","valueRequired":true,"valueName":"search_term_string"}}],"inLanguage":"es"},{"@type":"Organization","@id":"https:\/\/centrourbano.com\/revista\/#organization","name":"Centro Urbano","url":"https:\/\/centrourbano.com\/revista\/","logo":{"@type":"ImageObject","inLanguage":"es","@id":"https:\/\/centrourbano.com\/revista\/#\/schema\/logo\/image\/","url":"https:\/\/centrourbano.com\/revista\/wp-content\/uploads\/web_CU_logo-1.png","contentUrl":"https:\/\/centrourbano.com\/revista\/wp-content\/uploads\/web_CU_logo-1.png","width":350,"height":91,"caption":"Centro Urbano"},"image":{"@id":"https:\/\/centrourbano.com\/revista\/#\/schema\/logo\/image\/"},"sameAs":["https:\/\/www.facebook.com\/portalcentrourbano","https:\/\/x.com\/CentroUrbano","https:\/\/www.instagram.com\/centro_urbano\/","https:\/\/www.linkedin.com\/company\/centro-urbano\/","http:\/\/www.youtube.com\/user\/portalcentrourbano"]},{"@type":"Person","@id":"https:\/\/centrourbano.com\/revista\/#\/schema\/person\/69755154fe97eeebe4fe9394cb318d28","name":"Horacio Urbano","image":{"@type":"ImageObject","inLanguage":"es","@id":"https:\/\/secure.gravatar.com\/avatar\/bf4232bac122249113b7bcc4636a8d0432b9fa8bcce4243f1ed6c1ecb8fe915f?s=96&d=mm&r=g","url":"https:\/\/secure.gravatar.com\/avatar\/bf4232bac122249113b7bcc4636a8d0432b9fa8bcce4243f1ed6c1ecb8fe915f?s=96&d=mm&r=g","contentUrl":"https:\/\/secure.gravatar.com\/avatar\/bf4232bac122249113b7bcc4636a8d0432b9fa8bcce4243f1ed6c1ecb8fe915f?s=96&d=mm&r=g","caption":"Horacio Urbano"},"description":"Horacio Urbano es arquitecto. Su experiencia profesional se ha desarrollado en los diferentes \u00e1mbitos que definen la industria de la vivienda. En 1999 inici\u00f3 un proyecto editorial dirigido a los sectores inmobiliario y construcci\u00f3n que a lo largo de los a\u00f1os se ha convertido en una poderosa plataforma multimedios y en una verdadera referencia para esta industria. Fundador, junto con la tambi\u00e9n arquitecta Roxana Fabris, de Grupo Centro Urbano, firma que impulsa y desarrolla una serie de esfuerzos de comunicaci\u00f3n relacionados con estos sectores. Como parte de su trabajo en M\u00e9xico y el extranjero, ha escrito o participado en una serie de libros especializados, es colaborador de diferentes medios impresos y electr\u00f3nicos, es activo conferencista y bajo diferentes modelos colabora tambi\u00e9n con diversas empresas e instituciones p\u00fablicas y privadas del sector.","sameAs":["http:\/\/horaciourbano.com\/home\/","https:\/\/www.facebook.com\/urbano.horacio\/","https:\/\/x.com\/https:\/\/twitter.com\/horacio_urbano"],"url":"https:\/\/centrourbano.com\/revista\/author\/horacio-urbano\/"}]}},"_links":{"self":[{"href":"https:\/\/centrourbano.com\/revista\/wp-json\/wp\/v2\/posts\/25105","targetHints":{"allow":["GET"]}}],"collection":[{"href":"https:\/\/centrourbano.com\/revista\/wp-json\/wp\/v2\/posts"}],"about":[{"href":"https:\/\/centrourbano.com\/revista\/wp-json\/wp\/v2\/types\/post"}],"author":[{"embeddable":true,"href":"https:\/\/centrourbano.com\/revista\/wp-json\/wp\/v2\/users\/13"}],"replies":[{"embeddable":true,"href":"https:\/\/centrourbano.com\/revista\/wp-json\/wp\/v2\/comments?post=25105"}],"version-history":[{"count":0,"href":"https:\/\/centrourbano.com\/revista\/wp-json\/wp\/v2\/posts\/25105\/revisions"}],"wp:featuredmedia":[{"embeddable":true,"href":"https:\/\/centrourbano.com\/revista\/wp-json\/wp\/v2\/media\/25111"}],"wp:attachment":[{"href":"https:\/\/centrourbano.com\/revista\/wp-json\/wp\/v2\/media?parent=25105"}],"wp:term":[{"taxonomy":"category","embeddable":true,"href":"https:\/\/centrourbano.com\/revista\/wp-json\/wp\/v2\/categories?post=25105"},{"taxonomy":"post_tag","embeddable":true,"href":"https:\/\/centrourbano.com\/revista\/wp-json\/wp\/v2\/tags?post=25105"}],"curies":[{"name":"wp","href":"https:\/\/api.w.org\/{rel}","templated":true}]}}