{"id":250,"date":"2013-10-11T08:00:52","date_gmt":"2013-10-11T08:00:52","guid":{"rendered":"http:\/\/centrourbano.com\/revista\/?p=250"},"modified":"2014-03-20T15:17:33","modified_gmt":"2014-03-20T21:17:33","slug":"construiran-ciudad-sustentable-dentro-de-merida","status":"publish","type":"post","link":"https:\/\/centrourbano.com\/revista\/inmobiliario\/construiran-ciudad-sustentable-dentro-de-merida\/","title":{"rendered":"Construir\u00e1n ciudad sustentable dentro de M\u00e9rida"},"content":{"rendered":"<p><em>El proyecto ser\u00e1 el primer Desarrollo Urbano Integral Sustentable (DUIS) en el estado de Yucat\u00e1n y el noveno a nivel nacional\u00a0<\/em><\/p>\n<p>&nbsp;<\/p>\n<p><!--more--><\/p>\n<p>&nbsp;<\/p>\n<p>Al sur de la ciudad de M\u00e9rida se pondr\u00e1 en marcha un proyecto innovador que ser\u00e1 construido bajo el concepto de ciudad sustentable, y el cu\u00e1l albergar\u00e1 12 mil viviendas tanto de inter\u00e9s social como residencial y edificios multifamiliares.<\/p>\n<p>&nbsp;<\/p>\n<p>Se tratar\u00e1 del primer Desarrollo Urbano Integral Sustentable (DUIS) en el estado de Yucat\u00e1n y el noveno a nivel nacional, por lo que sin duda alguna la infraestructura beneficiar\u00e1 directamente a miles de ciudadanos.<\/p>\n<p>&nbsp;<\/p>\n<p>Este desarrollo llamado \u201cSan Marcos, ciudad sustentable\u201d, ser\u00e1 edificado detr\u00e1s del aeropuerto internacional de M\u00e9rida, debido a que uno de los objetivos del complejo, es poder acercar la oferta de vivienda e infraestructura a las fuentes de empleo de la zona industrial del sur de la ciudad, lo que har\u00e1 que las personas que habiten ah\u00ed no tengan que recorrer grandes distancias de su casa al trabajo.<\/p>\n<p>&nbsp;<\/p>\n<p>Ser\u00e1 bajo la mira de empresarios yucatecos y tabasque\u00f1os que se lleve a cabo este desarrollo habitacional, el cual se espera comience a edificarse en diciembre del presente a\u00f1o. Grupo Vivo, de Villahermosa, estar\u00e1 a cargo, quien ya tiene en Tabasco otro desarrollo con certificaci\u00f3n DUIS, llamado \u201cEl Cielo\u201d.<\/p>\n<p>&nbsp;<\/p>\n<p>Estar\u00e1 construida sobre un terreno de 2 mil 300 hect\u00e1reas, y ser\u00e1, en efecto, una ciudad dentro de la ciudad ya que contar\u00e1 con escuelas, guarder\u00edas, unidades deportivas y centros culturales y de salud, todo ello ubicado muy cerca de las viviendas.<\/p>\n<p>&nbsp;<\/p>\n<p>Asimismo, dispondr\u00e1 de miles de metros cuadrados de parques, jardines y plazas p\u00fablicas, as\u00ed como andadores y ciclopistas, debido a que en la zona sur de M\u00e9rida es en donde se registra el mayor n\u00famero de bicicletas ya que las personas acostumbran a caminar mucho y a utilizarla como medio de transporte.<\/p>\n<p>&nbsp;<\/p>\n<p>Las viviendas construidas ser\u00e1n de tipo residencial y de inter\u00e9s social, pues con este tipo de complejos habitacionales se trata de evitar la segregaci\u00f3n social de la ciudad, la cual es dividida entre Norte y Sur. Algunas ser\u00e1n de uso m\u00faltiple, es decir, podr\u00e1n alojar negocios, pero a fin de evitar la instalaci\u00f3n indiscriminada de \u00e9stos, como ocurre en muchos fraccionamientos, \u00fanicamente podr\u00e1n hacerlo en los lugares establecidos previamente.<\/p>\n","protected":false},"excerpt":{"rendered":"<p>El proyecto ser\u00e1 el primer Desarrollo Urbano Integral Sustentable (DUIS) en el estado de Yucat\u00e1n y el noveno a nivel nacional\u00a0 &nbsp;<\/p>\n","protected":false},"author":9,"featured_media":16390,"comment_status":"open","ping_status":"closed","sticky":false,"template":"","format":"standard","meta":{"om_disable_all_campaigns":false,"inline_featured_image":false,"_monsterinsights_skip_tracking":false,"_monsterinsights_sitenote_active":false,"_monsterinsights_sitenote_note":"","_monsterinsights_sitenote_category":0,"footnotes":""},"categories":[15],"tags":[22,21,59,56,60],"class_list":["post-250","post","type-post","status-publish","format-standard","has-post-thumbnail","hentry","category-inmobiliario","tag-construccion-2","tag-inmobiliario-2","tag-merida","tag-sustentable","tag-vivienda-2"],"yoast_head":"<!-- This site is optimized with the Yoast SEO plugin v27.5 - https:\/\/yoast.com\/product\/yoast-seo-wordpress\/ -->\n<title>Construir\u00e1n ciudad sustentable dentro de M\u00e9rida -<\/title>\n<meta name=\"description\" content=\"El proyecto ser\u00e1 el primer Desarrollo Urbano Integral Sustentable (DUIS) en el estado de Yucat\u00e1n y el noveno a nivel nacional\u00a0 &nbsp; &nbsp; Al sur de la\" \/>\n<meta name=\"robots\" content=\"index, follow, max-snippet:-1, max-image-preview:large, max-video-preview:-1\" \/>\n<link rel=\"canonical\" href=\"https:\/\/centrourbano.com\/revista\/inmobiliario\/construiran-ciudad-sustentable-dentro-de-merida\/\" \/>\n<meta property=\"og:locale\" content=\"es_ES\" \/>\n<meta property=\"og:type\" content=\"article\" \/>\n<meta property=\"og:title\" content=\"Construir\u00e1n ciudad sustentable dentro de M\u00e9rida -\" \/>\n<meta property=\"og:description\" content=\"El proyecto ser\u00e1 el primer Desarrollo Urbano Integral Sustentable (DUIS) en el estado de Yucat\u00e1n y el noveno a nivel nacional\u00a0 &nbsp; &nbsp; Al sur de la\" \/>\n<meta property=\"og:url\" content=\"https:\/\/centrourbano.com\/revista\/inmobiliario\/construiran-ciudad-sustentable-dentro-de-merida\/\" \/>\n<meta property=\"og:site_name\" content=\"Centro Urbano\" \/>\n<meta property=\"article:publisher\" content=\"https:\/\/www.facebook.com\/portalcentrourbano\" \/>\n<meta property=\"article:published_time\" content=\"2013-10-11T08:00:52+00:00\" \/>\n<meta property=\"article:modified_time\" content=\"2014-03-20T21:17:33+00:00\" \/>\n<meta property=\"og:image\" content=\"https:\/\/centrourbano.com\/revista\/wp-content\/uploads\/merida1.jpg\" \/>\n\t<meta property=\"og:image:width\" content=\"450\" \/>\n\t<meta property=\"og:image:height\" content=\"299\" \/>\n\t<meta property=\"og:image:type\" content=\"image\/jpeg\" \/>\n<meta name=\"author\" content=\"Dinorah Nava\" \/>\n<meta name=\"twitter:card\" content=\"summary_large_image\" \/>\n<meta name=\"twitter:creator\" content=\"@https:\/\/twitter.com\/Dinorah_Nava28\" \/>\n<meta name=\"twitter:site\" content=\"@CentroUrbano\" \/>\n<meta name=\"twitter:label1\" content=\"Escrito por\" \/>\n\t<meta name=\"twitter:data1\" content=\"Dinorah Nava\" \/>\n\t<meta name=\"twitter:label2\" content=\"Tiempo de lectura\" \/>\n\t<meta name=\"twitter:data2\" content=\"2 minutos\" \/>\n<script type=\"application\/ld+json\" class=\"yoast-schema-graph\">{\"@context\":\"https:\\\/\\\/schema.org\",\"@graph\":[{\"@type\":\"Article\",\"@id\":\"https:\\\/\\\/centrourbano.com\\\/revista\\\/inmobiliario\\\/construiran-ciudad-sustentable-dentro-de-merida\\\/#article\",\"isPartOf\":{\"@id\":\"https:\\\/\\\/centrourbano.com\\\/revista\\\/inmobiliario\\\/construiran-ciudad-sustentable-dentro-de-merida\\\/\"},\"author\":{\"name\":\"Dinorah Nava\",\"@id\":\"https:\\\/\\\/centrourbano.com\\\/revista\\\/#\\\/schema\\\/person\\\/baa9e569588d5544150642a11ad28b8b\"},\"headline\":\"Construir\u00e1n ciudad sustentable dentro de M\u00e9rida\",\"datePublished\":\"2013-10-11T08:00:52+00:00\",\"dateModified\":\"2014-03-20T21:17:33+00:00\",\"mainEntityOfPage\":{\"@id\":\"https:\\\/\\\/centrourbano.com\\\/revista\\\/inmobiliario\\\/construiran-ciudad-sustentable-dentro-de-merida\\\/\"},\"wordCount\":409,\"commentCount\":0,\"publisher\":{\"@id\":\"https:\\\/\\\/centrourbano.com\\\/revista\\\/#organization\"},\"image\":{\"@id\":\"https:\\\/\\\/centrourbano.com\\\/revista\\\/inmobiliario\\\/construiran-ciudad-sustentable-dentro-de-merida\\\/#primaryimage\"},\"thumbnailUrl\":\"https:\\\/\\\/centrourbano.com\\\/revista\\\/wp-content\\\/uploads\\\/merida1.jpg\",\"keywords\":[\"construcci\u00f3n\",\"inmobiliario\",\"M\u00e9rida\",\"sustentable\",\"vivienda\"],\"articleSection\":[\"Inmobiliario\"],\"inLanguage\":\"es\",\"potentialAction\":[{\"@type\":\"CommentAction\",\"name\":\"Comment\",\"target\":[\"https:\\\/\\\/centrourbano.com\\\/revista\\\/inmobiliario\\\/construiran-ciudad-sustentable-dentro-de-merida\\\/#respond\"]}]},{\"@type\":\"WebPage\",\"@id\":\"https:\\\/\\\/centrourbano.com\\\/revista\\\/inmobiliario\\\/construiran-ciudad-sustentable-dentro-de-merida\\\/\",\"url\":\"https:\\\/\\\/centrourbano.com\\\/revista\\\/inmobiliario\\\/construiran-ciudad-sustentable-dentro-de-merida\\\/\",\"name\":\"Construir\u00e1n ciudad sustentable dentro de M\u00e9rida -\",\"isPartOf\":{\"@id\":\"https:\\\/\\\/centrourbano.com\\\/revista\\\/#website\"},\"primaryImageOfPage\":{\"@id\":\"https:\\\/\\\/centrourbano.com\\\/revista\\\/inmobiliario\\\/construiran-ciudad-sustentable-dentro-de-merida\\\/#primaryimage\"},\"image\":{\"@id\":\"https:\\\/\\\/centrourbano.com\\\/revista\\\/inmobiliario\\\/construiran-ciudad-sustentable-dentro-de-merida\\\/#primaryimage\"},\"thumbnailUrl\":\"https:\\\/\\\/centrourbano.com\\\/revista\\\/wp-content\\\/uploads\\\/merida1.jpg\",\"datePublished\":\"2013-10-11T08:00:52+00:00\",\"dateModified\":\"2014-03-20T21:17:33+00:00\",\"description\":\"El proyecto ser\u00e1 el primer Desarrollo Urbano Integral Sustentable (DUIS) en el estado de Yucat\u00e1n y el noveno a nivel nacional\u00a0 &nbsp; &nbsp; Al sur de la\",\"breadcrumb\":{\"@id\":\"https:\\\/\\\/centrourbano.com\\\/revista\\\/inmobiliario\\\/construiran-ciudad-sustentable-dentro-de-merida\\\/#breadcrumb\"},\"inLanguage\":\"es\",\"potentialAction\":[{\"@type\":\"ReadAction\",\"target\":[\"https:\\\/\\\/centrourbano.com\\\/revista\\\/inmobiliario\\\/construiran-ciudad-sustentable-dentro-de-merida\\\/\"]}]},{\"@type\":\"ImageObject\",\"inLanguage\":\"es\",\"@id\":\"https:\\\/\\\/centrourbano.com\\\/revista\\\/inmobiliario\\\/construiran-ciudad-sustentable-dentro-de-merida\\\/#primaryimage\",\"url\":\"https:\\\/\\\/centrourbano.com\\\/revista\\\/wp-content\\\/uploads\\\/merida1.jpg\",\"contentUrl\":\"https:\\\/\\\/centrourbano.com\\\/revista\\\/wp-content\\\/uploads\\\/merida1.jpg\",\"width\":450,\"height\":299},{\"@type\":\"BreadcrumbList\",\"@id\":\"https:\\\/\\\/centrourbano.com\\\/revista\\\/inmobiliario\\\/construiran-ciudad-sustentable-dentro-de-merida\\\/#breadcrumb\",\"itemListElement\":[{\"@type\":\"ListItem\",\"position\":1,\"name\":\"Portada\",\"item\":\"https:\\\/\\\/centrourbano.com\\\/revista\\\/\"},{\"@type\":\"ListItem\",\"position\":2,\"name\":\"Construir\u00e1n ciudad sustentable dentro de M\u00e9rida\"}]},{\"@type\":\"WebSite\",\"@id\":\"https:\\\/\\\/centrourbano.com\\\/revista\\\/#website\",\"url\":\"https:\\\/\\\/centrourbano.com\\\/revista\\\/\",\"name\":\"Centro Urbano\",\"description\":\"Medio especializado en los sectores vivienda, inmobiliario, construcci\u00f3n, arquitectura y urbanismo.\",\"publisher\":{\"@id\":\"https:\\\/\\\/centrourbano.com\\\/revista\\\/#organization\"},\"potentialAction\":[{\"@type\":\"SearchAction\",\"target\":{\"@type\":\"EntryPoint\",\"urlTemplate\":\"https:\\\/\\\/centrourbano.com\\\/revista\\\/?s={search_term_string}\"},\"query-input\":{\"@type\":\"PropertyValueSpecification\",\"valueRequired\":true,\"valueName\":\"search_term_string\"}}],\"inLanguage\":\"es\"},{\"@type\":\"Organization\",\"@id\":\"https:\\\/\\\/centrourbano.com\\\/revista\\\/#organization\",\"name\":\"Centro Urbano\",\"url\":\"https:\\\/\\\/centrourbano.com\\\/revista\\\/\",\"logo\":{\"@type\":\"ImageObject\",\"inLanguage\":\"es\",\"@id\":\"https:\\\/\\\/centrourbano.com\\\/revista\\\/#\\\/schema\\\/logo\\\/image\\\/\",\"url\":\"https:\\\/\\\/centrourbano.com\\\/revista\\\/wp-content\\\/uploads\\\/web_CU_logo-1.png\",\"contentUrl\":\"https:\\\/\\\/centrourbano.com\\\/revista\\\/wp-content\\\/uploads\\\/web_CU_logo-1.png\",\"width\":350,\"height\":91,\"caption\":\"Centro Urbano\"},\"image\":{\"@id\":\"https:\\\/\\\/centrourbano.com\\\/revista\\\/#\\\/schema\\\/logo\\\/image\\\/\"},\"sameAs\":[\"https:\\\/\\\/www.facebook.com\\\/portalcentrourbano\",\"https:\\\/\\\/x.com\\\/CentroUrbano\",\"https:\\\/\\\/www.instagram.com\\\/centro_urbano\\\/\",\"https:\\\/\\\/www.linkedin.com\\\/company\\\/centro-urbano\\\/\",\"http:\\\/\\\/www.youtube.com\\\/user\\\/portalcentrourbano\"]},{\"@type\":\"Person\",\"@id\":\"https:\\\/\\\/centrourbano.com\\\/revista\\\/#\\\/schema\\\/person\\\/baa9e569588d5544150642a11ad28b8b\",\"name\":\"Dinorah Nava\",\"image\":{\"@type\":\"ImageObject\",\"inLanguage\":\"es\",\"@id\":\"https:\\\/\\\/secure.gravatar.com\\\/avatar\\\/f6ca6430c51d147f363940f84e1225aa4b8183885c11802cc3b042305a4ecc1a?s=96&d=mm&r=g\",\"url\":\"https:\\\/\\\/secure.gravatar.com\\\/avatar\\\/f6ca6430c51d147f363940f84e1225aa4b8183885c11802cc3b042305a4ecc1a?s=96&d=mm&r=g\",\"contentUrl\":\"https:\\\/\\\/secure.gravatar.com\\\/avatar\\\/f6ca6430c51d147f363940f84e1225aa4b8183885c11802cc3b042305a4ecc1a?s=96&d=mm&r=g\",\"caption\":\"Dinorah Nava\"},\"description\":\"Editora de Contenidos y Estrategias Digitales en Centro Urbano y Coeditora en Peri\u00f3dico Mi Casa. Egresada de la licenciatura en Comunicaci\u00f3n y Periodismo de la Facultad de Estudios Superiores Arag\u00f3n (UNAM). Amante de la edici\u00f3n y correcci\u00f3n de estilo, las redes sociales y el mundo digital. Especialista en temas son arquitectura, inmobiliario y urbanismo.\",\"sameAs\":[\"linkedin.com\\\/in\\\/dinorah-nava\",\"https:\\\/\\\/x.com\\\/https:\\\/\\\/twitter.com\\\/Dinorah_Nava28\"],\"url\":\"https:\\\/\\\/centrourbano.com\\\/revista\\\/author\\\/dinorah-nava\\\/\"}]}<\/script>\n<!-- \/ Yoast SEO plugin. -->","yoast_head_json":{"title":"Construir\u00e1n ciudad sustentable dentro de M\u00e9rida -","description":"El proyecto ser\u00e1 el primer Desarrollo Urbano Integral Sustentable (DUIS) en el estado de Yucat\u00e1n y el noveno a nivel nacional\u00a0 &nbsp; &nbsp; Al sur de la","robots":{"index":"index","follow":"follow","max-snippet":"max-snippet:-1","max-image-preview":"max-image-preview:large","max-video-preview":"max-video-preview:-1"},"canonical":"https:\/\/centrourbano.com\/revista\/inmobiliario\/construiran-ciudad-sustentable-dentro-de-merida\/","og_locale":"es_ES","og_type":"article","og_title":"Construir\u00e1n ciudad sustentable dentro de M\u00e9rida -","og_description":"El proyecto ser\u00e1 el primer Desarrollo Urbano Integral Sustentable (DUIS) en el estado de Yucat\u00e1n y el noveno a nivel nacional\u00a0 &nbsp; &nbsp; Al sur de la","og_url":"https:\/\/centrourbano.com\/revista\/inmobiliario\/construiran-ciudad-sustentable-dentro-de-merida\/","og_site_name":"Centro Urbano","article_publisher":"https:\/\/www.facebook.com\/portalcentrourbano","article_published_time":"2013-10-11T08:00:52+00:00","article_modified_time":"2014-03-20T21:17:33+00:00","og_image":[{"width":450,"height":299,"url":"https:\/\/centrourbano.com\/revista\/wp-content\/uploads\/merida1.jpg","type":"image\/jpeg"}],"author":"Dinorah Nava","twitter_card":"summary_large_image","twitter_creator":"@https:\/\/twitter.com\/Dinorah_Nava28","twitter_site":"@CentroUrbano","twitter_misc":{"Escrito por":"Dinorah Nava","Tiempo de lectura":"2 minutos"},"schema":{"@context":"https:\/\/schema.org","@graph":[{"@type":"Article","@id":"https:\/\/centrourbano.com\/revista\/inmobiliario\/construiran-ciudad-sustentable-dentro-de-merida\/#article","isPartOf":{"@id":"https:\/\/centrourbano.com\/revista\/inmobiliario\/construiran-ciudad-sustentable-dentro-de-merida\/"},"author":{"name":"Dinorah Nava","@id":"https:\/\/centrourbano.com\/revista\/#\/schema\/person\/baa9e569588d5544150642a11ad28b8b"},"headline":"Construir\u00e1n ciudad sustentable dentro de M\u00e9rida","datePublished":"2013-10-11T08:00:52+00:00","dateModified":"2014-03-20T21:17:33+00:00","mainEntityOfPage":{"@id":"https:\/\/centrourbano.com\/revista\/inmobiliario\/construiran-ciudad-sustentable-dentro-de-merida\/"},"wordCount":409,"commentCount":0,"publisher":{"@id":"https:\/\/centrourbano.com\/revista\/#organization"},"image":{"@id":"https:\/\/centrourbano.com\/revista\/inmobiliario\/construiran-ciudad-sustentable-dentro-de-merida\/#primaryimage"},"thumbnailUrl":"https:\/\/centrourbano.com\/revista\/wp-content\/uploads\/merida1.jpg","keywords":["construcci\u00f3n","inmobiliario","M\u00e9rida","sustentable","vivienda"],"articleSection":["Inmobiliario"],"inLanguage":"es","potentialAction":[{"@type":"CommentAction","name":"Comment","target":["https:\/\/centrourbano.com\/revista\/inmobiliario\/construiran-ciudad-sustentable-dentro-de-merida\/#respond"]}]},{"@type":"WebPage","@id":"https:\/\/centrourbano.com\/revista\/inmobiliario\/construiran-ciudad-sustentable-dentro-de-merida\/","url":"https:\/\/centrourbano.com\/revista\/inmobiliario\/construiran-ciudad-sustentable-dentro-de-merida\/","name":"Construir\u00e1n ciudad sustentable dentro de M\u00e9rida -","isPartOf":{"@id":"https:\/\/centrourbano.com\/revista\/#website"},"primaryImageOfPage":{"@id":"https:\/\/centrourbano.com\/revista\/inmobiliario\/construiran-ciudad-sustentable-dentro-de-merida\/#primaryimage"},"image":{"@id":"https:\/\/centrourbano.com\/revista\/inmobiliario\/construiran-ciudad-sustentable-dentro-de-merida\/#primaryimage"},"thumbnailUrl":"https:\/\/centrourbano.com\/revista\/wp-content\/uploads\/merida1.jpg","datePublished":"2013-10-11T08:00:52+00:00","dateModified":"2014-03-20T21:17:33+00:00","description":"El proyecto ser\u00e1 el primer Desarrollo Urbano Integral Sustentable (DUIS) en el estado de Yucat\u00e1n y el noveno a nivel nacional\u00a0 &nbsp; &nbsp; Al sur de la","breadcrumb":{"@id":"https:\/\/centrourbano.com\/revista\/inmobiliario\/construiran-ciudad-sustentable-dentro-de-merida\/#breadcrumb"},"inLanguage":"es","potentialAction":[{"@type":"ReadAction","target":["https:\/\/centrourbano.com\/revista\/inmobiliario\/construiran-ciudad-sustentable-dentro-de-merida\/"]}]},{"@type":"ImageObject","inLanguage":"es","@id":"https:\/\/centrourbano.com\/revista\/inmobiliario\/construiran-ciudad-sustentable-dentro-de-merida\/#primaryimage","url":"https:\/\/centrourbano.com\/revista\/wp-content\/uploads\/merida1.jpg","contentUrl":"https:\/\/centrourbano.com\/revista\/wp-content\/uploads\/merida1.jpg","width":450,"height":299},{"@type":"BreadcrumbList","@id":"https:\/\/centrourbano.com\/revista\/inmobiliario\/construiran-ciudad-sustentable-dentro-de-merida\/#breadcrumb","itemListElement":[{"@type":"ListItem","position":1,"name":"Portada","item":"https:\/\/centrourbano.com\/revista\/"},{"@type":"ListItem","position":2,"name":"Construir\u00e1n ciudad sustentable dentro de M\u00e9rida"}]},{"@type":"WebSite","@id":"https:\/\/centrourbano.com\/revista\/#website","url":"https:\/\/centrourbano.com\/revista\/","name":"Centro Urbano","description":"Medio especializado en los sectores vivienda, inmobiliario, construcci\u00f3n, arquitectura y urbanismo.","publisher":{"@id":"https:\/\/centrourbano.com\/revista\/#organization"},"potentialAction":[{"@type":"SearchAction","target":{"@type":"EntryPoint","urlTemplate":"https:\/\/centrourbano.com\/revista\/?s={search_term_string}"},"query-input":{"@type":"PropertyValueSpecification","valueRequired":true,"valueName":"search_term_string"}}],"inLanguage":"es"},{"@type":"Organization","@id":"https:\/\/centrourbano.com\/revista\/#organization","name":"Centro Urbano","url":"https:\/\/centrourbano.com\/revista\/","logo":{"@type":"ImageObject","inLanguage":"es","@id":"https:\/\/centrourbano.com\/revista\/#\/schema\/logo\/image\/","url":"https:\/\/centrourbano.com\/revista\/wp-content\/uploads\/web_CU_logo-1.png","contentUrl":"https:\/\/centrourbano.com\/revista\/wp-content\/uploads\/web_CU_logo-1.png","width":350,"height":91,"caption":"Centro Urbano"},"image":{"@id":"https:\/\/centrourbano.com\/revista\/#\/schema\/logo\/image\/"},"sameAs":["https:\/\/www.facebook.com\/portalcentrourbano","https:\/\/x.com\/CentroUrbano","https:\/\/www.instagram.com\/centro_urbano\/","https:\/\/www.linkedin.com\/company\/centro-urbano\/","http:\/\/www.youtube.com\/user\/portalcentrourbano"]},{"@type":"Person","@id":"https:\/\/centrourbano.com\/revista\/#\/schema\/person\/baa9e569588d5544150642a11ad28b8b","name":"Dinorah Nava","image":{"@type":"ImageObject","inLanguage":"es","@id":"https:\/\/secure.gravatar.com\/avatar\/f6ca6430c51d147f363940f84e1225aa4b8183885c11802cc3b042305a4ecc1a?s=96&d=mm&r=g","url":"https:\/\/secure.gravatar.com\/avatar\/f6ca6430c51d147f363940f84e1225aa4b8183885c11802cc3b042305a4ecc1a?s=96&d=mm&r=g","contentUrl":"https:\/\/secure.gravatar.com\/avatar\/f6ca6430c51d147f363940f84e1225aa4b8183885c11802cc3b042305a4ecc1a?s=96&d=mm&r=g","caption":"Dinorah Nava"},"description":"Editora de Contenidos y Estrategias Digitales en Centro Urbano y Coeditora en Peri\u00f3dico Mi Casa. Egresada de la licenciatura en Comunicaci\u00f3n y Periodismo de la Facultad de Estudios Superiores Arag\u00f3n (UNAM). Amante de la edici\u00f3n y correcci\u00f3n de estilo, las redes sociales y el mundo digital. Especialista en temas son arquitectura, inmobiliario y urbanismo.","sameAs":["linkedin.com\/in\/dinorah-nava","https:\/\/x.com\/https:\/\/twitter.com\/Dinorah_Nava28"],"url":"https:\/\/centrourbano.com\/revista\/author\/dinorah-nava\/"}]}},"_links":{"self":[{"href":"https:\/\/centrourbano.com\/revista\/wp-json\/wp\/v2\/posts\/250","targetHints":{"allow":["GET"]}}],"collection":[{"href":"https:\/\/centrourbano.com\/revista\/wp-json\/wp\/v2\/posts"}],"about":[{"href":"https:\/\/centrourbano.com\/revista\/wp-json\/wp\/v2\/types\/post"}],"author":[{"embeddable":true,"href":"https:\/\/centrourbano.com\/revista\/wp-json\/wp\/v2\/users\/9"}],"replies":[{"embeddable":true,"href":"https:\/\/centrourbano.com\/revista\/wp-json\/wp\/v2\/comments?post=250"}],"version-history":[{"count":0,"href":"https:\/\/centrourbano.com\/revista\/wp-json\/wp\/v2\/posts\/250\/revisions"}],"wp:featuredmedia":[{"embeddable":true,"href":"https:\/\/centrourbano.com\/revista\/wp-json\/wp\/v2\/media\/16390"}],"wp:attachment":[{"href":"https:\/\/centrourbano.com\/revista\/wp-json\/wp\/v2\/media?parent=250"}],"wp:term":[{"taxonomy":"category","embeddable":true,"href":"https:\/\/centrourbano.com\/revista\/wp-json\/wp\/v2\/categories?post=250"},{"taxonomy":"post_tag","embeddable":true,"href":"https:\/\/centrourbano.com\/revista\/wp-json\/wp\/v2\/tags?post=250"}],"curies":[{"name":"wp","href":"https:\/\/api.w.org\/{rel}","templated":true}]}}