{"id":24728,"date":"2015-10-21T12:43:04","date_gmt":"2015-10-21T17:43:04","guid":{"rendered":"http:\/\/centrourbano.com\/?p=24728"},"modified":"2015-10-21T18:42:45","modified_gmt":"2015-10-21T23:42:45","slug":"premian-a-fundador-de-echale-a-tu-casa","status":"publish","type":"post","link":"https:\/\/centrourbano.com\/revista\/vivienda\/premian-a-fundador-de-echale-a-tu-casa\/","title":{"rendered":"Premian a fundador de \u2018\u00c9chale a tu casa\u2019"},"content":{"rendered":"<p>&nbsp;<\/p>\n<p><em>El mexicano fue reconocido como emprendedor en el <\/em><em>World Entrepreneurship Forum\u00a0<\/em><!--more--><\/p>\n<p>&nbsp;<\/p>\n<p>El mexicano Francesco Piazzesi Tommasi fue premiado en la octava edici\u00f3n del World Entrepreneurship Forum, en la categor\u00eda de emprendedor social por su iniciativa \u201c\u00c9chale a tu casa\u201d, junto con otros cuatro emprendedores excepcionales por su impacto en la sociedad y su capacidad para cambiar el mundo.<\/p>\n<p>&nbsp;<\/p>\n<p>El reconocimiento que recibi\u00f3 Piazzesi fue por su preocupaci\u00f3n por la falta de viviendas dignas para los sectores m\u00e1s desfavorecidos de la sociedad, por lo que con su iniciativa y experiencia en el sector inmobiliario promueve un modelo de autoconstrucci\u00f3n y financiamiento de viviendas seguras y ecol\u00f3gicas.<\/p>\n<p>&nbsp;<\/p>\n<p>World Entrepreneurship Forum se desarrolla del 19 al 22 de octubre en Hangzhou (China). Fue fundado en 2008 por EMLYON Business School, en Francia; al que se sumaron Community for Entrepreneurship (ACE) y Nanyang Technological University (NTU) de Singapur y la Universidad de Zhejiang en China.<\/p>\n<p>&nbsp;<\/p>\n<p>En \u00e9l se seleccionan y re\u00fanen m\u00e1s de 1,000 miembros, entre emprendedores sociales y empresariales, inversores y expertos de 80 pa\u00edses para estimular el pensamiento creativo que favorezcan la acci\u00f3n y la innovaci\u00f3n.<\/p>\n<p>&nbsp;<\/p>\n<p>Tambi\u00e9n fueron premiados en la categor\u00eda \u201cemprendedor de negocios\u201d Timothy Draper: Fundador de Draper Fisher Jurvetson y Draper University, de Estados Unidos; en la de educador Wong Poh Kam, director del Centro de Iniciativa Empresarial de la Universidad Nacional de Singapur y, finalmente, en la de joven emprendedor se reconoci\u00f3 a Bernice Dapaah, de Ghana y Mao Jingxiang, de China.<\/p>\n<p>&nbsp;<\/p>\n","protected":false},"excerpt":{"rendered":"<p>&nbsp; El mexicano fue reconocido como emprendedor en el World Entrepreneurship Forum\u00a0<\/p>\n","protected":false},"author":37,"featured_media":24729,"comment_status":"open","ping_status":"closed","sticky":false,"template":"","format":"standard","meta":{"om_disable_all_campaigns":false,"inline_featured_image":false,"_monsterinsights_skip_tracking":false,"_monsterinsights_sitenote_active":false,"_monsterinsights_sitenote_note":"","_monsterinsights_sitenote_category":0,"footnotes":""},"categories":[12],"tags":[6752,6795,6794],"class_list":["post-24728","post","type-post","status-publish","format-standard","has-post-thumbnail","hentry","category-vivienda","tag-echale-a-tu-casa","tag-francesco-piazzesi","tag-world-entrepreneurship-forum"],"yoast_head":"<!-- This site is optimized with the Yoast SEO plugin v27.5 - https:\/\/yoast.com\/product\/yoast-seo-wordpress\/ -->\n<title>Premian a fundador de \u2018\u00c9chale a tu casa\u2019 -<\/title>\n<meta name=\"description\" content=\"&nbsp; El mexicano fue reconocido como emprendedor en el World Entrepreneurship Forum\u00a0 &nbsp; El mexicano Francesco Piazzesi Tommasi fue premiado en la\" \/>\n<meta name=\"robots\" content=\"index, follow, max-snippet:-1, max-image-preview:large, max-video-preview:-1\" \/>\n<link rel=\"canonical\" href=\"https:\/\/centrourbano.com\/revista\/vivienda\/premian-a-fundador-de-echale-a-tu-casa\/\" \/>\n<meta property=\"og:locale\" content=\"es_ES\" \/>\n<meta property=\"og:type\" content=\"article\" \/>\n<meta property=\"og:title\" content=\"Premian a fundador de \u2018\u00c9chale a tu casa\u2019 -\" \/>\n<meta property=\"og:description\" content=\"&nbsp; El mexicano fue reconocido como emprendedor en el World Entrepreneurship Forum\u00a0 &nbsp; El mexicano Francesco Piazzesi Tommasi fue premiado en la\" \/>\n<meta property=\"og:url\" content=\"https:\/\/centrourbano.com\/revista\/vivienda\/premian-a-fundador-de-echale-a-tu-casa\/\" \/>\n<meta property=\"og:site_name\" content=\"Centro Urbano\" \/>\n<meta property=\"article:publisher\" content=\"https:\/\/www.facebook.com\/portalcentrourbano\" \/>\n<meta property=\"article:published_time\" content=\"2015-10-21T17:43:04+00:00\" \/>\n<meta property=\"article:modified_time\" content=\"2015-10-21T23:42:45+00:00\" \/>\n<meta property=\"og:image\" content=\"https:\/\/centrourbano.com\/revista\/wp-content\/uploads\/Francesco.jpg\" \/>\n\t<meta property=\"og:image:width\" content=\"640\" \/>\n\t<meta property=\"og:image:height\" content=\"480\" \/>\n\t<meta property=\"og:image:type\" content=\"image\/jpeg\" \/>\n<meta name=\"author\" content=\"Diego Rodr\u00edguez\" \/>\n<meta name=\"twitter:card\" content=\"summary_large_image\" \/>\n<meta name=\"twitter:creator\" content=\"@CentroUrbano\" \/>\n<meta name=\"twitter:site\" content=\"@CentroUrbano\" \/>\n<meta name=\"twitter:label1\" content=\"Escrito por\" \/>\n\t<meta name=\"twitter:data1\" content=\"Diego Rodr\u00edguez\" \/>\n\t<meta name=\"twitter:label2\" content=\"Tiempo de lectura\" \/>\n\t<meta name=\"twitter:data2\" content=\"1 minuto\" \/>\n<script type=\"application\/ld+json\" class=\"yoast-schema-graph\">{\"@context\":\"https:\\\/\\\/schema.org\",\"@graph\":[{\"@type\":\"Article\",\"@id\":\"https:\\\/\\\/centrourbano.com\\\/revista\\\/vivienda\\\/premian-a-fundador-de-echale-a-tu-casa\\\/#article\",\"isPartOf\":{\"@id\":\"https:\\\/\\\/centrourbano.com\\\/revista\\\/vivienda\\\/premian-a-fundador-de-echale-a-tu-casa\\\/\"},\"author\":{\"name\":\"Diego Rodr\u00edguez\",\"@id\":\"https:\\\/\\\/centrourbano.com\\\/revista\\\/#\\\/schema\\\/person\\\/dbdc8d1d633eb3e0461138eedc8a0615\"},\"headline\":\"Premian a fundador de \u2018\u00c9chale a tu casa\u2019\",\"datePublished\":\"2015-10-21T17:43:04+00:00\",\"dateModified\":\"2015-10-21T23:42:45+00:00\",\"mainEntityOfPage\":{\"@id\":\"https:\\\/\\\/centrourbano.com\\\/revista\\\/vivienda\\\/premian-a-fundador-de-echale-a-tu-casa\\\/\"},\"wordCount\":267,\"commentCount\":0,\"publisher\":{\"@id\":\"https:\\\/\\\/centrourbano.com\\\/revista\\\/#organization\"},\"image\":{\"@id\":\"https:\\\/\\\/centrourbano.com\\\/revista\\\/vivienda\\\/premian-a-fundador-de-echale-a-tu-casa\\\/#primaryimage\"},\"thumbnailUrl\":\"https:\\\/\\\/centrourbano.com\\\/revista\\\/wp-content\\\/uploads\\\/Francesco.jpg\",\"keywords\":[\"Echale a Tu casa\",\"Francesco Piazzesi\",\"World Entrepreneurship Forum\"],\"articleSection\":[\"Vivienda\"],\"inLanguage\":\"es\",\"potentialAction\":[{\"@type\":\"CommentAction\",\"name\":\"Comment\",\"target\":[\"https:\\\/\\\/centrourbano.com\\\/revista\\\/vivienda\\\/premian-a-fundador-de-echale-a-tu-casa\\\/#respond\"]}]},{\"@type\":\"WebPage\",\"@id\":\"https:\\\/\\\/centrourbano.com\\\/revista\\\/vivienda\\\/premian-a-fundador-de-echale-a-tu-casa\\\/\",\"url\":\"https:\\\/\\\/centrourbano.com\\\/revista\\\/vivienda\\\/premian-a-fundador-de-echale-a-tu-casa\\\/\",\"name\":\"Premian a fundador de \u2018\u00c9chale a tu casa\u2019 -\",\"isPartOf\":{\"@id\":\"https:\\\/\\\/centrourbano.com\\\/revista\\\/#website\"},\"primaryImageOfPage\":{\"@id\":\"https:\\\/\\\/centrourbano.com\\\/revista\\\/vivienda\\\/premian-a-fundador-de-echale-a-tu-casa\\\/#primaryimage\"},\"image\":{\"@id\":\"https:\\\/\\\/centrourbano.com\\\/revista\\\/vivienda\\\/premian-a-fundador-de-echale-a-tu-casa\\\/#primaryimage\"},\"thumbnailUrl\":\"https:\\\/\\\/centrourbano.com\\\/revista\\\/wp-content\\\/uploads\\\/Francesco.jpg\",\"datePublished\":\"2015-10-21T17:43:04+00:00\",\"dateModified\":\"2015-10-21T23:42:45+00:00\",\"description\":\"&nbsp; El mexicano fue reconocido como emprendedor en el World Entrepreneurship Forum\u00a0 &nbsp; El mexicano Francesco Piazzesi Tommasi fue premiado en la\",\"breadcrumb\":{\"@id\":\"https:\\\/\\\/centrourbano.com\\\/revista\\\/vivienda\\\/premian-a-fundador-de-echale-a-tu-casa\\\/#breadcrumb\"},\"inLanguage\":\"es\",\"potentialAction\":[{\"@type\":\"ReadAction\",\"target\":[\"https:\\\/\\\/centrourbano.com\\\/revista\\\/vivienda\\\/premian-a-fundador-de-echale-a-tu-casa\\\/\"]}]},{\"@type\":\"ImageObject\",\"inLanguage\":\"es\",\"@id\":\"https:\\\/\\\/centrourbano.com\\\/revista\\\/vivienda\\\/premian-a-fundador-de-echale-a-tu-casa\\\/#primaryimage\",\"url\":\"https:\\\/\\\/centrourbano.com\\\/revista\\\/wp-content\\\/uploads\\\/Francesco.jpg\",\"contentUrl\":\"https:\\\/\\\/centrourbano.com\\\/revista\\\/wp-content\\\/uploads\\\/Francesco.jpg\",\"width\":640,\"height\":480},{\"@type\":\"BreadcrumbList\",\"@id\":\"https:\\\/\\\/centrourbano.com\\\/revista\\\/vivienda\\\/premian-a-fundador-de-echale-a-tu-casa\\\/#breadcrumb\",\"itemListElement\":[{\"@type\":\"ListItem\",\"position\":1,\"name\":\"Portada\",\"item\":\"https:\\\/\\\/centrourbano.com\\\/revista\\\/\"},{\"@type\":\"ListItem\",\"position\":2,\"name\":\"Premian a fundador de \u2018\u00c9chale a tu casa\u2019\"}]},{\"@type\":\"WebSite\",\"@id\":\"https:\\\/\\\/centrourbano.com\\\/revista\\\/#website\",\"url\":\"https:\\\/\\\/centrourbano.com\\\/revista\\\/\",\"name\":\"Centro Urbano\",\"description\":\"Medio especializado en los sectores vivienda, inmobiliario, construcci\u00f3n, arquitectura y urbanismo.\",\"publisher\":{\"@id\":\"https:\\\/\\\/centrourbano.com\\\/revista\\\/#organization\"},\"potentialAction\":[{\"@type\":\"SearchAction\",\"target\":{\"@type\":\"EntryPoint\",\"urlTemplate\":\"https:\\\/\\\/centrourbano.com\\\/revista\\\/?s={search_term_string}\"},\"query-input\":{\"@type\":\"PropertyValueSpecification\",\"valueRequired\":true,\"valueName\":\"search_term_string\"}}],\"inLanguage\":\"es\"},{\"@type\":\"Organization\",\"@id\":\"https:\\\/\\\/centrourbano.com\\\/revista\\\/#organization\",\"name\":\"Centro Urbano\",\"url\":\"https:\\\/\\\/centrourbano.com\\\/revista\\\/\",\"logo\":{\"@type\":\"ImageObject\",\"inLanguage\":\"es\",\"@id\":\"https:\\\/\\\/centrourbano.com\\\/revista\\\/#\\\/schema\\\/logo\\\/image\\\/\",\"url\":\"https:\\\/\\\/centrourbano.com\\\/revista\\\/wp-content\\\/uploads\\\/web_CU_logo-1.png\",\"contentUrl\":\"https:\\\/\\\/centrourbano.com\\\/revista\\\/wp-content\\\/uploads\\\/web_CU_logo-1.png\",\"width\":350,\"height\":91,\"caption\":\"Centro Urbano\"},\"image\":{\"@id\":\"https:\\\/\\\/centrourbano.com\\\/revista\\\/#\\\/schema\\\/logo\\\/image\\\/\"},\"sameAs\":[\"https:\\\/\\\/www.facebook.com\\\/portalcentrourbano\",\"https:\\\/\\\/x.com\\\/CentroUrbano\",\"https:\\\/\\\/www.instagram.com\\\/centro_urbano\\\/\",\"https:\\\/\\\/www.linkedin.com\\\/company\\\/centro-urbano\\\/\",\"http:\\\/\\\/www.youtube.com\\\/user\\\/portalcentrourbano\"]},{\"@type\":\"Person\",\"@id\":\"https:\\\/\\\/centrourbano.com\\\/revista\\\/#\\\/schema\\\/person\\\/dbdc8d1d633eb3e0461138eedc8a0615\",\"name\":\"Diego Rodr\u00edguez\",\"image\":{\"@type\":\"ImageObject\",\"inLanguage\":\"es\",\"@id\":\"https:\\\/\\\/secure.gravatar.com\\\/avatar\\\/d217565525df2df5d4e7265d47758506f41845ed9529510921a7625d8365789d?s=96&d=mm&r=g\",\"url\":\"https:\\\/\\\/secure.gravatar.com\\\/avatar\\\/d217565525df2df5d4e7265d47758506f41845ed9529510921a7625d8365789d?s=96&d=mm&r=g\",\"contentUrl\":\"https:\\\/\\\/secure.gravatar.com\\\/avatar\\\/d217565525df2df5d4e7265d47758506f41845ed9529510921a7625d8365789d?s=96&d=mm&r=g\",\"caption\":\"Diego Rodr\u00edguez\"},\"description\":\"Egresado de la Facultad de Estudios Superiores Acatl\u00e1n de la carrera en Comunicaci\u00f3n, con especialidad en medios escritos. Reportero del desaparecido peri\u00f3dico Nuestro M\u00e9xico, en donde cubri\u00f3 las fuentes delegacionales y Asamblea Legislativa. Tambi\u00e9n trabaj\u00f3 en la Coordinaci\u00f3n de Comunicaci\u00f3n Social en la delegaci\u00f3n \u00c1lvaro Obreg\u00f3n. Le gusta leer novelas y cuentos.\",\"url\":\"https:\\\/\\\/centrourbano.com\\\/revista\\\/author\\\/diegorodriguez\\\/\"}]}<\/script>\n<!-- \/ Yoast SEO plugin. -->","yoast_head_json":{"title":"Premian a fundador de \u2018\u00c9chale a tu casa\u2019 -","description":"&nbsp; El mexicano fue reconocido como emprendedor en el World Entrepreneurship Forum\u00a0 &nbsp; El mexicano Francesco Piazzesi Tommasi fue premiado en la","robots":{"index":"index","follow":"follow","max-snippet":"max-snippet:-1","max-image-preview":"max-image-preview:large","max-video-preview":"max-video-preview:-1"},"canonical":"https:\/\/centrourbano.com\/revista\/vivienda\/premian-a-fundador-de-echale-a-tu-casa\/","og_locale":"es_ES","og_type":"article","og_title":"Premian a fundador de \u2018\u00c9chale a tu casa\u2019 -","og_description":"&nbsp; El mexicano fue reconocido como emprendedor en el World Entrepreneurship Forum\u00a0 &nbsp; El mexicano Francesco Piazzesi Tommasi fue premiado en la","og_url":"https:\/\/centrourbano.com\/revista\/vivienda\/premian-a-fundador-de-echale-a-tu-casa\/","og_site_name":"Centro Urbano","article_publisher":"https:\/\/www.facebook.com\/portalcentrourbano","article_published_time":"2015-10-21T17:43:04+00:00","article_modified_time":"2015-10-21T23:42:45+00:00","og_image":[{"width":640,"height":480,"url":"https:\/\/centrourbano.com\/revista\/wp-content\/uploads\/Francesco.jpg","type":"image\/jpeg"}],"author":"Diego Rodr\u00edguez","twitter_card":"summary_large_image","twitter_creator":"@CentroUrbano","twitter_site":"@CentroUrbano","twitter_misc":{"Escrito por":"Diego Rodr\u00edguez","Tiempo de lectura":"1 minuto"},"schema":{"@context":"https:\/\/schema.org","@graph":[{"@type":"Article","@id":"https:\/\/centrourbano.com\/revista\/vivienda\/premian-a-fundador-de-echale-a-tu-casa\/#article","isPartOf":{"@id":"https:\/\/centrourbano.com\/revista\/vivienda\/premian-a-fundador-de-echale-a-tu-casa\/"},"author":{"name":"Diego Rodr\u00edguez","@id":"https:\/\/centrourbano.com\/revista\/#\/schema\/person\/dbdc8d1d633eb3e0461138eedc8a0615"},"headline":"Premian a fundador de \u2018\u00c9chale a tu casa\u2019","datePublished":"2015-10-21T17:43:04+00:00","dateModified":"2015-10-21T23:42:45+00:00","mainEntityOfPage":{"@id":"https:\/\/centrourbano.com\/revista\/vivienda\/premian-a-fundador-de-echale-a-tu-casa\/"},"wordCount":267,"commentCount":0,"publisher":{"@id":"https:\/\/centrourbano.com\/revista\/#organization"},"image":{"@id":"https:\/\/centrourbano.com\/revista\/vivienda\/premian-a-fundador-de-echale-a-tu-casa\/#primaryimage"},"thumbnailUrl":"https:\/\/centrourbano.com\/revista\/wp-content\/uploads\/Francesco.jpg","keywords":["Echale a Tu casa","Francesco Piazzesi","World Entrepreneurship Forum"],"articleSection":["Vivienda"],"inLanguage":"es","potentialAction":[{"@type":"CommentAction","name":"Comment","target":["https:\/\/centrourbano.com\/revista\/vivienda\/premian-a-fundador-de-echale-a-tu-casa\/#respond"]}]},{"@type":"WebPage","@id":"https:\/\/centrourbano.com\/revista\/vivienda\/premian-a-fundador-de-echale-a-tu-casa\/","url":"https:\/\/centrourbano.com\/revista\/vivienda\/premian-a-fundador-de-echale-a-tu-casa\/","name":"Premian a fundador de \u2018\u00c9chale a tu casa\u2019 -","isPartOf":{"@id":"https:\/\/centrourbano.com\/revista\/#website"},"primaryImageOfPage":{"@id":"https:\/\/centrourbano.com\/revista\/vivienda\/premian-a-fundador-de-echale-a-tu-casa\/#primaryimage"},"image":{"@id":"https:\/\/centrourbano.com\/revista\/vivienda\/premian-a-fundador-de-echale-a-tu-casa\/#primaryimage"},"thumbnailUrl":"https:\/\/centrourbano.com\/revista\/wp-content\/uploads\/Francesco.jpg","datePublished":"2015-10-21T17:43:04+00:00","dateModified":"2015-10-21T23:42:45+00:00","description":"&nbsp; El mexicano fue reconocido como emprendedor en el World Entrepreneurship Forum\u00a0 &nbsp; El mexicano Francesco Piazzesi Tommasi fue premiado en la","breadcrumb":{"@id":"https:\/\/centrourbano.com\/revista\/vivienda\/premian-a-fundador-de-echale-a-tu-casa\/#breadcrumb"},"inLanguage":"es","potentialAction":[{"@type":"ReadAction","target":["https:\/\/centrourbano.com\/revista\/vivienda\/premian-a-fundador-de-echale-a-tu-casa\/"]}]},{"@type":"ImageObject","inLanguage":"es","@id":"https:\/\/centrourbano.com\/revista\/vivienda\/premian-a-fundador-de-echale-a-tu-casa\/#primaryimage","url":"https:\/\/centrourbano.com\/revista\/wp-content\/uploads\/Francesco.jpg","contentUrl":"https:\/\/centrourbano.com\/revista\/wp-content\/uploads\/Francesco.jpg","width":640,"height":480},{"@type":"BreadcrumbList","@id":"https:\/\/centrourbano.com\/revista\/vivienda\/premian-a-fundador-de-echale-a-tu-casa\/#breadcrumb","itemListElement":[{"@type":"ListItem","position":1,"name":"Portada","item":"https:\/\/centrourbano.com\/revista\/"},{"@type":"ListItem","position":2,"name":"Premian a fundador de \u2018\u00c9chale a tu casa\u2019"}]},{"@type":"WebSite","@id":"https:\/\/centrourbano.com\/revista\/#website","url":"https:\/\/centrourbano.com\/revista\/","name":"Centro Urbano","description":"Medio especializado en los sectores vivienda, inmobiliario, construcci\u00f3n, arquitectura y urbanismo.","publisher":{"@id":"https:\/\/centrourbano.com\/revista\/#organization"},"potentialAction":[{"@type":"SearchAction","target":{"@type":"EntryPoint","urlTemplate":"https:\/\/centrourbano.com\/revista\/?s={search_term_string}"},"query-input":{"@type":"PropertyValueSpecification","valueRequired":true,"valueName":"search_term_string"}}],"inLanguage":"es"},{"@type":"Organization","@id":"https:\/\/centrourbano.com\/revista\/#organization","name":"Centro Urbano","url":"https:\/\/centrourbano.com\/revista\/","logo":{"@type":"ImageObject","inLanguage":"es","@id":"https:\/\/centrourbano.com\/revista\/#\/schema\/logo\/image\/","url":"https:\/\/centrourbano.com\/revista\/wp-content\/uploads\/web_CU_logo-1.png","contentUrl":"https:\/\/centrourbano.com\/revista\/wp-content\/uploads\/web_CU_logo-1.png","width":350,"height":91,"caption":"Centro Urbano"},"image":{"@id":"https:\/\/centrourbano.com\/revista\/#\/schema\/logo\/image\/"},"sameAs":["https:\/\/www.facebook.com\/portalcentrourbano","https:\/\/x.com\/CentroUrbano","https:\/\/www.instagram.com\/centro_urbano\/","https:\/\/www.linkedin.com\/company\/centro-urbano\/","http:\/\/www.youtube.com\/user\/portalcentrourbano"]},{"@type":"Person","@id":"https:\/\/centrourbano.com\/revista\/#\/schema\/person\/dbdc8d1d633eb3e0461138eedc8a0615","name":"Diego Rodr\u00edguez","image":{"@type":"ImageObject","inLanguage":"es","@id":"https:\/\/secure.gravatar.com\/avatar\/d217565525df2df5d4e7265d47758506f41845ed9529510921a7625d8365789d?s=96&d=mm&r=g","url":"https:\/\/secure.gravatar.com\/avatar\/d217565525df2df5d4e7265d47758506f41845ed9529510921a7625d8365789d?s=96&d=mm&r=g","contentUrl":"https:\/\/secure.gravatar.com\/avatar\/d217565525df2df5d4e7265d47758506f41845ed9529510921a7625d8365789d?s=96&d=mm&r=g","caption":"Diego Rodr\u00edguez"},"description":"Egresado de la Facultad de Estudios Superiores Acatl\u00e1n de la carrera en Comunicaci\u00f3n, con especialidad en medios escritos. Reportero del desaparecido peri\u00f3dico Nuestro M\u00e9xico, en donde cubri\u00f3 las fuentes delegacionales y Asamblea Legislativa. Tambi\u00e9n trabaj\u00f3 en la Coordinaci\u00f3n de Comunicaci\u00f3n Social en la delegaci\u00f3n \u00c1lvaro Obreg\u00f3n. Le gusta leer novelas y cuentos.","url":"https:\/\/centrourbano.com\/revista\/author\/diegorodriguez\/"}]}},"_links":{"self":[{"href":"https:\/\/centrourbano.com\/revista\/wp-json\/wp\/v2\/posts\/24728","targetHints":{"allow":["GET"]}}],"collection":[{"href":"https:\/\/centrourbano.com\/revista\/wp-json\/wp\/v2\/posts"}],"about":[{"href":"https:\/\/centrourbano.com\/revista\/wp-json\/wp\/v2\/types\/post"}],"author":[{"embeddable":true,"href":"https:\/\/centrourbano.com\/revista\/wp-json\/wp\/v2\/users\/37"}],"replies":[{"embeddable":true,"href":"https:\/\/centrourbano.com\/revista\/wp-json\/wp\/v2\/comments?post=24728"}],"version-history":[{"count":0,"href":"https:\/\/centrourbano.com\/revista\/wp-json\/wp\/v2\/posts\/24728\/revisions"}],"wp:featuredmedia":[{"embeddable":true,"href":"https:\/\/centrourbano.com\/revista\/wp-json\/wp\/v2\/media\/24729"}],"wp:attachment":[{"href":"https:\/\/centrourbano.com\/revista\/wp-json\/wp\/v2\/media?parent=24728"}],"wp:term":[{"taxonomy":"category","embeddable":true,"href":"https:\/\/centrourbano.com\/revista\/wp-json\/wp\/v2\/categories?post=24728"},{"taxonomy":"post_tag","embeddable":true,"href":"https:\/\/centrourbano.com\/revista\/wp-json\/wp\/v2\/tags?post=24728"}],"curies":[{"name":"wp","href":"https:\/\/api.w.org\/{rel}","templated":true}]}}