{"id":24405,"date":"2015-10-12T10:15:53","date_gmt":"2015-10-12T15:15:53","guid":{"rendered":"http:\/\/centrourbano.com\/?p=24405"},"modified":"2015-10-13T14:33:28","modified_gmt":"2015-10-13T19:33:28","slug":"rehabilitan-espacios-publicos-en-benito-juarez","status":"publish","type":"post","link":"https:\/\/centrourbano.com\/revista\/urbanismo\/rehabilitan-espacios-publicos-en-benito-juarez\/","title":{"rendered":"Rehabilitan espacios p\u00fablicos en Benito Ju\u00e1rez"},"content":{"rendered":"<p><em>Vecinos y servidores p\u00fablicos participaron en la limpieza de 7 parques y una plaza<\/em><\/p>\n<p><!--more--><\/p>\n<p>En lo que va del a\u00f1o 282,000 metros cuadrados de espacios p\u00fablicos se han rehabilitado entre parques, plazas y camellones en la delegaci\u00f3n Benito Ju\u00e1rez como parte del programa Tu Ciudad Te Requiere, el cual consiste en acciones de limpieza, mantenimiento y mejoramiento de espacios p\u00fablicos en la demarcaci\u00f3n.<\/p>\n<p>Tu Ciudad Te Re-Quiere ha contabilizado el barrido de 70,000 metros cuadrados, retiro de 70,000 metros c\u00fabicos de papel y poda de 28,150 metros cuadrados de \u00e1rboles, arbustos y vegetaci\u00f3n, entre otras acciones en 2015.<\/p>\n<p>Cada s\u00e1bado, vecinos y servidores p\u00fablicos de la Secretaria de Desarrollo Urbano y Vivienda (Seduvi), de la Autoridad del Espacio P\u00fablico (AEP) participan en la limpieza y mejoramiento de siete parques, una plaza y tres camellones de las colonias N\u00e1poles, Narvarte, \u00c1lamos, entre otras.<\/p>\n<p>Durante la jornada sabatina pasada se rehabilitaron 650 metros cuadrados de la \u201cIntersecci\u00f3n Segura\u201d que se ubica en la calle de Dakota y Filadelfia en la colonia N\u00e1poles.<\/p>\n<p>Se barrieron 1.5 kil\u00f3metros lineales de pasillos y \u00e1reas comunes, se balizaron 200 metros lineales de guarniciones, as\u00ed como el levantamiento de 7 metros c\u00fabicos de cascajo, escombro y 6,000 metros de retiro de papel.<\/p>\n<p>La rehabilitaci\u00f3n incluy\u00f3 el deshierbe de 3,000 metros cuadrados, reforestaci\u00f3n de 200 metros de vegetaci\u00f3n, colocaci\u00f3n de 250 azaleas, 200 lirios persas y 300 amarantos. Brigadas de la Direcci\u00f3n de Obras de la delegaci\u00f3n realizaron la poda de 1,200 metros de arbustos, el corte de pasto y \u00e1reas verdes. Tambi\u00e9n limpieza de atarjeas, donde extrajeron\u00a01.3 metros c\u00fabicos de azolve y pintado de mobiliario urbano.<\/p>\n<p>Adem\u00e1s del retiro de cuatro metros c\u00fabicos de basura, colocaci\u00f3n y sustituci\u00f3n de seis bolardos, mismos que fueron balizados. El programa comunitario promueve la integraci\u00f3n social y la obtenci\u00f3n de espacios dignos y seguros.<\/p>\n","protected":false},"excerpt":{"rendered":"<p>Vecinos y servidores p\u00fablicos participaron en la limpieza de 7 parques y una plaza<\/p>\n","protected":false},"author":36,"featured_media":24406,"comment_status":"open","ping_status":"closed","sticky":false,"template":"","format":"standard","meta":{"om_disable_all_campaigns":false,"inline_featured_image":false,"_monsterinsights_skip_tracking":false,"_monsterinsights_sitenote_active":false,"_monsterinsights_sitenote_note":"","_monsterinsights_sitenote_category":0,"footnotes":""},"categories":[82],"tags":[1080,6701,6702,126,1060],"class_list":["post-24405","post","type-post","status-publish","format-standard","has-post-thumbnail","hentry","category-urbanismo","tag-benito-juarez","tag-colonia-napoles","tag-limpieza","tag-seduvi","tag-tu-ciudad-te-re-quiere"],"yoast_head":"<!-- This site is optimized with the Yoast SEO plugin v27.4 - https:\/\/yoast.com\/product\/yoast-seo-wordpress\/ -->\n<title>Rehabilitan espacios p\u00fablicos en Benito Ju\u00e1rez -<\/title>\n<meta name=\"description\" content=\"Vecinos y servidores p\u00fablicos participaron en la limpieza de 7 parques y una plaza En lo que va del a\u00f1o 282,000 metros cuadrados de espacios p\u00fablicos se\" \/>\n<meta name=\"robots\" content=\"index, follow, max-snippet:-1, max-image-preview:large, max-video-preview:-1\" \/>\n<link rel=\"canonical\" href=\"https:\/\/centrourbano.com\/revista\/urbanismo\/rehabilitan-espacios-publicos-en-benito-juarez\/\" \/>\n<meta property=\"og:locale\" content=\"es_ES\" \/>\n<meta property=\"og:type\" content=\"article\" \/>\n<meta property=\"og:title\" content=\"Rehabilitan espacios p\u00fablicos en Benito Ju\u00e1rez -\" \/>\n<meta property=\"og:description\" content=\"Vecinos y servidores p\u00fablicos participaron en la limpieza de 7 parques y una plaza En lo que va del a\u00f1o 282,000 metros cuadrados de espacios p\u00fablicos se\" \/>\n<meta property=\"og:url\" content=\"https:\/\/centrourbano.com\/revista\/urbanismo\/rehabilitan-espacios-publicos-en-benito-juarez\/\" \/>\n<meta property=\"og:site_name\" content=\"Centro Urbano\" \/>\n<meta property=\"article:publisher\" content=\"https:\/\/www.facebook.com\/portalcentrourbano\" \/>\n<meta property=\"article:published_time\" content=\"2015-10-12T15:15:53+00:00\" \/>\n<meta property=\"article:modified_time\" content=\"2015-10-13T19:33:28+00:00\" \/>\n<meta property=\"og:image\" content=\"https:\/\/centrourbano.com\/revista\/wp-content\/uploads\/notabj.jpg\" \/>\n\t<meta property=\"og:image:width\" content=\"600\" \/>\n\t<meta property=\"og:image:height\" content=\"450\" \/>\n\t<meta property=\"og:image:type\" content=\"image\/jpeg\" \/>\n<meta name=\"author\" content=\"Yareth Casanova\" \/>\n<meta name=\"twitter:card\" content=\"summary_large_image\" \/>\n<meta name=\"twitter:creator\" content=\"@CentroUrbano\" \/>\n<meta name=\"twitter:site\" content=\"@CentroUrbano\" \/>\n<meta name=\"twitter:label1\" content=\"Escrito por\" \/>\n\t<meta name=\"twitter:data1\" content=\"Yareth Casanova\" \/>\n\t<meta name=\"twitter:label2\" content=\"Tiempo de lectura\" \/>\n\t<meta name=\"twitter:data2\" content=\"2 minutos\" \/>\n<script type=\"application\/ld+json\" class=\"yoast-schema-graph\">{\"@context\":\"https:\\\/\\\/schema.org\",\"@graph\":[{\"@type\":\"Article\",\"@id\":\"https:\\\/\\\/centrourbano.com\\\/revista\\\/urbanismo\\\/rehabilitan-espacios-publicos-en-benito-juarez\\\/#article\",\"isPartOf\":{\"@id\":\"https:\\\/\\\/centrourbano.com\\\/revista\\\/urbanismo\\\/rehabilitan-espacios-publicos-en-benito-juarez\\\/\"},\"author\":{\"name\":\"Yareth Casanova\",\"@id\":\"https:\\\/\\\/centrourbano.com\\\/revista\\\/#\\\/schema\\\/person\\\/fa3124fc7c30aaf90c5e85dc5ce88a3d\"},\"headline\":\"Rehabilitan espacios p\u00fablicos en Benito Ju\u00e1rez\",\"datePublished\":\"2015-10-12T15:15:53+00:00\",\"dateModified\":\"2015-10-13T19:33:28+00:00\",\"mainEntityOfPage\":{\"@id\":\"https:\\\/\\\/centrourbano.com\\\/revista\\\/urbanismo\\\/rehabilitan-espacios-publicos-en-benito-juarez\\\/\"},\"wordCount\":325,\"commentCount\":0,\"publisher\":{\"@id\":\"https:\\\/\\\/centrourbano.com\\\/revista\\\/#organization\"},\"image\":{\"@id\":\"https:\\\/\\\/centrourbano.com\\\/revista\\\/urbanismo\\\/rehabilitan-espacios-publicos-en-benito-juarez\\\/#primaryimage\"},\"thumbnailUrl\":\"https:\\\/\\\/centrourbano.com\\\/revista\\\/wp-content\\\/uploads\\\/notabj.jpg\",\"keywords\":[\"Benito Ju\u00e1rez\",\"Colonia N\u00e1poles\",\"limpieza\",\"Seduvi\",\"Tu ciudad te re-quiere\"],\"articleSection\":[\"Urbanismo\"],\"inLanguage\":\"es\",\"potentialAction\":[{\"@type\":\"CommentAction\",\"name\":\"Comment\",\"target\":[\"https:\\\/\\\/centrourbano.com\\\/revista\\\/urbanismo\\\/rehabilitan-espacios-publicos-en-benito-juarez\\\/#respond\"]}]},{\"@type\":\"WebPage\",\"@id\":\"https:\\\/\\\/centrourbano.com\\\/revista\\\/urbanismo\\\/rehabilitan-espacios-publicos-en-benito-juarez\\\/\",\"url\":\"https:\\\/\\\/centrourbano.com\\\/revista\\\/urbanismo\\\/rehabilitan-espacios-publicos-en-benito-juarez\\\/\",\"name\":\"Rehabilitan espacios p\u00fablicos en Benito Ju\u00e1rez -\",\"isPartOf\":{\"@id\":\"https:\\\/\\\/centrourbano.com\\\/revista\\\/#website\"},\"primaryImageOfPage\":{\"@id\":\"https:\\\/\\\/centrourbano.com\\\/revista\\\/urbanismo\\\/rehabilitan-espacios-publicos-en-benito-juarez\\\/#primaryimage\"},\"image\":{\"@id\":\"https:\\\/\\\/centrourbano.com\\\/revista\\\/urbanismo\\\/rehabilitan-espacios-publicos-en-benito-juarez\\\/#primaryimage\"},\"thumbnailUrl\":\"https:\\\/\\\/centrourbano.com\\\/revista\\\/wp-content\\\/uploads\\\/notabj.jpg\",\"datePublished\":\"2015-10-12T15:15:53+00:00\",\"dateModified\":\"2015-10-13T19:33:28+00:00\",\"description\":\"Vecinos y servidores p\u00fablicos participaron en la limpieza de 7 parques y una plaza En lo que va del a\u00f1o 282,000 metros cuadrados de espacios p\u00fablicos se\",\"breadcrumb\":{\"@id\":\"https:\\\/\\\/centrourbano.com\\\/revista\\\/urbanismo\\\/rehabilitan-espacios-publicos-en-benito-juarez\\\/#breadcrumb\"},\"inLanguage\":\"es\",\"potentialAction\":[{\"@type\":\"ReadAction\",\"target\":[\"https:\\\/\\\/centrourbano.com\\\/revista\\\/urbanismo\\\/rehabilitan-espacios-publicos-en-benito-juarez\\\/\"]}]},{\"@type\":\"ImageObject\",\"inLanguage\":\"es\",\"@id\":\"https:\\\/\\\/centrourbano.com\\\/revista\\\/urbanismo\\\/rehabilitan-espacios-publicos-en-benito-juarez\\\/#primaryimage\",\"url\":\"https:\\\/\\\/centrourbano.com\\\/revista\\\/wp-content\\\/uploads\\\/notabj.jpg\",\"contentUrl\":\"https:\\\/\\\/centrourbano.com\\\/revista\\\/wp-content\\\/uploads\\\/notabj.jpg\",\"width\":600,\"height\":450},{\"@type\":\"BreadcrumbList\",\"@id\":\"https:\\\/\\\/centrourbano.com\\\/revista\\\/urbanismo\\\/rehabilitan-espacios-publicos-en-benito-juarez\\\/#breadcrumb\",\"itemListElement\":[{\"@type\":\"ListItem\",\"position\":1,\"name\":\"Portada\",\"item\":\"https:\\\/\\\/centrourbano.com\\\/revista\\\/\"},{\"@type\":\"ListItem\",\"position\":2,\"name\":\"Rehabilitan espacios p\u00fablicos en Benito Ju\u00e1rez\"}]},{\"@type\":\"WebSite\",\"@id\":\"https:\\\/\\\/centrourbano.com\\\/revista\\\/#website\",\"url\":\"https:\\\/\\\/centrourbano.com\\\/revista\\\/\",\"name\":\"Centro Urbano\",\"description\":\"Medio especializado en los sectores vivienda, inmobiliario, construcci\u00f3n, arquitectura y urbanismo.\",\"publisher\":{\"@id\":\"https:\\\/\\\/centrourbano.com\\\/revista\\\/#organization\"},\"potentialAction\":[{\"@type\":\"SearchAction\",\"target\":{\"@type\":\"EntryPoint\",\"urlTemplate\":\"https:\\\/\\\/centrourbano.com\\\/revista\\\/?s={search_term_string}\"},\"query-input\":{\"@type\":\"PropertyValueSpecification\",\"valueRequired\":true,\"valueName\":\"search_term_string\"}}],\"inLanguage\":\"es\"},{\"@type\":\"Organization\",\"@id\":\"https:\\\/\\\/centrourbano.com\\\/revista\\\/#organization\",\"name\":\"Centro Urbano\",\"url\":\"https:\\\/\\\/centrourbano.com\\\/revista\\\/\",\"logo\":{\"@type\":\"ImageObject\",\"inLanguage\":\"es\",\"@id\":\"https:\\\/\\\/centrourbano.com\\\/revista\\\/#\\\/schema\\\/logo\\\/image\\\/\",\"url\":\"https:\\\/\\\/centrourbano.com\\\/revista\\\/wp-content\\\/uploads\\\/web_CU_logo-1.png\",\"contentUrl\":\"https:\\\/\\\/centrourbano.com\\\/revista\\\/wp-content\\\/uploads\\\/web_CU_logo-1.png\",\"width\":350,\"height\":91,\"caption\":\"Centro Urbano\"},\"image\":{\"@id\":\"https:\\\/\\\/centrourbano.com\\\/revista\\\/#\\\/schema\\\/logo\\\/image\\\/\"},\"sameAs\":[\"https:\\\/\\\/www.facebook.com\\\/portalcentrourbano\",\"https:\\\/\\\/x.com\\\/CentroUrbano\",\"https:\\\/\\\/www.instagram.com\\\/centro_urbano\\\/\",\"https:\\\/\\\/www.linkedin.com\\\/company\\\/centro-urbano\\\/\",\"http:\\\/\\\/www.youtube.com\\\/user\\\/portalcentrourbano\"]},{\"@type\":\"Person\",\"@id\":\"https:\\\/\\\/centrourbano.com\\\/revista\\\/#\\\/schema\\\/person\\\/fa3124fc7c30aaf90c5e85dc5ce88a3d\",\"name\":\"Yareth Casanova\",\"image\":{\"@type\":\"ImageObject\",\"inLanguage\":\"es\",\"@id\":\"https:\\\/\\\/secure.gravatar.com\\\/avatar\\\/cc5021d028a26acc18cd90754b870114c9449717d0cf43cc142712f089324f6d?s=96&d=mm&r=g\",\"url\":\"https:\\\/\\\/secure.gravatar.com\\\/avatar\\\/cc5021d028a26acc18cd90754b870114c9449717d0cf43cc142712f089324f6d?s=96&d=mm&r=g\",\"contentUrl\":\"https:\\\/\\\/secure.gravatar.com\\\/avatar\\\/cc5021d028a26acc18cd90754b870114c9449717d0cf43cc142712f089324f6d?s=96&d=mm&r=g\",\"caption\":\"Yareth Casanova\"},\"description\":\"Egresada de la Universidad del Valle de M\u00e9xico en Ciencias de la Comunicaci\u00f3n. Fungi\u00f3 como community manager en el Senado de la Rep\u00fablica y como becaria en editorial Televisa. Actualmente se desempe\u00f1a como community manager y reportera en Centro Urbano. Es amante de los perros y sus pasiones son el baile, el cine, la pol\u00edtica y la moda.\",\"url\":\"https:\\\/\\\/centrourbano.com\\\/revista\\\/author\\\/yarethcu\\\/\"}]}<\/script>\n<!-- \/ Yoast SEO plugin. -->","yoast_head_json":{"title":"Rehabilitan espacios p\u00fablicos en Benito Ju\u00e1rez -","description":"Vecinos y servidores p\u00fablicos participaron en la limpieza de 7 parques y una plaza En lo que va del a\u00f1o 282,000 metros cuadrados de espacios p\u00fablicos se","robots":{"index":"index","follow":"follow","max-snippet":"max-snippet:-1","max-image-preview":"max-image-preview:large","max-video-preview":"max-video-preview:-1"},"canonical":"https:\/\/centrourbano.com\/revista\/urbanismo\/rehabilitan-espacios-publicos-en-benito-juarez\/","og_locale":"es_ES","og_type":"article","og_title":"Rehabilitan espacios p\u00fablicos en Benito Ju\u00e1rez -","og_description":"Vecinos y servidores p\u00fablicos participaron en la limpieza de 7 parques y una plaza En lo que va del a\u00f1o 282,000 metros cuadrados de espacios p\u00fablicos se","og_url":"https:\/\/centrourbano.com\/revista\/urbanismo\/rehabilitan-espacios-publicos-en-benito-juarez\/","og_site_name":"Centro Urbano","article_publisher":"https:\/\/www.facebook.com\/portalcentrourbano","article_published_time":"2015-10-12T15:15:53+00:00","article_modified_time":"2015-10-13T19:33:28+00:00","og_image":[{"width":600,"height":450,"url":"https:\/\/centrourbano.com\/revista\/wp-content\/uploads\/notabj.jpg","type":"image\/jpeg"}],"author":"Yareth Casanova","twitter_card":"summary_large_image","twitter_creator":"@CentroUrbano","twitter_site":"@CentroUrbano","twitter_misc":{"Escrito por":"Yareth Casanova","Tiempo de lectura":"2 minutos"},"schema":{"@context":"https:\/\/schema.org","@graph":[{"@type":"Article","@id":"https:\/\/centrourbano.com\/revista\/urbanismo\/rehabilitan-espacios-publicos-en-benito-juarez\/#article","isPartOf":{"@id":"https:\/\/centrourbano.com\/revista\/urbanismo\/rehabilitan-espacios-publicos-en-benito-juarez\/"},"author":{"name":"Yareth Casanova","@id":"https:\/\/centrourbano.com\/revista\/#\/schema\/person\/fa3124fc7c30aaf90c5e85dc5ce88a3d"},"headline":"Rehabilitan espacios p\u00fablicos en Benito Ju\u00e1rez","datePublished":"2015-10-12T15:15:53+00:00","dateModified":"2015-10-13T19:33:28+00:00","mainEntityOfPage":{"@id":"https:\/\/centrourbano.com\/revista\/urbanismo\/rehabilitan-espacios-publicos-en-benito-juarez\/"},"wordCount":325,"commentCount":0,"publisher":{"@id":"https:\/\/centrourbano.com\/revista\/#organization"},"image":{"@id":"https:\/\/centrourbano.com\/revista\/urbanismo\/rehabilitan-espacios-publicos-en-benito-juarez\/#primaryimage"},"thumbnailUrl":"https:\/\/centrourbano.com\/revista\/wp-content\/uploads\/notabj.jpg","keywords":["Benito Ju\u00e1rez","Colonia N\u00e1poles","limpieza","Seduvi","Tu ciudad te re-quiere"],"articleSection":["Urbanismo"],"inLanguage":"es","potentialAction":[{"@type":"CommentAction","name":"Comment","target":["https:\/\/centrourbano.com\/revista\/urbanismo\/rehabilitan-espacios-publicos-en-benito-juarez\/#respond"]}]},{"@type":"WebPage","@id":"https:\/\/centrourbano.com\/revista\/urbanismo\/rehabilitan-espacios-publicos-en-benito-juarez\/","url":"https:\/\/centrourbano.com\/revista\/urbanismo\/rehabilitan-espacios-publicos-en-benito-juarez\/","name":"Rehabilitan espacios p\u00fablicos en Benito Ju\u00e1rez -","isPartOf":{"@id":"https:\/\/centrourbano.com\/revista\/#website"},"primaryImageOfPage":{"@id":"https:\/\/centrourbano.com\/revista\/urbanismo\/rehabilitan-espacios-publicos-en-benito-juarez\/#primaryimage"},"image":{"@id":"https:\/\/centrourbano.com\/revista\/urbanismo\/rehabilitan-espacios-publicos-en-benito-juarez\/#primaryimage"},"thumbnailUrl":"https:\/\/centrourbano.com\/revista\/wp-content\/uploads\/notabj.jpg","datePublished":"2015-10-12T15:15:53+00:00","dateModified":"2015-10-13T19:33:28+00:00","description":"Vecinos y servidores p\u00fablicos participaron en la limpieza de 7 parques y una plaza En lo que va del a\u00f1o 282,000 metros cuadrados de espacios p\u00fablicos se","breadcrumb":{"@id":"https:\/\/centrourbano.com\/revista\/urbanismo\/rehabilitan-espacios-publicos-en-benito-juarez\/#breadcrumb"},"inLanguage":"es","potentialAction":[{"@type":"ReadAction","target":["https:\/\/centrourbano.com\/revista\/urbanismo\/rehabilitan-espacios-publicos-en-benito-juarez\/"]}]},{"@type":"ImageObject","inLanguage":"es","@id":"https:\/\/centrourbano.com\/revista\/urbanismo\/rehabilitan-espacios-publicos-en-benito-juarez\/#primaryimage","url":"https:\/\/centrourbano.com\/revista\/wp-content\/uploads\/notabj.jpg","contentUrl":"https:\/\/centrourbano.com\/revista\/wp-content\/uploads\/notabj.jpg","width":600,"height":450},{"@type":"BreadcrumbList","@id":"https:\/\/centrourbano.com\/revista\/urbanismo\/rehabilitan-espacios-publicos-en-benito-juarez\/#breadcrumb","itemListElement":[{"@type":"ListItem","position":1,"name":"Portada","item":"https:\/\/centrourbano.com\/revista\/"},{"@type":"ListItem","position":2,"name":"Rehabilitan espacios p\u00fablicos en Benito Ju\u00e1rez"}]},{"@type":"WebSite","@id":"https:\/\/centrourbano.com\/revista\/#website","url":"https:\/\/centrourbano.com\/revista\/","name":"Centro Urbano","description":"Medio especializado en los sectores vivienda, inmobiliario, construcci\u00f3n, arquitectura y urbanismo.","publisher":{"@id":"https:\/\/centrourbano.com\/revista\/#organization"},"potentialAction":[{"@type":"SearchAction","target":{"@type":"EntryPoint","urlTemplate":"https:\/\/centrourbano.com\/revista\/?s={search_term_string}"},"query-input":{"@type":"PropertyValueSpecification","valueRequired":true,"valueName":"search_term_string"}}],"inLanguage":"es"},{"@type":"Organization","@id":"https:\/\/centrourbano.com\/revista\/#organization","name":"Centro Urbano","url":"https:\/\/centrourbano.com\/revista\/","logo":{"@type":"ImageObject","inLanguage":"es","@id":"https:\/\/centrourbano.com\/revista\/#\/schema\/logo\/image\/","url":"https:\/\/centrourbano.com\/revista\/wp-content\/uploads\/web_CU_logo-1.png","contentUrl":"https:\/\/centrourbano.com\/revista\/wp-content\/uploads\/web_CU_logo-1.png","width":350,"height":91,"caption":"Centro Urbano"},"image":{"@id":"https:\/\/centrourbano.com\/revista\/#\/schema\/logo\/image\/"},"sameAs":["https:\/\/www.facebook.com\/portalcentrourbano","https:\/\/x.com\/CentroUrbano","https:\/\/www.instagram.com\/centro_urbano\/","https:\/\/www.linkedin.com\/company\/centro-urbano\/","http:\/\/www.youtube.com\/user\/portalcentrourbano"]},{"@type":"Person","@id":"https:\/\/centrourbano.com\/revista\/#\/schema\/person\/fa3124fc7c30aaf90c5e85dc5ce88a3d","name":"Yareth Casanova","image":{"@type":"ImageObject","inLanguage":"es","@id":"https:\/\/secure.gravatar.com\/avatar\/cc5021d028a26acc18cd90754b870114c9449717d0cf43cc142712f089324f6d?s=96&d=mm&r=g","url":"https:\/\/secure.gravatar.com\/avatar\/cc5021d028a26acc18cd90754b870114c9449717d0cf43cc142712f089324f6d?s=96&d=mm&r=g","contentUrl":"https:\/\/secure.gravatar.com\/avatar\/cc5021d028a26acc18cd90754b870114c9449717d0cf43cc142712f089324f6d?s=96&d=mm&r=g","caption":"Yareth Casanova"},"description":"Egresada de la Universidad del Valle de M\u00e9xico en Ciencias de la Comunicaci\u00f3n. Fungi\u00f3 como community manager en el Senado de la Rep\u00fablica y como becaria en editorial Televisa. Actualmente se desempe\u00f1a como community manager y reportera en Centro Urbano. Es amante de los perros y sus pasiones son el baile, el cine, la pol\u00edtica y la moda.","url":"https:\/\/centrourbano.com\/revista\/author\/yarethcu\/"}]}},"_links":{"self":[{"href":"https:\/\/centrourbano.com\/revista\/wp-json\/wp\/v2\/posts\/24405","targetHints":{"allow":["GET"]}}],"collection":[{"href":"https:\/\/centrourbano.com\/revista\/wp-json\/wp\/v2\/posts"}],"about":[{"href":"https:\/\/centrourbano.com\/revista\/wp-json\/wp\/v2\/types\/post"}],"author":[{"embeddable":true,"href":"https:\/\/centrourbano.com\/revista\/wp-json\/wp\/v2\/users\/36"}],"replies":[{"embeddable":true,"href":"https:\/\/centrourbano.com\/revista\/wp-json\/wp\/v2\/comments?post=24405"}],"version-history":[{"count":0,"href":"https:\/\/centrourbano.com\/revista\/wp-json\/wp\/v2\/posts\/24405\/revisions"}],"wp:featuredmedia":[{"embeddable":true,"href":"https:\/\/centrourbano.com\/revista\/wp-json\/wp\/v2\/media\/24406"}],"wp:attachment":[{"href":"https:\/\/centrourbano.com\/revista\/wp-json\/wp\/v2\/media?parent=24405"}],"wp:term":[{"taxonomy":"category","embeddable":true,"href":"https:\/\/centrourbano.com\/revista\/wp-json\/wp\/v2\/categories?post=24405"},{"taxonomy":"post_tag","embeddable":true,"href":"https:\/\/centrourbano.com\/revista\/wp-json\/wp\/v2\/tags?post=24405"}],"curies":[{"name":"wp","href":"https:\/\/api.w.org\/{rel}","templated":true}]}}