{"id":24255,"date":"2015-10-08T09:31:16","date_gmt":"2015-10-08T14:31:16","guid":{"rendered":"http:\/\/centrourbano.com\/?p=24255"},"modified":"2015-10-08T11:36:35","modified_gmt":"2015-10-08T16:36:35","slug":"tendra-tijuana-18-desarrollos-habitacionales","status":"publish","type":"post","link":"https:\/\/centrourbano.com\/revista\/inmobiliario\/tendra-tijuana-18-desarrollos-habitacionales\/","title":{"rendered":"Tendra Tijuana 18 desarrollos habitacionales"},"content":{"rendered":"<p><em>Buscan convertir a Tijuana como representante del desarrollo vertical y reactivaci\u00f3n de centros<\/em><!--more--><!--more--><!--more--><\/p>\n<p>La tendencia de vivienda vertical va en aumento en Tijuana, Baja California, en donde se encuentran en proceso de construcci\u00f3n por lo menos 18 desarrollos habitacionales que sumar\u00e1n hasta 650 nuevos departamentos a la oferta de la ciudad, seg\u00fan comunic\u00f3 la Asociaci\u00f3n de Profesionales Inmobiliarios de Tijuana.<\/p>\n<p>Estos desarrollos buscan satisfacer la demanda de vivienda en centro de la ciudad y la reactivaci\u00f3n del mismo, despu\u00e9s de que la mayor parte de las casas construidas en el municipio se encuentran en la periferia del mismo, y se cuentan con 20% a 80% de avance en su construcci\u00f3n.<\/p>\n<p>Los 650 departamentos son considerados de inter\u00e9s social por los desarrolladores y permitir\u00e1 consolidar a Tijuana como una de las principales ciudades en explotar el desarrollo vertical como consecuencia del crecimiento demogr\u00e1fico y la necesidad de crear nuevos espacios en el centro de la ciudad.<\/p>\n","protected":false},"excerpt":{"rendered":"<p>Buscan convertir a Tijuana como representante del desarrollo vertical y reactivaci\u00f3n de centros<\/p>\n","protected":false},"author":19,"featured_media":23635,"comment_status":"open","ping_status":"closed","sticky":false,"template":"","format":"standard","meta":{"om_disable_all_campaigns":false,"inline_featured_image":false,"_monsterinsights_skip_tracking":false,"_monsterinsights_sitenote_active":false,"_monsterinsights_sitenote_note":"","_monsterinsights_sitenote_category":0,"footnotes":""},"categories":[15],"tags":[867,4471,214,60],"class_list":["post-24255","post","type-post","status-publish","format-standard","has-post-thumbnail","hentry","category-inmobiliario","tag-baja-california","tag-desarrollos-de-vivienda","tag-tijuana","tag-vivienda-2"],"yoast_head":"<!-- This site is optimized with the Yoast SEO plugin v27.4 - https:\/\/yoast.com\/product\/yoast-seo-wordpress\/ -->\n<title>Tendra Tijuana 18 desarrollos habitacionales -<\/title>\n<meta name=\"description\" content=\"Buscan convertir a Tijuana como representante del desarrollo vertical y reactivaci\u00f3n de centros La tendencia de vivienda vertical va en aumento en\" \/>\n<meta name=\"robots\" content=\"index, follow, max-snippet:-1, max-image-preview:large, max-video-preview:-1\" \/>\n<link rel=\"canonical\" href=\"https:\/\/centrourbano.com\/revista\/inmobiliario\/tendra-tijuana-18-desarrollos-habitacionales\/\" \/>\n<meta property=\"og:locale\" content=\"es_ES\" \/>\n<meta property=\"og:type\" content=\"article\" \/>\n<meta property=\"og:title\" content=\"Tendra Tijuana 18 desarrollos habitacionales -\" \/>\n<meta property=\"og:description\" content=\"Buscan convertir a Tijuana como representante del desarrollo vertical y reactivaci\u00f3n de centros La tendencia de vivienda vertical va en aumento en\" \/>\n<meta property=\"og:url\" content=\"https:\/\/centrourbano.com\/revista\/inmobiliario\/tendra-tijuana-18-desarrollos-habitacionales\/\" \/>\n<meta property=\"og:site_name\" content=\"Centro Urbano\" \/>\n<meta property=\"article:publisher\" content=\"https:\/\/www.facebook.com\/portalcentrourbano\" \/>\n<meta property=\"article:published_time\" content=\"2015-10-08T14:31:16+00:00\" \/>\n<meta property=\"article:modified_time\" content=\"2015-10-08T16:36:35+00:00\" \/>\n<meta property=\"og:image\" content=\"https:\/\/centrourbano.com\/revista\/wp-content\/uploads\/China.jpg\" \/>\n\t<meta property=\"og:image:width\" content=\"2000\" \/>\n\t<meta property=\"og:image:height\" content=\"1325\" \/>\n\t<meta property=\"og:image:type\" content=\"image\/jpeg\" \/>\n<meta name=\"author\" content=\"Sofia Osorio\" \/>\n<meta name=\"twitter:card\" content=\"summary_large_image\" \/>\n<meta name=\"twitter:creator\" content=\"@CentroUrbano\" \/>\n<meta name=\"twitter:site\" content=\"@CentroUrbano\" \/>\n<meta name=\"twitter:label1\" content=\"Escrito por\" \/>\n\t<meta name=\"twitter:data1\" content=\"Sofia Osorio\" \/>\n\t<meta name=\"twitter:label2\" content=\"Tiempo de lectura\" \/>\n\t<meta name=\"twitter:data2\" content=\"1 minuto\" \/>\n<script type=\"application\/ld+json\" class=\"yoast-schema-graph\">{\"@context\":\"https:\\\/\\\/schema.org\",\"@graph\":[{\"@type\":\"Article\",\"@id\":\"https:\\\/\\\/centrourbano.com\\\/revista\\\/inmobiliario\\\/tendra-tijuana-18-desarrollos-habitacionales\\\/#article\",\"isPartOf\":{\"@id\":\"https:\\\/\\\/centrourbano.com\\\/revista\\\/inmobiliario\\\/tendra-tijuana-18-desarrollos-habitacionales\\\/\"},\"author\":{\"name\":\"Sofia Osorio\",\"@id\":\"https:\\\/\\\/centrourbano.com\\\/revista\\\/#\\\/schema\\\/person\\\/04f16f4cd5d20c119240fb9164874cec\"},\"headline\":\"Tendra Tijuana 18 desarrollos habitacionales\",\"datePublished\":\"2015-10-08T14:31:16+00:00\",\"dateModified\":\"2015-10-08T16:36:35+00:00\",\"mainEntityOfPage\":{\"@id\":\"https:\\\/\\\/centrourbano.com\\\/revista\\\/inmobiliario\\\/tendra-tijuana-18-desarrollos-habitacionales\\\/\"},\"wordCount\":164,\"commentCount\":0,\"publisher\":{\"@id\":\"https:\\\/\\\/centrourbano.com\\\/revista\\\/#organization\"},\"image\":{\"@id\":\"https:\\\/\\\/centrourbano.com\\\/revista\\\/inmobiliario\\\/tendra-tijuana-18-desarrollos-habitacionales\\\/#primaryimage\"},\"thumbnailUrl\":\"https:\\\/\\\/centrourbano.com\\\/revista\\\/wp-content\\\/uploads\\\/China.jpg\",\"keywords\":[\"Baja California\",\"Desarrollos de vivienda\",\"Tijuana\",\"vivienda\"],\"articleSection\":[\"Inmobiliario\"],\"inLanguage\":\"es\",\"potentialAction\":[{\"@type\":\"CommentAction\",\"name\":\"Comment\",\"target\":[\"https:\\\/\\\/centrourbano.com\\\/revista\\\/inmobiliario\\\/tendra-tijuana-18-desarrollos-habitacionales\\\/#respond\"]}]},{\"@type\":\"WebPage\",\"@id\":\"https:\\\/\\\/centrourbano.com\\\/revista\\\/inmobiliario\\\/tendra-tijuana-18-desarrollos-habitacionales\\\/\",\"url\":\"https:\\\/\\\/centrourbano.com\\\/revista\\\/inmobiliario\\\/tendra-tijuana-18-desarrollos-habitacionales\\\/\",\"name\":\"Tendra Tijuana 18 desarrollos habitacionales -\",\"isPartOf\":{\"@id\":\"https:\\\/\\\/centrourbano.com\\\/revista\\\/#website\"},\"primaryImageOfPage\":{\"@id\":\"https:\\\/\\\/centrourbano.com\\\/revista\\\/inmobiliario\\\/tendra-tijuana-18-desarrollos-habitacionales\\\/#primaryimage\"},\"image\":{\"@id\":\"https:\\\/\\\/centrourbano.com\\\/revista\\\/inmobiliario\\\/tendra-tijuana-18-desarrollos-habitacionales\\\/#primaryimage\"},\"thumbnailUrl\":\"https:\\\/\\\/centrourbano.com\\\/revista\\\/wp-content\\\/uploads\\\/China.jpg\",\"datePublished\":\"2015-10-08T14:31:16+00:00\",\"dateModified\":\"2015-10-08T16:36:35+00:00\",\"description\":\"Buscan convertir a Tijuana como representante del desarrollo vertical y reactivaci\u00f3n de centros La tendencia de vivienda vertical va en aumento en\",\"breadcrumb\":{\"@id\":\"https:\\\/\\\/centrourbano.com\\\/revista\\\/inmobiliario\\\/tendra-tijuana-18-desarrollos-habitacionales\\\/#breadcrumb\"},\"inLanguage\":\"es\",\"potentialAction\":[{\"@type\":\"ReadAction\",\"target\":[\"https:\\\/\\\/centrourbano.com\\\/revista\\\/inmobiliario\\\/tendra-tijuana-18-desarrollos-habitacionales\\\/\"]}]},{\"@type\":\"ImageObject\",\"inLanguage\":\"es\",\"@id\":\"https:\\\/\\\/centrourbano.com\\\/revista\\\/inmobiliario\\\/tendra-tijuana-18-desarrollos-habitacionales\\\/#primaryimage\",\"url\":\"https:\\\/\\\/centrourbano.com\\\/revista\\\/wp-content\\\/uploads\\\/China.jpg\",\"contentUrl\":\"https:\\\/\\\/centrourbano.com\\\/revista\\\/wp-content\\\/uploads\\\/China.jpg\",\"width\":2000,\"height\":1325},{\"@type\":\"BreadcrumbList\",\"@id\":\"https:\\\/\\\/centrourbano.com\\\/revista\\\/inmobiliario\\\/tendra-tijuana-18-desarrollos-habitacionales\\\/#breadcrumb\",\"itemListElement\":[{\"@type\":\"ListItem\",\"position\":1,\"name\":\"Portada\",\"item\":\"https:\\\/\\\/centrourbano.com\\\/revista\\\/\"},{\"@type\":\"ListItem\",\"position\":2,\"name\":\"Tendra Tijuana 18 desarrollos habitacionales\"}]},{\"@type\":\"WebSite\",\"@id\":\"https:\\\/\\\/centrourbano.com\\\/revista\\\/#website\",\"url\":\"https:\\\/\\\/centrourbano.com\\\/revista\\\/\",\"name\":\"Centro Urbano\",\"description\":\"Medio especializado en los sectores vivienda, inmobiliario, construcci\u00f3n, arquitectura y urbanismo.\",\"publisher\":{\"@id\":\"https:\\\/\\\/centrourbano.com\\\/revista\\\/#organization\"},\"potentialAction\":[{\"@type\":\"SearchAction\",\"target\":{\"@type\":\"EntryPoint\",\"urlTemplate\":\"https:\\\/\\\/centrourbano.com\\\/revista\\\/?s={search_term_string}\"},\"query-input\":{\"@type\":\"PropertyValueSpecification\",\"valueRequired\":true,\"valueName\":\"search_term_string\"}}],\"inLanguage\":\"es\"},{\"@type\":\"Organization\",\"@id\":\"https:\\\/\\\/centrourbano.com\\\/revista\\\/#organization\",\"name\":\"Centro Urbano\",\"url\":\"https:\\\/\\\/centrourbano.com\\\/revista\\\/\",\"logo\":{\"@type\":\"ImageObject\",\"inLanguage\":\"es\",\"@id\":\"https:\\\/\\\/centrourbano.com\\\/revista\\\/#\\\/schema\\\/logo\\\/image\\\/\",\"url\":\"https:\\\/\\\/centrourbano.com\\\/revista\\\/wp-content\\\/uploads\\\/web_CU_logo-1.png\",\"contentUrl\":\"https:\\\/\\\/centrourbano.com\\\/revista\\\/wp-content\\\/uploads\\\/web_CU_logo-1.png\",\"width\":350,\"height\":91,\"caption\":\"Centro Urbano\"},\"image\":{\"@id\":\"https:\\\/\\\/centrourbano.com\\\/revista\\\/#\\\/schema\\\/logo\\\/image\\\/\"},\"sameAs\":[\"https:\\\/\\\/www.facebook.com\\\/portalcentrourbano\",\"https:\\\/\\\/x.com\\\/CentroUrbano\",\"https:\\\/\\\/www.instagram.com\\\/centro_urbano\\\/\",\"https:\\\/\\\/www.linkedin.com\\\/company\\\/centro-urbano\\\/\",\"http:\\\/\\\/www.youtube.com\\\/user\\\/portalcentrourbano\"]},{\"@type\":\"Person\",\"@id\":\"https:\\\/\\\/centrourbano.com\\\/revista\\\/#\\\/schema\\\/person\\\/04f16f4cd5d20c119240fb9164874cec\",\"name\":\"Sofia Osorio\",\"image\":{\"@type\":\"ImageObject\",\"inLanguage\":\"es\",\"@id\":\"https:\\\/\\\/secure.gravatar.com\\\/avatar\\\/540346885009217f50383aeae8f93738fea6ce04c37c93d6be2d0515d1be354c?s=96&d=mm&r=g\",\"url\":\"https:\\\/\\\/secure.gravatar.com\\\/avatar\\\/540346885009217f50383aeae8f93738fea6ce04c37c93d6be2d0515d1be354c?s=96&d=mm&r=g\",\"contentUrl\":\"https:\\\/\\\/secure.gravatar.com\\\/avatar\\\/540346885009217f50383aeae8f93738fea6ce04c37c93d6be2d0515d1be354c?s=96&d=mm&r=g\",\"caption\":\"Sofia Osorio\"},\"description\":\"Egresada de la Facultad de Estudios Superiores Arag\u00f3n. Comunicaci\u00f3n y Periodismo. Loca y feliz. Suele re\u00edrse de todo, dormir en el transporte p\u00fablico y terminar corriendo para llegar a cualquier lugar. Cantante de regadera, bailarina frustrada y chiva de coraz\u00f3n, apasionada por lo que hay que hacer. Enojona, gritona y medio amable con la gente. Su primera oportunidad laboral la tuvo como becaria en la revista Klika y fungi\u00f3 como community manager en Grupo Radio Centro. Actualmente explora nuevos campos del periodismo en Centro Urbano.\",\"url\":\"https:\\\/\\\/centrourbano.com\\\/revista\\\/author\\\/sofia-osorio\\\/\"}]}<\/script>\n<!-- \/ Yoast SEO plugin. -->","yoast_head_json":{"title":"Tendra Tijuana 18 desarrollos habitacionales -","description":"Buscan convertir a Tijuana como representante del desarrollo vertical y reactivaci\u00f3n de centros La tendencia de vivienda vertical va en aumento en","robots":{"index":"index","follow":"follow","max-snippet":"max-snippet:-1","max-image-preview":"max-image-preview:large","max-video-preview":"max-video-preview:-1"},"canonical":"https:\/\/centrourbano.com\/revista\/inmobiliario\/tendra-tijuana-18-desarrollos-habitacionales\/","og_locale":"es_ES","og_type":"article","og_title":"Tendra Tijuana 18 desarrollos habitacionales -","og_description":"Buscan convertir a Tijuana como representante del desarrollo vertical y reactivaci\u00f3n de centros La tendencia de vivienda vertical va en aumento en","og_url":"https:\/\/centrourbano.com\/revista\/inmobiliario\/tendra-tijuana-18-desarrollos-habitacionales\/","og_site_name":"Centro Urbano","article_publisher":"https:\/\/www.facebook.com\/portalcentrourbano","article_published_time":"2015-10-08T14:31:16+00:00","article_modified_time":"2015-10-08T16:36:35+00:00","og_image":[{"width":2000,"height":1325,"url":"https:\/\/centrourbano.com\/revista\/wp-content\/uploads\/China.jpg","type":"image\/jpeg"}],"author":"Sofia Osorio","twitter_card":"summary_large_image","twitter_creator":"@CentroUrbano","twitter_site":"@CentroUrbano","twitter_misc":{"Escrito por":"Sofia Osorio","Tiempo de lectura":"1 minuto"},"schema":{"@context":"https:\/\/schema.org","@graph":[{"@type":"Article","@id":"https:\/\/centrourbano.com\/revista\/inmobiliario\/tendra-tijuana-18-desarrollos-habitacionales\/#article","isPartOf":{"@id":"https:\/\/centrourbano.com\/revista\/inmobiliario\/tendra-tijuana-18-desarrollos-habitacionales\/"},"author":{"name":"Sofia Osorio","@id":"https:\/\/centrourbano.com\/revista\/#\/schema\/person\/04f16f4cd5d20c119240fb9164874cec"},"headline":"Tendra Tijuana 18 desarrollos habitacionales","datePublished":"2015-10-08T14:31:16+00:00","dateModified":"2015-10-08T16:36:35+00:00","mainEntityOfPage":{"@id":"https:\/\/centrourbano.com\/revista\/inmobiliario\/tendra-tijuana-18-desarrollos-habitacionales\/"},"wordCount":164,"commentCount":0,"publisher":{"@id":"https:\/\/centrourbano.com\/revista\/#organization"},"image":{"@id":"https:\/\/centrourbano.com\/revista\/inmobiliario\/tendra-tijuana-18-desarrollos-habitacionales\/#primaryimage"},"thumbnailUrl":"https:\/\/centrourbano.com\/revista\/wp-content\/uploads\/China.jpg","keywords":["Baja California","Desarrollos de vivienda","Tijuana","vivienda"],"articleSection":["Inmobiliario"],"inLanguage":"es","potentialAction":[{"@type":"CommentAction","name":"Comment","target":["https:\/\/centrourbano.com\/revista\/inmobiliario\/tendra-tijuana-18-desarrollos-habitacionales\/#respond"]}]},{"@type":"WebPage","@id":"https:\/\/centrourbano.com\/revista\/inmobiliario\/tendra-tijuana-18-desarrollos-habitacionales\/","url":"https:\/\/centrourbano.com\/revista\/inmobiliario\/tendra-tijuana-18-desarrollos-habitacionales\/","name":"Tendra Tijuana 18 desarrollos habitacionales -","isPartOf":{"@id":"https:\/\/centrourbano.com\/revista\/#website"},"primaryImageOfPage":{"@id":"https:\/\/centrourbano.com\/revista\/inmobiliario\/tendra-tijuana-18-desarrollos-habitacionales\/#primaryimage"},"image":{"@id":"https:\/\/centrourbano.com\/revista\/inmobiliario\/tendra-tijuana-18-desarrollos-habitacionales\/#primaryimage"},"thumbnailUrl":"https:\/\/centrourbano.com\/revista\/wp-content\/uploads\/China.jpg","datePublished":"2015-10-08T14:31:16+00:00","dateModified":"2015-10-08T16:36:35+00:00","description":"Buscan convertir a Tijuana como representante del desarrollo vertical y reactivaci\u00f3n de centros La tendencia de vivienda vertical va en aumento en","breadcrumb":{"@id":"https:\/\/centrourbano.com\/revista\/inmobiliario\/tendra-tijuana-18-desarrollos-habitacionales\/#breadcrumb"},"inLanguage":"es","potentialAction":[{"@type":"ReadAction","target":["https:\/\/centrourbano.com\/revista\/inmobiliario\/tendra-tijuana-18-desarrollos-habitacionales\/"]}]},{"@type":"ImageObject","inLanguage":"es","@id":"https:\/\/centrourbano.com\/revista\/inmobiliario\/tendra-tijuana-18-desarrollos-habitacionales\/#primaryimage","url":"https:\/\/centrourbano.com\/revista\/wp-content\/uploads\/China.jpg","contentUrl":"https:\/\/centrourbano.com\/revista\/wp-content\/uploads\/China.jpg","width":2000,"height":1325},{"@type":"BreadcrumbList","@id":"https:\/\/centrourbano.com\/revista\/inmobiliario\/tendra-tijuana-18-desarrollos-habitacionales\/#breadcrumb","itemListElement":[{"@type":"ListItem","position":1,"name":"Portada","item":"https:\/\/centrourbano.com\/revista\/"},{"@type":"ListItem","position":2,"name":"Tendra Tijuana 18 desarrollos habitacionales"}]},{"@type":"WebSite","@id":"https:\/\/centrourbano.com\/revista\/#website","url":"https:\/\/centrourbano.com\/revista\/","name":"Centro Urbano","description":"Medio especializado en los sectores vivienda, inmobiliario, construcci\u00f3n, arquitectura y urbanismo.","publisher":{"@id":"https:\/\/centrourbano.com\/revista\/#organization"},"potentialAction":[{"@type":"SearchAction","target":{"@type":"EntryPoint","urlTemplate":"https:\/\/centrourbano.com\/revista\/?s={search_term_string}"},"query-input":{"@type":"PropertyValueSpecification","valueRequired":true,"valueName":"search_term_string"}}],"inLanguage":"es"},{"@type":"Organization","@id":"https:\/\/centrourbano.com\/revista\/#organization","name":"Centro Urbano","url":"https:\/\/centrourbano.com\/revista\/","logo":{"@type":"ImageObject","inLanguage":"es","@id":"https:\/\/centrourbano.com\/revista\/#\/schema\/logo\/image\/","url":"https:\/\/centrourbano.com\/revista\/wp-content\/uploads\/web_CU_logo-1.png","contentUrl":"https:\/\/centrourbano.com\/revista\/wp-content\/uploads\/web_CU_logo-1.png","width":350,"height":91,"caption":"Centro Urbano"},"image":{"@id":"https:\/\/centrourbano.com\/revista\/#\/schema\/logo\/image\/"},"sameAs":["https:\/\/www.facebook.com\/portalcentrourbano","https:\/\/x.com\/CentroUrbano","https:\/\/www.instagram.com\/centro_urbano\/","https:\/\/www.linkedin.com\/company\/centro-urbano\/","http:\/\/www.youtube.com\/user\/portalcentrourbano"]},{"@type":"Person","@id":"https:\/\/centrourbano.com\/revista\/#\/schema\/person\/04f16f4cd5d20c119240fb9164874cec","name":"Sofia Osorio","image":{"@type":"ImageObject","inLanguage":"es","@id":"https:\/\/secure.gravatar.com\/avatar\/540346885009217f50383aeae8f93738fea6ce04c37c93d6be2d0515d1be354c?s=96&d=mm&r=g","url":"https:\/\/secure.gravatar.com\/avatar\/540346885009217f50383aeae8f93738fea6ce04c37c93d6be2d0515d1be354c?s=96&d=mm&r=g","contentUrl":"https:\/\/secure.gravatar.com\/avatar\/540346885009217f50383aeae8f93738fea6ce04c37c93d6be2d0515d1be354c?s=96&d=mm&r=g","caption":"Sofia Osorio"},"description":"Egresada de la Facultad de Estudios Superiores Arag\u00f3n. Comunicaci\u00f3n y Periodismo. Loca y feliz. Suele re\u00edrse de todo, dormir en el transporte p\u00fablico y terminar corriendo para llegar a cualquier lugar. Cantante de regadera, bailarina frustrada y chiva de coraz\u00f3n, apasionada por lo que hay que hacer. Enojona, gritona y medio amable con la gente. Su primera oportunidad laboral la tuvo como becaria en la revista Klika y fungi\u00f3 como community manager en Grupo Radio Centro. Actualmente explora nuevos campos del periodismo en Centro Urbano.","url":"https:\/\/centrourbano.com\/revista\/author\/sofia-osorio\/"}]}},"_links":{"self":[{"href":"https:\/\/centrourbano.com\/revista\/wp-json\/wp\/v2\/posts\/24255","targetHints":{"allow":["GET"]}}],"collection":[{"href":"https:\/\/centrourbano.com\/revista\/wp-json\/wp\/v2\/posts"}],"about":[{"href":"https:\/\/centrourbano.com\/revista\/wp-json\/wp\/v2\/types\/post"}],"author":[{"embeddable":true,"href":"https:\/\/centrourbano.com\/revista\/wp-json\/wp\/v2\/users\/19"}],"replies":[{"embeddable":true,"href":"https:\/\/centrourbano.com\/revista\/wp-json\/wp\/v2\/comments?post=24255"}],"version-history":[{"count":0,"href":"https:\/\/centrourbano.com\/revista\/wp-json\/wp\/v2\/posts\/24255\/revisions"}],"wp:featuredmedia":[{"embeddable":true,"href":"https:\/\/centrourbano.com\/revista\/wp-json\/wp\/v2\/media\/23635"}],"wp:attachment":[{"href":"https:\/\/centrourbano.com\/revista\/wp-json\/wp\/v2\/media?parent=24255"}],"wp:term":[{"taxonomy":"category","embeddable":true,"href":"https:\/\/centrourbano.com\/revista\/wp-json\/wp\/v2\/categories?post=24255"},{"taxonomy":"post_tag","embeddable":true,"href":"https:\/\/centrourbano.com\/revista\/wp-json\/wp\/v2\/tags?post=24255"}],"curies":[{"name":"wp","href":"https:\/\/api.w.org\/{rel}","templated":true}]}}