{"id":24234,"date":"2015-10-08T08:41:25","date_gmt":"2015-10-08T13:41:25","guid":{"rendered":"http:\/\/centrourbano.com\/?p=24234"},"modified":"2015-10-07T18:43:24","modified_gmt":"2015-10-07T23:43:24","slug":"entrega-gdf-1849-mejoramientos-para-vivienda","status":"publish","type":"post","link":"https:\/\/centrourbano.com\/revista\/vivienda\/entrega-gdf-1849-mejoramientos-para-vivienda\/","title":{"rendered":"Entrega GDF 1,849 mejoramientos para vivienda"},"content":{"rendered":"<p><em>Con el apoyo suman 12,000 beneficiarios de cr\u00e9ditos otorgados por el Instituto de Vivienda durante 2015<\/em><\/p>\n<p><!--more--><\/p>\n<p>Miguel \u00c1ngel Mancera Espinosa, Jefe de Gobierno de la Ciudad de M\u00e9xico, encabez\u00f3 la entrega de 1,849 cr\u00e9ditos de mejoramiento para vivienda, que beneficiar\u00e1n a familias en las 16 delegaciones pol\u00edticas, con lo que<\/p>\n<p>refrend\u00f3 su compromiso de equidad de g\u00e9nero y apoyo a grupos vulnerables al otorgar cr\u00e9dito a jefas de familia, as\u00ed como a hombres y mujeres trabajadoras que habitan en la capital del pa\u00eds.<\/p>\n<p>El mandatario capitalino sostuvo que con esta entrega suman m\u00e1s de 12 mil beneficiarios que\u00a0recibieron cr\u00e9ditos del Instituto de Vivienda de la Ciudad de M\u00e9xico (INVI) este a\u00f1o y adelant\u00f3 que para garantizar que estas acciones es necesario regularizar los predios, con este objetivo pronto iniciar\u00e1 el programa \u201cAbogado en Tu Casa\u201d, que llevar\u00e1 asesor\u00eda jur\u00eddica hasta los domicilios de la CDMX para orientar a sus habitantes en temas legales.<\/p>\n<p>\u201cPorque si se regularizan los predios ustedes van a poder solicitar m\u00e1s cr\u00e9ditos. Hoy me quiero comprometer con ustedes a la regularizaci\u00f3n de predios, tenemos una meta m\u00e1s o menos de 100,000. Si conocen a alguna persona que tenga alg\u00fan predio irregular, d\u00edganle que ya va El Abogado a Tu Casa\u201d, destac\u00f3.<\/p>\n<p>Resalt\u00f3 que el Gobierno de la Ciudad de M\u00e9xico conf\u00eda en la gente, con cr\u00e9ditos en los que solo se necesita acreditar la propiedad del predio para mejoramiento de vivienda, sin aval, garant\u00eda o fiador. \u201cEs un cr\u00e9dito a la palabra, as\u00ed es como se tiene que realizar\u201d.<\/p>\n<p>Agreg\u00f3 que las acciones de la Capital Social incluyen a todos los sectores de la poblaci\u00f3n, con el apoyo de educaci\u00f3n para j\u00f3venes que no consiguieron un lugar en las instituciones educativas y la ampliaci\u00f3n de la cobertura del programa de Pensi\u00f3n Alimentaria para adultos mayores, de 500 mil a 510 mil.<\/p>\n<p>En el caso de los cr\u00e9ditos de Mejoramiento de Vivienda anunci\u00f3 que los recursos ya est\u00e1n disponibles para que las y los beneficiarios puedan utilizarlos hoy mismo y refrend\u00f3 al mismo tiempo el compromiso de agilizar la entrega de\u00a0\u00a0vivienda a capitalinos que llevan esper\u00e1ndola d\u00e9cadas, como las personas que habitan en campamentos desde el terremoto de 1985.<\/p>\n<p>En la delegaci\u00f3n Venustiano Carranza, el director general del INVI, Raymundo Collins Flores, detall\u00f3 que estos cr\u00e9ditos implican 154.5 millones de pesos que el Gobierno de la Ciudad de M\u00e9xico destin\u00f3 para mejorar la vivienda y la calidad de vida de las y los capitalinos.<\/p>\n<p>\u201cEste es el tipo de programas que hacen que la Ciudad de M\u00e9xico sea llamada Capital Social, es por eso que el doctor Mancera, Jefe de Gobierno, ha ordenado al INVI que mantengamos muy vigente el programa de mejoramiento de vivienda, tanto como el de entrega en conjunto\u201d, dijo.<\/p>\n<p>A la ceremonia tambi\u00e9n asistieron la directora general de Jur\u00eddico y Gobierno de la delegaci\u00f3n Venustiano Carranza,\u00a0\u00a0Johana Ayala Villegas, en representaci\u00f3n del titular de la demarcaci\u00f3n, Israel Moreno Rivera, as\u00ed como beneficiarias y beneficiarios, quienes agradecieron al Jefe de Gobierno la entrega de estos apoyos.<\/p>\n<p>&nbsp;<\/p>\n","protected":false},"excerpt":{"rendered":"<p>Con el apoyo suman 12,000 beneficiarios de cr\u00e9ditos otorgados por el Instituto de Vivienda durante 2015<\/p>\n","protected":false},"author":28,"featured_media":24237,"comment_status":"open","ping_status":"closed","sticky":false,"template":"","format":"standard","meta":{"om_disable_all_campaigns":false,"inline_featured_image":false,"_monsterinsights_skip_tracking":false,"_monsterinsights_sitenote_active":false,"_monsterinsights_sitenote_note":"","_monsterinsights_sitenote_category":0,"footnotes":""},"categories":[12],"tags":[1450,229,60],"class_list":["post-24234","post","type-post","status-publish","format-standard","has-post-thumbnail","hentry","category-vivienda","tag-invi","tag-miguel-angel-mancera","tag-vivienda-2"],"yoast_head":"<!-- This site is optimized with the Yoast SEO plugin v27.4 - https:\/\/yoast.com\/product\/yoast-seo-wordpress\/ -->\n<title>Entrega GDF 1,849 mejoramientos para vivienda -<\/title>\n<meta name=\"description\" content=\"Con el apoyo suman 12,000 beneficiarios de cr\u00e9ditos otorgados por el Instituto de Vivienda durante 2015 Miguel \u00c1ngel Mancera Espinosa, Jefe de Gobierno de\" \/>\n<meta name=\"robots\" content=\"index, follow, max-snippet:-1, max-image-preview:large, max-video-preview:-1\" \/>\n<link rel=\"canonical\" href=\"https:\/\/centrourbano.com\/revista\/vivienda\/entrega-gdf-1849-mejoramientos-para-vivienda\/\" \/>\n<meta property=\"og:locale\" content=\"es_ES\" \/>\n<meta property=\"og:type\" content=\"article\" \/>\n<meta property=\"og:title\" content=\"Entrega GDF 1,849 mejoramientos para vivienda -\" \/>\n<meta property=\"og:description\" content=\"Con el apoyo suman 12,000 beneficiarios de cr\u00e9ditos otorgados por el Instituto de Vivienda durante 2015 Miguel \u00c1ngel Mancera Espinosa, Jefe de Gobierno de\" \/>\n<meta property=\"og:url\" content=\"https:\/\/centrourbano.com\/revista\/vivienda\/entrega-gdf-1849-mejoramientos-para-vivienda\/\" \/>\n<meta property=\"og:site_name\" content=\"Centro Urbano\" \/>\n<meta property=\"article:publisher\" content=\"https:\/\/www.facebook.com\/portalcentrourbano\" \/>\n<meta property=\"article:published_time\" content=\"2015-10-08T13:41:25+00:00\" \/>\n<meta property=\"og:image\" content=\"https:\/\/centrourbano.com\/revista\/wp-content\/uploads\/071015-MIGUEL-\u00c1NGEL-MANCERA-ENTREGA-DE-CR\u00c9DITOS-MEJORAMIENTO-DE-VIVIENDA-1.jpeg\" \/>\n\t<meta property=\"og:image:width\" content=\"1620\" \/>\n\t<meta property=\"og:image:height\" content=\"1080\" \/>\n\t<meta property=\"og:image:type\" content=\"image\/jpeg\" \/>\n<meta name=\"author\" content=\"Mario V\u00e1zquez Barrios\" \/>\n<meta name=\"twitter:card\" content=\"summary_large_image\" \/>\n<meta name=\"twitter:creator\" content=\"@MarioDeNiro\" \/>\n<meta name=\"twitter:site\" content=\"@CentroUrbano\" \/>\n<meta name=\"twitter:label1\" content=\"Escrito por\" \/>\n\t<meta name=\"twitter:data1\" content=\"Mario V\u00e1zquez Barrios\" \/>\n\t<meta name=\"twitter:label2\" content=\"Tiempo de lectura\" \/>\n\t<meta name=\"twitter:data2\" content=\"3 minutos\" \/>\n<script type=\"application\/ld+json\" class=\"yoast-schema-graph\">{\"@context\":\"https:\\\/\\\/schema.org\",\"@graph\":[{\"@type\":\"Article\",\"@id\":\"https:\\\/\\\/centrourbano.com\\\/revista\\\/vivienda\\\/entrega-gdf-1849-mejoramientos-para-vivienda\\\/#article\",\"isPartOf\":{\"@id\":\"https:\\\/\\\/centrourbano.com\\\/revista\\\/vivienda\\\/entrega-gdf-1849-mejoramientos-para-vivienda\\\/\"},\"author\":{\"name\":\"Mario V\u00e1zquez Barrios\",\"@id\":\"https:\\\/\\\/centrourbano.com\\\/revista\\\/#\\\/schema\\\/person\\\/71e020a5b63ca4230c0f1228a36cde93\"},\"headline\":\"Entrega GDF 1,849 mejoramientos para vivienda\",\"datePublished\":\"2015-10-08T13:41:25+00:00\",\"mainEntityOfPage\":{\"@id\":\"https:\\\/\\\/centrourbano.com\\\/revista\\\/vivienda\\\/entrega-gdf-1849-mejoramientos-para-vivienda\\\/\"},\"wordCount\":543,\"commentCount\":0,\"publisher\":{\"@id\":\"https:\\\/\\\/centrourbano.com\\\/revista\\\/#organization\"},\"image\":{\"@id\":\"https:\\\/\\\/centrourbano.com\\\/revista\\\/vivienda\\\/entrega-gdf-1849-mejoramientos-para-vivienda\\\/#primaryimage\"},\"thumbnailUrl\":\"https:\\\/\\\/centrourbano.com\\\/revista\\\/wp-content\\\/uploads\\\/071015-MIGUEL-\u00c1NGEL-MANCERA-ENTREGA-DE-CR\u00c9DITOS-MEJORAMIENTO-DE-VIVIENDA-1.jpeg\",\"keywords\":[\"Invi\",\"Miguel \u00c1ngel Mancera\",\"vivienda\"],\"articleSection\":[\"Vivienda\"],\"inLanguage\":\"es\",\"potentialAction\":[{\"@type\":\"CommentAction\",\"name\":\"Comment\",\"target\":[\"https:\\\/\\\/centrourbano.com\\\/revista\\\/vivienda\\\/entrega-gdf-1849-mejoramientos-para-vivienda\\\/#respond\"]}]},{\"@type\":\"WebPage\",\"@id\":\"https:\\\/\\\/centrourbano.com\\\/revista\\\/vivienda\\\/entrega-gdf-1849-mejoramientos-para-vivienda\\\/\",\"url\":\"https:\\\/\\\/centrourbano.com\\\/revista\\\/vivienda\\\/entrega-gdf-1849-mejoramientos-para-vivienda\\\/\",\"name\":\"Entrega GDF 1,849 mejoramientos para vivienda -\",\"isPartOf\":{\"@id\":\"https:\\\/\\\/centrourbano.com\\\/revista\\\/#website\"},\"primaryImageOfPage\":{\"@id\":\"https:\\\/\\\/centrourbano.com\\\/revista\\\/vivienda\\\/entrega-gdf-1849-mejoramientos-para-vivienda\\\/#primaryimage\"},\"image\":{\"@id\":\"https:\\\/\\\/centrourbano.com\\\/revista\\\/vivienda\\\/entrega-gdf-1849-mejoramientos-para-vivienda\\\/#primaryimage\"},\"thumbnailUrl\":\"https:\\\/\\\/centrourbano.com\\\/revista\\\/wp-content\\\/uploads\\\/071015-MIGUEL-\u00c1NGEL-MANCERA-ENTREGA-DE-CR\u00c9DITOS-MEJORAMIENTO-DE-VIVIENDA-1.jpeg\",\"datePublished\":\"2015-10-08T13:41:25+00:00\",\"description\":\"Con el apoyo suman 12,000 beneficiarios de cr\u00e9ditos otorgados por el Instituto de Vivienda durante 2015 Miguel \u00c1ngel Mancera Espinosa, Jefe de Gobierno de\",\"breadcrumb\":{\"@id\":\"https:\\\/\\\/centrourbano.com\\\/revista\\\/vivienda\\\/entrega-gdf-1849-mejoramientos-para-vivienda\\\/#breadcrumb\"},\"inLanguage\":\"es\",\"potentialAction\":[{\"@type\":\"ReadAction\",\"target\":[\"https:\\\/\\\/centrourbano.com\\\/revista\\\/vivienda\\\/entrega-gdf-1849-mejoramientos-para-vivienda\\\/\"]}]},{\"@type\":\"ImageObject\",\"inLanguage\":\"es\",\"@id\":\"https:\\\/\\\/centrourbano.com\\\/revista\\\/vivienda\\\/entrega-gdf-1849-mejoramientos-para-vivienda\\\/#primaryimage\",\"url\":\"https:\\\/\\\/centrourbano.com\\\/revista\\\/wp-content\\\/uploads\\\/071015-MIGUEL-\u00c1NGEL-MANCERA-ENTREGA-DE-CR\u00c9DITOS-MEJORAMIENTO-DE-VIVIENDA-1.jpeg\",\"contentUrl\":\"https:\\\/\\\/centrourbano.com\\\/revista\\\/wp-content\\\/uploads\\\/071015-MIGUEL-\u00c1NGEL-MANCERA-ENTREGA-DE-CR\u00c9DITOS-MEJORAMIENTO-DE-VIVIENDA-1.jpeg\",\"width\":1620,\"height\":1080},{\"@type\":\"BreadcrumbList\",\"@id\":\"https:\\\/\\\/centrourbano.com\\\/revista\\\/vivienda\\\/entrega-gdf-1849-mejoramientos-para-vivienda\\\/#breadcrumb\",\"itemListElement\":[{\"@type\":\"ListItem\",\"position\":1,\"name\":\"Portada\",\"item\":\"https:\\\/\\\/centrourbano.com\\\/revista\\\/\"},{\"@type\":\"ListItem\",\"position\":2,\"name\":\"Entrega GDF 1,849 mejoramientos para vivienda\"}]},{\"@type\":\"WebSite\",\"@id\":\"https:\\\/\\\/centrourbano.com\\\/revista\\\/#website\",\"url\":\"https:\\\/\\\/centrourbano.com\\\/revista\\\/\",\"name\":\"Centro Urbano\",\"description\":\"Medio especializado en los sectores vivienda, inmobiliario, construcci\u00f3n, arquitectura y urbanismo.\",\"publisher\":{\"@id\":\"https:\\\/\\\/centrourbano.com\\\/revista\\\/#organization\"},\"potentialAction\":[{\"@type\":\"SearchAction\",\"target\":{\"@type\":\"EntryPoint\",\"urlTemplate\":\"https:\\\/\\\/centrourbano.com\\\/revista\\\/?s={search_term_string}\"},\"query-input\":{\"@type\":\"PropertyValueSpecification\",\"valueRequired\":true,\"valueName\":\"search_term_string\"}}],\"inLanguage\":\"es\"},{\"@type\":\"Organization\",\"@id\":\"https:\\\/\\\/centrourbano.com\\\/revista\\\/#organization\",\"name\":\"Centro Urbano\",\"url\":\"https:\\\/\\\/centrourbano.com\\\/revista\\\/\",\"logo\":{\"@type\":\"ImageObject\",\"inLanguage\":\"es\",\"@id\":\"https:\\\/\\\/centrourbano.com\\\/revista\\\/#\\\/schema\\\/logo\\\/image\\\/\",\"url\":\"https:\\\/\\\/centrourbano.com\\\/revista\\\/wp-content\\\/uploads\\\/web_CU_logo-1.png\",\"contentUrl\":\"https:\\\/\\\/centrourbano.com\\\/revista\\\/wp-content\\\/uploads\\\/web_CU_logo-1.png\",\"width\":350,\"height\":91,\"caption\":\"Centro Urbano\"},\"image\":{\"@id\":\"https:\\\/\\\/centrourbano.com\\\/revista\\\/#\\\/schema\\\/logo\\\/image\\\/\"},\"sameAs\":[\"https:\\\/\\\/www.facebook.com\\\/portalcentrourbano\",\"https:\\\/\\\/x.com\\\/CentroUrbano\",\"https:\\\/\\\/www.instagram.com\\\/centro_urbano\\\/\",\"https:\\\/\\\/www.linkedin.com\\\/company\\\/centro-urbano\\\/\",\"http:\\\/\\\/www.youtube.com\\\/user\\\/portalcentrourbano\"]},{\"@type\":\"Person\",\"@id\":\"https:\\\/\\\/centrourbano.com\\\/revista\\\/#\\\/schema\\\/person\\\/71e020a5b63ca4230c0f1228a36cde93\",\"name\":\"Mario V\u00e1zquez Barrios\",\"image\":{\"@type\":\"ImageObject\",\"inLanguage\":\"es\",\"@id\":\"https:\\\/\\\/secure.gravatar.com\\\/avatar\\\/347e6d9c0b04f0194ca244ba64b0fe62752d716a3a93d1713bd259eb87aad5b6?s=96&d=mm&r=g\",\"url\":\"https:\\\/\\\/secure.gravatar.com\\\/avatar\\\/347e6d9c0b04f0194ca244ba64b0fe62752d716a3a93d1713bd259eb87aad5b6?s=96&d=mm&r=g\",\"contentUrl\":\"https:\\\/\\\/secure.gravatar.com\\\/avatar\\\/347e6d9c0b04f0194ca244ba64b0fe62752d716a3a93d1713bd259eb87aad5b6?s=96&d=mm&r=g\",\"caption\":\"Mario V\u00e1zquez Barrios\"},\"description\":\"Me inici\u00e9 en El Financiero haciendo reportajes; en MegaNoticias Televisi\u00f3n fui reportero titular; en EMedios, control de calidad; y Radio 13 Noticias me acogi\u00f3 como colaborador. Me gusta encontrar en las banquetas la nota, una entrevista y el inicio de un reportaje.\",\"sameAs\":[\"https:\\\/\\\/x.com\\\/@MarioDeNiro\"],\"url\":\"https:\\\/\\\/centrourbano.com\\\/revista\\\/author\\\/mario-vazquez\\\/\"}]}<\/script>\n<!-- \/ Yoast SEO plugin. -->","yoast_head_json":{"title":"Entrega GDF 1,849 mejoramientos para vivienda -","description":"Con el apoyo suman 12,000 beneficiarios de cr\u00e9ditos otorgados por el Instituto de Vivienda durante 2015 Miguel \u00c1ngel Mancera Espinosa, Jefe de Gobierno de","robots":{"index":"index","follow":"follow","max-snippet":"max-snippet:-1","max-image-preview":"max-image-preview:large","max-video-preview":"max-video-preview:-1"},"canonical":"https:\/\/centrourbano.com\/revista\/vivienda\/entrega-gdf-1849-mejoramientos-para-vivienda\/","og_locale":"es_ES","og_type":"article","og_title":"Entrega GDF 1,849 mejoramientos para vivienda -","og_description":"Con el apoyo suman 12,000 beneficiarios de cr\u00e9ditos otorgados por el Instituto de Vivienda durante 2015 Miguel \u00c1ngel Mancera Espinosa, Jefe de Gobierno de","og_url":"https:\/\/centrourbano.com\/revista\/vivienda\/entrega-gdf-1849-mejoramientos-para-vivienda\/","og_site_name":"Centro Urbano","article_publisher":"https:\/\/www.facebook.com\/portalcentrourbano","article_published_time":"2015-10-08T13:41:25+00:00","og_image":[{"width":1620,"height":1080,"url":"https:\/\/centrourbano.com\/revista\/wp-content\/uploads\/071015-MIGUEL-\u00c1NGEL-MANCERA-ENTREGA-DE-CR\u00c9DITOS-MEJORAMIENTO-DE-VIVIENDA-1.jpeg","type":"image\/jpeg"}],"author":"Mario V\u00e1zquez Barrios","twitter_card":"summary_large_image","twitter_creator":"@MarioDeNiro","twitter_site":"@CentroUrbano","twitter_misc":{"Escrito por":"Mario V\u00e1zquez Barrios","Tiempo de lectura":"3 minutos"},"schema":{"@context":"https:\/\/schema.org","@graph":[{"@type":"Article","@id":"https:\/\/centrourbano.com\/revista\/vivienda\/entrega-gdf-1849-mejoramientos-para-vivienda\/#article","isPartOf":{"@id":"https:\/\/centrourbano.com\/revista\/vivienda\/entrega-gdf-1849-mejoramientos-para-vivienda\/"},"author":{"name":"Mario V\u00e1zquez Barrios","@id":"https:\/\/centrourbano.com\/revista\/#\/schema\/person\/71e020a5b63ca4230c0f1228a36cde93"},"headline":"Entrega GDF 1,849 mejoramientos para vivienda","datePublished":"2015-10-08T13:41:25+00:00","mainEntityOfPage":{"@id":"https:\/\/centrourbano.com\/revista\/vivienda\/entrega-gdf-1849-mejoramientos-para-vivienda\/"},"wordCount":543,"commentCount":0,"publisher":{"@id":"https:\/\/centrourbano.com\/revista\/#organization"},"image":{"@id":"https:\/\/centrourbano.com\/revista\/vivienda\/entrega-gdf-1849-mejoramientos-para-vivienda\/#primaryimage"},"thumbnailUrl":"https:\/\/centrourbano.com\/revista\/wp-content\/uploads\/071015-MIGUEL-\u00c1NGEL-MANCERA-ENTREGA-DE-CR\u00c9DITOS-MEJORAMIENTO-DE-VIVIENDA-1.jpeg","keywords":["Invi","Miguel \u00c1ngel Mancera","vivienda"],"articleSection":["Vivienda"],"inLanguage":"es","potentialAction":[{"@type":"CommentAction","name":"Comment","target":["https:\/\/centrourbano.com\/revista\/vivienda\/entrega-gdf-1849-mejoramientos-para-vivienda\/#respond"]}]},{"@type":"WebPage","@id":"https:\/\/centrourbano.com\/revista\/vivienda\/entrega-gdf-1849-mejoramientos-para-vivienda\/","url":"https:\/\/centrourbano.com\/revista\/vivienda\/entrega-gdf-1849-mejoramientos-para-vivienda\/","name":"Entrega GDF 1,849 mejoramientos para vivienda -","isPartOf":{"@id":"https:\/\/centrourbano.com\/revista\/#website"},"primaryImageOfPage":{"@id":"https:\/\/centrourbano.com\/revista\/vivienda\/entrega-gdf-1849-mejoramientos-para-vivienda\/#primaryimage"},"image":{"@id":"https:\/\/centrourbano.com\/revista\/vivienda\/entrega-gdf-1849-mejoramientos-para-vivienda\/#primaryimage"},"thumbnailUrl":"https:\/\/centrourbano.com\/revista\/wp-content\/uploads\/071015-MIGUEL-\u00c1NGEL-MANCERA-ENTREGA-DE-CR\u00c9DITOS-MEJORAMIENTO-DE-VIVIENDA-1.jpeg","datePublished":"2015-10-08T13:41:25+00:00","description":"Con el apoyo suman 12,000 beneficiarios de cr\u00e9ditos otorgados por el Instituto de Vivienda durante 2015 Miguel \u00c1ngel Mancera Espinosa, Jefe de Gobierno de","breadcrumb":{"@id":"https:\/\/centrourbano.com\/revista\/vivienda\/entrega-gdf-1849-mejoramientos-para-vivienda\/#breadcrumb"},"inLanguage":"es","potentialAction":[{"@type":"ReadAction","target":["https:\/\/centrourbano.com\/revista\/vivienda\/entrega-gdf-1849-mejoramientos-para-vivienda\/"]}]},{"@type":"ImageObject","inLanguage":"es","@id":"https:\/\/centrourbano.com\/revista\/vivienda\/entrega-gdf-1849-mejoramientos-para-vivienda\/#primaryimage","url":"https:\/\/centrourbano.com\/revista\/wp-content\/uploads\/071015-MIGUEL-\u00c1NGEL-MANCERA-ENTREGA-DE-CR\u00c9DITOS-MEJORAMIENTO-DE-VIVIENDA-1.jpeg","contentUrl":"https:\/\/centrourbano.com\/revista\/wp-content\/uploads\/071015-MIGUEL-\u00c1NGEL-MANCERA-ENTREGA-DE-CR\u00c9DITOS-MEJORAMIENTO-DE-VIVIENDA-1.jpeg","width":1620,"height":1080},{"@type":"BreadcrumbList","@id":"https:\/\/centrourbano.com\/revista\/vivienda\/entrega-gdf-1849-mejoramientos-para-vivienda\/#breadcrumb","itemListElement":[{"@type":"ListItem","position":1,"name":"Portada","item":"https:\/\/centrourbano.com\/revista\/"},{"@type":"ListItem","position":2,"name":"Entrega GDF 1,849 mejoramientos para vivienda"}]},{"@type":"WebSite","@id":"https:\/\/centrourbano.com\/revista\/#website","url":"https:\/\/centrourbano.com\/revista\/","name":"Centro Urbano","description":"Medio especializado en los sectores vivienda, inmobiliario, construcci\u00f3n, arquitectura y urbanismo.","publisher":{"@id":"https:\/\/centrourbano.com\/revista\/#organization"},"potentialAction":[{"@type":"SearchAction","target":{"@type":"EntryPoint","urlTemplate":"https:\/\/centrourbano.com\/revista\/?s={search_term_string}"},"query-input":{"@type":"PropertyValueSpecification","valueRequired":true,"valueName":"search_term_string"}}],"inLanguage":"es"},{"@type":"Organization","@id":"https:\/\/centrourbano.com\/revista\/#organization","name":"Centro Urbano","url":"https:\/\/centrourbano.com\/revista\/","logo":{"@type":"ImageObject","inLanguage":"es","@id":"https:\/\/centrourbano.com\/revista\/#\/schema\/logo\/image\/","url":"https:\/\/centrourbano.com\/revista\/wp-content\/uploads\/web_CU_logo-1.png","contentUrl":"https:\/\/centrourbano.com\/revista\/wp-content\/uploads\/web_CU_logo-1.png","width":350,"height":91,"caption":"Centro Urbano"},"image":{"@id":"https:\/\/centrourbano.com\/revista\/#\/schema\/logo\/image\/"},"sameAs":["https:\/\/www.facebook.com\/portalcentrourbano","https:\/\/x.com\/CentroUrbano","https:\/\/www.instagram.com\/centro_urbano\/","https:\/\/www.linkedin.com\/company\/centro-urbano\/","http:\/\/www.youtube.com\/user\/portalcentrourbano"]},{"@type":"Person","@id":"https:\/\/centrourbano.com\/revista\/#\/schema\/person\/71e020a5b63ca4230c0f1228a36cde93","name":"Mario V\u00e1zquez Barrios","image":{"@type":"ImageObject","inLanguage":"es","@id":"https:\/\/secure.gravatar.com\/avatar\/347e6d9c0b04f0194ca244ba64b0fe62752d716a3a93d1713bd259eb87aad5b6?s=96&d=mm&r=g","url":"https:\/\/secure.gravatar.com\/avatar\/347e6d9c0b04f0194ca244ba64b0fe62752d716a3a93d1713bd259eb87aad5b6?s=96&d=mm&r=g","contentUrl":"https:\/\/secure.gravatar.com\/avatar\/347e6d9c0b04f0194ca244ba64b0fe62752d716a3a93d1713bd259eb87aad5b6?s=96&d=mm&r=g","caption":"Mario V\u00e1zquez Barrios"},"description":"Me inici\u00e9 en El Financiero haciendo reportajes; en MegaNoticias Televisi\u00f3n fui reportero titular; en EMedios, control de calidad; y Radio 13 Noticias me acogi\u00f3 como colaborador. Me gusta encontrar en las banquetas la nota, una entrevista y el inicio de un reportaje.","sameAs":["https:\/\/x.com\/@MarioDeNiro"],"url":"https:\/\/centrourbano.com\/revista\/author\/mario-vazquez\/"}]}},"_links":{"self":[{"href":"https:\/\/centrourbano.com\/revista\/wp-json\/wp\/v2\/posts\/24234","targetHints":{"allow":["GET"]}}],"collection":[{"href":"https:\/\/centrourbano.com\/revista\/wp-json\/wp\/v2\/posts"}],"about":[{"href":"https:\/\/centrourbano.com\/revista\/wp-json\/wp\/v2\/types\/post"}],"author":[{"embeddable":true,"href":"https:\/\/centrourbano.com\/revista\/wp-json\/wp\/v2\/users\/28"}],"replies":[{"embeddable":true,"href":"https:\/\/centrourbano.com\/revista\/wp-json\/wp\/v2\/comments?post=24234"}],"version-history":[{"count":0,"href":"https:\/\/centrourbano.com\/revista\/wp-json\/wp\/v2\/posts\/24234\/revisions"}],"wp:featuredmedia":[{"embeddable":true,"href":"https:\/\/centrourbano.com\/revista\/wp-json\/wp\/v2\/media\/24237"}],"wp:attachment":[{"href":"https:\/\/centrourbano.com\/revista\/wp-json\/wp\/v2\/media?parent=24234"}],"wp:term":[{"taxonomy":"category","embeddable":true,"href":"https:\/\/centrourbano.com\/revista\/wp-json\/wp\/v2\/categories?post=24234"},{"taxonomy":"post_tag","embeddable":true,"href":"https:\/\/centrourbano.com\/revista\/wp-json\/wp\/v2\/tags?post=24234"}],"curies":[{"name":"wp","href":"https:\/\/api.w.org\/{rel}","templated":true}]}}