{"id":24052,"date":"2015-10-02T09:57:53","date_gmt":"2015-10-02T14:57:53","guid":{"rendered":"http:\/\/centrourbano.com\/?p=24052"},"modified":"2015-10-02T09:57:53","modified_gmt":"2015-10-02T14:57:53","slug":"concreta-soriana-la-compra-de-comercial-mexicana","status":"publish","type":"post","link":"https:\/\/centrourbano.com\/revista\/inmobiliario\/concreta-soriana-la-compra-de-comercial-mexicana\/","title":{"rendered":"Concreta Soriana la compra de Comercial Mexicana"},"content":{"rendered":"<p>&nbsp;<\/p>\n<p><em>Soriana aumentar\u00eda su oferta a 835 tiendas para convertirse en la segunda cadena m\u00e1s importante del pa\u00eds<\/em><!--more--><\/p>\n<p>Tras ocho meses del anuncio de la compra de Comercial Mexicana por parte de Soriana a\u00fan se espera la autorizaci\u00f3n final de la Comisi\u00f3n Federa de Competencia Econ\u00f3mica (Cofece) para completar la transacci\u00f3n, con lo que la empresa adquirir\u00eda 160 tiendas Comercial Mexicana en el pa\u00eds.<\/p>\n<p>La compra total suma 239 mil 200 millones de pesos y la siguiente fase que seguir\u00eda Soriana, ser\u00eda lanzar una oferta de adquisici\u00f3n de acciones de la Comer e iniciar la separaci\u00f3n de formatos, por lo que la cadena originaria de Torre\u00f3n, Coahuila, aumentar\u00eda su cadena de tiendas a 835.<\/p>\n<p>Comercial Mexicana, que cambi\u00f3 su nombre a Corporativo Comerci, se reagrupar\u00e1 con sus tiendas de comercio alto, mientras que Soriana se convertir\u00eda en la segunda cadena de autoservicio m\u00e1s importante del pa\u00eds, detr\u00e1s de Walmart.<\/p>\n","protected":false},"excerpt":{"rendered":"<p>&nbsp; Soriana aumentar\u00eda su oferta a 835 tiendas para convertirse en la segunda cadena m\u00e1s importante del pa\u00eds<\/p>\n","protected":false},"author":19,"featured_media":24053,"comment_status":"open","ping_status":"closed","sticky":false,"template":"","format":"standard","meta":{"om_disable_all_campaigns":false,"inline_featured_image":false,"_monsterinsights_skip_tracking":false,"_monsterinsights_sitenote_active":false,"_monsterinsights_sitenote_note":"","_monsterinsights_sitenote_category":0,"footnotes":""},"categories":[15],"tags":[2141,6607,4294,4382,706],"class_list":["post-24052","post","type-post","status-publish","format-standard","has-post-thumbnail","hentry","category-inmobiliario","tag-comercial-mexicana","tag-corporativo-comerci","tag-soriana","tag-torreon","tag-walmart"],"yoast_head":"<!-- This site is optimized with the Yoast SEO plugin v27.5 - https:\/\/yoast.com\/product\/yoast-seo-wordpress\/ -->\n<title>Concreta Soriana la compra de Comercial Mexicana -<\/title>\n<meta name=\"description\" content=\"&nbsp; Soriana aumentar\u00eda su oferta a 835 tiendas para convertirse en la segunda cadena m\u00e1s importante del pa\u00eds Tras ocho meses del anuncio de la compra\" \/>\n<meta name=\"robots\" content=\"index, follow, max-snippet:-1, max-image-preview:large, max-video-preview:-1\" \/>\n<link rel=\"canonical\" href=\"https:\/\/centrourbano.com\/revista\/inmobiliario\/concreta-soriana-la-compra-de-comercial-mexicana\/\" \/>\n<meta property=\"og:locale\" content=\"es_ES\" \/>\n<meta property=\"og:type\" content=\"article\" \/>\n<meta property=\"og:title\" content=\"Concreta Soriana la compra de Comercial Mexicana -\" \/>\n<meta property=\"og:description\" content=\"&nbsp; Soriana aumentar\u00eda su oferta a 835 tiendas para convertirse en la segunda cadena m\u00e1s importante del pa\u00eds Tras ocho meses del anuncio de la compra\" \/>\n<meta property=\"og:url\" content=\"https:\/\/centrourbano.com\/revista\/inmobiliario\/concreta-soriana-la-compra-de-comercial-mexicana\/\" \/>\n<meta property=\"og:site_name\" content=\"Centro Urbano\" \/>\n<meta property=\"article:publisher\" content=\"https:\/\/www.facebook.com\/portalcentrourbano\" \/>\n<meta property=\"article:published_time\" content=\"2015-10-02T14:57:53+00:00\" \/>\n<meta property=\"og:image\" content=\"https:\/\/centrourbano.com\/revista\/wp-content\/uploads\/pf-0154090212soriana4bf-c.jpg\" \/>\n\t<meta property=\"og:image:width\" content=\"779\" \/>\n\t<meta property=\"og:image:height\" content=\"550\" \/>\n\t<meta property=\"og:image:type\" content=\"image\/jpeg\" \/>\n<meta name=\"author\" content=\"Sofia Osorio\" \/>\n<meta name=\"twitter:card\" content=\"summary_large_image\" \/>\n<meta name=\"twitter:creator\" content=\"@CentroUrbano\" \/>\n<meta name=\"twitter:site\" content=\"@CentroUrbano\" \/>\n<meta name=\"twitter:label1\" content=\"Escrito por\" \/>\n\t<meta name=\"twitter:data1\" content=\"Sofia Osorio\" \/>\n\t<meta name=\"twitter:label2\" content=\"Tiempo de lectura\" \/>\n\t<meta name=\"twitter:data2\" content=\"1 minuto\" \/>\n<script type=\"application\/ld+json\" class=\"yoast-schema-graph\">{\"@context\":\"https:\\\/\\\/schema.org\",\"@graph\":[{\"@type\":\"Article\",\"@id\":\"https:\\\/\\\/centrourbano.com\\\/revista\\\/inmobiliario\\\/concreta-soriana-la-compra-de-comercial-mexicana\\\/#article\",\"isPartOf\":{\"@id\":\"https:\\\/\\\/centrourbano.com\\\/revista\\\/inmobiliario\\\/concreta-soriana-la-compra-de-comercial-mexicana\\\/\"},\"author\":{\"name\":\"Sofia Osorio\",\"@id\":\"https:\\\/\\\/centrourbano.com\\\/revista\\\/#\\\/schema\\\/person\\\/e3142244139c9fbcfb78e51eec6b37ce\"},\"headline\":\"Concreta Soriana la compra de Comercial Mexicana\",\"datePublished\":\"2015-10-02T14:57:53+00:00\",\"mainEntityOfPage\":{\"@id\":\"https:\\\/\\\/centrourbano.com\\\/revista\\\/inmobiliario\\\/concreta-soriana-la-compra-de-comercial-mexicana\\\/\"},\"wordCount\":171,\"commentCount\":0,\"publisher\":{\"@id\":\"https:\\\/\\\/centrourbano.com\\\/revista\\\/#organization\"},\"image\":{\"@id\":\"https:\\\/\\\/centrourbano.com\\\/revista\\\/inmobiliario\\\/concreta-soriana-la-compra-de-comercial-mexicana\\\/#primaryimage\"},\"thumbnailUrl\":\"https:\\\/\\\/centrourbano.com\\\/revista\\\/wp-content\\\/uploads\\\/pf-0154090212soriana4bf-c.jpg\",\"keywords\":[\"Comercial Mexicana\",\"Corporativo Comerci\",\"Soriana\",\"Torre\u00f3n\",\"Walmart\"],\"articleSection\":[\"Inmobiliario\"],\"inLanguage\":\"es\",\"potentialAction\":[{\"@type\":\"CommentAction\",\"name\":\"Comment\",\"target\":[\"https:\\\/\\\/centrourbano.com\\\/revista\\\/inmobiliario\\\/concreta-soriana-la-compra-de-comercial-mexicana\\\/#respond\"]}]},{\"@type\":\"WebPage\",\"@id\":\"https:\\\/\\\/centrourbano.com\\\/revista\\\/inmobiliario\\\/concreta-soriana-la-compra-de-comercial-mexicana\\\/\",\"url\":\"https:\\\/\\\/centrourbano.com\\\/revista\\\/inmobiliario\\\/concreta-soriana-la-compra-de-comercial-mexicana\\\/\",\"name\":\"Concreta Soriana la compra de Comercial Mexicana -\",\"isPartOf\":{\"@id\":\"https:\\\/\\\/centrourbano.com\\\/revista\\\/#website\"},\"primaryImageOfPage\":{\"@id\":\"https:\\\/\\\/centrourbano.com\\\/revista\\\/inmobiliario\\\/concreta-soriana-la-compra-de-comercial-mexicana\\\/#primaryimage\"},\"image\":{\"@id\":\"https:\\\/\\\/centrourbano.com\\\/revista\\\/inmobiliario\\\/concreta-soriana-la-compra-de-comercial-mexicana\\\/#primaryimage\"},\"thumbnailUrl\":\"https:\\\/\\\/centrourbano.com\\\/revista\\\/wp-content\\\/uploads\\\/pf-0154090212soriana4bf-c.jpg\",\"datePublished\":\"2015-10-02T14:57:53+00:00\",\"description\":\"&nbsp; Soriana aumentar\u00eda su oferta a 835 tiendas para convertirse en la segunda cadena m\u00e1s importante del pa\u00eds Tras ocho meses del anuncio de la compra\",\"breadcrumb\":{\"@id\":\"https:\\\/\\\/centrourbano.com\\\/revista\\\/inmobiliario\\\/concreta-soriana-la-compra-de-comercial-mexicana\\\/#breadcrumb\"},\"inLanguage\":\"es\",\"potentialAction\":[{\"@type\":\"ReadAction\",\"target\":[\"https:\\\/\\\/centrourbano.com\\\/revista\\\/inmobiliario\\\/concreta-soriana-la-compra-de-comercial-mexicana\\\/\"]}]},{\"@type\":\"ImageObject\",\"inLanguage\":\"es\",\"@id\":\"https:\\\/\\\/centrourbano.com\\\/revista\\\/inmobiliario\\\/concreta-soriana-la-compra-de-comercial-mexicana\\\/#primaryimage\",\"url\":\"https:\\\/\\\/centrourbano.com\\\/revista\\\/wp-content\\\/uploads\\\/pf-0154090212soriana4bf-c.jpg\",\"contentUrl\":\"https:\\\/\\\/centrourbano.com\\\/revista\\\/wp-content\\\/uploads\\\/pf-0154090212soriana4bf-c.jpg\",\"width\":779,\"height\":550,\"caption\":\"Los ingresos totales consolidados ascendieron a 35,248 millones de pesos\"},{\"@type\":\"BreadcrumbList\",\"@id\":\"https:\\\/\\\/centrourbano.com\\\/revista\\\/inmobiliario\\\/concreta-soriana-la-compra-de-comercial-mexicana\\\/#breadcrumb\",\"itemListElement\":[{\"@type\":\"ListItem\",\"position\":1,\"name\":\"Portada\",\"item\":\"https:\\\/\\\/centrourbano.com\\\/revista\\\/\"},{\"@type\":\"ListItem\",\"position\":2,\"name\":\"Concreta Soriana la compra de Comercial Mexicana\"}]},{\"@type\":\"WebSite\",\"@id\":\"https:\\\/\\\/centrourbano.com\\\/revista\\\/#website\",\"url\":\"https:\\\/\\\/centrourbano.com\\\/revista\\\/\",\"name\":\"Centro Urbano\",\"description\":\"Medio especializado en los sectores vivienda, inmobiliario, construcci\u00f3n, arquitectura y urbanismo.\",\"publisher\":{\"@id\":\"https:\\\/\\\/centrourbano.com\\\/revista\\\/#organization\"},\"potentialAction\":[{\"@type\":\"SearchAction\",\"target\":{\"@type\":\"EntryPoint\",\"urlTemplate\":\"https:\\\/\\\/centrourbano.com\\\/revista\\\/?s={search_term_string}\"},\"query-input\":{\"@type\":\"PropertyValueSpecification\",\"valueRequired\":true,\"valueName\":\"search_term_string\"}}],\"inLanguage\":\"es\"},{\"@type\":\"Organization\",\"@id\":\"https:\\\/\\\/centrourbano.com\\\/revista\\\/#organization\",\"name\":\"Centro Urbano\",\"url\":\"https:\\\/\\\/centrourbano.com\\\/revista\\\/\",\"logo\":{\"@type\":\"ImageObject\",\"inLanguage\":\"es\",\"@id\":\"https:\\\/\\\/centrourbano.com\\\/revista\\\/#\\\/schema\\\/logo\\\/image\\\/\",\"url\":\"https:\\\/\\\/centrourbano.com\\\/revista\\\/wp-content\\\/uploads\\\/web_CU_logo-1.png\",\"contentUrl\":\"https:\\\/\\\/centrourbano.com\\\/revista\\\/wp-content\\\/uploads\\\/web_CU_logo-1.png\",\"width\":350,\"height\":91,\"caption\":\"Centro Urbano\"},\"image\":{\"@id\":\"https:\\\/\\\/centrourbano.com\\\/revista\\\/#\\\/schema\\\/logo\\\/image\\\/\"},\"sameAs\":[\"https:\\\/\\\/www.facebook.com\\\/portalcentrourbano\",\"https:\\\/\\\/x.com\\\/CentroUrbano\",\"https:\\\/\\\/www.instagram.com\\\/centro_urbano\\\/\",\"https:\\\/\\\/www.linkedin.com\\\/company\\\/centro-urbano\\\/\",\"http:\\\/\\\/www.youtube.com\\\/user\\\/portalcentrourbano\"]},{\"@type\":\"Person\",\"@id\":\"https:\\\/\\\/centrourbano.com\\\/revista\\\/#\\\/schema\\\/person\\\/e3142244139c9fbcfb78e51eec6b37ce\",\"name\":\"Sofia Osorio\",\"image\":{\"@type\":\"ImageObject\",\"inLanguage\":\"es\",\"@id\":\"https:\\\/\\\/secure.gravatar.com\\\/avatar\\\/540346885009217f50383aeae8f93738fea6ce04c37c93d6be2d0515d1be354c?s=96&d=mm&r=g\",\"url\":\"https:\\\/\\\/secure.gravatar.com\\\/avatar\\\/540346885009217f50383aeae8f93738fea6ce04c37c93d6be2d0515d1be354c?s=96&d=mm&r=g\",\"contentUrl\":\"https:\\\/\\\/secure.gravatar.com\\\/avatar\\\/540346885009217f50383aeae8f93738fea6ce04c37c93d6be2d0515d1be354c?s=96&d=mm&r=g\",\"caption\":\"Sofia Osorio\"},\"description\":\"Egresada de la Facultad de Estudios Superiores Arag\u00f3n. Comunicaci\u00f3n y Periodismo. Loca y feliz. Suele re\u00edrse de todo, dormir en el transporte p\u00fablico y terminar corriendo para llegar a cualquier lugar. Cantante de regadera, bailarina frustrada y chiva de coraz\u00f3n, apasionada por lo que hay que hacer. Enojona, gritona y medio amable con la gente. Su primera oportunidad laboral la tuvo como becaria en la revista Klika y fungi\u00f3 como community manager en Grupo Radio Centro. Actualmente explora nuevos campos del periodismo en Centro Urbano.\",\"url\":\"https:\\\/\\\/centrourbano.com\\\/revista\\\/author\\\/sofia-osorio\\\/\"}]}<\/script>\n<!-- \/ Yoast SEO plugin. -->","yoast_head_json":{"title":"Concreta Soriana la compra de Comercial Mexicana -","description":"&nbsp; Soriana aumentar\u00eda su oferta a 835 tiendas para convertirse en la segunda cadena m\u00e1s importante del pa\u00eds Tras ocho meses del anuncio de la compra","robots":{"index":"index","follow":"follow","max-snippet":"max-snippet:-1","max-image-preview":"max-image-preview:large","max-video-preview":"max-video-preview:-1"},"canonical":"https:\/\/centrourbano.com\/revista\/inmobiliario\/concreta-soriana-la-compra-de-comercial-mexicana\/","og_locale":"es_ES","og_type":"article","og_title":"Concreta Soriana la compra de Comercial Mexicana -","og_description":"&nbsp; Soriana aumentar\u00eda su oferta a 835 tiendas para convertirse en la segunda cadena m\u00e1s importante del pa\u00eds Tras ocho meses del anuncio de la compra","og_url":"https:\/\/centrourbano.com\/revista\/inmobiliario\/concreta-soriana-la-compra-de-comercial-mexicana\/","og_site_name":"Centro Urbano","article_publisher":"https:\/\/www.facebook.com\/portalcentrourbano","article_published_time":"2015-10-02T14:57:53+00:00","og_image":[{"width":779,"height":550,"url":"https:\/\/centrourbano.com\/revista\/wp-content\/uploads\/pf-0154090212soriana4bf-c.jpg","type":"image\/jpeg"}],"author":"Sofia Osorio","twitter_card":"summary_large_image","twitter_creator":"@CentroUrbano","twitter_site":"@CentroUrbano","twitter_misc":{"Escrito por":"Sofia Osorio","Tiempo de lectura":"1 minuto"},"schema":{"@context":"https:\/\/schema.org","@graph":[{"@type":"Article","@id":"https:\/\/centrourbano.com\/revista\/inmobiliario\/concreta-soriana-la-compra-de-comercial-mexicana\/#article","isPartOf":{"@id":"https:\/\/centrourbano.com\/revista\/inmobiliario\/concreta-soriana-la-compra-de-comercial-mexicana\/"},"author":{"name":"Sofia Osorio","@id":"https:\/\/centrourbano.com\/revista\/#\/schema\/person\/e3142244139c9fbcfb78e51eec6b37ce"},"headline":"Concreta Soriana la compra de Comercial Mexicana","datePublished":"2015-10-02T14:57:53+00:00","mainEntityOfPage":{"@id":"https:\/\/centrourbano.com\/revista\/inmobiliario\/concreta-soriana-la-compra-de-comercial-mexicana\/"},"wordCount":171,"commentCount":0,"publisher":{"@id":"https:\/\/centrourbano.com\/revista\/#organization"},"image":{"@id":"https:\/\/centrourbano.com\/revista\/inmobiliario\/concreta-soriana-la-compra-de-comercial-mexicana\/#primaryimage"},"thumbnailUrl":"https:\/\/centrourbano.com\/revista\/wp-content\/uploads\/pf-0154090212soriana4bf-c.jpg","keywords":["Comercial Mexicana","Corporativo Comerci","Soriana","Torre\u00f3n","Walmart"],"articleSection":["Inmobiliario"],"inLanguage":"es","potentialAction":[{"@type":"CommentAction","name":"Comment","target":["https:\/\/centrourbano.com\/revista\/inmobiliario\/concreta-soriana-la-compra-de-comercial-mexicana\/#respond"]}]},{"@type":"WebPage","@id":"https:\/\/centrourbano.com\/revista\/inmobiliario\/concreta-soriana-la-compra-de-comercial-mexicana\/","url":"https:\/\/centrourbano.com\/revista\/inmobiliario\/concreta-soriana-la-compra-de-comercial-mexicana\/","name":"Concreta Soriana la compra de Comercial Mexicana -","isPartOf":{"@id":"https:\/\/centrourbano.com\/revista\/#website"},"primaryImageOfPage":{"@id":"https:\/\/centrourbano.com\/revista\/inmobiliario\/concreta-soriana-la-compra-de-comercial-mexicana\/#primaryimage"},"image":{"@id":"https:\/\/centrourbano.com\/revista\/inmobiliario\/concreta-soriana-la-compra-de-comercial-mexicana\/#primaryimage"},"thumbnailUrl":"https:\/\/centrourbano.com\/revista\/wp-content\/uploads\/pf-0154090212soriana4bf-c.jpg","datePublished":"2015-10-02T14:57:53+00:00","description":"&nbsp; Soriana aumentar\u00eda su oferta a 835 tiendas para convertirse en la segunda cadena m\u00e1s importante del pa\u00eds Tras ocho meses del anuncio de la compra","breadcrumb":{"@id":"https:\/\/centrourbano.com\/revista\/inmobiliario\/concreta-soriana-la-compra-de-comercial-mexicana\/#breadcrumb"},"inLanguage":"es","potentialAction":[{"@type":"ReadAction","target":["https:\/\/centrourbano.com\/revista\/inmobiliario\/concreta-soriana-la-compra-de-comercial-mexicana\/"]}]},{"@type":"ImageObject","inLanguage":"es","@id":"https:\/\/centrourbano.com\/revista\/inmobiliario\/concreta-soriana-la-compra-de-comercial-mexicana\/#primaryimage","url":"https:\/\/centrourbano.com\/revista\/wp-content\/uploads\/pf-0154090212soriana4bf-c.jpg","contentUrl":"https:\/\/centrourbano.com\/revista\/wp-content\/uploads\/pf-0154090212soriana4bf-c.jpg","width":779,"height":550,"caption":"Los ingresos totales consolidados ascendieron a 35,248 millones de pesos"},{"@type":"BreadcrumbList","@id":"https:\/\/centrourbano.com\/revista\/inmobiliario\/concreta-soriana-la-compra-de-comercial-mexicana\/#breadcrumb","itemListElement":[{"@type":"ListItem","position":1,"name":"Portada","item":"https:\/\/centrourbano.com\/revista\/"},{"@type":"ListItem","position":2,"name":"Concreta Soriana la compra de Comercial Mexicana"}]},{"@type":"WebSite","@id":"https:\/\/centrourbano.com\/revista\/#website","url":"https:\/\/centrourbano.com\/revista\/","name":"Centro Urbano","description":"Medio especializado en los sectores vivienda, inmobiliario, construcci\u00f3n, arquitectura y urbanismo.","publisher":{"@id":"https:\/\/centrourbano.com\/revista\/#organization"},"potentialAction":[{"@type":"SearchAction","target":{"@type":"EntryPoint","urlTemplate":"https:\/\/centrourbano.com\/revista\/?s={search_term_string}"},"query-input":{"@type":"PropertyValueSpecification","valueRequired":true,"valueName":"search_term_string"}}],"inLanguage":"es"},{"@type":"Organization","@id":"https:\/\/centrourbano.com\/revista\/#organization","name":"Centro Urbano","url":"https:\/\/centrourbano.com\/revista\/","logo":{"@type":"ImageObject","inLanguage":"es","@id":"https:\/\/centrourbano.com\/revista\/#\/schema\/logo\/image\/","url":"https:\/\/centrourbano.com\/revista\/wp-content\/uploads\/web_CU_logo-1.png","contentUrl":"https:\/\/centrourbano.com\/revista\/wp-content\/uploads\/web_CU_logo-1.png","width":350,"height":91,"caption":"Centro Urbano"},"image":{"@id":"https:\/\/centrourbano.com\/revista\/#\/schema\/logo\/image\/"},"sameAs":["https:\/\/www.facebook.com\/portalcentrourbano","https:\/\/x.com\/CentroUrbano","https:\/\/www.instagram.com\/centro_urbano\/","https:\/\/www.linkedin.com\/company\/centro-urbano\/","http:\/\/www.youtube.com\/user\/portalcentrourbano"]},{"@type":"Person","@id":"https:\/\/centrourbano.com\/revista\/#\/schema\/person\/e3142244139c9fbcfb78e51eec6b37ce","name":"Sofia Osorio","image":{"@type":"ImageObject","inLanguage":"es","@id":"https:\/\/secure.gravatar.com\/avatar\/540346885009217f50383aeae8f93738fea6ce04c37c93d6be2d0515d1be354c?s=96&d=mm&r=g","url":"https:\/\/secure.gravatar.com\/avatar\/540346885009217f50383aeae8f93738fea6ce04c37c93d6be2d0515d1be354c?s=96&d=mm&r=g","contentUrl":"https:\/\/secure.gravatar.com\/avatar\/540346885009217f50383aeae8f93738fea6ce04c37c93d6be2d0515d1be354c?s=96&d=mm&r=g","caption":"Sofia Osorio"},"description":"Egresada de la Facultad de Estudios Superiores Arag\u00f3n. Comunicaci\u00f3n y Periodismo. Loca y feliz. Suele re\u00edrse de todo, dormir en el transporte p\u00fablico y terminar corriendo para llegar a cualquier lugar. Cantante de regadera, bailarina frustrada y chiva de coraz\u00f3n, apasionada por lo que hay que hacer. Enojona, gritona y medio amable con la gente. Su primera oportunidad laboral la tuvo como becaria en la revista Klika y fungi\u00f3 como community manager en Grupo Radio Centro. Actualmente explora nuevos campos del periodismo en Centro Urbano.","url":"https:\/\/centrourbano.com\/revista\/author\/sofia-osorio\/"}]}},"_links":{"self":[{"href":"https:\/\/centrourbano.com\/revista\/wp-json\/wp\/v2\/posts\/24052","targetHints":{"allow":["GET"]}}],"collection":[{"href":"https:\/\/centrourbano.com\/revista\/wp-json\/wp\/v2\/posts"}],"about":[{"href":"https:\/\/centrourbano.com\/revista\/wp-json\/wp\/v2\/types\/post"}],"author":[{"embeddable":true,"href":"https:\/\/centrourbano.com\/revista\/wp-json\/wp\/v2\/users\/19"}],"replies":[{"embeddable":true,"href":"https:\/\/centrourbano.com\/revista\/wp-json\/wp\/v2\/comments?post=24052"}],"version-history":[{"count":0,"href":"https:\/\/centrourbano.com\/revista\/wp-json\/wp\/v2\/posts\/24052\/revisions"}],"wp:featuredmedia":[{"embeddable":true,"href":"https:\/\/centrourbano.com\/revista\/wp-json\/wp\/v2\/media\/24053"}],"wp:attachment":[{"href":"https:\/\/centrourbano.com\/revista\/wp-json\/wp\/v2\/media?parent=24052"}],"wp:term":[{"taxonomy":"category","embeddable":true,"href":"https:\/\/centrourbano.com\/revista\/wp-json\/wp\/v2\/categories?post=24052"},{"taxonomy":"post_tag","embeddable":true,"href":"https:\/\/centrourbano.com\/revista\/wp-json\/wp\/v2\/tags?post=24052"}],"curies":[{"name":"wp","href":"https:\/\/api.w.org\/{rel}","templated":true}]}}