{"id":23939,"date":"2015-09-29T12:47:41","date_gmt":"2015-09-29T17:47:41","guid":{"rendered":"http:\/\/centrourbano.com\/?p=23939"},"modified":"2015-09-29T13:39:55","modified_gmt":"2015-09-29T18:39:55","slug":"conavi-supervisa-programa-vivienda-joven-en-durango","status":"publish","type":"post","link":"https:\/\/centrourbano.com\/revista\/vivienda\/conavi-supervisa-programa-vivienda-joven-en-durango\/","title":{"rendered":"Conavi supervisa programa Vivienda Joven en Durango"},"content":{"rendered":"<p>&nbsp;<\/p>\n<p><em>El programa <\/em><em>est\u00e1 dirigido a j\u00f3venes entre 18 y 29 a\u00f1os de edad y que tienen ingresos menores a 10,500 pesos\u00a0<\/em><\/p>\n<p><!--more--><\/p>\n<p>Paloma Silva de Anzorena, directora de la Comisi\u00f3n Nacional de Vivienda (Conavi), realiz\u00f3 un recorrido de supervisi\u00f3n a un desarrollo de 350 casas dentro del programa Vivienda Joven, del cual Durango es una entidad pionera en el pa\u00eds y que se ejecuta bajo un esquema de colaboraci\u00f3n con la dependencia federal\u00a0 y la Comisi\u00f3n Estatal de Suelo y Vivienda (Coesvi) estatal.<\/p>\n<p>En el recorrido, en el que fue acompa\u00f1ada por el director de Coesvi, Jos\u00e9 Antonio Ram\u00edrez Guzm\u00e1n, La titular de Conavi reconoci\u00f3 la voluntad del gobernador Jorge Herrera Caldera para ejecutar este programa que tendr\u00e1 un alto impacto social.<\/p>\n<p>Silva de Anzorena constat\u00f3 que el proceso de construcci\u00f3n est\u00e1 por terminar, por lo que su entrega a los beneficiarios se dar\u00e1 posiblemente en el mes de octubre, y actualmente los j\u00f3venes que calificaron para la adquisici\u00f3n de casas ya se encuentran en la etapa de firma de documentos que los acreditar\u00e1n como propietarios.<\/p>\n<p>El Programa Vivienda joven incluye subsidios de los gobiernos federal y estatal que cubren m\u00e1s de la mitad del costo comercial de dichas viviendas que est\u00e1n dirigidas a j\u00f3venes entre 18 y 29 a\u00f1os de edad y que tienen ingresos menores a 10,500 pesos\u00a0y que cuentan adem\u00e1s con dependientes econ\u00f3micos.<\/p>\n<p>La Conavi y Coesvi, adem\u00e1s de aportar subsidios correspondientes, son los \u00f3rganos ejecutores de este programa en que intervienen las secretar\u00edas de Desarrollo Agrario, Territorial y Urbano (Sedatu), de Desarrollo Social (Sedesol) y los institutos Mexicano de la Juventud y el Duranguense de la Juventud.<\/p>\n<p>&nbsp;<\/p>\n","protected":false},"excerpt":{"rendered":"<p>&nbsp; El programa est\u00e1 dirigido a j\u00f3venes entre 18 y 29 a\u00f1os de edad y que tienen ingresos menores a 10,500 pesos\u00a0<\/p>\n","protected":false},"author":28,"featured_media":23940,"comment_status":"open","ping_status":"closed","sticky":false,"template":"","format":"standard","meta":{"om_disable_all_campaigns":false,"inline_featured_image":false,"_monsterinsights_skip_tracking":false,"_monsterinsights_sitenote_active":false,"_monsterinsights_sitenote_note":"","_monsterinsights_sitenote_category":0,"footnotes":""},"categories":[12],"tags":[376,537,105,60],"class_list":["post-23939","post","type-post","status-publish","format-standard","has-post-thumbnail","hentry","category-vivienda","tag-conavi","tag-paloma-silva-de-anzorena","tag-sedatu","tag-vivienda-2"],"yoast_head":"<!-- This site is optimized with the Yoast SEO plugin v27.5 - https:\/\/yoast.com\/product\/yoast-seo-wordpress\/ -->\n<title>Conavi supervisa programa Vivienda Joven en Durango -<\/title>\n<meta name=\"description\" content=\"&nbsp; El programa est\u00e1 dirigido a j\u00f3venes entre 18 y 29 a\u00f1os de edad y que tienen ingresos menores a 10,500 pesos\u00a0 Paloma Silva de Anzorena, directora de\" \/>\n<meta name=\"robots\" content=\"index, follow, max-snippet:-1, max-image-preview:large, max-video-preview:-1\" \/>\n<link rel=\"canonical\" href=\"https:\/\/centrourbano.com\/revista\/vivienda\/conavi-supervisa-programa-vivienda-joven-en-durango\/\" \/>\n<meta property=\"og:locale\" content=\"es_ES\" \/>\n<meta property=\"og:type\" content=\"article\" \/>\n<meta property=\"og:title\" content=\"Conavi supervisa programa Vivienda Joven en Durango -\" \/>\n<meta property=\"og:description\" content=\"&nbsp; El programa est\u00e1 dirigido a j\u00f3venes entre 18 y 29 a\u00f1os de edad y que tienen ingresos menores a 10,500 pesos\u00a0 Paloma Silva de Anzorena, directora de\" \/>\n<meta property=\"og:url\" content=\"https:\/\/centrourbano.com\/revista\/vivienda\/conavi-supervisa-programa-vivienda-joven-en-durango\/\" \/>\n<meta property=\"og:site_name\" content=\"Centro Urbano\" \/>\n<meta property=\"article:publisher\" content=\"https:\/\/www.facebook.com\/portalcentrourbano\" \/>\n<meta property=\"article:published_time\" content=\"2015-09-29T17:47:41+00:00\" \/>\n<meta property=\"article:modified_time\" content=\"2015-09-29T18:39:55+00:00\" \/>\n<meta property=\"og:image\" content=\"https:\/\/centrourbano.com\/revista\/wp-content\/uploads\/Conavi-.jpg\" \/>\n\t<meta property=\"og:image:width\" content=\"800\" \/>\n\t<meta property=\"og:image:height\" content=\"600\" \/>\n\t<meta property=\"og:image:type\" content=\"image\/jpeg\" \/>\n<meta name=\"author\" content=\"Mario V\u00e1zquez Barrios\" \/>\n<meta name=\"twitter:card\" content=\"summary_large_image\" \/>\n<meta name=\"twitter:creator\" content=\"@MarioDeNiro\" \/>\n<meta name=\"twitter:site\" content=\"@CentroUrbano\" \/>\n<meta name=\"twitter:label1\" content=\"Escrito por\" \/>\n\t<meta name=\"twitter:data1\" content=\"Mario V\u00e1zquez Barrios\" \/>\n\t<meta name=\"twitter:label2\" content=\"Tiempo de lectura\" \/>\n\t<meta name=\"twitter:data2\" content=\"1 minuto\" \/>\n<script type=\"application\/ld+json\" class=\"yoast-schema-graph\">{\"@context\":\"https:\\\/\\\/schema.org\",\"@graph\":[{\"@type\":\"Article\",\"@id\":\"https:\\\/\\\/centrourbano.com\\\/revista\\\/vivienda\\\/conavi-supervisa-programa-vivienda-joven-en-durango\\\/#article\",\"isPartOf\":{\"@id\":\"https:\\\/\\\/centrourbano.com\\\/revista\\\/vivienda\\\/conavi-supervisa-programa-vivienda-joven-en-durango\\\/\"},\"author\":{\"name\":\"Mario V\u00e1zquez Barrios\",\"@id\":\"https:\\\/\\\/centrourbano.com\\\/revista\\\/#\\\/schema\\\/person\\\/45e1c041fc3bb6068a3502be717d44df\"},\"headline\":\"Conavi supervisa programa Vivienda Joven en Durango\",\"datePublished\":\"2015-09-29T17:47:41+00:00\",\"dateModified\":\"2015-09-29T18:39:55+00:00\",\"mainEntityOfPage\":{\"@id\":\"https:\\\/\\\/centrourbano.com\\\/revista\\\/vivienda\\\/conavi-supervisa-programa-vivienda-joven-en-durango\\\/\"},\"wordCount\":295,\"commentCount\":0,\"publisher\":{\"@id\":\"https:\\\/\\\/centrourbano.com\\\/revista\\\/#organization\"},\"image\":{\"@id\":\"https:\\\/\\\/centrourbano.com\\\/revista\\\/vivienda\\\/conavi-supervisa-programa-vivienda-joven-en-durango\\\/#primaryimage\"},\"thumbnailUrl\":\"https:\\\/\\\/centrourbano.com\\\/revista\\\/wp-content\\\/uploads\\\/Conavi-.jpg\",\"keywords\":[\"Conavi\",\"Paloma Silva de Anzorena\",\"Sedatu\",\"vivienda\"],\"articleSection\":[\"Vivienda\"],\"inLanguage\":\"es\",\"potentialAction\":[{\"@type\":\"CommentAction\",\"name\":\"Comment\",\"target\":[\"https:\\\/\\\/centrourbano.com\\\/revista\\\/vivienda\\\/conavi-supervisa-programa-vivienda-joven-en-durango\\\/#respond\"]}]},{\"@type\":\"WebPage\",\"@id\":\"https:\\\/\\\/centrourbano.com\\\/revista\\\/vivienda\\\/conavi-supervisa-programa-vivienda-joven-en-durango\\\/\",\"url\":\"https:\\\/\\\/centrourbano.com\\\/revista\\\/vivienda\\\/conavi-supervisa-programa-vivienda-joven-en-durango\\\/\",\"name\":\"Conavi supervisa programa Vivienda Joven en Durango -\",\"isPartOf\":{\"@id\":\"https:\\\/\\\/centrourbano.com\\\/revista\\\/#website\"},\"primaryImageOfPage\":{\"@id\":\"https:\\\/\\\/centrourbano.com\\\/revista\\\/vivienda\\\/conavi-supervisa-programa-vivienda-joven-en-durango\\\/#primaryimage\"},\"image\":{\"@id\":\"https:\\\/\\\/centrourbano.com\\\/revista\\\/vivienda\\\/conavi-supervisa-programa-vivienda-joven-en-durango\\\/#primaryimage\"},\"thumbnailUrl\":\"https:\\\/\\\/centrourbano.com\\\/revista\\\/wp-content\\\/uploads\\\/Conavi-.jpg\",\"datePublished\":\"2015-09-29T17:47:41+00:00\",\"dateModified\":\"2015-09-29T18:39:55+00:00\",\"description\":\"&nbsp; El programa est\u00e1 dirigido a j\u00f3venes entre 18 y 29 a\u00f1os de edad y que tienen ingresos menores a 10,500 pesos\u00a0 Paloma Silva de Anzorena, directora de\",\"breadcrumb\":{\"@id\":\"https:\\\/\\\/centrourbano.com\\\/revista\\\/vivienda\\\/conavi-supervisa-programa-vivienda-joven-en-durango\\\/#breadcrumb\"},\"inLanguage\":\"es\",\"potentialAction\":[{\"@type\":\"ReadAction\",\"target\":[\"https:\\\/\\\/centrourbano.com\\\/revista\\\/vivienda\\\/conavi-supervisa-programa-vivienda-joven-en-durango\\\/\"]}]},{\"@type\":\"ImageObject\",\"inLanguage\":\"es\",\"@id\":\"https:\\\/\\\/centrourbano.com\\\/revista\\\/vivienda\\\/conavi-supervisa-programa-vivienda-joven-en-durango\\\/#primaryimage\",\"url\":\"https:\\\/\\\/centrourbano.com\\\/revista\\\/wp-content\\\/uploads\\\/Conavi-.jpg\",\"contentUrl\":\"https:\\\/\\\/centrourbano.com\\\/revista\\\/wp-content\\\/uploads\\\/Conavi-.jpg\",\"width\":800,\"height\":600},{\"@type\":\"BreadcrumbList\",\"@id\":\"https:\\\/\\\/centrourbano.com\\\/revista\\\/vivienda\\\/conavi-supervisa-programa-vivienda-joven-en-durango\\\/#breadcrumb\",\"itemListElement\":[{\"@type\":\"ListItem\",\"position\":1,\"name\":\"Portada\",\"item\":\"https:\\\/\\\/centrourbano.com\\\/revista\\\/\"},{\"@type\":\"ListItem\",\"position\":2,\"name\":\"Conavi supervisa programa Vivienda Joven en Durango\"}]},{\"@type\":\"WebSite\",\"@id\":\"https:\\\/\\\/centrourbano.com\\\/revista\\\/#website\",\"url\":\"https:\\\/\\\/centrourbano.com\\\/revista\\\/\",\"name\":\"Centro Urbano\",\"description\":\"Medio especializado en los sectores vivienda, inmobiliario, construcci\u00f3n, arquitectura y urbanismo.\",\"publisher\":{\"@id\":\"https:\\\/\\\/centrourbano.com\\\/revista\\\/#organization\"},\"potentialAction\":[{\"@type\":\"SearchAction\",\"target\":{\"@type\":\"EntryPoint\",\"urlTemplate\":\"https:\\\/\\\/centrourbano.com\\\/revista\\\/?s={search_term_string}\"},\"query-input\":{\"@type\":\"PropertyValueSpecification\",\"valueRequired\":true,\"valueName\":\"search_term_string\"}}],\"inLanguage\":\"es\"},{\"@type\":\"Organization\",\"@id\":\"https:\\\/\\\/centrourbano.com\\\/revista\\\/#organization\",\"name\":\"Centro Urbano\",\"url\":\"https:\\\/\\\/centrourbano.com\\\/revista\\\/\",\"logo\":{\"@type\":\"ImageObject\",\"inLanguage\":\"es\",\"@id\":\"https:\\\/\\\/centrourbano.com\\\/revista\\\/#\\\/schema\\\/logo\\\/image\\\/\",\"url\":\"https:\\\/\\\/centrourbano.com\\\/revista\\\/wp-content\\\/uploads\\\/web_CU_logo-1.png\",\"contentUrl\":\"https:\\\/\\\/centrourbano.com\\\/revista\\\/wp-content\\\/uploads\\\/web_CU_logo-1.png\",\"width\":350,\"height\":91,\"caption\":\"Centro Urbano\"},\"image\":{\"@id\":\"https:\\\/\\\/centrourbano.com\\\/revista\\\/#\\\/schema\\\/logo\\\/image\\\/\"},\"sameAs\":[\"https:\\\/\\\/www.facebook.com\\\/portalcentrourbano\",\"https:\\\/\\\/x.com\\\/CentroUrbano\",\"https:\\\/\\\/www.instagram.com\\\/centro_urbano\\\/\",\"https:\\\/\\\/www.linkedin.com\\\/company\\\/centro-urbano\\\/\",\"http:\\\/\\\/www.youtube.com\\\/user\\\/portalcentrourbano\"]},{\"@type\":\"Person\",\"@id\":\"https:\\\/\\\/centrourbano.com\\\/revista\\\/#\\\/schema\\\/person\\\/45e1c041fc3bb6068a3502be717d44df\",\"name\":\"Mario V\u00e1zquez Barrios\",\"image\":{\"@type\":\"ImageObject\",\"inLanguage\":\"es\",\"@id\":\"https:\\\/\\\/secure.gravatar.com\\\/avatar\\\/347e6d9c0b04f0194ca244ba64b0fe62752d716a3a93d1713bd259eb87aad5b6?s=96&d=mm&r=g\",\"url\":\"https:\\\/\\\/secure.gravatar.com\\\/avatar\\\/347e6d9c0b04f0194ca244ba64b0fe62752d716a3a93d1713bd259eb87aad5b6?s=96&d=mm&r=g\",\"contentUrl\":\"https:\\\/\\\/secure.gravatar.com\\\/avatar\\\/347e6d9c0b04f0194ca244ba64b0fe62752d716a3a93d1713bd259eb87aad5b6?s=96&d=mm&r=g\",\"caption\":\"Mario V\u00e1zquez Barrios\"},\"description\":\"Me inici\u00e9 en El Financiero haciendo reportajes; en MegaNoticias Televisi\u00f3n fui reportero titular; en EMedios, control de calidad; y Radio 13 Noticias me acogi\u00f3 como colaborador. Me gusta encontrar en las banquetas la nota, una entrevista y el inicio de un reportaje.\",\"sameAs\":[\"https:\\\/\\\/x.com\\\/@MarioDeNiro\"],\"url\":\"https:\\\/\\\/centrourbano.com\\\/revista\\\/author\\\/mario-vazquez\\\/\"}]}<\/script>\n<!-- \/ Yoast SEO plugin. -->","yoast_head_json":{"title":"Conavi supervisa programa Vivienda Joven en Durango -","description":"&nbsp; El programa est\u00e1 dirigido a j\u00f3venes entre 18 y 29 a\u00f1os de edad y que tienen ingresos menores a 10,500 pesos\u00a0 Paloma Silva de Anzorena, directora de","robots":{"index":"index","follow":"follow","max-snippet":"max-snippet:-1","max-image-preview":"max-image-preview:large","max-video-preview":"max-video-preview:-1"},"canonical":"https:\/\/centrourbano.com\/revista\/vivienda\/conavi-supervisa-programa-vivienda-joven-en-durango\/","og_locale":"es_ES","og_type":"article","og_title":"Conavi supervisa programa Vivienda Joven en Durango -","og_description":"&nbsp; El programa est\u00e1 dirigido a j\u00f3venes entre 18 y 29 a\u00f1os de edad y que tienen ingresos menores a 10,500 pesos\u00a0 Paloma Silva de Anzorena, directora de","og_url":"https:\/\/centrourbano.com\/revista\/vivienda\/conavi-supervisa-programa-vivienda-joven-en-durango\/","og_site_name":"Centro Urbano","article_publisher":"https:\/\/www.facebook.com\/portalcentrourbano","article_published_time":"2015-09-29T17:47:41+00:00","article_modified_time":"2015-09-29T18:39:55+00:00","og_image":[{"width":800,"height":600,"url":"https:\/\/centrourbano.com\/revista\/wp-content\/uploads\/Conavi-.jpg","type":"image\/jpeg"}],"author":"Mario V\u00e1zquez Barrios","twitter_card":"summary_large_image","twitter_creator":"@MarioDeNiro","twitter_site":"@CentroUrbano","twitter_misc":{"Escrito por":"Mario V\u00e1zquez Barrios","Tiempo de lectura":"1 minuto"},"schema":{"@context":"https:\/\/schema.org","@graph":[{"@type":"Article","@id":"https:\/\/centrourbano.com\/revista\/vivienda\/conavi-supervisa-programa-vivienda-joven-en-durango\/#article","isPartOf":{"@id":"https:\/\/centrourbano.com\/revista\/vivienda\/conavi-supervisa-programa-vivienda-joven-en-durango\/"},"author":{"name":"Mario V\u00e1zquez Barrios","@id":"https:\/\/centrourbano.com\/revista\/#\/schema\/person\/45e1c041fc3bb6068a3502be717d44df"},"headline":"Conavi supervisa programa Vivienda Joven en Durango","datePublished":"2015-09-29T17:47:41+00:00","dateModified":"2015-09-29T18:39:55+00:00","mainEntityOfPage":{"@id":"https:\/\/centrourbano.com\/revista\/vivienda\/conavi-supervisa-programa-vivienda-joven-en-durango\/"},"wordCount":295,"commentCount":0,"publisher":{"@id":"https:\/\/centrourbano.com\/revista\/#organization"},"image":{"@id":"https:\/\/centrourbano.com\/revista\/vivienda\/conavi-supervisa-programa-vivienda-joven-en-durango\/#primaryimage"},"thumbnailUrl":"https:\/\/centrourbano.com\/revista\/wp-content\/uploads\/Conavi-.jpg","keywords":["Conavi","Paloma Silva de Anzorena","Sedatu","vivienda"],"articleSection":["Vivienda"],"inLanguage":"es","potentialAction":[{"@type":"CommentAction","name":"Comment","target":["https:\/\/centrourbano.com\/revista\/vivienda\/conavi-supervisa-programa-vivienda-joven-en-durango\/#respond"]}]},{"@type":"WebPage","@id":"https:\/\/centrourbano.com\/revista\/vivienda\/conavi-supervisa-programa-vivienda-joven-en-durango\/","url":"https:\/\/centrourbano.com\/revista\/vivienda\/conavi-supervisa-programa-vivienda-joven-en-durango\/","name":"Conavi supervisa programa Vivienda Joven en Durango -","isPartOf":{"@id":"https:\/\/centrourbano.com\/revista\/#website"},"primaryImageOfPage":{"@id":"https:\/\/centrourbano.com\/revista\/vivienda\/conavi-supervisa-programa-vivienda-joven-en-durango\/#primaryimage"},"image":{"@id":"https:\/\/centrourbano.com\/revista\/vivienda\/conavi-supervisa-programa-vivienda-joven-en-durango\/#primaryimage"},"thumbnailUrl":"https:\/\/centrourbano.com\/revista\/wp-content\/uploads\/Conavi-.jpg","datePublished":"2015-09-29T17:47:41+00:00","dateModified":"2015-09-29T18:39:55+00:00","description":"&nbsp; El programa est\u00e1 dirigido a j\u00f3venes entre 18 y 29 a\u00f1os de edad y que tienen ingresos menores a 10,500 pesos\u00a0 Paloma Silva de Anzorena, directora de","breadcrumb":{"@id":"https:\/\/centrourbano.com\/revista\/vivienda\/conavi-supervisa-programa-vivienda-joven-en-durango\/#breadcrumb"},"inLanguage":"es","potentialAction":[{"@type":"ReadAction","target":["https:\/\/centrourbano.com\/revista\/vivienda\/conavi-supervisa-programa-vivienda-joven-en-durango\/"]}]},{"@type":"ImageObject","inLanguage":"es","@id":"https:\/\/centrourbano.com\/revista\/vivienda\/conavi-supervisa-programa-vivienda-joven-en-durango\/#primaryimage","url":"https:\/\/centrourbano.com\/revista\/wp-content\/uploads\/Conavi-.jpg","contentUrl":"https:\/\/centrourbano.com\/revista\/wp-content\/uploads\/Conavi-.jpg","width":800,"height":600},{"@type":"BreadcrumbList","@id":"https:\/\/centrourbano.com\/revista\/vivienda\/conavi-supervisa-programa-vivienda-joven-en-durango\/#breadcrumb","itemListElement":[{"@type":"ListItem","position":1,"name":"Portada","item":"https:\/\/centrourbano.com\/revista\/"},{"@type":"ListItem","position":2,"name":"Conavi supervisa programa Vivienda Joven en Durango"}]},{"@type":"WebSite","@id":"https:\/\/centrourbano.com\/revista\/#website","url":"https:\/\/centrourbano.com\/revista\/","name":"Centro Urbano","description":"Medio especializado en los sectores vivienda, inmobiliario, construcci\u00f3n, arquitectura y urbanismo.","publisher":{"@id":"https:\/\/centrourbano.com\/revista\/#organization"},"potentialAction":[{"@type":"SearchAction","target":{"@type":"EntryPoint","urlTemplate":"https:\/\/centrourbano.com\/revista\/?s={search_term_string}"},"query-input":{"@type":"PropertyValueSpecification","valueRequired":true,"valueName":"search_term_string"}}],"inLanguage":"es"},{"@type":"Organization","@id":"https:\/\/centrourbano.com\/revista\/#organization","name":"Centro Urbano","url":"https:\/\/centrourbano.com\/revista\/","logo":{"@type":"ImageObject","inLanguage":"es","@id":"https:\/\/centrourbano.com\/revista\/#\/schema\/logo\/image\/","url":"https:\/\/centrourbano.com\/revista\/wp-content\/uploads\/web_CU_logo-1.png","contentUrl":"https:\/\/centrourbano.com\/revista\/wp-content\/uploads\/web_CU_logo-1.png","width":350,"height":91,"caption":"Centro Urbano"},"image":{"@id":"https:\/\/centrourbano.com\/revista\/#\/schema\/logo\/image\/"},"sameAs":["https:\/\/www.facebook.com\/portalcentrourbano","https:\/\/x.com\/CentroUrbano","https:\/\/www.instagram.com\/centro_urbano\/","https:\/\/www.linkedin.com\/company\/centro-urbano\/","http:\/\/www.youtube.com\/user\/portalcentrourbano"]},{"@type":"Person","@id":"https:\/\/centrourbano.com\/revista\/#\/schema\/person\/45e1c041fc3bb6068a3502be717d44df","name":"Mario V\u00e1zquez Barrios","image":{"@type":"ImageObject","inLanguage":"es","@id":"https:\/\/secure.gravatar.com\/avatar\/347e6d9c0b04f0194ca244ba64b0fe62752d716a3a93d1713bd259eb87aad5b6?s=96&d=mm&r=g","url":"https:\/\/secure.gravatar.com\/avatar\/347e6d9c0b04f0194ca244ba64b0fe62752d716a3a93d1713bd259eb87aad5b6?s=96&d=mm&r=g","contentUrl":"https:\/\/secure.gravatar.com\/avatar\/347e6d9c0b04f0194ca244ba64b0fe62752d716a3a93d1713bd259eb87aad5b6?s=96&d=mm&r=g","caption":"Mario V\u00e1zquez Barrios"},"description":"Me inici\u00e9 en El Financiero haciendo reportajes; en MegaNoticias Televisi\u00f3n fui reportero titular; en EMedios, control de calidad; y Radio 13 Noticias me acogi\u00f3 como colaborador. Me gusta encontrar en las banquetas la nota, una entrevista y el inicio de un reportaje.","sameAs":["https:\/\/x.com\/@MarioDeNiro"],"url":"https:\/\/centrourbano.com\/revista\/author\/mario-vazquez\/"}]}},"_links":{"self":[{"href":"https:\/\/centrourbano.com\/revista\/wp-json\/wp\/v2\/posts\/23939","targetHints":{"allow":["GET"]}}],"collection":[{"href":"https:\/\/centrourbano.com\/revista\/wp-json\/wp\/v2\/posts"}],"about":[{"href":"https:\/\/centrourbano.com\/revista\/wp-json\/wp\/v2\/types\/post"}],"author":[{"embeddable":true,"href":"https:\/\/centrourbano.com\/revista\/wp-json\/wp\/v2\/users\/28"}],"replies":[{"embeddable":true,"href":"https:\/\/centrourbano.com\/revista\/wp-json\/wp\/v2\/comments?post=23939"}],"version-history":[{"count":0,"href":"https:\/\/centrourbano.com\/revista\/wp-json\/wp\/v2\/posts\/23939\/revisions"}],"wp:featuredmedia":[{"embeddable":true,"href":"https:\/\/centrourbano.com\/revista\/wp-json\/wp\/v2\/media\/23940"}],"wp:attachment":[{"href":"https:\/\/centrourbano.com\/revista\/wp-json\/wp\/v2\/media?parent=23939"}],"wp:term":[{"taxonomy":"category","embeddable":true,"href":"https:\/\/centrourbano.com\/revista\/wp-json\/wp\/v2\/categories?post=23939"},{"taxonomy":"post_tag","embeddable":true,"href":"https:\/\/centrourbano.com\/revista\/wp-json\/wp\/v2\/tags?post=23939"}],"curies":[{"name":"wp","href":"https:\/\/api.w.org\/{rel}","templated":true}]}}