{"id":23830,"date":"2015-09-25T14:29:42","date_gmt":"2015-09-25T19:29:42","guid":{"rendered":"http:\/\/centrourbano.com\/?p=23830"},"modified":"2015-09-25T17:52:24","modified_gmt":"2015-09-25T22:52:24","slug":"organiza-camsam-muestra-mexico-arquitectura-contemporanea","status":"publish","type":"post","link":"https:\/\/centrourbano.com\/revista\/arquitectura-2\/organiza-camsam-muestra-mexico-arquitectura-contemporanea\/","title":{"rendered":"Organiza CAMSAM muestra \u00abM\u00e9xico, arquitectura contempor\u00e1nea\u00bb"},"content":{"rendered":"<p><em>La cita es a partir del pr\u00f3ximo 28 de septiembre en el Museo Nacional de Arquitectura del Instituto Nacional de Bellas Artes <\/em><!--more--><\/p>\n<p>El Museo Nacional de Arquitectura (MUNARQ) del Instituto Nacional de Bellas Artes (INBA), inaugurar\u00e1 el pr\u00f3ximo lunes 28 de septiembre la muestra \u00abM\u00e9xico, arquitectura contempor\u00e1nea\u00bb, organizada por el Colegio de Arquitectos de la Ciudad de M\u00e9xico y Sociedad de Arquitectos Mexicanos (CAMSAM).<\/p>\n<p>Esta exposici\u00f3n que durar\u00e1 \u00fanicamente una semana, hasta el 4 de octubre, contar\u00e1 con una selecci\u00f3n de 55 obras construidas en la Zona Metropolitana de la Ciudad de M\u00e9xico durante la \u00faltima d\u00e9cada.<\/p>\n<p>La apertura ser\u00e1 el lunes 28 a las 18 hrs., en el Museo Nacional de Arquitectura ubicado en el Palacio de Bellas Artes, tercer nivel, en Av, Ju\u00e1rez esquina con Eje Central L\u00e1zaro C\u00e1rdenas, en el Centro Hit\u00f3rico de la Ciudad de M\u00e9xico. La entrada ser\u00e1 libre.<\/p>\n","protected":false},"excerpt":{"rendered":"<p>La cita es a partir del pr\u00f3ximo 28 de septiembre en el Museo Nacional de Arquitectura del Instituto Nacional de Bellas Artes<\/p>\n","protected":false},"author":77,"featured_media":23831,"comment_status":"open","ping_status":"closed","sticky":false,"template":"","format":"standard","meta":{"inline_featured_image":false,"footnotes":""},"categories":[81],"tags":[3520,388,3333,6553,940,1251,3521],"class_list":["post-23830","post","type-post","status-publish","format-standard","has-post-thumbnail","hentry","category-arquitectura-2","tag-colegio-de-arquitectos-de-la-ciudad-de-mexico","tag-inba","tag-instituto-nacional-de-bellas-artes","tag-munarq","tag-museo-nacional-de-arquitectura","tag-palacio-de-bellas-artes","tag-sociedad-de-arquitectos-mexicanos"],"yoast_head":"<!-- This site is optimized with the Yoast SEO plugin v28.4 - https:\/\/yoast.com\/product\/yoast-seo-wordpress\/ -->\n<title>Organiza CAMSAM muestra &quot;M\u00e9xico, arquitectura contempor\u00e1nea&quot; -<\/title>\n<meta name=\"description\" content=\"La cita es a partir del pr\u00f3ximo 28 de septiembre en el Museo Nacional de Arquitectura del Instituto Nacional de Bellas Artes El Museo Nacional de\" \/>\n<meta name=\"robots\" content=\"index, follow, max-snippet:-1, max-image-preview:large, max-video-preview:-1\" \/>\n<link rel=\"canonical\" href=\"https:\/\/centrourbano.com\/revista\/arquitectura-2\/organiza-camsam-muestra-mexico-arquitectura-contemporanea\/\" \/>\n<meta property=\"og:locale\" content=\"es_ES\" \/>\n<meta property=\"og:type\" content=\"article\" \/>\n<meta property=\"og:title\" content=\"Organiza CAMSAM muestra &quot;M\u00e9xico, arquitectura contempor\u00e1nea&quot; -\" \/>\n<meta property=\"og:description\" content=\"La cita es a partir del pr\u00f3ximo 28 de septiembre en el Museo Nacional de Arquitectura del Instituto Nacional de Bellas Artes El Museo Nacional de\" \/>\n<meta property=\"og:url\" content=\"https:\/\/centrourbano.com\/revista\/arquitectura-2\/organiza-camsam-muestra-mexico-arquitectura-contemporanea\/\" \/>\n<meta property=\"og:site_name\" content=\"Centro Urbano\" \/>\n<meta property=\"article:publisher\" content=\"https:\/\/www.facebook.com\/portalcentrourbano\" \/>\n<meta property=\"article:published_time\" content=\"2015-09-25T19:29:42+00:00\" \/>\n<meta property=\"article:modified_time\" content=\"2015-09-25T22:52:24+00:00\" \/>\n<meta property=\"og:image\" content=\"https:\/\/centrourbano.com\/revista\/wp-content\/uploads\/MG_4301.jpg\" \/>\n\t<meta property=\"og:image:width\" content=\"800\" \/>\n\t<meta property=\"og:image:height\" content=\"533\" \/>\n\t<meta property=\"og:image:type\" content=\"image\/jpeg\" \/>\n<meta name=\"author\" content=\"G4A\" \/>\n<meta name=\"twitter:card\" content=\"summary_large_image\" \/>\n<meta name=\"twitter:creator\" content=\"@CentroUrbano\" \/>\n<meta name=\"twitter:site\" content=\"@CentroUrbano\" \/>\n<meta name=\"twitter:label1\" content=\"Escrito por\" \/>\n\t<meta name=\"twitter:data1\" content=\"G4A\" \/>\n\t<meta name=\"twitter:label2\" content=\"Tiempo de lectura\" \/>\n\t<meta name=\"twitter:data2\" content=\"1 minuto\" \/>\n<script type=\"application\/ld+json\" class=\"yoast-schema-graph\">{\"@context\":\"https:\\\/\\\/schema.org\",\"@graph\":[{\"@type\":\"Article\",\"@id\":\"https:\\\/\\\/centrourbano.com\\\/revista\\\/arquitectura-2\\\/organiza-camsam-muestra-mexico-arquitectura-contemporanea\\\/#article\",\"isPartOf\":{\"@id\":\"https:\\\/\\\/centrourbano.com\\\/revista\\\/arquitectura-2\\\/organiza-camsam-muestra-mexico-arquitectura-contemporanea\\\/\"},\"author\":{\"name\":\"G4A\",\"@id\":\"https:\\\/\\\/centrourbano.com\\\/revista\\\/#\\\/schema\\\/person\\\/370fa0ba2d8dd5bde3fdb8b62ad360aa\"},\"headline\":\"Organiza CAMSAM muestra \u00abM\u00e9xico, arquitectura contempor\u00e1nea\u00bb\",\"datePublished\":\"2015-09-25T19:29:42+00:00\",\"dateModified\":\"2015-09-25T22:52:24+00:00\",\"mainEntityOfPage\":{\"@id\":\"https:\\\/\\\/centrourbano.com\\\/revista\\\/arquitectura-2\\\/organiza-camsam-muestra-mexico-arquitectura-contemporanea\\\/\"},\"wordCount\":160,\"commentCount\":0,\"publisher\":{\"@id\":\"https:\\\/\\\/centrourbano.com\\\/revista\\\/#organization\"},\"image\":{\"@id\":\"https:\\\/\\\/centrourbano.com\\\/revista\\\/arquitectura-2\\\/organiza-camsam-muestra-mexico-arquitectura-contemporanea\\\/#primaryimage\"},\"thumbnailUrl\":\"https:\\\/\\\/centrourbano.com\\\/revista\\\/wp-content\\\/uploads\\\/MG_4301.jpg\",\"keywords\":[\"Colegio de Arquitectos de la Ciudad de M\u00e9xico\",\"INBA\",\"Instituto Nacional de Bellas Artes\",\"Munarq\",\"Museo Nacional de Arquitectura\",\"Palacio de Bellas Artes\",\"Sociedad de Arquitectos Mexicanos\"],\"articleSection\":[\"Arquitectura\"],\"inLanguage\":\"es\"},{\"@type\":\"WebPage\",\"@id\":\"https:\\\/\\\/centrourbano.com\\\/revista\\\/arquitectura-2\\\/organiza-camsam-muestra-mexico-arquitectura-contemporanea\\\/\",\"url\":\"https:\\\/\\\/centrourbano.com\\\/revista\\\/arquitectura-2\\\/organiza-camsam-muestra-mexico-arquitectura-contemporanea\\\/\",\"name\":\"Organiza CAMSAM muestra \\\"M\u00e9xico, arquitectura contempor\u00e1nea\\\" -\",\"isPartOf\":{\"@id\":\"https:\\\/\\\/centrourbano.com\\\/revista\\\/#website\"},\"primaryImageOfPage\":{\"@id\":\"https:\\\/\\\/centrourbano.com\\\/revista\\\/arquitectura-2\\\/organiza-camsam-muestra-mexico-arquitectura-contemporanea\\\/#primaryimage\"},\"image\":{\"@id\":\"https:\\\/\\\/centrourbano.com\\\/revista\\\/arquitectura-2\\\/organiza-camsam-muestra-mexico-arquitectura-contemporanea\\\/#primaryimage\"},\"thumbnailUrl\":\"https:\\\/\\\/centrourbano.com\\\/revista\\\/wp-content\\\/uploads\\\/MG_4301.jpg\",\"datePublished\":\"2015-09-25T19:29:42+00:00\",\"dateModified\":\"2015-09-25T22:52:24+00:00\",\"description\":\"La cita es a partir del pr\u00f3ximo 28 de septiembre en el Museo Nacional de Arquitectura del Instituto Nacional de Bellas Artes El Museo Nacional de\",\"breadcrumb\":{\"@id\":\"https:\\\/\\\/centrourbano.com\\\/revista\\\/arquitectura-2\\\/organiza-camsam-muestra-mexico-arquitectura-contemporanea\\\/#breadcrumb\"},\"inLanguage\":\"es\",\"potentialAction\":[{\"@type\":\"ReadAction\",\"target\":[\"https:\\\/\\\/centrourbano.com\\\/revista\\\/arquitectura-2\\\/organiza-camsam-muestra-mexico-arquitectura-contemporanea\\\/\"]}]},{\"@type\":\"ImageObject\",\"inLanguage\":\"es\",\"@id\":\"https:\\\/\\\/centrourbano.com\\\/revista\\\/arquitectura-2\\\/organiza-camsam-muestra-mexico-arquitectura-contemporanea\\\/#primaryimage\",\"url\":\"https:\\\/\\\/centrourbano.com\\\/revista\\\/wp-content\\\/uploads\\\/MG_4301.jpg\",\"contentUrl\":\"https:\\\/\\\/centrourbano.com\\\/revista\\\/wp-content\\\/uploads\\\/MG_4301.jpg\",\"width\":800,\"height\":533},{\"@type\":\"BreadcrumbList\",\"@id\":\"https:\\\/\\\/centrourbano.com\\\/revista\\\/arquitectura-2\\\/organiza-camsam-muestra-mexico-arquitectura-contemporanea\\\/#breadcrumb\",\"itemListElement\":[{\"@type\":\"ListItem\",\"position\":1,\"name\":\"Portada\",\"item\":\"https:\\\/\\\/centrourbano.com\\\/revista\\\/\"},{\"@type\":\"ListItem\",\"position\":2,\"name\":\"Organiza CAMSAM muestra \u00abM\u00e9xico, arquitectura contempor\u00e1nea\u00bb\"}]},{\"@type\":\"WebSite\",\"@id\":\"https:\\\/\\\/centrourbano.com\\\/revista\\\/#website\",\"url\":\"https:\\\/\\\/centrourbano.com\\\/revista\\\/\",\"name\":\"Centro Urbano\",\"description\":\"Medio especializado en los sectores vivienda, inmobiliario, construcci\u00f3n, arquitectura y urbanismo.\",\"publisher\":{\"@id\":\"https:\\\/\\\/centrourbano.com\\\/revista\\\/#organization\"},\"potentialAction\":[{\"@type\":\"SearchAction\",\"target\":{\"@type\":\"EntryPoint\",\"urlTemplate\":\"https:\\\/\\\/centrourbano.com\\\/revista\\\/?s={search_term_string}\"},\"query-input\":{\"@type\":\"PropertyValueSpecification\",\"valueRequired\":true,\"valueName\":\"search_term_string\"}}],\"inLanguage\":\"es\"},{\"@type\":\"Organization\",\"@id\":\"https:\\\/\\\/centrourbano.com\\\/revista\\\/#organization\",\"name\":\"Centro Urbano\",\"url\":\"https:\\\/\\\/centrourbano.com\\\/revista\\\/\",\"logo\":{\"@type\":\"ImageObject\",\"inLanguage\":\"es\",\"@id\":\"https:\\\/\\\/centrourbano.com\\\/revista\\\/#\\\/schema\\\/logo\\\/image\\\/\",\"url\":\"https:\\\/\\\/centrourbano.com\\\/revista\\\/wp-content\\\/uploads\\\/web_CU_logo-1.png\",\"contentUrl\":\"https:\\\/\\\/centrourbano.com\\\/revista\\\/wp-content\\\/uploads\\\/web_CU_logo-1.png\",\"width\":350,\"height\":91,\"caption\":\"Centro Urbano\"},\"image\":{\"@id\":\"https:\\\/\\\/centrourbano.com\\\/revista\\\/#\\\/schema\\\/logo\\\/image\\\/\"},\"sameAs\":[\"https:\\\/\\\/www.facebook.com\\\/portalcentrourbano\",\"https:\\\/\\\/x.com\\\/CentroUrbano\",\"https:\\\/\\\/www.instagram.com\\\/centro_urbano\\\/\",\"https:\\\/\\\/www.linkedin.com\\\/company\\\/centro-urbano\\\/\",\"http:\\\/\\\/www.youtube.com\\\/user\\\/portalcentrourbano\"]},{\"@type\":\"Person\",\"@id\":\"https:\\\/\\\/centrourbano.com\\\/revista\\\/#\\\/schema\\\/person\\\/370fa0ba2d8dd5bde3fdb8b62ad360aa\",\"name\":\"G4A\",\"image\":{\"@type\":\"ImageObject\",\"inLanguage\":\"es\",\"@id\":\"https:\\\/\\\/secure.gravatar.com\\\/avatar\\\/932a97121b13d5de5bbd8193c6c83d3b92c9eda0f39623607d4280e7a5778d97?s=96&d=mm&r=g\",\"url\":\"https:\\\/\\\/secure.gravatar.com\\\/avatar\\\/932a97121b13d5de5bbd8193c6c83d3b92c9eda0f39623607d4280e7a5778d97?s=96&d=mm&r=g\",\"contentUrl\":\"https:\\\/\\\/secure.gravatar.com\\\/avatar\\\/932a97121b13d5de5bbd8193c6c83d3b92c9eda0f39623607d4280e7a5778d97?s=96&d=mm&r=g\",\"caption\":\"G4A\"},\"url\":\"https:\\\/\\\/centrourbano.com\\\/revista\\\/author\\\/admin-g4a\\\/\"}]}<\/script>\n<!-- \/ Yoast SEO plugin. -->","yoast_head_json":{"title":"Organiza CAMSAM muestra \"M\u00e9xico, arquitectura contempor\u00e1nea\" -","description":"La cita es a partir del pr\u00f3ximo 28 de septiembre en el Museo Nacional de Arquitectura del Instituto Nacional de Bellas Artes El Museo Nacional de","robots":{"index":"index","follow":"follow","max-snippet":"max-snippet:-1","max-image-preview":"max-image-preview:large","max-video-preview":"max-video-preview:-1"},"canonical":"https:\/\/centrourbano.com\/revista\/arquitectura-2\/organiza-camsam-muestra-mexico-arquitectura-contemporanea\/","og_locale":"es_ES","og_type":"article","og_title":"Organiza CAMSAM muestra \"M\u00e9xico, arquitectura contempor\u00e1nea\" -","og_description":"La cita es a partir del pr\u00f3ximo 28 de septiembre en el Museo Nacional de Arquitectura del Instituto Nacional de Bellas Artes El Museo Nacional de","og_url":"https:\/\/centrourbano.com\/revista\/arquitectura-2\/organiza-camsam-muestra-mexico-arquitectura-contemporanea\/","og_site_name":"Centro Urbano","article_publisher":"https:\/\/www.facebook.com\/portalcentrourbano","article_published_time":"2015-09-25T19:29:42+00:00","article_modified_time":"2015-09-25T22:52:24+00:00","og_image":[{"width":800,"height":533,"url":"https:\/\/centrourbano.com\/revista\/wp-content\/uploads\/MG_4301.jpg","type":"image\/jpeg"}],"author":"G4A","twitter_card":"summary_large_image","twitter_creator":"@CentroUrbano","twitter_site":"@CentroUrbano","twitter_misc":{"Escrito por":"G4A","Tiempo de lectura":"1 minuto"},"schema":{"@context":"https:\/\/schema.org","@graph":[{"@type":"Article","@id":"https:\/\/centrourbano.com\/revista\/arquitectura-2\/organiza-camsam-muestra-mexico-arquitectura-contemporanea\/#article","isPartOf":{"@id":"https:\/\/centrourbano.com\/revista\/arquitectura-2\/organiza-camsam-muestra-mexico-arquitectura-contemporanea\/"},"author":{"name":"G4A","@id":"https:\/\/centrourbano.com\/revista\/#\/schema\/person\/370fa0ba2d8dd5bde3fdb8b62ad360aa"},"headline":"Organiza CAMSAM muestra \u00abM\u00e9xico, arquitectura contempor\u00e1nea\u00bb","datePublished":"2015-09-25T19:29:42+00:00","dateModified":"2015-09-25T22:52:24+00:00","mainEntityOfPage":{"@id":"https:\/\/centrourbano.com\/revista\/arquitectura-2\/organiza-camsam-muestra-mexico-arquitectura-contemporanea\/"},"wordCount":160,"commentCount":0,"publisher":{"@id":"https:\/\/centrourbano.com\/revista\/#organization"},"image":{"@id":"https:\/\/centrourbano.com\/revista\/arquitectura-2\/organiza-camsam-muestra-mexico-arquitectura-contemporanea\/#primaryimage"},"thumbnailUrl":"https:\/\/centrourbano.com\/revista\/wp-content\/uploads\/MG_4301.jpg","keywords":["Colegio de Arquitectos de la Ciudad de M\u00e9xico","INBA","Instituto Nacional de Bellas Artes","Munarq","Museo Nacional de Arquitectura","Palacio de Bellas Artes","Sociedad de Arquitectos Mexicanos"],"articleSection":["Arquitectura"],"inLanguage":"es"},{"@type":"WebPage","@id":"https:\/\/centrourbano.com\/revista\/arquitectura-2\/organiza-camsam-muestra-mexico-arquitectura-contemporanea\/","url":"https:\/\/centrourbano.com\/revista\/arquitectura-2\/organiza-camsam-muestra-mexico-arquitectura-contemporanea\/","name":"Organiza CAMSAM muestra \"M\u00e9xico, arquitectura contempor\u00e1nea\" -","isPartOf":{"@id":"https:\/\/centrourbano.com\/revista\/#website"},"primaryImageOfPage":{"@id":"https:\/\/centrourbano.com\/revista\/arquitectura-2\/organiza-camsam-muestra-mexico-arquitectura-contemporanea\/#primaryimage"},"image":{"@id":"https:\/\/centrourbano.com\/revista\/arquitectura-2\/organiza-camsam-muestra-mexico-arquitectura-contemporanea\/#primaryimage"},"thumbnailUrl":"https:\/\/centrourbano.com\/revista\/wp-content\/uploads\/MG_4301.jpg","datePublished":"2015-09-25T19:29:42+00:00","dateModified":"2015-09-25T22:52:24+00:00","description":"La cita es a partir del pr\u00f3ximo 28 de septiembre en el Museo Nacional de Arquitectura del Instituto Nacional de Bellas Artes El Museo Nacional de","breadcrumb":{"@id":"https:\/\/centrourbano.com\/revista\/arquitectura-2\/organiza-camsam-muestra-mexico-arquitectura-contemporanea\/#breadcrumb"},"inLanguage":"es","potentialAction":[{"@type":"ReadAction","target":["https:\/\/centrourbano.com\/revista\/arquitectura-2\/organiza-camsam-muestra-mexico-arquitectura-contemporanea\/"]}]},{"@type":"ImageObject","inLanguage":"es","@id":"https:\/\/centrourbano.com\/revista\/arquitectura-2\/organiza-camsam-muestra-mexico-arquitectura-contemporanea\/#primaryimage","url":"https:\/\/centrourbano.com\/revista\/wp-content\/uploads\/MG_4301.jpg","contentUrl":"https:\/\/centrourbano.com\/revista\/wp-content\/uploads\/MG_4301.jpg","width":800,"height":533},{"@type":"BreadcrumbList","@id":"https:\/\/centrourbano.com\/revista\/arquitectura-2\/organiza-camsam-muestra-mexico-arquitectura-contemporanea\/#breadcrumb","itemListElement":[{"@type":"ListItem","position":1,"name":"Portada","item":"https:\/\/centrourbano.com\/revista\/"},{"@type":"ListItem","position":2,"name":"Organiza CAMSAM muestra \u00abM\u00e9xico, arquitectura contempor\u00e1nea\u00bb"}]},{"@type":"WebSite","@id":"https:\/\/centrourbano.com\/revista\/#website","url":"https:\/\/centrourbano.com\/revista\/","name":"Centro Urbano","description":"Medio especializado en los sectores vivienda, inmobiliario, construcci\u00f3n, arquitectura y urbanismo.","publisher":{"@id":"https:\/\/centrourbano.com\/revista\/#organization"},"potentialAction":[{"@type":"SearchAction","target":{"@type":"EntryPoint","urlTemplate":"https:\/\/centrourbano.com\/revista\/?s={search_term_string}"},"query-input":{"@type":"PropertyValueSpecification","valueRequired":true,"valueName":"search_term_string"}}],"inLanguage":"es"},{"@type":"Organization","@id":"https:\/\/centrourbano.com\/revista\/#organization","name":"Centro Urbano","url":"https:\/\/centrourbano.com\/revista\/","logo":{"@type":"ImageObject","inLanguage":"es","@id":"https:\/\/centrourbano.com\/revista\/#\/schema\/logo\/image\/","url":"https:\/\/centrourbano.com\/revista\/wp-content\/uploads\/web_CU_logo-1.png","contentUrl":"https:\/\/centrourbano.com\/revista\/wp-content\/uploads\/web_CU_logo-1.png","width":350,"height":91,"caption":"Centro Urbano"},"image":{"@id":"https:\/\/centrourbano.com\/revista\/#\/schema\/logo\/image\/"},"sameAs":["https:\/\/www.facebook.com\/portalcentrourbano","https:\/\/x.com\/CentroUrbano","https:\/\/www.instagram.com\/centro_urbano\/","https:\/\/www.linkedin.com\/company\/centro-urbano\/","http:\/\/www.youtube.com\/user\/portalcentrourbano"]},{"@type":"Person","@id":"https:\/\/centrourbano.com\/revista\/#\/schema\/person\/370fa0ba2d8dd5bde3fdb8b62ad360aa","name":"G4A","image":{"@type":"ImageObject","inLanguage":"es","@id":"https:\/\/secure.gravatar.com\/avatar\/932a97121b13d5de5bbd8193c6c83d3b92c9eda0f39623607d4280e7a5778d97?s=96&d=mm&r=g","url":"https:\/\/secure.gravatar.com\/avatar\/932a97121b13d5de5bbd8193c6c83d3b92c9eda0f39623607d4280e7a5778d97?s=96&d=mm&r=g","contentUrl":"https:\/\/secure.gravatar.com\/avatar\/932a97121b13d5de5bbd8193c6c83d3b92c9eda0f39623607d4280e7a5778d97?s=96&d=mm&r=g","caption":"G4A"},"url":"https:\/\/centrourbano.com\/revista\/author\/admin-g4a\/"}]}},"_links":{"self":[{"href":"https:\/\/centrourbano.com\/revista\/wp-json\/wp\/v2\/posts\/23830","targetHints":{"allow":["GET"]}}],"collection":[{"href":"https:\/\/centrourbano.com\/revista\/wp-json\/wp\/v2\/posts"}],"about":[{"href":"https:\/\/centrourbano.com\/revista\/wp-json\/wp\/v2\/types\/post"}],"author":[{"embeddable":true,"href":"https:\/\/centrourbano.com\/revista\/wp-json\/wp\/v2\/users\/77"}],"replies":[{"embeddable":true,"href":"https:\/\/centrourbano.com\/revista\/wp-json\/wp\/v2\/comments?post=23830"}],"version-history":[{"count":0,"href":"https:\/\/centrourbano.com\/revista\/wp-json\/wp\/v2\/posts\/23830\/revisions"}],"wp:featuredmedia":[{"embeddable":true,"href":"https:\/\/centrourbano.com\/revista\/wp-json\/wp\/v2\/media\/23831"}],"wp:attachment":[{"href":"https:\/\/centrourbano.com\/revista\/wp-json\/wp\/v2\/media?parent=23830"}],"wp:term":[{"taxonomy":"category","embeddable":true,"href":"https:\/\/centrourbano.com\/revista\/wp-json\/wp\/v2\/categories?post=23830"},{"taxonomy":"post_tag","embeddable":true,"href":"https:\/\/centrourbano.com\/revista\/wp-json\/wp\/v2\/tags?post=23830"}],"curies":[{"name":"wp","href":"https:\/\/api.w.org\/{rel}","templated":true}]}}