{"id":23815,"date":"2015-09-25T10:17:20","date_gmt":"2015-09-25T15:17:20","guid":{"rendered":"http:\/\/centrourbano.com\/?p=23815"},"modified":"2015-09-25T10:17:20","modified_gmt":"2015-09-25T15:17:20","slug":"asciende-a-5-3-cartera-vencida-en-infonavit","status":"publish","type":"post","link":"https:\/\/centrourbano.com\/revista\/vivienda\/asciende-a-5-3-cartera-vencida-en-infonavit\/","title":{"rendered":"Asciende a 5.3% cartera vencida en Infonavit"},"content":{"rendered":"<p>&nbsp;<\/p>\n<p><em>Alejandro Murat asever\u00f3 que el monto por cr\u00e9ditos asciende a m\u00e1s de 960,000 millones de pesos<\/em><\/p>\n<p><!--more--><\/p>\n<p>Alejandro Murat Hinojosa, director general del Infonavit, destac\u00f3 que el objetivo en la actual administraci\u00f3n federal ha sido la diversificaci\u00f3n de los productos que ofrece el instituto, por lo que no prev\u00e9 alg\u00fan ajuste en sus planes de vivienda, e incluso resalt\u00f3 que la tasa de inter\u00e9s se mantendr\u00e1 al igual que los subsidios.<\/p>\n<p>Durante una conferencia de prensa, expuso que para concluir este a\u00f1o se prev\u00e9 un crecimiento de 18% en la colocaci\u00f3n de cr\u00e9ditos y para 2016 la tendencia seguir\u00e1, luego de que el sector de la vivienda constituye la segunda \u00e1rea m\u00e1s din\u00e1mica de la econom\u00eda del pa\u00eds.<\/p>\n<p>Respecto a la cartera vencida, mencion\u00f3 que \u00e9sta asciende a 5.3% y abarca 5.9 millones de cr\u00e9ditos por m\u00e1s de 960,000 millones de pesos, sin embargo aclar\u00f3 que gracias al sentido social que tiene el Infonavit existen diversos mediadores para que se pongan al corriente los derechohabientes.<\/p>\n<p>Sobre los subsidios de vivienda dio a conocer que este a\u00f1o lo cerrar\u00e1n con la entrega de 8,000 millones de pesos por concepto de ese beneficio, gracias al an\u00e1lisis que se realiz\u00f3 para atender la demanda de todos los desarrolladores del pa\u00eds.<\/p>\n<p>A\u00f1adi\u00f3 que el objetivo en la presente administraci\u00f3n federal ha sido la diversificaci\u00f3n de los productos que ofrece el Infonavit, adem\u00e1s de atender las necesidades de vivienda nueva y usada, la tercera parte de los cr\u00e9ditos otorgados han sido para el mejoramiento o crecimiento de las casas del derechohabiente.<\/p>\n<p>Coment\u00f3 que existe Arrendavit para los trabajadores que a\u00fan no deciden el lugar donde quieren vivir o que viajan constantemente y busca una soluci\u00f3n temporal a sus necesidades de habitaci\u00f3n y en este sentido, subray\u00f3 que el Infonavit busc\u00f3 adecuarse luego de que un trabajador en la actualidad se mueve m\u00e1s de 17 veces de trabajo a lo largo de su vida, mientras que en la d\u00e9cada de los a\u00f1os 70 lo hac\u00eda dos veces en promedio.<\/p>\n<p>Finalmente indic\u00f3 que de acuerdo a esa movilidad de los trabajadores es que se pens\u00f3 en un producto que se ajustara a sus necesidades y que por ello, el Programa Arrendavit es una opci\u00f3n, ya que permite al derechohabiente rentar una vivienda en los conjuntos habitacionales participantes que se ubican en zonas urbanas del pa\u00eds, a\u00f1adi\u00f3.<\/p>\n","protected":false},"excerpt":{"rendered":"<p>&nbsp; Alejandro Murat asever\u00f3 que el monto por cr\u00e9ditos asciende a m\u00e1s de 960,000 millones de pesos<\/p>\n","protected":false},"author":28,"featured_media":23816,"comment_status":"open","ping_status":"closed","sticky":false,"template":"","format":"standard","meta":{"om_disable_all_campaigns":false,"inline_featured_image":false,"_monsterinsights_skip_tracking":false,"_monsterinsights_sitenote_active":false,"_monsterinsights_sitenote_note":"","_monsterinsights_sitenote_category":0,"footnotes":""},"categories":[12],"tags":[1063,107,100],"class_list":["post-23815","post","type-post","status-publish","format-standard","has-post-thumbnail","hentry","category-vivienda","tag-alejandro-murat-hinojosa","tag-casas","tag-infonavit"],"yoast_head":"<!-- This site is optimized with the Yoast SEO plugin v27.4 - https:\/\/yoast.com\/product\/yoast-seo-wordpress\/ -->\n<title>Asciende a 5.3% cartera vencida en Infonavit -<\/title>\n<meta name=\"description\" content=\"&nbsp; Alejandro Murat asever\u00f3 que el monto por cr\u00e9ditos asciende a m\u00e1s de 960,000 millones de pesos Alejandro Murat Hinojosa, director general del\" \/>\n<meta name=\"robots\" content=\"index, follow, max-snippet:-1, max-image-preview:large, max-video-preview:-1\" \/>\n<link rel=\"canonical\" href=\"https:\/\/centrourbano.com\/revista\/vivienda\/asciende-a-5-3-cartera-vencida-en-infonavit\/\" \/>\n<meta property=\"og:locale\" content=\"es_ES\" \/>\n<meta property=\"og:type\" content=\"article\" \/>\n<meta property=\"og:title\" content=\"Asciende a 5.3% cartera vencida en Infonavit -\" \/>\n<meta property=\"og:description\" content=\"&nbsp; Alejandro Murat asever\u00f3 que el monto por cr\u00e9ditos asciende a m\u00e1s de 960,000 millones de pesos Alejandro Murat Hinojosa, director general del\" \/>\n<meta property=\"og:url\" content=\"https:\/\/centrourbano.com\/revista\/vivienda\/asciende-a-5-3-cartera-vencida-en-infonavit\/\" \/>\n<meta property=\"og:site_name\" content=\"Centro Urbano\" \/>\n<meta property=\"article:publisher\" content=\"https:\/\/www.facebook.com\/portalcentrourbano\" \/>\n<meta property=\"article:published_time\" content=\"2015-09-25T15:17:20+00:00\" \/>\n<meta property=\"og:image\" content=\"https:\/\/centrourbano.com\/revista\/wp-content\/uploads\/Alejandro-Murat-ok.jpg\" \/>\n\t<meta property=\"og:image:width\" content=\"1362\" \/>\n\t<meta property=\"og:image:height\" content=\"898\" \/>\n\t<meta property=\"og:image:type\" content=\"image\/jpeg\" \/>\n<meta name=\"author\" content=\"Mario V\u00e1zquez Barrios\" \/>\n<meta name=\"twitter:card\" content=\"summary_large_image\" \/>\n<meta name=\"twitter:creator\" content=\"@MarioDeNiro\" \/>\n<meta name=\"twitter:site\" content=\"@CentroUrbano\" \/>\n<meta name=\"twitter:label1\" content=\"Escrito por\" \/>\n\t<meta name=\"twitter:data1\" content=\"Mario V\u00e1zquez Barrios\" \/>\n\t<meta name=\"twitter:label2\" content=\"Tiempo de lectura\" \/>\n\t<meta name=\"twitter:data2\" content=\"2 minutos\" \/>\n<script type=\"application\/ld+json\" class=\"yoast-schema-graph\">{\"@context\":\"https:\\\/\\\/schema.org\",\"@graph\":[{\"@type\":\"Article\",\"@id\":\"https:\\\/\\\/centrourbano.com\\\/revista\\\/vivienda\\\/asciende-a-5-3-cartera-vencida-en-infonavit\\\/#article\",\"isPartOf\":{\"@id\":\"https:\\\/\\\/centrourbano.com\\\/revista\\\/vivienda\\\/asciende-a-5-3-cartera-vencida-en-infonavit\\\/\"},\"author\":{\"name\":\"Mario V\u00e1zquez Barrios\",\"@id\":\"https:\\\/\\\/centrourbano.com\\\/revista\\\/#\\\/schema\\\/person\\\/71e020a5b63ca4230c0f1228a36cde93\"},\"headline\":\"Asciende a 5.3% cartera vencida en Infonavit\",\"datePublished\":\"2015-09-25T15:17:20+00:00\",\"mainEntityOfPage\":{\"@id\":\"https:\\\/\\\/centrourbano.com\\\/revista\\\/vivienda\\\/asciende-a-5-3-cartera-vencida-en-infonavit\\\/\"},\"wordCount\":420,\"commentCount\":0,\"publisher\":{\"@id\":\"https:\\\/\\\/centrourbano.com\\\/revista\\\/#organization\"},\"image\":{\"@id\":\"https:\\\/\\\/centrourbano.com\\\/revista\\\/vivienda\\\/asciende-a-5-3-cartera-vencida-en-infonavit\\\/#primaryimage\"},\"thumbnailUrl\":\"https:\\\/\\\/centrourbano.com\\\/revista\\\/wp-content\\\/uploads\\\/Alejandro-Murat-ok.jpg\",\"keywords\":[\"Alejandro Murat Hinojosa\",\"Casas\",\"Infonavit\"],\"articleSection\":[\"Vivienda\"],\"inLanguage\":\"es\",\"potentialAction\":[{\"@type\":\"CommentAction\",\"name\":\"Comment\",\"target\":[\"https:\\\/\\\/centrourbano.com\\\/revista\\\/vivienda\\\/asciende-a-5-3-cartera-vencida-en-infonavit\\\/#respond\"]}]},{\"@type\":\"WebPage\",\"@id\":\"https:\\\/\\\/centrourbano.com\\\/revista\\\/vivienda\\\/asciende-a-5-3-cartera-vencida-en-infonavit\\\/\",\"url\":\"https:\\\/\\\/centrourbano.com\\\/revista\\\/vivienda\\\/asciende-a-5-3-cartera-vencida-en-infonavit\\\/\",\"name\":\"Asciende a 5.3% cartera vencida en Infonavit -\",\"isPartOf\":{\"@id\":\"https:\\\/\\\/centrourbano.com\\\/revista\\\/#website\"},\"primaryImageOfPage\":{\"@id\":\"https:\\\/\\\/centrourbano.com\\\/revista\\\/vivienda\\\/asciende-a-5-3-cartera-vencida-en-infonavit\\\/#primaryimage\"},\"image\":{\"@id\":\"https:\\\/\\\/centrourbano.com\\\/revista\\\/vivienda\\\/asciende-a-5-3-cartera-vencida-en-infonavit\\\/#primaryimage\"},\"thumbnailUrl\":\"https:\\\/\\\/centrourbano.com\\\/revista\\\/wp-content\\\/uploads\\\/Alejandro-Murat-ok.jpg\",\"datePublished\":\"2015-09-25T15:17:20+00:00\",\"description\":\"&nbsp; Alejandro Murat asever\u00f3 que el monto por cr\u00e9ditos asciende a m\u00e1s de 960,000 millones de pesos Alejandro Murat Hinojosa, director general del\",\"breadcrumb\":{\"@id\":\"https:\\\/\\\/centrourbano.com\\\/revista\\\/vivienda\\\/asciende-a-5-3-cartera-vencida-en-infonavit\\\/#breadcrumb\"},\"inLanguage\":\"es\",\"potentialAction\":[{\"@type\":\"ReadAction\",\"target\":[\"https:\\\/\\\/centrourbano.com\\\/revista\\\/vivienda\\\/asciende-a-5-3-cartera-vencida-en-infonavit\\\/\"]}]},{\"@type\":\"ImageObject\",\"inLanguage\":\"es\",\"@id\":\"https:\\\/\\\/centrourbano.com\\\/revista\\\/vivienda\\\/asciende-a-5-3-cartera-vencida-en-infonavit\\\/#primaryimage\",\"url\":\"https:\\\/\\\/centrourbano.com\\\/revista\\\/wp-content\\\/uploads\\\/Alejandro-Murat-ok.jpg\",\"contentUrl\":\"https:\\\/\\\/centrourbano.com\\\/revista\\\/wp-content\\\/uploads\\\/Alejandro-Murat-ok.jpg\",\"width\":1362,\"height\":898},{\"@type\":\"BreadcrumbList\",\"@id\":\"https:\\\/\\\/centrourbano.com\\\/revista\\\/vivienda\\\/asciende-a-5-3-cartera-vencida-en-infonavit\\\/#breadcrumb\",\"itemListElement\":[{\"@type\":\"ListItem\",\"position\":1,\"name\":\"Portada\",\"item\":\"https:\\\/\\\/centrourbano.com\\\/revista\\\/\"},{\"@type\":\"ListItem\",\"position\":2,\"name\":\"Asciende a 5.3% cartera vencida en Infonavit\"}]},{\"@type\":\"WebSite\",\"@id\":\"https:\\\/\\\/centrourbano.com\\\/revista\\\/#website\",\"url\":\"https:\\\/\\\/centrourbano.com\\\/revista\\\/\",\"name\":\"Centro Urbano\",\"description\":\"Medio especializado en los sectores vivienda, inmobiliario, construcci\u00f3n, arquitectura y urbanismo.\",\"publisher\":{\"@id\":\"https:\\\/\\\/centrourbano.com\\\/revista\\\/#organization\"},\"potentialAction\":[{\"@type\":\"SearchAction\",\"target\":{\"@type\":\"EntryPoint\",\"urlTemplate\":\"https:\\\/\\\/centrourbano.com\\\/revista\\\/?s={search_term_string}\"},\"query-input\":{\"@type\":\"PropertyValueSpecification\",\"valueRequired\":true,\"valueName\":\"search_term_string\"}}],\"inLanguage\":\"es\"},{\"@type\":\"Organization\",\"@id\":\"https:\\\/\\\/centrourbano.com\\\/revista\\\/#organization\",\"name\":\"Centro Urbano\",\"url\":\"https:\\\/\\\/centrourbano.com\\\/revista\\\/\",\"logo\":{\"@type\":\"ImageObject\",\"inLanguage\":\"es\",\"@id\":\"https:\\\/\\\/centrourbano.com\\\/revista\\\/#\\\/schema\\\/logo\\\/image\\\/\",\"url\":\"https:\\\/\\\/centrourbano.com\\\/revista\\\/wp-content\\\/uploads\\\/web_CU_logo-1.png\",\"contentUrl\":\"https:\\\/\\\/centrourbano.com\\\/revista\\\/wp-content\\\/uploads\\\/web_CU_logo-1.png\",\"width\":350,\"height\":91,\"caption\":\"Centro Urbano\"},\"image\":{\"@id\":\"https:\\\/\\\/centrourbano.com\\\/revista\\\/#\\\/schema\\\/logo\\\/image\\\/\"},\"sameAs\":[\"https:\\\/\\\/www.facebook.com\\\/portalcentrourbano\",\"https:\\\/\\\/x.com\\\/CentroUrbano\",\"https:\\\/\\\/www.instagram.com\\\/centro_urbano\\\/\",\"https:\\\/\\\/www.linkedin.com\\\/company\\\/centro-urbano\\\/\",\"http:\\\/\\\/www.youtube.com\\\/user\\\/portalcentrourbano\"]},{\"@type\":\"Person\",\"@id\":\"https:\\\/\\\/centrourbano.com\\\/revista\\\/#\\\/schema\\\/person\\\/71e020a5b63ca4230c0f1228a36cde93\",\"name\":\"Mario V\u00e1zquez Barrios\",\"image\":{\"@type\":\"ImageObject\",\"inLanguage\":\"es\",\"@id\":\"https:\\\/\\\/secure.gravatar.com\\\/avatar\\\/347e6d9c0b04f0194ca244ba64b0fe62752d716a3a93d1713bd259eb87aad5b6?s=96&d=mm&r=g\",\"url\":\"https:\\\/\\\/secure.gravatar.com\\\/avatar\\\/347e6d9c0b04f0194ca244ba64b0fe62752d716a3a93d1713bd259eb87aad5b6?s=96&d=mm&r=g\",\"contentUrl\":\"https:\\\/\\\/secure.gravatar.com\\\/avatar\\\/347e6d9c0b04f0194ca244ba64b0fe62752d716a3a93d1713bd259eb87aad5b6?s=96&d=mm&r=g\",\"caption\":\"Mario V\u00e1zquez Barrios\"},\"description\":\"Me inici\u00e9 en El Financiero haciendo reportajes; en MegaNoticias Televisi\u00f3n fui reportero titular; en EMedios, control de calidad; y Radio 13 Noticias me acogi\u00f3 como colaborador. Me gusta encontrar en las banquetas la nota, una entrevista y el inicio de un reportaje.\",\"sameAs\":[\"https:\\\/\\\/x.com\\\/@MarioDeNiro\"],\"url\":\"https:\\\/\\\/centrourbano.com\\\/revista\\\/author\\\/mario-vazquez\\\/\"}]}<\/script>\n<!-- \/ Yoast SEO plugin. -->","yoast_head_json":{"title":"Asciende a 5.3% cartera vencida en Infonavit -","description":"&nbsp; Alejandro Murat asever\u00f3 que el monto por cr\u00e9ditos asciende a m\u00e1s de 960,000 millones de pesos Alejandro Murat Hinojosa, director general del","robots":{"index":"index","follow":"follow","max-snippet":"max-snippet:-1","max-image-preview":"max-image-preview:large","max-video-preview":"max-video-preview:-1"},"canonical":"https:\/\/centrourbano.com\/revista\/vivienda\/asciende-a-5-3-cartera-vencida-en-infonavit\/","og_locale":"es_ES","og_type":"article","og_title":"Asciende a 5.3% cartera vencida en Infonavit -","og_description":"&nbsp; Alejandro Murat asever\u00f3 que el monto por cr\u00e9ditos asciende a m\u00e1s de 960,000 millones de pesos Alejandro Murat Hinojosa, director general del","og_url":"https:\/\/centrourbano.com\/revista\/vivienda\/asciende-a-5-3-cartera-vencida-en-infonavit\/","og_site_name":"Centro Urbano","article_publisher":"https:\/\/www.facebook.com\/portalcentrourbano","article_published_time":"2015-09-25T15:17:20+00:00","og_image":[{"width":1362,"height":898,"url":"https:\/\/centrourbano.com\/revista\/wp-content\/uploads\/Alejandro-Murat-ok.jpg","type":"image\/jpeg"}],"author":"Mario V\u00e1zquez Barrios","twitter_card":"summary_large_image","twitter_creator":"@MarioDeNiro","twitter_site":"@CentroUrbano","twitter_misc":{"Escrito por":"Mario V\u00e1zquez Barrios","Tiempo de lectura":"2 minutos"},"schema":{"@context":"https:\/\/schema.org","@graph":[{"@type":"Article","@id":"https:\/\/centrourbano.com\/revista\/vivienda\/asciende-a-5-3-cartera-vencida-en-infonavit\/#article","isPartOf":{"@id":"https:\/\/centrourbano.com\/revista\/vivienda\/asciende-a-5-3-cartera-vencida-en-infonavit\/"},"author":{"name":"Mario V\u00e1zquez Barrios","@id":"https:\/\/centrourbano.com\/revista\/#\/schema\/person\/71e020a5b63ca4230c0f1228a36cde93"},"headline":"Asciende a 5.3% cartera vencida en Infonavit","datePublished":"2015-09-25T15:17:20+00:00","mainEntityOfPage":{"@id":"https:\/\/centrourbano.com\/revista\/vivienda\/asciende-a-5-3-cartera-vencida-en-infonavit\/"},"wordCount":420,"commentCount":0,"publisher":{"@id":"https:\/\/centrourbano.com\/revista\/#organization"},"image":{"@id":"https:\/\/centrourbano.com\/revista\/vivienda\/asciende-a-5-3-cartera-vencida-en-infonavit\/#primaryimage"},"thumbnailUrl":"https:\/\/centrourbano.com\/revista\/wp-content\/uploads\/Alejandro-Murat-ok.jpg","keywords":["Alejandro Murat Hinojosa","Casas","Infonavit"],"articleSection":["Vivienda"],"inLanguage":"es","potentialAction":[{"@type":"CommentAction","name":"Comment","target":["https:\/\/centrourbano.com\/revista\/vivienda\/asciende-a-5-3-cartera-vencida-en-infonavit\/#respond"]}]},{"@type":"WebPage","@id":"https:\/\/centrourbano.com\/revista\/vivienda\/asciende-a-5-3-cartera-vencida-en-infonavit\/","url":"https:\/\/centrourbano.com\/revista\/vivienda\/asciende-a-5-3-cartera-vencida-en-infonavit\/","name":"Asciende a 5.3% cartera vencida en Infonavit -","isPartOf":{"@id":"https:\/\/centrourbano.com\/revista\/#website"},"primaryImageOfPage":{"@id":"https:\/\/centrourbano.com\/revista\/vivienda\/asciende-a-5-3-cartera-vencida-en-infonavit\/#primaryimage"},"image":{"@id":"https:\/\/centrourbano.com\/revista\/vivienda\/asciende-a-5-3-cartera-vencida-en-infonavit\/#primaryimage"},"thumbnailUrl":"https:\/\/centrourbano.com\/revista\/wp-content\/uploads\/Alejandro-Murat-ok.jpg","datePublished":"2015-09-25T15:17:20+00:00","description":"&nbsp; Alejandro Murat asever\u00f3 que el monto por cr\u00e9ditos asciende a m\u00e1s de 960,000 millones de pesos Alejandro Murat Hinojosa, director general del","breadcrumb":{"@id":"https:\/\/centrourbano.com\/revista\/vivienda\/asciende-a-5-3-cartera-vencida-en-infonavit\/#breadcrumb"},"inLanguage":"es","potentialAction":[{"@type":"ReadAction","target":["https:\/\/centrourbano.com\/revista\/vivienda\/asciende-a-5-3-cartera-vencida-en-infonavit\/"]}]},{"@type":"ImageObject","inLanguage":"es","@id":"https:\/\/centrourbano.com\/revista\/vivienda\/asciende-a-5-3-cartera-vencida-en-infonavit\/#primaryimage","url":"https:\/\/centrourbano.com\/revista\/wp-content\/uploads\/Alejandro-Murat-ok.jpg","contentUrl":"https:\/\/centrourbano.com\/revista\/wp-content\/uploads\/Alejandro-Murat-ok.jpg","width":1362,"height":898},{"@type":"BreadcrumbList","@id":"https:\/\/centrourbano.com\/revista\/vivienda\/asciende-a-5-3-cartera-vencida-en-infonavit\/#breadcrumb","itemListElement":[{"@type":"ListItem","position":1,"name":"Portada","item":"https:\/\/centrourbano.com\/revista\/"},{"@type":"ListItem","position":2,"name":"Asciende a 5.3% cartera vencida en Infonavit"}]},{"@type":"WebSite","@id":"https:\/\/centrourbano.com\/revista\/#website","url":"https:\/\/centrourbano.com\/revista\/","name":"Centro Urbano","description":"Medio especializado en los sectores vivienda, inmobiliario, construcci\u00f3n, arquitectura y urbanismo.","publisher":{"@id":"https:\/\/centrourbano.com\/revista\/#organization"},"potentialAction":[{"@type":"SearchAction","target":{"@type":"EntryPoint","urlTemplate":"https:\/\/centrourbano.com\/revista\/?s={search_term_string}"},"query-input":{"@type":"PropertyValueSpecification","valueRequired":true,"valueName":"search_term_string"}}],"inLanguage":"es"},{"@type":"Organization","@id":"https:\/\/centrourbano.com\/revista\/#organization","name":"Centro Urbano","url":"https:\/\/centrourbano.com\/revista\/","logo":{"@type":"ImageObject","inLanguage":"es","@id":"https:\/\/centrourbano.com\/revista\/#\/schema\/logo\/image\/","url":"https:\/\/centrourbano.com\/revista\/wp-content\/uploads\/web_CU_logo-1.png","contentUrl":"https:\/\/centrourbano.com\/revista\/wp-content\/uploads\/web_CU_logo-1.png","width":350,"height":91,"caption":"Centro Urbano"},"image":{"@id":"https:\/\/centrourbano.com\/revista\/#\/schema\/logo\/image\/"},"sameAs":["https:\/\/www.facebook.com\/portalcentrourbano","https:\/\/x.com\/CentroUrbano","https:\/\/www.instagram.com\/centro_urbano\/","https:\/\/www.linkedin.com\/company\/centro-urbano\/","http:\/\/www.youtube.com\/user\/portalcentrourbano"]},{"@type":"Person","@id":"https:\/\/centrourbano.com\/revista\/#\/schema\/person\/71e020a5b63ca4230c0f1228a36cde93","name":"Mario V\u00e1zquez Barrios","image":{"@type":"ImageObject","inLanguage":"es","@id":"https:\/\/secure.gravatar.com\/avatar\/347e6d9c0b04f0194ca244ba64b0fe62752d716a3a93d1713bd259eb87aad5b6?s=96&d=mm&r=g","url":"https:\/\/secure.gravatar.com\/avatar\/347e6d9c0b04f0194ca244ba64b0fe62752d716a3a93d1713bd259eb87aad5b6?s=96&d=mm&r=g","contentUrl":"https:\/\/secure.gravatar.com\/avatar\/347e6d9c0b04f0194ca244ba64b0fe62752d716a3a93d1713bd259eb87aad5b6?s=96&d=mm&r=g","caption":"Mario V\u00e1zquez Barrios"},"description":"Me inici\u00e9 en El Financiero haciendo reportajes; en MegaNoticias Televisi\u00f3n fui reportero titular; en EMedios, control de calidad; y Radio 13 Noticias me acogi\u00f3 como colaborador. Me gusta encontrar en las banquetas la nota, una entrevista y el inicio de un reportaje.","sameAs":["https:\/\/x.com\/@MarioDeNiro"],"url":"https:\/\/centrourbano.com\/revista\/author\/mario-vazquez\/"}]}},"_links":{"self":[{"href":"https:\/\/centrourbano.com\/revista\/wp-json\/wp\/v2\/posts\/23815","targetHints":{"allow":["GET"]}}],"collection":[{"href":"https:\/\/centrourbano.com\/revista\/wp-json\/wp\/v2\/posts"}],"about":[{"href":"https:\/\/centrourbano.com\/revista\/wp-json\/wp\/v2\/types\/post"}],"author":[{"embeddable":true,"href":"https:\/\/centrourbano.com\/revista\/wp-json\/wp\/v2\/users\/28"}],"replies":[{"embeddable":true,"href":"https:\/\/centrourbano.com\/revista\/wp-json\/wp\/v2\/comments?post=23815"}],"version-history":[{"count":0,"href":"https:\/\/centrourbano.com\/revista\/wp-json\/wp\/v2\/posts\/23815\/revisions"}],"wp:featuredmedia":[{"embeddable":true,"href":"https:\/\/centrourbano.com\/revista\/wp-json\/wp\/v2\/media\/23816"}],"wp:attachment":[{"href":"https:\/\/centrourbano.com\/revista\/wp-json\/wp\/v2\/media?parent=23815"}],"wp:term":[{"taxonomy":"category","embeddable":true,"href":"https:\/\/centrourbano.com\/revista\/wp-json\/wp\/v2\/categories?post=23815"},{"taxonomy":"post_tag","embeddable":true,"href":"https:\/\/centrourbano.com\/revista\/wp-json\/wp\/v2\/tags?post=23815"}],"curies":[{"name":"wp","href":"https:\/\/api.w.org\/{rel}","templated":true}]}}