{"id":23580,"date":"2015-09-18T13:59:53","date_gmt":"2015-09-18T18:59:53","guid":{"rendered":"http:\/\/centrourbano.com\/?p=23580"},"modified":"2015-09-18T14:42:09","modified_gmt":"2015-09-18T19:42:09","slug":"celebra-51-anos-el-museo-de-antropologia","status":"publish","type":"post","link":"https:\/\/centrourbano.com\/revista\/arquitectura-2\/celebra-51-anos-el-museo-de-antropologia\/","title":{"rendered":"Celebra 51 a\u00f1os el Museo de Antropolog\u00eda"},"content":{"rendered":"<p><em>Est\u00e1 catalogado como el museo m\u00e1s visitado del pa\u00eds, su recorrido en total suma 5.5 kil\u00f3metros<\/em><!--more--><\/p>\n<p>Fue en 1964 cuando por primera vez abri\u00f3 sus puertas el Museo Nacional de Antropolog\u00eda e Historia que, en la actualidad, est\u00e1 catalogado como el m\u00e1s visitado del pa\u00eds, con entre 1.3 y 2.3 millones de personas cada a\u00f1o, seg\u00fan inform\u00f3 el Gobierno de la Rep\u00fablica.<\/p>\n<p>Concebido por el arquitecto Pedro Ram\u00edrez V\u00e1zquez como una casa en forma de herradura, el 17 de septiembre se inaugur\u00f3 el inmueble de 5.5. kil\u00f3metros de recorrido, en el que se invirtieron 19 a\u00f1os de trabajo y en el que se re\u00fanen los talentos de 200 arque\u00f3logos, ingenieros, historiadores, muse\u00f3grafos y artistas; adem\u00e1s de 40 mil a\u00f1os de historia.<\/p>\n<p>Actualmente el Museo de Antropolog\u00eda cuenta con 11 salas en las que se exhibe parte del acervo hist\u00f3rico, antropol\u00f3gico y arqueol\u00f3gico de su colecci\u00f3n, adem\u00e1s de resguardar y conservar distintas piezas e suma importancia para la historia de M\u00e9xico y Mesoam\u00e9rica.<\/p>\n","protected":false},"excerpt":{"rendered":"<p>Est\u00e1 catalogado como el museo m\u00e1s visitado del pa\u00eds, su recorrido en total suma 5.5 kil\u00f3metros<\/p>\n","protected":false},"author":77,"featured_media":23584,"comment_status":"open","ping_status":"closed","sticky":false,"template":"","format":"standard","meta":{"inline_featured_image":false,"footnotes":""},"categories":[81],"tags":[1142,232,6486,334,3352,728],"class_list":["post-23580","post","type-post","status-publish","format-standard","has-post-thumbnail","hentry","category-arquitectura-2","tag-bosque-de-chapultepec","tag-df","tag-mesoamerica","tag-mexico","tag-museo-nacional-de-antropologia-e-historia","tag-pedro-ramirez-vazquez"],"yoast_head":"<!-- This site is optimized with the Yoast SEO plugin v28.4 - https:\/\/yoast.com\/product\/yoast-seo-wordpress\/ -->\n<title>Celebra 51 a\u00f1os el Museo de Antropolog\u00eda -<\/title>\n<meta name=\"description\" content=\"Est\u00e1 catalogado como el museo m\u00e1s visitado del pa\u00eds, su recorrido en total suma 5.5 kil\u00f3metros Fue en 1964 cuando por primera vez abri\u00f3 sus puertas el\" \/>\n<meta name=\"robots\" content=\"index, follow, max-snippet:-1, max-image-preview:large, max-video-preview:-1\" \/>\n<link rel=\"canonical\" href=\"https:\/\/centrourbano.com\/revista\/arquitectura-2\/celebra-51-anos-el-museo-de-antropologia\/\" \/>\n<meta property=\"og:locale\" content=\"es_ES\" \/>\n<meta property=\"og:type\" content=\"article\" \/>\n<meta property=\"og:title\" content=\"Celebra 51 a\u00f1os el Museo de Antropolog\u00eda -\" \/>\n<meta property=\"og:description\" content=\"Est\u00e1 catalogado como el museo m\u00e1s visitado del pa\u00eds, su recorrido en total suma 5.5 kil\u00f3metros Fue en 1964 cuando por primera vez abri\u00f3 sus puertas el\" \/>\n<meta property=\"og:url\" content=\"https:\/\/centrourbano.com\/revista\/arquitectura-2\/celebra-51-anos-el-museo-de-antropologia\/\" \/>\n<meta property=\"og:site_name\" content=\"Centro Urbano\" \/>\n<meta property=\"article:publisher\" content=\"https:\/\/www.facebook.com\/portalcentrourbano\" \/>\n<meta property=\"article:published_time\" content=\"2015-09-18T18:59:53+00:00\" \/>\n<meta property=\"article:modified_time\" content=\"2015-09-18T19:42:09+00:00\" \/>\n<meta property=\"og:image\" content=\"https:\/\/centrourbano.com\/revista\/wp-content\/uploads\/tumblr_mlf2d1xv311qz8uvvo1_1280.jpg\" \/>\n\t<meta property=\"og:image:width\" content=\"818\" \/>\n\t<meta property=\"og:image:height\" content=\"543\" \/>\n\t<meta property=\"og:image:type\" content=\"image\/jpeg\" \/>\n<meta name=\"author\" content=\"G4A\" \/>\n<meta name=\"twitter:card\" content=\"summary_large_image\" \/>\n<meta name=\"twitter:creator\" content=\"@CentroUrbano\" \/>\n<meta name=\"twitter:site\" content=\"@CentroUrbano\" \/>\n<meta name=\"twitter:label1\" content=\"Escrito por\" \/>\n\t<meta name=\"twitter:data1\" content=\"G4A\" \/>\n\t<meta name=\"twitter:label2\" content=\"Tiempo de lectura\" \/>\n\t<meta name=\"twitter:data2\" content=\"1 minuto\" \/>\n<script type=\"application\/ld+json\" class=\"yoast-schema-graph\">{\"@context\":\"https:\\\/\\\/schema.org\",\"@graph\":[{\"@type\":\"Article\",\"@id\":\"https:\\\/\\\/centrourbano.com\\\/revista\\\/arquitectura-2\\\/celebra-51-anos-el-museo-de-antropologia\\\/#article\",\"isPartOf\":{\"@id\":\"https:\\\/\\\/centrourbano.com\\\/revista\\\/arquitectura-2\\\/celebra-51-anos-el-museo-de-antropologia\\\/\"},\"author\":{\"name\":\"G4A\",\"@id\":\"https:\\\/\\\/centrourbano.com\\\/revista\\\/#\\\/schema\\\/person\\\/370fa0ba2d8dd5bde3fdb8b62ad360aa\"},\"headline\":\"Celebra 51 a\u00f1os el Museo de Antropolog\u00eda\",\"datePublished\":\"2015-09-18T18:59:53+00:00\",\"dateModified\":\"2015-09-18T19:42:09+00:00\",\"mainEntityOfPage\":{\"@id\":\"https:\\\/\\\/centrourbano.com\\\/revista\\\/arquitectura-2\\\/celebra-51-anos-el-museo-de-antropologia\\\/\"},\"wordCount\":186,\"commentCount\":0,\"publisher\":{\"@id\":\"https:\\\/\\\/centrourbano.com\\\/revista\\\/#organization\"},\"image\":{\"@id\":\"https:\\\/\\\/centrourbano.com\\\/revista\\\/arquitectura-2\\\/celebra-51-anos-el-museo-de-antropologia\\\/#primaryimage\"},\"thumbnailUrl\":\"https:\\\/\\\/centrourbano.com\\\/revista\\\/wp-content\\\/uploads\\\/tumblr_mlf2d1xv311qz8uvvo1_1280.jpg\",\"keywords\":[\"bosque de Chapultepec\",\"DF\",\"Mesoam\u00e9rica\",\"M\u00e9xico\",\"Museo Nacional de Antropolog\u00eda e Historia\",\"Pedro Ram\u00edrez V\u00e1zquez\"],\"articleSection\":[\"Arquitectura\"],\"inLanguage\":\"es\"},{\"@type\":\"WebPage\",\"@id\":\"https:\\\/\\\/centrourbano.com\\\/revista\\\/arquitectura-2\\\/celebra-51-anos-el-museo-de-antropologia\\\/\",\"url\":\"https:\\\/\\\/centrourbano.com\\\/revista\\\/arquitectura-2\\\/celebra-51-anos-el-museo-de-antropologia\\\/\",\"name\":\"Celebra 51 a\u00f1os el Museo de Antropolog\u00eda -\",\"isPartOf\":{\"@id\":\"https:\\\/\\\/centrourbano.com\\\/revista\\\/#website\"},\"primaryImageOfPage\":{\"@id\":\"https:\\\/\\\/centrourbano.com\\\/revista\\\/arquitectura-2\\\/celebra-51-anos-el-museo-de-antropologia\\\/#primaryimage\"},\"image\":{\"@id\":\"https:\\\/\\\/centrourbano.com\\\/revista\\\/arquitectura-2\\\/celebra-51-anos-el-museo-de-antropologia\\\/#primaryimage\"},\"thumbnailUrl\":\"https:\\\/\\\/centrourbano.com\\\/revista\\\/wp-content\\\/uploads\\\/tumblr_mlf2d1xv311qz8uvvo1_1280.jpg\",\"datePublished\":\"2015-09-18T18:59:53+00:00\",\"dateModified\":\"2015-09-18T19:42:09+00:00\",\"description\":\"Est\u00e1 catalogado como el museo m\u00e1s visitado del pa\u00eds, su recorrido en total suma 5.5 kil\u00f3metros Fue en 1964 cuando por primera vez abri\u00f3 sus puertas el\",\"breadcrumb\":{\"@id\":\"https:\\\/\\\/centrourbano.com\\\/revista\\\/arquitectura-2\\\/celebra-51-anos-el-museo-de-antropologia\\\/#breadcrumb\"},\"inLanguage\":\"es\",\"potentialAction\":[{\"@type\":\"ReadAction\",\"target\":[\"https:\\\/\\\/centrourbano.com\\\/revista\\\/arquitectura-2\\\/celebra-51-anos-el-museo-de-antropologia\\\/\"]}]},{\"@type\":\"ImageObject\",\"inLanguage\":\"es\",\"@id\":\"https:\\\/\\\/centrourbano.com\\\/revista\\\/arquitectura-2\\\/celebra-51-anos-el-museo-de-antropologia\\\/#primaryimage\",\"url\":\"https:\\\/\\\/centrourbano.com\\\/revista\\\/wp-content\\\/uploads\\\/tumblr_mlf2d1xv311qz8uvvo1_1280.jpg\",\"contentUrl\":\"https:\\\/\\\/centrourbano.com\\\/revista\\\/wp-content\\\/uploads\\\/tumblr_mlf2d1xv311qz8uvvo1_1280.jpg\",\"width\":818,\"height\":543},{\"@type\":\"BreadcrumbList\",\"@id\":\"https:\\\/\\\/centrourbano.com\\\/revista\\\/arquitectura-2\\\/celebra-51-anos-el-museo-de-antropologia\\\/#breadcrumb\",\"itemListElement\":[{\"@type\":\"ListItem\",\"position\":1,\"name\":\"Portada\",\"item\":\"https:\\\/\\\/centrourbano.com\\\/revista\\\/\"},{\"@type\":\"ListItem\",\"position\":2,\"name\":\"Celebra 51 a\u00f1os el Museo de Antropolog\u00eda\"}]},{\"@type\":\"WebSite\",\"@id\":\"https:\\\/\\\/centrourbano.com\\\/revista\\\/#website\",\"url\":\"https:\\\/\\\/centrourbano.com\\\/revista\\\/\",\"name\":\"Centro Urbano\",\"description\":\"Medio especializado en los sectores vivienda, inmobiliario, construcci\u00f3n, arquitectura y urbanismo.\",\"publisher\":{\"@id\":\"https:\\\/\\\/centrourbano.com\\\/revista\\\/#organization\"},\"potentialAction\":[{\"@type\":\"SearchAction\",\"target\":{\"@type\":\"EntryPoint\",\"urlTemplate\":\"https:\\\/\\\/centrourbano.com\\\/revista\\\/?s={search_term_string}\"},\"query-input\":{\"@type\":\"PropertyValueSpecification\",\"valueRequired\":true,\"valueName\":\"search_term_string\"}}],\"inLanguage\":\"es\"},{\"@type\":\"Organization\",\"@id\":\"https:\\\/\\\/centrourbano.com\\\/revista\\\/#organization\",\"name\":\"Centro Urbano\",\"url\":\"https:\\\/\\\/centrourbano.com\\\/revista\\\/\",\"logo\":{\"@type\":\"ImageObject\",\"inLanguage\":\"es\",\"@id\":\"https:\\\/\\\/centrourbano.com\\\/revista\\\/#\\\/schema\\\/logo\\\/image\\\/\",\"url\":\"https:\\\/\\\/centrourbano.com\\\/revista\\\/wp-content\\\/uploads\\\/web_CU_logo-1.png\",\"contentUrl\":\"https:\\\/\\\/centrourbano.com\\\/revista\\\/wp-content\\\/uploads\\\/web_CU_logo-1.png\",\"width\":350,\"height\":91,\"caption\":\"Centro Urbano\"},\"image\":{\"@id\":\"https:\\\/\\\/centrourbano.com\\\/revista\\\/#\\\/schema\\\/logo\\\/image\\\/\"},\"sameAs\":[\"https:\\\/\\\/www.facebook.com\\\/portalcentrourbano\",\"https:\\\/\\\/x.com\\\/CentroUrbano\",\"https:\\\/\\\/www.instagram.com\\\/centro_urbano\\\/\",\"https:\\\/\\\/www.linkedin.com\\\/company\\\/centro-urbano\\\/\",\"http:\\\/\\\/www.youtube.com\\\/user\\\/portalcentrourbano\"]},{\"@type\":\"Person\",\"@id\":\"https:\\\/\\\/centrourbano.com\\\/revista\\\/#\\\/schema\\\/person\\\/370fa0ba2d8dd5bde3fdb8b62ad360aa\",\"name\":\"G4A\",\"image\":{\"@type\":\"ImageObject\",\"inLanguage\":\"es\",\"@id\":\"https:\\\/\\\/secure.gravatar.com\\\/avatar\\\/932a97121b13d5de5bbd8193c6c83d3b92c9eda0f39623607d4280e7a5778d97?s=96&d=mm&r=g\",\"url\":\"https:\\\/\\\/secure.gravatar.com\\\/avatar\\\/932a97121b13d5de5bbd8193c6c83d3b92c9eda0f39623607d4280e7a5778d97?s=96&d=mm&r=g\",\"contentUrl\":\"https:\\\/\\\/secure.gravatar.com\\\/avatar\\\/932a97121b13d5de5bbd8193c6c83d3b92c9eda0f39623607d4280e7a5778d97?s=96&d=mm&r=g\",\"caption\":\"G4A\"},\"url\":\"https:\\\/\\\/centrourbano.com\\\/revista\\\/author\\\/admin-g4a\\\/\"}]}<\/script>\n<!-- \/ Yoast SEO plugin. -->","yoast_head_json":{"title":"Celebra 51 a\u00f1os el Museo de Antropolog\u00eda -","description":"Est\u00e1 catalogado como el museo m\u00e1s visitado del pa\u00eds, su recorrido en total suma 5.5 kil\u00f3metros Fue en 1964 cuando por primera vez abri\u00f3 sus puertas el","robots":{"index":"index","follow":"follow","max-snippet":"max-snippet:-1","max-image-preview":"max-image-preview:large","max-video-preview":"max-video-preview:-1"},"canonical":"https:\/\/centrourbano.com\/revista\/arquitectura-2\/celebra-51-anos-el-museo-de-antropologia\/","og_locale":"es_ES","og_type":"article","og_title":"Celebra 51 a\u00f1os el Museo de Antropolog\u00eda -","og_description":"Est\u00e1 catalogado como el museo m\u00e1s visitado del pa\u00eds, su recorrido en total suma 5.5 kil\u00f3metros Fue en 1964 cuando por primera vez abri\u00f3 sus puertas el","og_url":"https:\/\/centrourbano.com\/revista\/arquitectura-2\/celebra-51-anos-el-museo-de-antropologia\/","og_site_name":"Centro Urbano","article_publisher":"https:\/\/www.facebook.com\/portalcentrourbano","article_published_time":"2015-09-18T18:59:53+00:00","article_modified_time":"2015-09-18T19:42:09+00:00","og_image":[{"width":818,"height":543,"url":"https:\/\/centrourbano.com\/revista\/wp-content\/uploads\/tumblr_mlf2d1xv311qz8uvvo1_1280.jpg","type":"image\/jpeg"}],"author":"G4A","twitter_card":"summary_large_image","twitter_creator":"@CentroUrbano","twitter_site":"@CentroUrbano","twitter_misc":{"Escrito por":"G4A","Tiempo de lectura":"1 minuto"},"schema":{"@context":"https:\/\/schema.org","@graph":[{"@type":"Article","@id":"https:\/\/centrourbano.com\/revista\/arquitectura-2\/celebra-51-anos-el-museo-de-antropologia\/#article","isPartOf":{"@id":"https:\/\/centrourbano.com\/revista\/arquitectura-2\/celebra-51-anos-el-museo-de-antropologia\/"},"author":{"name":"G4A","@id":"https:\/\/centrourbano.com\/revista\/#\/schema\/person\/370fa0ba2d8dd5bde3fdb8b62ad360aa"},"headline":"Celebra 51 a\u00f1os el Museo de Antropolog\u00eda","datePublished":"2015-09-18T18:59:53+00:00","dateModified":"2015-09-18T19:42:09+00:00","mainEntityOfPage":{"@id":"https:\/\/centrourbano.com\/revista\/arquitectura-2\/celebra-51-anos-el-museo-de-antropologia\/"},"wordCount":186,"commentCount":0,"publisher":{"@id":"https:\/\/centrourbano.com\/revista\/#organization"},"image":{"@id":"https:\/\/centrourbano.com\/revista\/arquitectura-2\/celebra-51-anos-el-museo-de-antropologia\/#primaryimage"},"thumbnailUrl":"https:\/\/centrourbano.com\/revista\/wp-content\/uploads\/tumblr_mlf2d1xv311qz8uvvo1_1280.jpg","keywords":["bosque de Chapultepec","DF","Mesoam\u00e9rica","M\u00e9xico","Museo Nacional de Antropolog\u00eda e Historia","Pedro Ram\u00edrez V\u00e1zquez"],"articleSection":["Arquitectura"],"inLanguage":"es"},{"@type":"WebPage","@id":"https:\/\/centrourbano.com\/revista\/arquitectura-2\/celebra-51-anos-el-museo-de-antropologia\/","url":"https:\/\/centrourbano.com\/revista\/arquitectura-2\/celebra-51-anos-el-museo-de-antropologia\/","name":"Celebra 51 a\u00f1os el Museo de Antropolog\u00eda -","isPartOf":{"@id":"https:\/\/centrourbano.com\/revista\/#website"},"primaryImageOfPage":{"@id":"https:\/\/centrourbano.com\/revista\/arquitectura-2\/celebra-51-anos-el-museo-de-antropologia\/#primaryimage"},"image":{"@id":"https:\/\/centrourbano.com\/revista\/arquitectura-2\/celebra-51-anos-el-museo-de-antropologia\/#primaryimage"},"thumbnailUrl":"https:\/\/centrourbano.com\/revista\/wp-content\/uploads\/tumblr_mlf2d1xv311qz8uvvo1_1280.jpg","datePublished":"2015-09-18T18:59:53+00:00","dateModified":"2015-09-18T19:42:09+00:00","description":"Est\u00e1 catalogado como el museo m\u00e1s visitado del pa\u00eds, su recorrido en total suma 5.5 kil\u00f3metros Fue en 1964 cuando por primera vez abri\u00f3 sus puertas el","breadcrumb":{"@id":"https:\/\/centrourbano.com\/revista\/arquitectura-2\/celebra-51-anos-el-museo-de-antropologia\/#breadcrumb"},"inLanguage":"es","potentialAction":[{"@type":"ReadAction","target":["https:\/\/centrourbano.com\/revista\/arquitectura-2\/celebra-51-anos-el-museo-de-antropologia\/"]}]},{"@type":"ImageObject","inLanguage":"es","@id":"https:\/\/centrourbano.com\/revista\/arquitectura-2\/celebra-51-anos-el-museo-de-antropologia\/#primaryimage","url":"https:\/\/centrourbano.com\/revista\/wp-content\/uploads\/tumblr_mlf2d1xv311qz8uvvo1_1280.jpg","contentUrl":"https:\/\/centrourbano.com\/revista\/wp-content\/uploads\/tumblr_mlf2d1xv311qz8uvvo1_1280.jpg","width":818,"height":543},{"@type":"BreadcrumbList","@id":"https:\/\/centrourbano.com\/revista\/arquitectura-2\/celebra-51-anos-el-museo-de-antropologia\/#breadcrumb","itemListElement":[{"@type":"ListItem","position":1,"name":"Portada","item":"https:\/\/centrourbano.com\/revista\/"},{"@type":"ListItem","position":2,"name":"Celebra 51 a\u00f1os el Museo de Antropolog\u00eda"}]},{"@type":"WebSite","@id":"https:\/\/centrourbano.com\/revista\/#website","url":"https:\/\/centrourbano.com\/revista\/","name":"Centro Urbano","description":"Medio especializado en los sectores vivienda, inmobiliario, construcci\u00f3n, arquitectura y urbanismo.","publisher":{"@id":"https:\/\/centrourbano.com\/revista\/#organization"},"potentialAction":[{"@type":"SearchAction","target":{"@type":"EntryPoint","urlTemplate":"https:\/\/centrourbano.com\/revista\/?s={search_term_string}"},"query-input":{"@type":"PropertyValueSpecification","valueRequired":true,"valueName":"search_term_string"}}],"inLanguage":"es"},{"@type":"Organization","@id":"https:\/\/centrourbano.com\/revista\/#organization","name":"Centro Urbano","url":"https:\/\/centrourbano.com\/revista\/","logo":{"@type":"ImageObject","inLanguage":"es","@id":"https:\/\/centrourbano.com\/revista\/#\/schema\/logo\/image\/","url":"https:\/\/centrourbano.com\/revista\/wp-content\/uploads\/web_CU_logo-1.png","contentUrl":"https:\/\/centrourbano.com\/revista\/wp-content\/uploads\/web_CU_logo-1.png","width":350,"height":91,"caption":"Centro Urbano"},"image":{"@id":"https:\/\/centrourbano.com\/revista\/#\/schema\/logo\/image\/"},"sameAs":["https:\/\/www.facebook.com\/portalcentrourbano","https:\/\/x.com\/CentroUrbano","https:\/\/www.instagram.com\/centro_urbano\/","https:\/\/www.linkedin.com\/company\/centro-urbano\/","http:\/\/www.youtube.com\/user\/portalcentrourbano"]},{"@type":"Person","@id":"https:\/\/centrourbano.com\/revista\/#\/schema\/person\/370fa0ba2d8dd5bde3fdb8b62ad360aa","name":"G4A","image":{"@type":"ImageObject","inLanguage":"es","@id":"https:\/\/secure.gravatar.com\/avatar\/932a97121b13d5de5bbd8193c6c83d3b92c9eda0f39623607d4280e7a5778d97?s=96&d=mm&r=g","url":"https:\/\/secure.gravatar.com\/avatar\/932a97121b13d5de5bbd8193c6c83d3b92c9eda0f39623607d4280e7a5778d97?s=96&d=mm&r=g","contentUrl":"https:\/\/secure.gravatar.com\/avatar\/932a97121b13d5de5bbd8193c6c83d3b92c9eda0f39623607d4280e7a5778d97?s=96&d=mm&r=g","caption":"G4A"},"url":"https:\/\/centrourbano.com\/revista\/author\/admin-g4a\/"}]}},"_links":{"self":[{"href":"https:\/\/centrourbano.com\/revista\/wp-json\/wp\/v2\/posts\/23580","targetHints":{"allow":["GET"]}}],"collection":[{"href":"https:\/\/centrourbano.com\/revista\/wp-json\/wp\/v2\/posts"}],"about":[{"href":"https:\/\/centrourbano.com\/revista\/wp-json\/wp\/v2\/types\/post"}],"author":[{"embeddable":true,"href":"https:\/\/centrourbano.com\/revista\/wp-json\/wp\/v2\/users\/77"}],"replies":[{"embeddable":true,"href":"https:\/\/centrourbano.com\/revista\/wp-json\/wp\/v2\/comments?post=23580"}],"version-history":[{"count":0,"href":"https:\/\/centrourbano.com\/revista\/wp-json\/wp\/v2\/posts\/23580\/revisions"}],"wp:featuredmedia":[{"embeddable":true,"href":"https:\/\/centrourbano.com\/revista\/wp-json\/wp\/v2\/media\/23584"}],"wp:attachment":[{"href":"https:\/\/centrourbano.com\/revista\/wp-json\/wp\/v2\/media?parent=23580"}],"wp:term":[{"taxonomy":"category","embeddable":true,"href":"https:\/\/centrourbano.com\/revista\/wp-json\/wp\/v2\/categories?post=23580"},{"taxonomy":"post_tag","embeddable":true,"href":"https:\/\/centrourbano.com\/revista\/wp-json\/wp\/v2\/tags?post=23580"}],"curies":[{"name":"wp","href":"https:\/\/api.w.org\/{rel}","templated":true}]}}