{"id":234,"date":"2013-10-15T13:06:03","date_gmt":"2013-10-15T13:06:03","guid":{"rendered":"http:\/\/centrourbano.com\/revista\/?p=234"},"modified":"2014-03-20T15:14:44","modified_gmt":"2014-03-20T21:14:44","slug":"abre-sus-puertas-novotel-new-york-times-square","status":"publish","type":"post","link":"https:\/\/centrourbano.com\/revista\/inmobiliario\/abre-sus-puertas-novotel-new-york-times-square\/","title":{"rendered":"Abre sus puertas Novotel New York Times Square"},"content":{"rendered":"<p><em>El hotel es remodelado para dar servicio a los hu\u00e9spedes y ofrece una vista espectacular desde la terraza<\/em><\/p>\n<p>&nbsp;<\/p>\n<p><!--more--><\/p>\n<p>&nbsp;<\/p>\n<p>Con una inversi\u00f3n de 85 millones de d\u00f3lares y tras tres meses de remodelaciones, Novotel New York Times Square reabri\u00f3 sus puertas recientemente; la inversi\u00f3n fue otorgada por parte de las empresas Chartres lodging Group LLC, Apollo Global Management LLC y Lubert-Adler Partners.<\/p>\n<p>&nbsp;<\/p>\n<p>Algunas de las innovaciones en el hotel son las salas de reuniones, Xbox 360 y concierges virtuales en el lobby; por lo que la funcionalidad y las normas internacionales de calidad son la constante en estas remodelaciones.<\/p>\n<p>&nbsp;<\/p>\n<p>Se inform\u00f3 que en un periodo de enero a agosto de 2013 las reservaciones en l\u00ednea representan el 30.7 por ciento de la facturaci\u00f3n de la marca, adem\u00e1s de que su programa de fidelidad llamado Le Club Accorhotels est\u00e1 disponible en distintos idiomas. Adem\u00e1s, implement\u00f3 el programa internacional \u201cYOU\u201d (Nuestra misi\u00f3n, su satisfacci\u00f3n) para garantizar el nivel m\u00e1s alto de satisfacci\u00f3n.<\/p>\n<p>&nbsp;<\/p>\n<p>Novotel cuenta con aproximadamente 400 hoteles a nivel mundial en el sector de negocios y ocio \u201cestamos muy contentos por el debut del \u2018nuevo\u2019 Novotel New York. Su apariencia de estreno, el restaurante Supernova y su incre\u00edble terraza, son lugares ideales para que los visitantes, hu\u00e9spedes y residentes de Nueva York formen recuerdos memorables en esta impresionante ciudad\u201d, dice Marc Sternagel, gerente general del hotel.<\/p>\n","protected":false},"excerpt":{"rendered":"<p>El hotel es remodelado para dar servicio a los hu\u00e9spedes y ofrece una vista espectacular desde la terraza &nbsp;<\/p>\n","protected":false},"author":12,"featured_media":16393,"comment_status":"open","ping_status":"closed","sticky":false,"template":"","format":"standard","meta":{"om_disable_all_campaigns":false,"inline_featured_image":false,"_monsterinsights_skip_tracking":false,"_monsterinsights_sitenote_active":false,"_monsterinsights_sitenote_note":"","_monsterinsights_sitenote_category":0,"footnotes":""},"categories":[15],"tags":[40,55,54],"class_list":["post-234","post","type-post","status-publish","format-standard","has-post-thumbnail","hentry","category-inmobiliario","tag-hoteles","tag-inmobiliario-inmuebles","tag-turismo"],"yoast_head":"<!-- This site is optimized with the Yoast SEO plugin v27.5 - https:\/\/yoast.com\/product\/yoast-seo-wordpress\/ -->\n<title>Abre sus puertas Novotel New York Times Square -<\/title>\n<meta name=\"description\" content=\"El hotel es remodelado para dar servicio a los hu\u00e9spedes y ofrece una vista espectacular desde la terraza &nbsp; &nbsp; Con una inversi\u00f3n de 85 millones\" \/>\n<meta name=\"robots\" content=\"index, follow, max-snippet:-1, max-image-preview:large, max-video-preview:-1\" \/>\n<link rel=\"canonical\" href=\"https:\/\/centrourbano.com\/revista\/inmobiliario\/abre-sus-puertas-novotel-new-york-times-square\/\" \/>\n<meta property=\"og:locale\" content=\"es_ES\" \/>\n<meta property=\"og:type\" content=\"article\" \/>\n<meta property=\"og:title\" content=\"Abre sus puertas Novotel New York Times Square -\" \/>\n<meta property=\"og:description\" content=\"El hotel es remodelado para dar servicio a los hu\u00e9spedes y ofrece una vista espectacular desde la terraza &nbsp; &nbsp; Con una inversi\u00f3n de 85 millones\" \/>\n<meta property=\"og:url\" content=\"https:\/\/centrourbano.com\/revista\/inmobiliario\/abre-sus-puertas-novotel-new-york-times-square\/\" \/>\n<meta property=\"og:site_name\" content=\"Centro Urbano\" \/>\n<meta property=\"article:publisher\" content=\"https:\/\/www.facebook.com\/portalcentrourbano\" \/>\n<meta property=\"article:published_time\" content=\"2013-10-15T13:06:03+00:00\" \/>\n<meta property=\"article:modified_time\" content=\"2014-03-20T21:14:44+00:00\" \/>\n<meta property=\"og:image\" content=\"https:\/\/centrourbano.com\/revista\/wp-content\/uploads\/novotel-ny1.jpg\" \/>\n\t<meta property=\"og:image:width\" content=\"650\" \/>\n\t<meta property=\"og:image:height\" content=\"441\" \/>\n\t<meta property=\"og:image:type\" content=\"image\/jpeg\" \/>\n<meta name=\"author\" content=\"Catalina Mart\u00ednez\" \/>\n<meta name=\"twitter:card\" content=\"summary_large_image\" \/>\n<meta name=\"twitter:creator\" content=\"@CentroUrbano\" \/>\n<meta name=\"twitter:site\" content=\"@CentroUrbano\" \/>\n<meta name=\"twitter:label1\" content=\"Escrito por\" \/>\n\t<meta name=\"twitter:data1\" content=\"Catalina Mart\u00ednez\" \/>\n\t<meta name=\"twitter:label2\" content=\"Tiempo de lectura\" \/>\n\t<meta name=\"twitter:data2\" content=\"1 minuto\" \/>\n<script type=\"application\/ld+json\" class=\"yoast-schema-graph\">{\"@context\":\"https:\\\/\\\/schema.org\",\"@graph\":[{\"@type\":\"Article\",\"@id\":\"https:\\\/\\\/centrourbano.com\\\/revista\\\/inmobiliario\\\/abre-sus-puertas-novotel-new-york-times-square\\\/#article\",\"isPartOf\":{\"@id\":\"https:\\\/\\\/centrourbano.com\\\/revista\\\/inmobiliario\\\/abre-sus-puertas-novotel-new-york-times-square\\\/\"},\"author\":{\"name\":\"Catalina Mart\u00ednez\",\"@id\":\"https:\\\/\\\/centrourbano.com\\\/revista\\\/#\\\/schema\\\/person\\\/d8c4809c47856b5069984dd69234ce97\"},\"headline\":\"Abre sus puertas Novotel New York Times Square\",\"datePublished\":\"2013-10-15T13:06:03+00:00\",\"dateModified\":\"2014-03-20T21:14:44+00:00\",\"mainEntityOfPage\":{\"@id\":\"https:\\\/\\\/centrourbano.com\\\/revista\\\/inmobiliario\\\/abre-sus-puertas-novotel-new-york-times-square\\\/\"},\"wordCount\":246,\"commentCount\":0,\"publisher\":{\"@id\":\"https:\\\/\\\/centrourbano.com\\\/revista\\\/#organization\"},\"image\":{\"@id\":\"https:\\\/\\\/centrourbano.com\\\/revista\\\/inmobiliario\\\/abre-sus-puertas-novotel-new-york-times-square\\\/#primaryimage\"},\"thumbnailUrl\":\"https:\\\/\\\/centrourbano.com\\\/revista\\\/wp-content\\\/uploads\\\/novotel-ny1.jpg\",\"keywords\":[\"hoteles\",\"inmobiliario. inmuebles\",\"turismo\"],\"articleSection\":[\"Inmobiliario\"],\"inLanguage\":\"es\",\"potentialAction\":[{\"@type\":\"CommentAction\",\"name\":\"Comment\",\"target\":[\"https:\\\/\\\/centrourbano.com\\\/revista\\\/inmobiliario\\\/abre-sus-puertas-novotel-new-york-times-square\\\/#respond\"]}]},{\"@type\":\"WebPage\",\"@id\":\"https:\\\/\\\/centrourbano.com\\\/revista\\\/inmobiliario\\\/abre-sus-puertas-novotel-new-york-times-square\\\/\",\"url\":\"https:\\\/\\\/centrourbano.com\\\/revista\\\/inmobiliario\\\/abre-sus-puertas-novotel-new-york-times-square\\\/\",\"name\":\"Abre sus puertas Novotel New York Times Square -\",\"isPartOf\":{\"@id\":\"https:\\\/\\\/centrourbano.com\\\/revista\\\/#website\"},\"primaryImageOfPage\":{\"@id\":\"https:\\\/\\\/centrourbano.com\\\/revista\\\/inmobiliario\\\/abre-sus-puertas-novotel-new-york-times-square\\\/#primaryimage\"},\"image\":{\"@id\":\"https:\\\/\\\/centrourbano.com\\\/revista\\\/inmobiliario\\\/abre-sus-puertas-novotel-new-york-times-square\\\/#primaryimage\"},\"thumbnailUrl\":\"https:\\\/\\\/centrourbano.com\\\/revista\\\/wp-content\\\/uploads\\\/novotel-ny1.jpg\",\"datePublished\":\"2013-10-15T13:06:03+00:00\",\"dateModified\":\"2014-03-20T21:14:44+00:00\",\"description\":\"El hotel es remodelado para dar servicio a los hu\u00e9spedes y ofrece una vista espectacular desde la terraza &nbsp; &nbsp; Con una inversi\u00f3n de 85 millones\",\"breadcrumb\":{\"@id\":\"https:\\\/\\\/centrourbano.com\\\/revista\\\/inmobiliario\\\/abre-sus-puertas-novotel-new-york-times-square\\\/#breadcrumb\"},\"inLanguage\":\"es\",\"potentialAction\":[{\"@type\":\"ReadAction\",\"target\":[\"https:\\\/\\\/centrourbano.com\\\/revista\\\/inmobiliario\\\/abre-sus-puertas-novotel-new-york-times-square\\\/\"]}]},{\"@type\":\"ImageObject\",\"inLanguage\":\"es\",\"@id\":\"https:\\\/\\\/centrourbano.com\\\/revista\\\/inmobiliario\\\/abre-sus-puertas-novotel-new-york-times-square\\\/#primaryimage\",\"url\":\"https:\\\/\\\/centrourbano.com\\\/revista\\\/wp-content\\\/uploads\\\/novotel-ny1.jpg\",\"contentUrl\":\"https:\\\/\\\/centrourbano.com\\\/revista\\\/wp-content\\\/uploads\\\/novotel-ny1.jpg\",\"width\":650,\"height\":441},{\"@type\":\"BreadcrumbList\",\"@id\":\"https:\\\/\\\/centrourbano.com\\\/revista\\\/inmobiliario\\\/abre-sus-puertas-novotel-new-york-times-square\\\/#breadcrumb\",\"itemListElement\":[{\"@type\":\"ListItem\",\"position\":1,\"name\":\"Portada\",\"item\":\"https:\\\/\\\/centrourbano.com\\\/revista\\\/\"},{\"@type\":\"ListItem\",\"position\":2,\"name\":\"Abre sus puertas Novotel New York Times Square\"}]},{\"@type\":\"WebSite\",\"@id\":\"https:\\\/\\\/centrourbano.com\\\/revista\\\/#website\",\"url\":\"https:\\\/\\\/centrourbano.com\\\/revista\\\/\",\"name\":\"Centro Urbano\",\"description\":\"Medio especializado en los sectores vivienda, inmobiliario, construcci\u00f3n, arquitectura y urbanismo.\",\"publisher\":{\"@id\":\"https:\\\/\\\/centrourbano.com\\\/revista\\\/#organization\"},\"potentialAction\":[{\"@type\":\"SearchAction\",\"target\":{\"@type\":\"EntryPoint\",\"urlTemplate\":\"https:\\\/\\\/centrourbano.com\\\/revista\\\/?s={search_term_string}\"},\"query-input\":{\"@type\":\"PropertyValueSpecification\",\"valueRequired\":true,\"valueName\":\"search_term_string\"}}],\"inLanguage\":\"es\"},{\"@type\":\"Organization\",\"@id\":\"https:\\\/\\\/centrourbano.com\\\/revista\\\/#organization\",\"name\":\"Centro Urbano\",\"url\":\"https:\\\/\\\/centrourbano.com\\\/revista\\\/\",\"logo\":{\"@type\":\"ImageObject\",\"inLanguage\":\"es\",\"@id\":\"https:\\\/\\\/centrourbano.com\\\/revista\\\/#\\\/schema\\\/logo\\\/image\\\/\",\"url\":\"https:\\\/\\\/centrourbano.com\\\/revista\\\/wp-content\\\/uploads\\\/web_CU_logo-1.png\",\"contentUrl\":\"https:\\\/\\\/centrourbano.com\\\/revista\\\/wp-content\\\/uploads\\\/web_CU_logo-1.png\",\"width\":350,\"height\":91,\"caption\":\"Centro Urbano\"},\"image\":{\"@id\":\"https:\\\/\\\/centrourbano.com\\\/revista\\\/#\\\/schema\\\/logo\\\/image\\\/\"},\"sameAs\":[\"https:\\\/\\\/www.facebook.com\\\/portalcentrourbano\",\"https:\\\/\\\/x.com\\\/CentroUrbano\",\"https:\\\/\\\/www.instagram.com\\\/centro_urbano\\\/\",\"https:\\\/\\\/www.linkedin.com\\\/company\\\/centro-urbano\\\/\",\"http:\\\/\\\/www.youtube.com\\\/user\\\/portalcentrourbano\"]},{\"@type\":\"Person\",\"@id\":\"https:\\\/\\\/centrourbano.com\\\/revista\\\/#\\\/schema\\\/person\\\/d8c4809c47856b5069984dd69234ce97\",\"name\":\"Catalina Mart\u00ednez\",\"image\":{\"@type\":\"ImageObject\",\"inLanguage\":\"es\",\"@id\":\"https:\\\/\\\/secure.gravatar.com\\\/avatar\\\/70f80737674b194772cc0988b688478e3538df4ef1296d51988a5033d0fbd521?s=96&d=mm&r=g\",\"url\":\"https:\\\/\\\/secure.gravatar.com\\\/avatar\\\/70f80737674b194772cc0988b688478e3538df4ef1296d51988a5033d0fbd521?s=96&d=mm&r=g\",\"contentUrl\":\"https:\\\/\\\/secure.gravatar.com\\\/avatar\\\/70f80737674b194772cc0988b688478e3538df4ef1296d51988a5033d0fbd521?s=96&d=mm&r=g\",\"caption\":\"Catalina Mart\u00ednez\"},\"description\":\"Periodista por decisi\u00f3n y necesidad, egresada de la Facultad de Ciencias Pol\u00edticas y Sociales (UNAM) comenz\u00f3 su experiencia laboral en el Diario Deportivo R\u00e9cord (\u00e1rea de Suplementos especiales y Revista especializada en futbol para Estados Unidos y M\u00e9xico, 90 minutos), adem\u00e1s particip\u00f3 en un proyecto editorial de la fuente tur\u00edstica. Reportera, co editora, jefa de informaci\u00f3n... apasionada de las letras, noticias, futbol, el reggae, las entrevistas y con hambre de informaci\u00f3n desde el nacimiento. Ahora se especializa en los Fibras, inmobiliario y Centro Urbano.\",\"url\":\"https:\\\/\\\/centrourbano.com\\\/revista\\\/author\\\/cata-martinez\\\/\"}]}<\/script>\n<!-- \/ Yoast SEO plugin. -->","yoast_head_json":{"title":"Abre sus puertas Novotel New York Times Square -","description":"El hotel es remodelado para dar servicio a los hu\u00e9spedes y ofrece una vista espectacular desde la terraza &nbsp; &nbsp; Con una inversi\u00f3n de 85 millones","robots":{"index":"index","follow":"follow","max-snippet":"max-snippet:-1","max-image-preview":"max-image-preview:large","max-video-preview":"max-video-preview:-1"},"canonical":"https:\/\/centrourbano.com\/revista\/inmobiliario\/abre-sus-puertas-novotel-new-york-times-square\/","og_locale":"es_ES","og_type":"article","og_title":"Abre sus puertas Novotel New York Times Square -","og_description":"El hotel es remodelado para dar servicio a los hu\u00e9spedes y ofrece una vista espectacular desde la terraza &nbsp; &nbsp; Con una inversi\u00f3n de 85 millones","og_url":"https:\/\/centrourbano.com\/revista\/inmobiliario\/abre-sus-puertas-novotel-new-york-times-square\/","og_site_name":"Centro Urbano","article_publisher":"https:\/\/www.facebook.com\/portalcentrourbano","article_published_time":"2013-10-15T13:06:03+00:00","article_modified_time":"2014-03-20T21:14:44+00:00","og_image":[{"width":650,"height":441,"url":"https:\/\/centrourbano.com\/revista\/wp-content\/uploads\/novotel-ny1.jpg","type":"image\/jpeg"}],"author":"Catalina Mart\u00ednez","twitter_card":"summary_large_image","twitter_creator":"@CentroUrbano","twitter_site":"@CentroUrbano","twitter_misc":{"Escrito por":"Catalina Mart\u00ednez","Tiempo de lectura":"1 minuto"},"schema":{"@context":"https:\/\/schema.org","@graph":[{"@type":"Article","@id":"https:\/\/centrourbano.com\/revista\/inmobiliario\/abre-sus-puertas-novotel-new-york-times-square\/#article","isPartOf":{"@id":"https:\/\/centrourbano.com\/revista\/inmobiliario\/abre-sus-puertas-novotel-new-york-times-square\/"},"author":{"name":"Catalina Mart\u00ednez","@id":"https:\/\/centrourbano.com\/revista\/#\/schema\/person\/d8c4809c47856b5069984dd69234ce97"},"headline":"Abre sus puertas Novotel New York Times Square","datePublished":"2013-10-15T13:06:03+00:00","dateModified":"2014-03-20T21:14:44+00:00","mainEntityOfPage":{"@id":"https:\/\/centrourbano.com\/revista\/inmobiliario\/abre-sus-puertas-novotel-new-york-times-square\/"},"wordCount":246,"commentCount":0,"publisher":{"@id":"https:\/\/centrourbano.com\/revista\/#organization"},"image":{"@id":"https:\/\/centrourbano.com\/revista\/inmobiliario\/abre-sus-puertas-novotel-new-york-times-square\/#primaryimage"},"thumbnailUrl":"https:\/\/centrourbano.com\/revista\/wp-content\/uploads\/novotel-ny1.jpg","keywords":["hoteles","inmobiliario. inmuebles","turismo"],"articleSection":["Inmobiliario"],"inLanguage":"es","potentialAction":[{"@type":"CommentAction","name":"Comment","target":["https:\/\/centrourbano.com\/revista\/inmobiliario\/abre-sus-puertas-novotel-new-york-times-square\/#respond"]}]},{"@type":"WebPage","@id":"https:\/\/centrourbano.com\/revista\/inmobiliario\/abre-sus-puertas-novotel-new-york-times-square\/","url":"https:\/\/centrourbano.com\/revista\/inmobiliario\/abre-sus-puertas-novotel-new-york-times-square\/","name":"Abre sus puertas Novotel New York Times Square -","isPartOf":{"@id":"https:\/\/centrourbano.com\/revista\/#website"},"primaryImageOfPage":{"@id":"https:\/\/centrourbano.com\/revista\/inmobiliario\/abre-sus-puertas-novotel-new-york-times-square\/#primaryimage"},"image":{"@id":"https:\/\/centrourbano.com\/revista\/inmobiliario\/abre-sus-puertas-novotel-new-york-times-square\/#primaryimage"},"thumbnailUrl":"https:\/\/centrourbano.com\/revista\/wp-content\/uploads\/novotel-ny1.jpg","datePublished":"2013-10-15T13:06:03+00:00","dateModified":"2014-03-20T21:14:44+00:00","description":"El hotel es remodelado para dar servicio a los hu\u00e9spedes y ofrece una vista espectacular desde la terraza &nbsp; &nbsp; Con una inversi\u00f3n de 85 millones","breadcrumb":{"@id":"https:\/\/centrourbano.com\/revista\/inmobiliario\/abre-sus-puertas-novotel-new-york-times-square\/#breadcrumb"},"inLanguage":"es","potentialAction":[{"@type":"ReadAction","target":["https:\/\/centrourbano.com\/revista\/inmobiliario\/abre-sus-puertas-novotel-new-york-times-square\/"]}]},{"@type":"ImageObject","inLanguage":"es","@id":"https:\/\/centrourbano.com\/revista\/inmobiliario\/abre-sus-puertas-novotel-new-york-times-square\/#primaryimage","url":"https:\/\/centrourbano.com\/revista\/wp-content\/uploads\/novotel-ny1.jpg","contentUrl":"https:\/\/centrourbano.com\/revista\/wp-content\/uploads\/novotel-ny1.jpg","width":650,"height":441},{"@type":"BreadcrumbList","@id":"https:\/\/centrourbano.com\/revista\/inmobiliario\/abre-sus-puertas-novotel-new-york-times-square\/#breadcrumb","itemListElement":[{"@type":"ListItem","position":1,"name":"Portada","item":"https:\/\/centrourbano.com\/revista\/"},{"@type":"ListItem","position":2,"name":"Abre sus puertas Novotel New York Times Square"}]},{"@type":"WebSite","@id":"https:\/\/centrourbano.com\/revista\/#website","url":"https:\/\/centrourbano.com\/revista\/","name":"Centro Urbano","description":"Medio especializado en los sectores vivienda, inmobiliario, construcci\u00f3n, arquitectura y urbanismo.","publisher":{"@id":"https:\/\/centrourbano.com\/revista\/#organization"},"potentialAction":[{"@type":"SearchAction","target":{"@type":"EntryPoint","urlTemplate":"https:\/\/centrourbano.com\/revista\/?s={search_term_string}"},"query-input":{"@type":"PropertyValueSpecification","valueRequired":true,"valueName":"search_term_string"}}],"inLanguage":"es"},{"@type":"Organization","@id":"https:\/\/centrourbano.com\/revista\/#organization","name":"Centro Urbano","url":"https:\/\/centrourbano.com\/revista\/","logo":{"@type":"ImageObject","inLanguage":"es","@id":"https:\/\/centrourbano.com\/revista\/#\/schema\/logo\/image\/","url":"https:\/\/centrourbano.com\/revista\/wp-content\/uploads\/web_CU_logo-1.png","contentUrl":"https:\/\/centrourbano.com\/revista\/wp-content\/uploads\/web_CU_logo-1.png","width":350,"height":91,"caption":"Centro Urbano"},"image":{"@id":"https:\/\/centrourbano.com\/revista\/#\/schema\/logo\/image\/"},"sameAs":["https:\/\/www.facebook.com\/portalcentrourbano","https:\/\/x.com\/CentroUrbano","https:\/\/www.instagram.com\/centro_urbano\/","https:\/\/www.linkedin.com\/company\/centro-urbano\/","http:\/\/www.youtube.com\/user\/portalcentrourbano"]},{"@type":"Person","@id":"https:\/\/centrourbano.com\/revista\/#\/schema\/person\/d8c4809c47856b5069984dd69234ce97","name":"Catalina Mart\u00ednez","image":{"@type":"ImageObject","inLanguage":"es","@id":"https:\/\/secure.gravatar.com\/avatar\/70f80737674b194772cc0988b688478e3538df4ef1296d51988a5033d0fbd521?s=96&d=mm&r=g","url":"https:\/\/secure.gravatar.com\/avatar\/70f80737674b194772cc0988b688478e3538df4ef1296d51988a5033d0fbd521?s=96&d=mm&r=g","contentUrl":"https:\/\/secure.gravatar.com\/avatar\/70f80737674b194772cc0988b688478e3538df4ef1296d51988a5033d0fbd521?s=96&d=mm&r=g","caption":"Catalina Mart\u00ednez"},"description":"Periodista por decisi\u00f3n y necesidad, egresada de la Facultad de Ciencias Pol\u00edticas y Sociales (UNAM) comenz\u00f3 su experiencia laboral en el Diario Deportivo R\u00e9cord (\u00e1rea de Suplementos especiales y Revista especializada en futbol para Estados Unidos y M\u00e9xico, 90 minutos), adem\u00e1s particip\u00f3 en un proyecto editorial de la fuente tur\u00edstica. Reportera, co editora, jefa de informaci\u00f3n... apasionada de las letras, noticias, futbol, el reggae, las entrevistas y con hambre de informaci\u00f3n desde el nacimiento. Ahora se especializa en los Fibras, inmobiliario y Centro Urbano.","url":"https:\/\/centrourbano.com\/revista\/author\/cata-martinez\/"}]}},"_links":{"self":[{"href":"https:\/\/centrourbano.com\/revista\/wp-json\/wp\/v2\/posts\/234","targetHints":{"allow":["GET"]}}],"collection":[{"href":"https:\/\/centrourbano.com\/revista\/wp-json\/wp\/v2\/posts"}],"about":[{"href":"https:\/\/centrourbano.com\/revista\/wp-json\/wp\/v2\/types\/post"}],"author":[{"embeddable":true,"href":"https:\/\/centrourbano.com\/revista\/wp-json\/wp\/v2\/users\/12"}],"replies":[{"embeddable":true,"href":"https:\/\/centrourbano.com\/revista\/wp-json\/wp\/v2\/comments?post=234"}],"version-history":[{"count":0,"href":"https:\/\/centrourbano.com\/revista\/wp-json\/wp\/v2\/posts\/234\/revisions"}],"wp:featuredmedia":[{"embeddable":true,"href":"https:\/\/centrourbano.com\/revista\/wp-json\/wp\/v2\/media\/16393"}],"wp:attachment":[{"href":"https:\/\/centrourbano.com\/revista\/wp-json\/wp\/v2\/media?parent=234"}],"wp:term":[{"taxonomy":"category","embeddable":true,"href":"https:\/\/centrourbano.com\/revista\/wp-json\/wp\/v2\/categories?post=234"},{"taxonomy":"post_tag","embeddable":true,"href":"https:\/\/centrourbano.com\/revista\/wp-json\/wp\/v2\/tags?post=234"}],"curies":[{"name":"wp","href":"https:\/\/api.w.org\/{rel}","templated":true}]}}