{"id":23064,"date":"2015-09-03T11:59:11","date_gmt":"2015-09-03T16:59:11","guid":{"rendered":"http:\/\/centrourbano.com\/?p=23064"},"modified":"2015-09-03T12:02:07","modified_gmt":"2015-09-03T17:02:07","slug":"celaya-incentiva-la-regularizacion-de-predios","status":"publish","type":"post","link":"https:\/\/centrourbano.com\/revista\/vivienda\/celaya-incentiva-la-regularizacion-de-predios\/","title":{"rendered":"Celaya incentiva la regularizaci\u00f3n de predios"},"content":{"rendered":"<p><em>De 2002 a la fecha \u00a0se han realizado 12, 498 regularizaciones de la tierra en Celaya<\/em><!--more--><\/p>\n<p>El gobierno de Celaya en colaboraci\u00f3n con\u00a0 el Instituto de Seguridad en la Tenencia\u00a0 de la Tierra, entregaron 233 escrituras como parte del proyecto de regularizaci\u00f3n de predios irregulares.<\/p>\n<p>Ismael P\u00e9rez Ordaz, presidente municipal, se\u00f1al\u00f3 que en su administraci\u00f3n se han entregado 1,065 tenencias de la tierra, sin embargo no hay participaci\u00f3n por parte de la ciudadan\u00eda para que la cifra crezca.<\/p>\n<p>El director de Desarrollo Urbano, Antonio Fuentes Macatta, inform\u00f3 que se han regularizado con decreto expropiatorio 5,000 predios que deber\u00edan entregarse pero por falta de inter\u00e9s de los propietarios solo se entregaron 1,065 escrituras.<\/p>\n<p>Destac\u00f3 que se han realizado acciones sobre regularizaci\u00f3n y escrituraci\u00f3n de predios a trav\u00e9s de visitas casa por casa, se han colocado m\u00f3dulos de informaci\u00f3n para que la gente se interese y regularice sus propiedades con la que obtendr\u00e1n certeza jur\u00eddica.<\/p>\n<p>Adalberto Rodr\u00edguez Moctezuma, \u00a0director del Instituto de Seguridad en la Tenencia de la Tierra, resalt\u00f3 que a partir de 2002 se han realizado 12, 498 regularizaciones de la tierra en Celaya, pero hace falta la escrituraci\u00f3n de los predios.<\/p>\n<p>Durante la administraci\u00f3n del gobernador Miguel M\u00e1rquez, se han regularizado 83 asentamientos humanos, de los cuales 13, 600 familias est\u00e1n recibiendo sus escrituras, finaliz\u00f3.<\/p>\n<p>&nbsp;<\/p>\n<p>&nbsp;<\/p>\n","protected":false},"excerpt":{"rendered":"<p>De 2002 a la fecha \u00a0se han realizado 12, 498 regularizaciones de la tierra en Celaya<\/p>\n","protected":false},"author":1,"featured_media":23066,"comment_status":"open","ping_status":"closed","sticky":false,"template":"","format":"standard","meta":{"om_disable_all_campaigns":false,"inline_featured_image":false,"_monsterinsights_skip_tracking":false,"_monsterinsights_sitenote_active":false,"_monsterinsights_sitenote_note":"","_monsterinsights_sitenote_category":0,"footnotes":""},"categories":[12],"tags":[1061,530,3260,2585],"class_list":["post-23064","post","type-post","status-publish","format-standard","has-post-thumbnail","hentry","category-vivienda","tag-celaya","tag-escrituracion","tag-predios","tag-regularizacion"],"yoast_head":"<!-- This site is optimized with the Yoast SEO plugin v27.4 - https:\/\/yoast.com\/product\/yoast-seo-wordpress\/ -->\n<title>Celaya incentiva la regularizaci\u00f3n de predios -<\/title>\n<meta name=\"description\" content=\"De 2002 a la fecha \u00a0se han realizado 12, 498 regularizaciones de la tierra en Celaya El gobierno de Celaya en colaboraci\u00f3n con\u00a0 el Instituto de Seguridad\" \/>\n<meta name=\"robots\" content=\"index, follow, max-snippet:-1, max-image-preview:large, max-video-preview:-1\" \/>\n<link rel=\"canonical\" href=\"https:\/\/centrourbano.com\/revista\/vivienda\/celaya-incentiva-la-regularizacion-de-predios\/\" \/>\n<meta property=\"og:locale\" content=\"es_ES\" \/>\n<meta property=\"og:type\" content=\"article\" \/>\n<meta property=\"og:title\" content=\"Celaya incentiva la regularizaci\u00f3n de predios -\" \/>\n<meta property=\"og:description\" content=\"De 2002 a la fecha \u00a0se han realizado 12, 498 regularizaciones de la tierra en Celaya El gobierno de Celaya en colaboraci\u00f3n con\u00a0 el Instituto de Seguridad\" \/>\n<meta property=\"og:url\" content=\"https:\/\/centrourbano.com\/revista\/vivienda\/celaya-incentiva-la-regularizacion-de-predios\/\" \/>\n<meta property=\"og:site_name\" content=\"Centro Urbano\" \/>\n<meta property=\"article:publisher\" content=\"https:\/\/www.facebook.com\/portalcentrourbano\" \/>\n<meta property=\"article:published_time\" content=\"2015-09-03T16:59:11+00:00\" \/>\n<meta property=\"article:modified_time\" content=\"2015-09-03T17:02:07+00:00\" \/>\n<meta property=\"og:image\" content=\"https:\/\/centrourbano.com\/revista\/wp-content\/uploads\/celaya-2.jpg\" \/>\n\t<meta property=\"og:image:width\" content=\"548\" \/>\n\t<meta property=\"og:image:height\" content=\"369\" \/>\n\t<meta property=\"og:image:type\" content=\"image\/jpeg\" \/>\n<meta name=\"author\" content=\"BlogCU 2022\" \/>\n<meta name=\"twitter:card\" content=\"summary_large_image\" \/>\n<meta name=\"twitter:creator\" content=\"@CentroUrbano\" \/>\n<meta name=\"twitter:site\" content=\"@CentroUrbano\" \/>\n<meta name=\"twitter:label1\" content=\"Escrito por\" \/>\n\t<meta name=\"twitter:data1\" content=\"BlogCU 2022\" \/>\n\t<meta name=\"twitter:label2\" content=\"Tiempo de lectura\" \/>\n\t<meta name=\"twitter:data2\" content=\"1 minuto\" \/>\n<script type=\"application\/ld+json\" class=\"yoast-schema-graph\">{\"@context\":\"https:\\\/\\\/schema.org\",\"@graph\":[{\"@type\":\"Article\",\"@id\":\"https:\\\/\\\/centrourbano.com\\\/revista\\\/vivienda\\\/celaya-incentiva-la-regularizacion-de-predios\\\/#article\",\"isPartOf\":{\"@id\":\"https:\\\/\\\/centrourbano.com\\\/revista\\\/vivienda\\\/celaya-incentiva-la-regularizacion-de-predios\\\/\"},\"author\":{\"name\":\"BlogCU 2022\",\"@id\":\"https:\\\/\\\/centrourbano.com\\\/revista\\\/#\\\/schema\\\/person\\\/26c0ab2d8952e32eb17ccf62f8e88ce6\"},\"headline\":\"Celaya incentiva la regularizaci\u00f3n de predios\",\"datePublished\":\"2015-09-03T16:59:11+00:00\",\"dateModified\":\"2015-09-03T17:02:07+00:00\",\"mainEntityOfPage\":{\"@id\":\"https:\\\/\\\/centrourbano.com\\\/revista\\\/vivienda\\\/celaya-incentiva-la-regularizacion-de-predios\\\/\"},\"wordCount\":233,\"commentCount\":0,\"publisher\":{\"@id\":\"https:\\\/\\\/centrourbano.com\\\/revista\\\/#organization\"},\"image\":{\"@id\":\"https:\\\/\\\/centrourbano.com\\\/revista\\\/vivienda\\\/celaya-incentiva-la-regularizacion-de-predios\\\/#primaryimage\"},\"thumbnailUrl\":\"https:\\\/\\\/centrourbano.com\\\/revista\\\/wp-content\\\/uploads\\\/celaya-2.jpg\",\"keywords\":[\"Celaya\",\"Escrituraci\u00f3n\",\"predios\",\"regularizaci\u00f3n\"],\"articleSection\":[\"Vivienda\"],\"inLanguage\":\"es\",\"potentialAction\":[{\"@type\":\"CommentAction\",\"name\":\"Comment\",\"target\":[\"https:\\\/\\\/centrourbano.com\\\/revista\\\/vivienda\\\/celaya-incentiva-la-regularizacion-de-predios\\\/#respond\"]}]},{\"@type\":\"WebPage\",\"@id\":\"https:\\\/\\\/centrourbano.com\\\/revista\\\/vivienda\\\/celaya-incentiva-la-regularizacion-de-predios\\\/\",\"url\":\"https:\\\/\\\/centrourbano.com\\\/revista\\\/vivienda\\\/celaya-incentiva-la-regularizacion-de-predios\\\/\",\"name\":\"Celaya incentiva la regularizaci\u00f3n de predios -\",\"isPartOf\":{\"@id\":\"https:\\\/\\\/centrourbano.com\\\/revista\\\/#website\"},\"primaryImageOfPage\":{\"@id\":\"https:\\\/\\\/centrourbano.com\\\/revista\\\/vivienda\\\/celaya-incentiva-la-regularizacion-de-predios\\\/#primaryimage\"},\"image\":{\"@id\":\"https:\\\/\\\/centrourbano.com\\\/revista\\\/vivienda\\\/celaya-incentiva-la-regularizacion-de-predios\\\/#primaryimage\"},\"thumbnailUrl\":\"https:\\\/\\\/centrourbano.com\\\/revista\\\/wp-content\\\/uploads\\\/celaya-2.jpg\",\"datePublished\":\"2015-09-03T16:59:11+00:00\",\"dateModified\":\"2015-09-03T17:02:07+00:00\",\"description\":\"De 2002 a la fecha \u00a0se han realizado 12, 498 regularizaciones de la tierra en Celaya El gobierno de Celaya en colaboraci\u00f3n con\u00a0 el Instituto de Seguridad\",\"breadcrumb\":{\"@id\":\"https:\\\/\\\/centrourbano.com\\\/revista\\\/vivienda\\\/celaya-incentiva-la-regularizacion-de-predios\\\/#breadcrumb\"},\"inLanguage\":\"es\",\"potentialAction\":[{\"@type\":\"ReadAction\",\"target\":[\"https:\\\/\\\/centrourbano.com\\\/revista\\\/vivienda\\\/celaya-incentiva-la-regularizacion-de-predios\\\/\"]}]},{\"@type\":\"ImageObject\",\"inLanguage\":\"es\",\"@id\":\"https:\\\/\\\/centrourbano.com\\\/revista\\\/vivienda\\\/celaya-incentiva-la-regularizacion-de-predios\\\/#primaryimage\",\"url\":\"https:\\\/\\\/centrourbano.com\\\/revista\\\/wp-content\\\/uploads\\\/celaya-2.jpg\",\"contentUrl\":\"https:\\\/\\\/centrourbano.com\\\/revista\\\/wp-content\\\/uploads\\\/celaya-2.jpg\",\"width\":548,\"height\":369},{\"@type\":\"BreadcrumbList\",\"@id\":\"https:\\\/\\\/centrourbano.com\\\/revista\\\/vivienda\\\/celaya-incentiva-la-regularizacion-de-predios\\\/#breadcrumb\",\"itemListElement\":[{\"@type\":\"ListItem\",\"position\":1,\"name\":\"Portada\",\"item\":\"https:\\\/\\\/centrourbano.com\\\/revista\\\/\"},{\"@type\":\"ListItem\",\"position\":2,\"name\":\"Celaya incentiva la regularizaci\u00f3n de predios\"}]},{\"@type\":\"WebSite\",\"@id\":\"https:\\\/\\\/centrourbano.com\\\/revista\\\/#website\",\"url\":\"https:\\\/\\\/centrourbano.com\\\/revista\\\/\",\"name\":\"Centro Urbano\",\"description\":\"Medio especializado en los sectores vivienda, inmobiliario, construcci\u00f3n, arquitectura y urbanismo.\",\"publisher\":{\"@id\":\"https:\\\/\\\/centrourbano.com\\\/revista\\\/#organization\"},\"potentialAction\":[{\"@type\":\"SearchAction\",\"target\":{\"@type\":\"EntryPoint\",\"urlTemplate\":\"https:\\\/\\\/centrourbano.com\\\/revista\\\/?s={search_term_string}\"},\"query-input\":{\"@type\":\"PropertyValueSpecification\",\"valueRequired\":true,\"valueName\":\"search_term_string\"}}],\"inLanguage\":\"es\"},{\"@type\":\"Organization\",\"@id\":\"https:\\\/\\\/centrourbano.com\\\/revista\\\/#organization\",\"name\":\"Centro Urbano\",\"url\":\"https:\\\/\\\/centrourbano.com\\\/revista\\\/\",\"logo\":{\"@type\":\"ImageObject\",\"inLanguage\":\"es\",\"@id\":\"https:\\\/\\\/centrourbano.com\\\/revista\\\/#\\\/schema\\\/logo\\\/image\\\/\",\"url\":\"https:\\\/\\\/centrourbano.com\\\/revista\\\/wp-content\\\/uploads\\\/web_CU_logo-1.png\",\"contentUrl\":\"https:\\\/\\\/centrourbano.com\\\/revista\\\/wp-content\\\/uploads\\\/web_CU_logo-1.png\",\"width\":350,\"height\":91,\"caption\":\"Centro Urbano\"},\"image\":{\"@id\":\"https:\\\/\\\/centrourbano.com\\\/revista\\\/#\\\/schema\\\/logo\\\/image\\\/\"},\"sameAs\":[\"https:\\\/\\\/www.facebook.com\\\/portalcentrourbano\",\"https:\\\/\\\/x.com\\\/CentroUrbano\",\"https:\\\/\\\/www.instagram.com\\\/centro_urbano\\\/\",\"https:\\\/\\\/www.linkedin.com\\\/company\\\/centro-urbano\\\/\",\"http:\\\/\\\/www.youtube.com\\\/user\\\/portalcentrourbano\"]},{\"@type\":\"Person\",\"@id\":\"https:\\\/\\\/centrourbano.com\\\/revista\\\/#\\\/schema\\\/person\\\/26c0ab2d8952e32eb17ccf62f8e88ce6\",\"name\":\"BlogCU 2022\",\"image\":{\"@type\":\"ImageObject\",\"inLanguage\":\"es\",\"@id\":\"https:\\\/\\\/secure.gravatar.com\\\/avatar\\\/5ec2975f6d4b1643c723f08ef135c488131c64cba4524740d438f2e04dbeacdc?s=96&d=mm&r=g\",\"url\":\"https:\\\/\\\/secure.gravatar.com\\\/avatar\\\/5ec2975f6d4b1643c723f08ef135c488131c64cba4524740d438f2e04dbeacdc?s=96&d=mm&r=g\",\"contentUrl\":\"https:\\\/\\\/secure.gravatar.com\\\/avatar\\\/5ec2975f6d4b1643c723f08ef135c488131c64cba4524740d438f2e04dbeacdc?s=96&d=mm&r=g\",\"caption\":\"BlogCU 2022\"},\"url\":\"https:\\\/\\\/centrourbano.com\\\/revista\\\/author\\\/BlogCU 2022\\\/\"}]}<\/script>\n<!-- \/ Yoast SEO plugin. -->","yoast_head_json":{"title":"Celaya incentiva la regularizaci\u00f3n de predios -","description":"De 2002 a la fecha \u00a0se han realizado 12, 498 regularizaciones de la tierra en Celaya El gobierno de Celaya en colaboraci\u00f3n con\u00a0 el Instituto de Seguridad","robots":{"index":"index","follow":"follow","max-snippet":"max-snippet:-1","max-image-preview":"max-image-preview:large","max-video-preview":"max-video-preview:-1"},"canonical":"https:\/\/centrourbano.com\/revista\/vivienda\/celaya-incentiva-la-regularizacion-de-predios\/","og_locale":"es_ES","og_type":"article","og_title":"Celaya incentiva la regularizaci\u00f3n de predios -","og_description":"De 2002 a la fecha \u00a0se han realizado 12, 498 regularizaciones de la tierra en Celaya El gobierno de Celaya en colaboraci\u00f3n con\u00a0 el Instituto de Seguridad","og_url":"https:\/\/centrourbano.com\/revista\/vivienda\/celaya-incentiva-la-regularizacion-de-predios\/","og_site_name":"Centro Urbano","article_publisher":"https:\/\/www.facebook.com\/portalcentrourbano","article_published_time":"2015-09-03T16:59:11+00:00","article_modified_time":"2015-09-03T17:02:07+00:00","og_image":[{"width":548,"height":369,"url":"https:\/\/centrourbano.com\/revista\/wp-content\/uploads\/celaya-2.jpg","type":"image\/jpeg"}],"author":"BlogCU 2022","twitter_card":"summary_large_image","twitter_creator":"@CentroUrbano","twitter_site":"@CentroUrbano","twitter_misc":{"Escrito por":"BlogCU 2022","Tiempo de lectura":"1 minuto"},"schema":{"@context":"https:\/\/schema.org","@graph":[{"@type":"Article","@id":"https:\/\/centrourbano.com\/revista\/vivienda\/celaya-incentiva-la-regularizacion-de-predios\/#article","isPartOf":{"@id":"https:\/\/centrourbano.com\/revista\/vivienda\/celaya-incentiva-la-regularizacion-de-predios\/"},"author":{"name":"BlogCU 2022","@id":"https:\/\/centrourbano.com\/revista\/#\/schema\/person\/26c0ab2d8952e32eb17ccf62f8e88ce6"},"headline":"Celaya incentiva la regularizaci\u00f3n de predios","datePublished":"2015-09-03T16:59:11+00:00","dateModified":"2015-09-03T17:02:07+00:00","mainEntityOfPage":{"@id":"https:\/\/centrourbano.com\/revista\/vivienda\/celaya-incentiva-la-regularizacion-de-predios\/"},"wordCount":233,"commentCount":0,"publisher":{"@id":"https:\/\/centrourbano.com\/revista\/#organization"},"image":{"@id":"https:\/\/centrourbano.com\/revista\/vivienda\/celaya-incentiva-la-regularizacion-de-predios\/#primaryimage"},"thumbnailUrl":"https:\/\/centrourbano.com\/revista\/wp-content\/uploads\/celaya-2.jpg","keywords":["Celaya","Escrituraci\u00f3n","predios","regularizaci\u00f3n"],"articleSection":["Vivienda"],"inLanguage":"es","potentialAction":[{"@type":"CommentAction","name":"Comment","target":["https:\/\/centrourbano.com\/revista\/vivienda\/celaya-incentiva-la-regularizacion-de-predios\/#respond"]}]},{"@type":"WebPage","@id":"https:\/\/centrourbano.com\/revista\/vivienda\/celaya-incentiva-la-regularizacion-de-predios\/","url":"https:\/\/centrourbano.com\/revista\/vivienda\/celaya-incentiva-la-regularizacion-de-predios\/","name":"Celaya incentiva la regularizaci\u00f3n de predios -","isPartOf":{"@id":"https:\/\/centrourbano.com\/revista\/#website"},"primaryImageOfPage":{"@id":"https:\/\/centrourbano.com\/revista\/vivienda\/celaya-incentiva-la-regularizacion-de-predios\/#primaryimage"},"image":{"@id":"https:\/\/centrourbano.com\/revista\/vivienda\/celaya-incentiva-la-regularizacion-de-predios\/#primaryimage"},"thumbnailUrl":"https:\/\/centrourbano.com\/revista\/wp-content\/uploads\/celaya-2.jpg","datePublished":"2015-09-03T16:59:11+00:00","dateModified":"2015-09-03T17:02:07+00:00","description":"De 2002 a la fecha \u00a0se han realizado 12, 498 regularizaciones de la tierra en Celaya El gobierno de Celaya en colaboraci\u00f3n con\u00a0 el Instituto de Seguridad","breadcrumb":{"@id":"https:\/\/centrourbano.com\/revista\/vivienda\/celaya-incentiva-la-regularizacion-de-predios\/#breadcrumb"},"inLanguage":"es","potentialAction":[{"@type":"ReadAction","target":["https:\/\/centrourbano.com\/revista\/vivienda\/celaya-incentiva-la-regularizacion-de-predios\/"]}]},{"@type":"ImageObject","inLanguage":"es","@id":"https:\/\/centrourbano.com\/revista\/vivienda\/celaya-incentiva-la-regularizacion-de-predios\/#primaryimage","url":"https:\/\/centrourbano.com\/revista\/wp-content\/uploads\/celaya-2.jpg","contentUrl":"https:\/\/centrourbano.com\/revista\/wp-content\/uploads\/celaya-2.jpg","width":548,"height":369},{"@type":"BreadcrumbList","@id":"https:\/\/centrourbano.com\/revista\/vivienda\/celaya-incentiva-la-regularizacion-de-predios\/#breadcrumb","itemListElement":[{"@type":"ListItem","position":1,"name":"Portada","item":"https:\/\/centrourbano.com\/revista\/"},{"@type":"ListItem","position":2,"name":"Celaya incentiva la regularizaci\u00f3n de predios"}]},{"@type":"WebSite","@id":"https:\/\/centrourbano.com\/revista\/#website","url":"https:\/\/centrourbano.com\/revista\/","name":"Centro Urbano","description":"Medio especializado en los sectores vivienda, inmobiliario, construcci\u00f3n, arquitectura y urbanismo.","publisher":{"@id":"https:\/\/centrourbano.com\/revista\/#organization"},"potentialAction":[{"@type":"SearchAction","target":{"@type":"EntryPoint","urlTemplate":"https:\/\/centrourbano.com\/revista\/?s={search_term_string}"},"query-input":{"@type":"PropertyValueSpecification","valueRequired":true,"valueName":"search_term_string"}}],"inLanguage":"es"},{"@type":"Organization","@id":"https:\/\/centrourbano.com\/revista\/#organization","name":"Centro Urbano","url":"https:\/\/centrourbano.com\/revista\/","logo":{"@type":"ImageObject","inLanguage":"es","@id":"https:\/\/centrourbano.com\/revista\/#\/schema\/logo\/image\/","url":"https:\/\/centrourbano.com\/revista\/wp-content\/uploads\/web_CU_logo-1.png","contentUrl":"https:\/\/centrourbano.com\/revista\/wp-content\/uploads\/web_CU_logo-1.png","width":350,"height":91,"caption":"Centro Urbano"},"image":{"@id":"https:\/\/centrourbano.com\/revista\/#\/schema\/logo\/image\/"},"sameAs":["https:\/\/www.facebook.com\/portalcentrourbano","https:\/\/x.com\/CentroUrbano","https:\/\/www.instagram.com\/centro_urbano\/","https:\/\/www.linkedin.com\/company\/centro-urbano\/","http:\/\/www.youtube.com\/user\/portalcentrourbano"]},{"@type":"Person","@id":"https:\/\/centrourbano.com\/revista\/#\/schema\/person\/26c0ab2d8952e32eb17ccf62f8e88ce6","name":"BlogCU 2022","image":{"@type":"ImageObject","inLanguage":"es","@id":"https:\/\/secure.gravatar.com\/avatar\/5ec2975f6d4b1643c723f08ef135c488131c64cba4524740d438f2e04dbeacdc?s=96&d=mm&r=g","url":"https:\/\/secure.gravatar.com\/avatar\/5ec2975f6d4b1643c723f08ef135c488131c64cba4524740d438f2e04dbeacdc?s=96&d=mm&r=g","contentUrl":"https:\/\/secure.gravatar.com\/avatar\/5ec2975f6d4b1643c723f08ef135c488131c64cba4524740d438f2e04dbeacdc?s=96&d=mm&r=g","caption":"BlogCU 2022"},"url":"https:\/\/centrourbano.com\/revista\/author\/BlogCU 2022\/"}]}},"_links":{"self":[{"href":"https:\/\/centrourbano.com\/revista\/wp-json\/wp\/v2\/posts\/23064","targetHints":{"allow":["GET"]}}],"collection":[{"href":"https:\/\/centrourbano.com\/revista\/wp-json\/wp\/v2\/posts"}],"about":[{"href":"https:\/\/centrourbano.com\/revista\/wp-json\/wp\/v2\/types\/post"}],"author":[{"embeddable":true,"href":"https:\/\/centrourbano.com\/revista\/wp-json\/wp\/v2\/users\/1"}],"replies":[{"embeddable":true,"href":"https:\/\/centrourbano.com\/revista\/wp-json\/wp\/v2\/comments?post=23064"}],"version-history":[{"count":0,"href":"https:\/\/centrourbano.com\/revista\/wp-json\/wp\/v2\/posts\/23064\/revisions"}],"wp:featuredmedia":[{"embeddable":true,"href":"https:\/\/centrourbano.com\/revista\/wp-json\/wp\/v2\/media\/23066"}],"wp:attachment":[{"href":"https:\/\/centrourbano.com\/revista\/wp-json\/wp\/v2\/media?parent=23064"}],"wp:term":[{"taxonomy":"category","embeddable":true,"href":"https:\/\/centrourbano.com\/revista\/wp-json\/wp\/v2\/categories?post=23064"},{"taxonomy":"post_tag","embeddable":true,"href":"https:\/\/centrourbano.com\/revista\/wp-json\/wp\/v2\/tags?post=23064"}],"curies":[{"name":"wp","href":"https:\/\/api.w.org\/{rel}","templated":true}]}}