{"id":22820,"date":"2015-08-27T18:50:01","date_gmt":"2015-08-27T23:50:01","guid":{"rendered":"http:\/\/centrourbano.com\/?p=22820"},"modified":"2015-08-27T18:50:01","modified_gmt":"2015-08-27T23:50:01","slug":"concluye-fibra-mty-adquisicion-de-portafolio-monza","status":"publish","type":"post","link":"https:\/\/centrourbano.com\/revista\/inmobiliario\/concluye-fibra-mty-adquisicion-de-portafolio-monza\/","title":{"rendered":"Concluye Fibra Mty adquisici\u00f3n de portafolio Monza"},"content":{"rendered":"<p>&nbsp;<\/p>\n<p><em>Suman poco m\u00e1s de 14 mil metros cuadrados y generar\u00e1n alrededor de 17.93 mdp al a\u00f1o<\/em><!--more--><\/p>\n<p>El Fideicomiso de Inversi\u00f3n en Bienes Ra\u00edces, Fibra Monterrey, anunci\u00f3 que ha concluido exitosamente la adquisici\u00f3n del portafolio \u201cMonza\u201d, la cual fue anunciada p\u00fablicamente el pasado mes de mayo y en la que se inviritieron 220.27 millones de pesos, m\u00e1s el IVA correspondiente, impuestos y otros gastos de adquisici\u00f3n.<\/p>\n<p>Ubicado en el estado de Chihuahua, el portafolio se compone por cuatro propiedades comerciales, ocupadas en su totalidad por un mismo arrendatario y que suman en su conjunto poco m\u00e1s de 14 mil metros cuadrados de \u00e1rea bruta rentable, construidas en terrenos con un total de poco m\u00e1s de 25 mil 400 metros cada uno.<\/p>\n<p>El pago se realiz\u00f3 en su totalidad en efectivo y se estima que durante el primer a\u00f1o a partir de su adquisici\u00f3n genere un ingreso neto operativo de aproximadamente 17.93 millones de pesos. Estas propiedades se suman a los 7 edificios de oficinas, 8 naves industriales y 4 propiedades comerciales con las que ya contaba Fibra Monterrey.<\/p>\n","protected":false},"excerpt":{"rendered":"<p>&nbsp; Suman poco m\u00e1s de 14 mil metros cuadrados y generar\u00e1n alrededor de 17.93 mdp al a\u00f1o<\/p>\n","protected":false},"author":77,"featured_media":22821,"comment_status":"open","ping_status":"closed","sticky":false,"template":"","format":"standard","meta":{"inline_featured_image":false,"footnotes":""},"categories":[15],"tags":[495,3911,5215],"class_list":["post-22820","post","type-post","status-publish","format-standard","has-post-thumbnail","hentry","category-inmobiliario","tag-chihuahua","tag-fibra-monterrey","tag-portafolio-monza"],"yoast_head":"<!-- This site is optimized with the Yoast SEO plugin v28.4 - https:\/\/yoast.com\/product\/yoast-seo-wordpress\/ -->\n<title>Concluye Fibra Mty adquisici\u00f3n de portafolio Monza -<\/title>\n<meta name=\"description\" content=\"&nbsp; Suman poco m\u00e1s de 14 mil metros cuadrados y generar\u00e1n alrededor de 17.93 mdp al a\u00f1o El Fideicomiso de Inversi\u00f3n en Bienes Ra\u00edces, Fibra Monterrey,\" \/>\n<meta name=\"robots\" content=\"index, follow, max-snippet:-1, max-image-preview:large, max-video-preview:-1\" \/>\n<link rel=\"canonical\" href=\"https:\/\/centrourbano.com\/revista\/inmobiliario\/concluye-fibra-mty-adquisicion-de-portafolio-monza\/\" \/>\n<meta property=\"og:locale\" content=\"es_ES\" \/>\n<meta property=\"og:type\" content=\"article\" \/>\n<meta property=\"og:title\" content=\"Concluye Fibra Mty adquisici\u00f3n de portafolio Monza -\" \/>\n<meta property=\"og:description\" content=\"&nbsp; Suman poco m\u00e1s de 14 mil metros cuadrados y generar\u00e1n alrededor de 17.93 mdp al a\u00f1o El Fideicomiso de Inversi\u00f3n en Bienes Ra\u00edces, Fibra Monterrey,\" \/>\n<meta property=\"og:url\" content=\"https:\/\/centrourbano.com\/revista\/inmobiliario\/concluye-fibra-mty-adquisicion-de-portafolio-monza\/\" \/>\n<meta property=\"og:site_name\" content=\"Centro Urbano\" \/>\n<meta property=\"article:publisher\" content=\"https:\/\/www.facebook.com\/portalcentrourbano\" \/>\n<meta property=\"article:published_time\" content=\"2015-08-27T23:50:01+00:00\" \/>\n<meta property=\"og:image\" content=\"https:\/\/centrourbano.com\/revista\/wp-content\/uploads\/NL_OK-735x4001.jpg\" \/>\n\t<meta property=\"og:image:width\" content=\"735\" \/>\n\t<meta property=\"og:image:height\" content=\"400\" \/>\n\t<meta property=\"og:image:type\" content=\"image\/jpeg\" \/>\n<meta name=\"author\" content=\"G4A\" \/>\n<meta name=\"twitter:card\" content=\"summary_large_image\" \/>\n<meta name=\"twitter:creator\" content=\"@CentroUrbano\" \/>\n<meta name=\"twitter:site\" content=\"@CentroUrbano\" \/>\n<meta name=\"twitter:label1\" content=\"Escrito por\" \/>\n\t<meta name=\"twitter:data1\" content=\"G4A\" \/>\n\t<meta name=\"twitter:label2\" content=\"Tiempo de lectura\" \/>\n\t<meta name=\"twitter:data2\" content=\"1 minuto\" \/>\n<script type=\"application\/ld+json\" class=\"yoast-schema-graph\">{\"@context\":\"https:\\\/\\\/schema.org\",\"@graph\":[{\"@type\":\"Article\",\"@id\":\"https:\\\/\\\/centrourbano.com\\\/revista\\\/inmobiliario\\\/concluye-fibra-mty-adquisicion-de-portafolio-monza\\\/#article\",\"isPartOf\":{\"@id\":\"https:\\\/\\\/centrourbano.com\\\/revista\\\/inmobiliario\\\/concluye-fibra-mty-adquisicion-de-portafolio-monza\\\/\"},\"author\":{\"name\":\"G4A\",\"@id\":\"https:\\\/\\\/centrourbano.com\\\/revista\\\/#\\\/schema\\\/person\\\/370fa0ba2d8dd5bde3fdb8b62ad360aa\"},\"headline\":\"Concluye Fibra Mty adquisici\u00f3n de portafolio Monza\",\"datePublished\":\"2015-08-27T23:50:01+00:00\",\"mainEntityOfPage\":{\"@id\":\"https:\\\/\\\/centrourbano.com\\\/revista\\\/inmobiliario\\\/concluye-fibra-mty-adquisicion-de-portafolio-monza\\\/\"},\"wordCount\":189,\"commentCount\":0,\"publisher\":{\"@id\":\"https:\\\/\\\/centrourbano.com\\\/revista\\\/#organization\"},\"image\":{\"@id\":\"https:\\\/\\\/centrourbano.com\\\/revista\\\/inmobiliario\\\/concluye-fibra-mty-adquisicion-de-portafolio-monza\\\/#primaryimage\"},\"thumbnailUrl\":\"https:\\\/\\\/centrourbano.com\\\/revista\\\/wp-content\\\/uploads\\\/NL_OK-735x4001.jpg\",\"keywords\":[\"Chihuahua\",\"Fibra Monterrey\",\"portafolio Monza\"],\"articleSection\":[\"Inmobiliario\"],\"inLanguage\":\"es\"},{\"@type\":\"WebPage\",\"@id\":\"https:\\\/\\\/centrourbano.com\\\/revista\\\/inmobiliario\\\/concluye-fibra-mty-adquisicion-de-portafolio-monza\\\/\",\"url\":\"https:\\\/\\\/centrourbano.com\\\/revista\\\/inmobiliario\\\/concluye-fibra-mty-adquisicion-de-portafolio-monza\\\/\",\"name\":\"Concluye Fibra Mty adquisici\u00f3n de portafolio Monza -\",\"isPartOf\":{\"@id\":\"https:\\\/\\\/centrourbano.com\\\/revista\\\/#website\"},\"primaryImageOfPage\":{\"@id\":\"https:\\\/\\\/centrourbano.com\\\/revista\\\/inmobiliario\\\/concluye-fibra-mty-adquisicion-de-portafolio-monza\\\/#primaryimage\"},\"image\":{\"@id\":\"https:\\\/\\\/centrourbano.com\\\/revista\\\/inmobiliario\\\/concluye-fibra-mty-adquisicion-de-portafolio-monza\\\/#primaryimage\"},\"thumbnailUrl\":\"https:\\\/\\\/centrourbano.com\\\/revista\\\/wp-content\\\/uploads\\\/NL_OK-735x4001.jpg\",\"datePublished\":\"2015-08-27T23:50:01+00:00\",\"description\":\"&nbsp; Suman poco m\u00e1s de 14 mil metros cuadrados y generar\u00e1n alrededor de 17.93 mdp al a\u00f1o El Fideicomiso de Inversi\u00f3n en Bienes Ra\u00edces, Fibra Monterrey,\",\"breadcrumb\":{\"@id\":\"https:\\\/\\\/centrourbano.com\\\/revista\\\/inmobiliario\\\/concluye-fibra-mty-adquisicion-de-portafolio-monza\\\/#breadcrumb\"},\"inLanguage\":\"es\",\"potentialAction\":[{\"@type\":\"ReadAction\",\"target\":[\"https:\\\/\\\/centrourbano.com\\\/revista\\\/inmobiliario\\\/concluye-fibra-mty-adquisicion-de-portafolio-monza\\\/\"]}]},{\"@type\":\"ImageObject\",\"inLanguage\":\"es\",\"@id\":\"https:\\\/\\\/centrourbano.com\\\/revista\\\/inmobiliario\\\/concluye-fibra-mty-adquisicion-de-portafolio-monza\\\/#primaryimage\",\"url\":\"https:\\\/\\\/centrourbano.com\\\/revista\\\/wp-content\\\/uploads\\\/NL_OK-735x4001.jpg\",\"contentUrl\":\"https:\\\/\\\/centrourbano.com\\\/revista\\\/wp-content\\\/uploads\\\/NL_OK-735x4001.jpg\",\"width\":735,\"height\":400},{\"@type\":\"BreadcrumbList\",\"@id\":\"https:\\\/\\\/centrourbano.com\\\/revista\\\/inmobiliario\\\/concluye-fibra-mty-adquisicion-de-portafolio-monza\\\/#breadcrumb\",\"itemListElement\":[{\"@type\":\"ListItem\",\"position\":1,\"name\":\"Portada\",\"item\":\"https:\\\/\\\/centrourbano.com\\\/revista\\\/\"},{\"@type\":\"ListItem\",\"position\":2,\"name\":\"Concluye Fibra Mty adquisici\u00f3n de portafolio Monza\"}]},{\"@type\":\"WebSite\",\"@id\":\"https:\\\/\\\/centrourbano.com\\\/revista\\\/#website\",\"url\":\"https:\\\/\\\/centrourbano.com\\\/revista\\\/\",\"name\":\"Centro Urbano\",\"description\":\"Medio especializado en los sectores vivienda, inmobiliario, construcci\u00f3n, arquitectura y urbanismo.\",\"publisher\":{\"@id\":\"https:\\\/\\\/centrourbano.com\\\/revista\\\/#organization\"},\"potentialAction\":[{\"@type\":\"SearchAction\",\"target\":{\"@type\":\"EntryPoint\",\"urlTemplate\":\"https:\\\/\\\/centrourbano.com\\\/revista\\\/?s={search_term_string}\"},\"query-input\":{\"@type\":\"PropertyValueSpecification\",\"valueRequired\":true,\"valueName\":\"search_term_string\"}}],\"inLanguage\":\"es\"},{\"@type\":\"Organization\",\"@id\":\"https:\\\/\\\/centrourbano.com\\\/revista\\\/#organization\",\"name\":\"Centro Urbano\",\"url\":\"https:\\\/\\\/centrourbano.com\\\/revista\\\/\",\"logo\":{\"@type\":\"ImageObject\",\"inLanguage\":\"es\",\"@id\":\"https:\\\/\\\/centrourbano.com\\\/revista\\\/#\\\/schema\\\/logo\\\/image\\\/\",\"url\":\"https:\\\/\\\/centrourbano.com\\\/revista\\\/wp-content\\\/uploads\\\/web_CU_logo-1.png\",\"contentUrl\":\"https:\\\/\\\/centrourbano.com\\\/revista\\\/wp-content\\\/uploads\\\/web_CU_logo-1.png\",\"width\":350,\"height\":91,\"caption\":\"Centro Urbano\"},\"image\":{\"@id\":\"https:\\\/\\\/centrourbano.com\\\/revista\\\/#\\\/schema\\\/logo\\\/image\\\/\"},\"sameAs\":[\"https:\\\/\\\/www.facebook.com\\\/portalcentrourbano\",\"https:\\\/\\\/x.com\\\/CentroUrbano\",\"https:\\\/\\\/www.instagram.com\\\/centro_urbano\\\/\",\"https:\\\/\\\/www.linkedin.com\\\/company\\\/centro-urbano\\\/\",\"http:\\\/\\\/www.youtube.com\\\/user\\\/portalcentrourbano\"]},{\"@type\":\"Person\",\"@id\":\"https:\\\/\\\/centrourbano.com\\\/revista\\\/#\\\/schema\\\/person\\\/370fa0ba2d8dd5bde3fdb8b62ad360aa\",\"name\":\"G4A\",\"image\":{\"@type\":\"ImageObject\",\"inLanguage\":\"es\",\"@id\":\"https:\\\/\\\/secure.gravatar.com\\\/avatar\\\/932a97121b13d5de5bbd8193c6c83d3b92c9eda0f39623607d4280e7a5778d97?s=96&d=mm&r=g\",\"url\":\"https:\\\/\\\/secure.gravatar.com\\\/avatar\\\/932a97121b13d5de5bbd8193c6c83d3b92c9eda0f39623607d4280e7a5778d97?s=96&d=mm&r=g\",\"contentUrl\":\"https:\\\/\\\/secure.gravatar.com\\\/avatar\\\/932a97121b13d5de5bbd8193c6c83d3b92c9eda0f39623607d4280e7a5778d97?s=96&d=mm&r=g\",\"caption\":\"G4A\"},\"url\":\"https:\\\/\\\/centrourbano.com\\\/revista\\\/author\\\/admin-g4a\\\/\"}]}<\/script>\n<!-- \/ Yoast SEO plugin. -->","yoast_head_json":{"title":"Concluye Fibra Mty adquisici\u00f3n de portafolio Monza -","description":"&nbsp; Suman poco m\u00e1s de 14 mil metros cuadrados y generar\u00e1n alrededor de 17.93 mdp al a\u00f1o El Fideicomiso de Inversi\u00f3n en Bienes Ra\u00edces, Fibra Monterrey,","robots":{"index":"index","follow":"follow","max-snippet":"max-snippet:-1","max-image-preview":"max-image-preview:large","max-video-preview":"max-video-preview:-1"},"canonical":"https:\/\/centrourbano.com\/revista\/inmobiliario\/concluye-fibra-mty-adquisicion-de-portafolio-monza\/","og_locale":"es_ES","og_type":"article","og_title":"Concluye Fibra Mty adquisici\u00f3n de portafolio Monza -","og_description":"&nbsp; Suman poco m\u00e1s de 14 mil metros cuadrados y generar\u00e1n alrededor de 17.93 mdp al a\u00f1o El Fideicomiso de Inversi\u00f3n en Bienes Ra\u00edces, Fibra Monterrey,","og_url":"https:\/\/centrourbano.com\/revista\/inmobiliario\/concluye-fibra-mty-adquisicion-de-portafolio-monza\/","og_site_name":"Centro Urbano","article_publisher":"https:\/\/www.facebook.com\/portalcentrourbano","article_published_time":"2015-08-27T23:50:01+00:00","og_image":[{"width":735,"height":400,"url":"https:\/\/centrourbano.com\/revista\/wp-content\/uploads\/NL_OK-735x4001.jpg","type":"image\/jpeg"}],"author":"G4A","twitter_card":"summary_large_image","twitter_creator":"@CentroUrbano","twitter_site":"@CentroUrbano","twitter_misc":{"Escrito por":"G4A","Tiempo de lectura":"1 minuto"},"schema":{"@context":"https:\/\/schema.org","@graph":[{"@type":"Article","@id":"https:\/\/centrourbano.com\/revista\/inmobiliario\/concluye-fibra-mty-adquisicion-de-portafolio-monza\/#article","isPartOf":{"@id":"https:\/\/centrourbano.com\/revista\/inmobiliario\/concluye-fibra-mty-adquisicion-de-portafolio-monza\/"},"author":{"name":"G4A","@id":"https:\/\/centrourbano.com\/revista\/#\/schema\/person\/370fa0ba2d8dd5bde3fdb8b62ad360aa"},"headline":"Concluye Fibra Mty adquisici\u00f3n de portafolio Monza","datePublished":"2015-08-27T23:50:01+00:00","mainEntityOfPage":{"@id":"https:\/\/centrourbano.com\/revista\/inmobiliario\/concluye-fibra-mty-adquisicion-de-portafolio-monza\/"},"wordCount":189,"commentCount":0,"publisher":{"@id":"https:\/\/centrourbano.com\/revista\/#organization"},"image":{"@id":"https:\/\/centrourbano.com\/revista\/inmobiliario\/concluye-fibra-mty-adquisicion-de-portafolio-monza\/#primaryimage"},"thumbnailUrl":"https:\/\/centrourbano.com\/revista\/wp-content\/uploads\/NL_OK-735x4001.jpg","keywords":["Chihuahua","Fibra Monterrey","portafolio Monza"],"articleSection":["Inmobiliario"],"inLanguage":"es"},{"@type":"WebPage","@id":"https:\/\/centrourbano.com\/revista\/inmobiliario\/concluye-fibra-mty-adquisicion-de-portafolio-monza\/","url":"https:\/\/centrourbano.com\/revista\/inmobiliario\/concluye-fibra-mty-adquisicion-de-portafolio-monza\/","name":"Concluye Fibra Mty adquisici\u00f3n de portafolio Monza -","isPartOf":{"@id":"https:\/\/centrourbano.com\/revista\/#website"},"primaryImageOfPage":{"@id":"https:\/\/centrourbano.com\/revista\/inmobiliario\/concluye-fibra-mty-adquisicion-de-portafolio-monza\/#primaryimage"},"image":{"@id":"https:\/\/centrourbano.com\/revista\/inmobiliario\/concluye-fibra-mty-adquisicion-de-portafolio-monza\/#primaryimage"},"thumbnailUrl":"https:\/\/centrourbano.com\/revista\/wp-content\/uploads\/NL_OK-735x4001.jpg","datePublished":"2015-08-27T23:50:01+00:00","description":"&nbsp; Suman poco m\u00e1s de 14 mil metros cuadrados y generar\u00e1n alrededor de 17.93 mdp al a\u00f1o El Fideicomiso de Inversi\u00f3n en Bienes Ra\u00edces, Fibra Monterrey,","breadcrumb":{"@id":"https:\/\/centrourbano.com\/revista\/inmobiliario\/concluye-fibra-mty-adquisicion-de-portafolio-monza\/#breadcrumb"},"inLanguage":"es","potentialAction":[{"@type":"ReadAction","target":["https:\/\/centrourbano.com\/revista\/inmobiliario\/concluye-fibra-mty-adquisicion-de-portafolio-monza\/"]}]},{"@type":"ImageObject","inLanguage":"es","@id":"https:\/\/centrourbano.com\/revista\/inmobiliario\/concluye-fibra-mty-adquisicion-de-portafolio-monza\/#primaryimage","url":"https:\/\/centrourbano.com\/revista\/wp-content\/uploads\/NL_OK-735x4001.jpg","contentUrl":"https:\/\/centrourbano.com\/revista\/wp-content\/uploads\/NL_OK-735x4001.jpg","width":735,"height":400},{"@type":"BreadcrumbList","@id":"https:\/\/centrourbano.com\/revista\/inmobiliario\/concluye-fibra-mty-adquisicion-de-portafolio-monza\/#breadcrumb","itemListElement":[{"@type":"ListItem","position":1,"name":"Portada","item":"https:\/\/centrourbano.com\/revista\/"},{"@type":"ListItem","position":2,"name":"Concluye Fibra Mty adquisici\u00f3n de portafolio Monza"}]},{"@type":"WebSite","@id":"https:\/\/centrourbano.com\/revista\/#website","url":"https:\/\/centrourbano.com\/revista\/","name":"Centro Urbano","description":"Medio especializado en los sectores vivienda, inmobiliario, construcci\u00f3n, arquitectura y urbanismo.","publisher":{"@id":"https:\/\/centrourbano.com\/revista\/#organization"},"potentialAction":[{"@type":"SearchAction","target":{"@type":"EntryPoint","urlTemplate":"https:\/\/centrourbano.com\/revista\/?s={search_term_string}"},"query-input":{"@type":"PropertyValueSpecification","valueRequired":true,"valueName":"search_term_string"}}],"inLanguage":"es"},{"@type":"Organization","@id":"https:\/\/centrourbano.com\/revista\/#organization","name":"Centro Urbano","url":"https:\/\/centrourbano.com\/revista\/","logo":{"@type":"ImageObject","inLanguage":"es","@id":"https:\/\/centrourbano.com\/revista\/#\/schema\/logo\/image\/","url":"https:\/\/centrourbano.com\/revista\/wp-content\/uploads\/web_CU_logo-1.png","contentUrl":"https:\/\/centrourbano.com\/revista\/wp-content\/uploads\/web_CU_logo-1.png","width":350,"height":91,"caption":"Centro Urbano"},"image":{"@id":"https:\/\/centrourbano.com\/revista\/#\/schema\/logo\/image\/"},"sameAs":["https:\/\/www.facebook.com\/portalcentrourbano","https:\/\/x.com\/CentroUrbano","https:\/\/www.instagram.com\/centro_urbano\/","https:\/\/www.linkedin.com\/company\/centro-urbano\/","http:\/\/www.youtube.com\/user\/portalcentrourbano"]},{"@type":"Person","@id":"https:\/\/centrourbano.com\/revista\/#\/schema\/person\/370fa0ba2d8dd5bde3fdb8b62ad360aa","name":"G4A","image":{"@type":"ImageObject","inLanguage":"es","@id":"https:\/\/secure.gravatar.com\/avatar\/932a97121b13d5de5bbd8193c6c83d3b92c9eda0f39623607d4280e7a5778d97?s=96&d=mm&r=g","url":"https:\/\/secure.gravatar.com\/avatar\/932a97121b13d5de5bbd8193c6c83d3b92c9eda0f39623607d4280e7a5778d97?s=96&d=mm&r=g","contentUrl":"https:\/\/secure.gravatar.com\/avatar\/932a97121b13d5de5bbd8193c6c83d3b92c9eda0f39623607d4280e7a5778d97?s=96&d=mm&r=g","caption":"G4A"},"url":"https:\/\/centrourbano.com\/revista\/author\/admin-g4a\/"}]}},"_links":{"self":[{"href":"https:\/\/centrourbano.com\/revista\/wp-json\/wp\/v2\/posts\/22820","targetHints":{"allow":["GET"]}}],"collection":[{"href":"https:\/\/centrourbano.com\/revista\/wp-json\/wp\/v2\/posts"}],"about":[{"href":"https:\/\/centrourbano.com\/revista\/wp-json\/wp\/v2\/types\/post"}],"author":[{"embeddable":true,"href":"https:\/\/centrourbano.com\/revista\/wp-json\/wp\/v2\/users\/77"}],"replies":[{"embeddable":true,"href":"https:\/\/centrourbano.com\/revista\/wp-json\/wp\/v2\/comments?post=22820"}],"version-history":[{"count":0,"href":"https:\/\/centrourbano.com\/revista\/wp-json\/wp\/v2\/posts\/22820\/revisions"}],"wp:featuredmedia":[{"embeddable":true,"href":"https:\/\/centrourbano.com\/revista\/wp-json\/wp\/v2\/media\/22821"}],"wp:attachment":[{"href":"https:\/\/centrourbano.com\/revista\/wp-json\/wp\/v2\/media?parent=22820"}],"wp:term":[{"taxonomy":"category","embeddable":true,"href":"https:\/\/centrourbano.com\/revista\/wp-json\/wp\/v2\/categories?post=22820"},{"taxonomy":"post_tag","embeddable":true,"href":"https:\/\/centrourbano.com\/revista\/wp-json\/wp\/v2\/tags?post=22820"}],"curies":[{"name":"wp","href":"https:\/\/api.w.org\/{rel}","templated":true}]}}