{"id":22711,"date":"2015-08-26T09:55:04","date_gmt":"2015-08-26T14:55:04","guid":{"rendered":"http:\/\/centrourbano.com\/?p=22711"},"modified":"2015-08-26T09:55:04","modified_gmt":"2015-08-26T14:55:04","slug":"inicia-septiembre-mes-del-testamento-2015","status":"publish","type":"post","link":"https:\/\/centrourbano.com\/revista\/vivienda\/inicia-septiembre-mes-del-testamento-2015\/","title":{"rendered":"Inicia \u201cSeptiembre, Mes del Testamento 2015\u201d"},"content":{"rendered":"<p>&nbsp;<\/p>\n<p><em>Notarios en todo el pa\u00eds reducir\u00e1n sus honorarios hasta 50% para otorgar testamentos durante todo el mes<\/em><\/p>\n<p><!--more--><\/p>\n<p>Durante el mes de septiembre los notarios de todo el pa\u00eds reducen sus honorarios hasta un 50% y ampl\u00edan sus horarios de atenci\u00f3n y participan en campa\u00f1as estatales y federales donde se atienden, de manera gratuita, las dudas de la ciudadan\u00eda y se concientiza a los mexicanos sobre las virtudes de otorgar testamento a sus familiares.<\/p>\n<p>Por lo anterior, en todo el pa\u00eds se preparan ya para dar atenci\u00f3n durante todo septiembre a miles de mexicanos que participar\u00e1n en el <em>\u201cMes del Testamento\u201d<\/em> con la finalidad de proteger a sus deudos y su patrimonio.<\/p>\n<p>En el evento protocolario de arranque de la campa\u00f1a <em>\u201cSeptiembre, Mes del Testamento<\/em> 2015\u201d, realizado ayer en M\u00e9rida, Yucat\u00e1n, estuvieron presentes el Secretario de Gobernaci\u00f3n, Miguel \u00c1ngel Osorio Chong; el Gobernador de Yucat\u00e1n, Rolando Zapata Bello; y el Presidente del Colegio Nacional del Notariado Mexicano, H\u00e9ctor Galeano Incl\u00e1n.<\/p>\n<p>Galeano Incl\u00e1n, se\u00f1al\u00f3 que una de las principales funciones del Estado es la protecci\u00f3n del patrimonio de los particulares, donde el ciudadano mexicano trabaja para formar un patrimonio que pueda disfrutar con su familia, pero tambi\u00e9n transmitirlo a sus descendientes.<\/p>\n<p>Refrend\u00f3 el compromiso de su gremio para colaborar con las autoridades y asesorar a los particulares, porque el legado que el notariado pretende dejar a la sociedad mexicana, apunt\u00f3, es el de la cultura de la prevenci\u00f3n, de la legalidad, certeza y seguridad jur\u00eddica.<\/p>\n<p>En su intervenci\u00f3n, el Secretario de Gobernaci\u00f3n indic\u00f3 que el esp\u00edritu de esta campa\u00f1a es tomar conciencia sobre la importancia de pensar m\u00e1s all\u00e1 de lo inmediato. El testamento, apunt\u00f3, es un documento que va m\u00e1s all\u00e1 de lo jur\u00eddico, siendo un acto de responsabilidad hacia la familia, ya que evita largos y costosos juicios.<\/p>\n<p>Destac\u00f3 que los esfuerzos realizados a lo largo de las campa\u00f1as han logrado que se cuenten con m\u00e1s de 4.5 millones de registros. \u201cCon ello, se puede consultar cu\u00e1l es el \u00faltimo testamento de alguien, sin importar la entidad en la que fue elaborado\u201d, expuso.<\/p>\n<p>Cabe destacar que la campa\u00f1a <em>\u201cSeptiembre, Mes del Testamento\u201d<\/em> es el resultado de la coordinaci\u00f3n de esfuerzos entre el gobierno federal, los gobiernos estatales y el notariado mexicano.<\/p>\n<p><em>\u201cSeptiembre, Mes del Testamento\u201d<\/em> es ya una fecha en el calendario oficial; es el momento en que recordamos todos el compromiso que tenemos para llevar a cada uno de los hogares de M\u00e9xico la seguridad jur\u00eddica que otorga el testamento, pues el notario da asesor\u00eda a cada uno de los testadores, recibe su voluntad, conoce sus problem\u00e1ticas particulares y le otorga las soluciones adecuadas para lograr la transmisi\u00f3n pac\u00edfica de sus bienes, agreg\u00f3 el Presidente del CNNM.<\/p>\n<p>Como se recordar\u00e1, el Colegio Nacional del Notariado Mexicano, fue fundado hace 60 a\u00f1os y es el \u00f3rgano que congrega a la gran mayor\u00eda de los notarios de la Rep\u00fablica Mexicana, con el objetivo de impulsar la capacitaci\u00f3n, actualizaci\u00f3n y mejoramiento de la actividad notarial en el pa\u00eds. Su consejo est\u00e1 integrado por los 32 Presidentes de los Colegios de Notarios Estatales, quienes dan voz a los miembros que representan.<\/p>\n","protected":false},"excerpt":{"rendered":"<p>&nbsp; Notarios en todo el pa\u00eds reducir\u00e1n sus honorarios hasta 50% para otorgar testamentos durante todo el mes<\/p>\n","protected":false},"author":28,"featured_media":22712,"comment_status":"open","ping_status":"closed","sticky":false,"template":"","format":"standard","meta":{"om_disable_all_campaigns":false,"inline_featured_image":false,"_monsterinsights_skip_tracking":false,"_monsterinsights_sitenote_active":false,"_monsterinsights_sitenote_note":"","_monsterinsights_sitenote_category":0,"footnotes":""},"categories":[12],"tags":[6223,3117,1263],"class_list":["post-22711","post","type-post","status-publish","format-standard","has-post-thumbnail","hentry","category-vivienda","tag-colegio-mexicano-de-notariado","tag-miguel-angel-osorio-chong","tag-secretaria-de-gobernacion"],"yoast_head":"<!-- This site is optimized with the Yoast SEO plugin v27.4 - https:\/\/yoast.com\/product\/yoast-seo-wordpress\/ -->\n<title>Inicia \u201cSeptiembre, Mes del Testamento 2015\u201d -<\/title>\n<meta name=\"description\" content=\"&nbsp; Notarios en todo el pa\u00eds reducir\u00e1n sus honorarios hasta 50% para otorgar testamentos durante todo el mes Durante el mes de septiembre los notarios\" \/>\n<meta name=\"robots\" content=\"index, follow, max-snippet:-1, max-image-preview:large, max-video-preview:-1\" \/>\n<link rel=\"canonical\" href=\"https:\/\/centrourbano.com\/revista\/vivienda\/inicia-septiembre-mes-del-testamento-2015\/\" \/>\n<meta property=\"og:locale\" content=\"es_ES\" \/>\n<meta property=\"og:type\" content=\"article\" \/>\n<meta property=\"og:title\" content=\"Inicia \u201cSeptiembre, Mes del Testamento 2015\u201d -\" \/>\n<meta property=\"og:description\" content=\"&nbsp; Notarios en todo el pa\u00eds reducir\u00e1n sus honorarios hasta 50% para otorgar testamentos durante todo el mes Durante el mes de septiembre los notarios\" \/>\n<meta property=\"og:url\" content=\"https:\/\/centrourbano.com\/revista\/vivienda\/inicia-septiembre-mes-del-testamento-2015\/\" \/>\n<meta property=\"og:site_name\" content=\"Centro Urbano\" \/>\n<meta property=\"article:publisher\" content=\"https:\/\/www.facebook.com\/portalcentrourbano\" \/>\n<meta property=\"article:published_time\" content=\"2015-08-26T14:55:04+00:00\" \/>\n<meta property=\"og:image\" content=\"https:\/\/centrourbano.com\/revista\/wp-content\/uploads\/H\u00e9ctor-Galeano-Presidente-del-CNNM.jpg\" \/>\n\t<meta property=\"og:image:width\" content=\"1772\" \/>\n\t<meta property=\"og:image:height\" content=\"1315\" \/>\n\t<meta property=\"og:image:type\" content=\"image\/jpeg\" \/>\n<meta name=\"author\" content=\"Mario V\u00e1zquez Barrios\" \/>\n<meta name=\"twitter:card\" content=\"summary_large_image\" \/>\n<meta name=\"twitter:creator\" content=\"@MarioDeNiro\" \/>\n<meta name=\"twitter:site\" content=\"@CentroUrbano\" \/>\n<meta name=\"twitter:label1\" content=\"Escrito por\" \/>\n\t<meta name=\"twitter:data1\" content=\"Mario V\u00e1zquez Barrios\" \/>\n\t<meta name=\"twitter:label2\" content=\"Tiempo de lectura\" \/>\n\t<meta name=\"twitter:data2\" content=\"3 minutos\" \/>\n<script type=\"application\/ld+json\" class=\"yoast-schema-graph\">{\"@context\":\"https:\\\/\\\/schema.org\",\"@graph\":[{\"@type\":\"Article\",\"@id\":\"https:\\\/\\\/centrourbano.com\\\/revista\\\/vivienda\\\/inicia-septiembre-mes-del-testamento-2015\\\/#article\",\"isPartOf\":{\"@id\":\"https:\\\/\\\/centrourbano.com\\\/revista\\\/vivienda\\\/inicia-septiembre-mes-del-testamento-2015\\\/\"},\"author\":{\"name\":\"Mario V\u00e1zquez Barrios\",\"@id\":\"https:\\\/\\\/centrourbano.com\\\/revista\\\/#\\\/schema\\\/person\\\/71e020a5b63ca4230c0f1228a36cde93\"},\"headline\":\"Inicia \u201cSeptiembre, Mes del Testamento 2015\u201d\",\"datePublished\":\"2015-08-26T14:55:04+00:00\",\"mainEntityOfPage\":{\"@id\":\"https:\\\/\\\/centrourbano.com\\\/revista\\\/vivienda\\\/inicia-septiembre-mes-del-testamento-2015\\\/\"},\"wordCount\":565,\"commentCount\":0,\"publisher\":{\"@id\":\"https:\\\/\\\/centrourbano.com\\\/revista\\\/#organization\"},\"image\":{\"@id\":\"https:\\\/\\\/centrourbano.com\\\/revista\\\/vivienda\\\/inicia-septiembre-mes-del-testamento-2015\\\/#primaryimage\"},\"thumbnailUrl\":\"https:\\\/\\\/centrourbano.com\\\/revista\\\/wp-content\\\/uploads\\\/H\u00e9ctor-Galeano-Presidente-del-CNNM.jpg\",\"keywords\":[\"Colegio Mexicano de Notariado\",\"Miguel \u00c1ngel Osorio Chong\",\"Secretar\u00eda de Gobernaci\u00f3n\"],\"articleSection\":[\"Vivienda\"],\"inLanguage\":\"es\",\"potentialAction\":[{\"@type\":\"CommentAction\",\"name\":\"Comment\",\"target\":[\"https:\\\/\\\/centrourbano.com\\\/revista\\\/vivienda\\\/inicia-septiembre-mes-del-testamento-2015\\\/#respond\"]}]},{\"@type\":\"WebPage\",\"@id\":\"https:\\\/\\\/centrourbano.com\\\/revista\\\/vivienda\\\/inicia-septiembre-mes-del-testamento-2015\\\/\",\"url\":\"https:\\\/\\\/centrourbano.com\\\/revista\\\/vivienda\\\/inicia-septiembre-mes-del-testamento-2015\\\/\",\"name\":\"Inicia \u201cSeptiembre, Mes del Testamento 2015\u201d -\",\"isPartOf\":{\"@id\":\"https:\\\/\\\/centrourbano.com\\\/revista\\\/#website\"},\"primaryImageOfPage\":{\"@id\":\"https:\\\/\\\/centrourbano.com\\\/revista\\\/vivienda\\\/inicia-septiembre-mes-del-testamento-2015\\\/#primaryimage\"},\"image\":{\"@id\":\"https:\\\/\\\/centrourbano.com\\\/revista\\\/vivienda\\\/inicia-septiembre-mes-del-testamento-2015\\\/#primaryimage\"},\"thumbnailUrl\":\"https:\\\/\\\/centrourbano.com\\\/revista\\\/wp-content\\\/uploads\\\/H\u00e9ctor-Galeano-Presidente-del-CNNM.jpg\",\"datePublished\":\"2015-08-26T14:55:04+00:00\",\"description\":\"&nbsp; Notarios en todo el pa\u00eds reducir\u00e1n sus honorarios hasta 50% para otorgar testamentos durante todo el mes Durante el mes de septiembre los notarios\",\"breadcrumb\":{\"@id\":\"https:\\\/\\\/centrourbano.com\\\/revista\\\/vivienda\\\/inicia-septiembre-mes-del-testamento-2015\\\/#breadcrumb\"},\"inLanguage\":\"es\",\"potentialAction\":[{\"@type\":\"ReadAction\",\"target\":[\"https:\\\/\\\/centrourbano.com\\\/revista\\\/vivienda\\\/inicia-septiembre-mes-del-testamento-2015\\\/\"]}]},{\"@type\":\"ImageObject\",\"inLanguage\":\"es\",\"@id\":\"https:\\\/\\\/centrourbano.com\\\/revista\\\/vivienda\\\/inicia-septiembre-mes-del-testamento-2015\\\/#primaryimage\",\"url\":\"https:\\\/\\\/centrourbano.com\\\/revista\\\/wp-content\\\/uploads\\\/H\u00e9ctor-Galeano-Presidente-del-CNNM.jpg\",\"contentUrl\":\"https:\\\/\\\/centrourbano.com\\\/revista\\\/wp-content\\\/uploads\\\/H\u00e9ctor-Galeano-Presidente-del-CNNM.jpg\",\"width\":1772,\"height\":1315},{\"@type\":\"BreadcrumbList\",\"@id\":\"https:\\\/\\\/centrourbano.com\\\/revista\\\/vivienda\\\/inicia-septiembre-mes-del-testamento-2015\\\/#breadcrumb\",\"itemListElement\":[{\"@type\":\"ListItem\",\"position\":1,\"name\":\"Portada\",\"item\":\"https:\\\/\\\/centrourbano.com\\\/revista\\\/\"},{\"@type\":\"ListItem\",\"position\":2,\"name\":\"Inicia \u201cSeptiembre, Mes del Testamento 2015\u201d\"}]},{\"@type\":\"WebSite\",\"@id\":\"https:\\\/\\\/centrourbano.com\\\/revista\\\/#website\",\"url\":\"https:\\\/\\\/centrourbano.com\\\/revista\\\/\",\"name\":\"Centro Urbano\",\"description\":\"Medio especializado en los sectores vivienda, inmobiliario, construcci\u00f3n, arquitectura y urbanismo.\",\"publisher\":{\"@id\":\"https:\\\/\\\/centrourbano.com\\\/revista\\\/#organization\"},\"potentialAction\":[{\"@type\":\"SearchAction\",\"target\":{\"@type\":\"EntryPoint\",\"urlTemplate\":\"https:\\\/\\\/centrourbano.com\\\/revista\\\/?s={search_term_string}\"},\"query-input\":{\"@type\":\"PropertyValueSpecification\",\"valueRequired\":true,\"valueName\":\"search_term_string\"}}],\"inLanguage\":\"es\"},{\"@type\":\"Organization\",\"@id\":\"https:\\\/\\\/centrourbano.com\\\/revista\\\/#organization\",\"name\":\"Centro Urbano\",\"url\":\"https:\\\/\\\/centrourbano.com\\\/revista\\\/\",\"logo\":{\"@type\":\"ImageObject\",\"inLanguage\":\"es\",\"@id\":\"https:\\\/\\\/centrourbano.com\\\/revista\\\/#\\\/schema\\\/logo\\\/image\\\/\",\"url\":\"https:\\\/\\\/centrourbano.com\\\/revista\\\/wp-content\\\/uploads\\\/web_CU_logo-1.png\",\"contentUrl\":\"https:\\\/\\\/centrourbano.com\\\/revista\\\/wp-content\\\/uploads\\\/web_CU_logo-1.png\",\"width\":350,\"height\":91,\"caption\":\"Centro Urbano\"},\"image\":{\"@id\":\"https:\\\/\\\/centrourbano.com\\\/revista\\\/#\\\/schema\\\/logo\\\/image\\\/\"},\"sameAs\":[\"https:\\\/\\\/www.facebook.com\\\/portalcentrourbano\",\"https:\\\/\\\/x.com\\\/CentroUrbano\",\"https:\\\/\\\/www.instagram.com\\\/centro_urbano\\\/\",\"https:\\\/\\\/www.linkedin.com\\\/company\\\/centro-urbano\\\/\",\"http:\\\/\\\/www.youtube.com\\\/user\\\/portalcentrourbano\"]},{\"@type\":\"Person\",\"@id\":\"https:\\\/\\\/centrourbano.com\\\/revista\\\/#\\\/schema\\\/person\\\/71e020a5b63ca4230c0f1228a36cde93\",\"name\":\"Mario V\u00e1zquez Barrios\",\"image\":{\"@type\":\"ImageObject\",\"inLanguage\":\"es\",\"@id\":\"https:\\\/\\\/secure.gravatar.com\\\/avatar\\\/347e6d9c0b04f0194ca244ba64b0fe62752d716a3a93d1713bd259eb87aad5b6?s=96&d=mm&r=g\",\"url\":\"https:\\\/\\\/secure.gravatar.com\\\/avatar\\\/347e6d9c0b04f0194ca244ba64b0fe62752d716a3a93d1713bd259eb87aad5b6?s=96&d=mm&r=g\",\"contentUrl\":\"https:\\\/\\\/secure.gravatar.com\\\/avatar\\\/347e6d9c0b04f0194ca244ba64b0fe62752d716a3a93d1713bd259eb87aad5b6?s=96&d=mm&r=g\",\"caption\":\"Mario V\u00e1zquez Barrios\"},\"description\":\"Me inici\u00e9 en El Financiero haciendo reportajes; en MegaNoticias Televisi\u00f3n fui reportero titular; en EMedios, control de calidad; y Radio 13 Noticias me acogi\u00f3 como colaborador. Me gusta encontrar en las banquetas la nota, una entrevista y el inicio de un reportaje.\",\"sameAs\":[\"https:\\\/\\\/x.com\\\/@MarioDeNiro\"],\"url\":\"https:\\\/\\\/centrourbano.com\\\/revista\\\/author\\\/mario-vazquez\\\/\"}]}<\/script>\n<!-- \/ Yoast SEO plugin. -->","yoast_head_json":{"title":"Inicia \u201cSeptiembre, Mes del Testamento 2015\u201d -","description":"&nbsp; Notarios en todo el pa\u00eds reducir\u00e1n sus honorarios hasta 50% para otorgar testamentos durante todo el mes Durante el mes de septiembre los notarios","robots":{"index":"index","follow":"follow","max-snippet":"max-snippet:-1","max-image-preview":"max-image-preview:large","max-video-preview":"max-video-preview:-1"},"canonical":"https:\/\/centrourbano.com\/revista\/vivienda\/inicia-septiembre-mes-del-testamento-2015\/","og_locale":"es_ES","og_type":"article","og_title":"Inicia \u201cSeptiembre, Mes del Testamento 2015\u201d -","og_description":"&nbsp; Notarios en todo el pa\u00eds reducir\u00e1n sus honorarios hasta 50% para otorgar testamentos durante todo el mes Durante el mes de septiembre los notarios","og_url":"https:\/\/centrourbano.com\/revista\/vivienda\/inicia-septiembre-mes-del-testamento-2015\/","og_site_name":"Centro Urbano","article_publisher":"https:\/\/www.facebook.com\/portalcentrourbano","article_published_time":"2015-08-26T14:55:04+00:00","og_image":[{"width":1772,"height":1315,"url":"https:\/\/centrourbano.com\/revista\/wp-content\/uploads\/H\u00e9ctor-Galeano-Presidente-del-CNNM.jpg","type":"image\/jpeg"}],"author":"Mario V\u00e1zquez Barrios","twitter_card":"summary_large_image","twitter_creator":"@MarioDeNiro","twitter_site":"@CentroUrbano","twitter_misc":{"Escrito por":"Mario V\u00e1zquez Barrios","Tiempo de lectura":"3 minutos"},"schema":{"@context":"https:\/\/schema.org","@graph":[{"@type":"Article","@id":"https:\/\/centrourbano.com\/revista\/vivienda\/inicia-septiembre-mes-del-testamento-2015\/#article","isPartOf":{"@id":"https:\/\/centrourbano.com\/revista\/vivienda\/inicia-septiembre-mes-del-testamento-2015\/"},"author":{"name":"Mario V\u00e1zquez Barrios","@id":"https:\/\/centrourbano.com\/revista\/#\/schema\/person\/71e020a5b63ca4230c0f1228a36cde93"},"headline":"Inicia \u201cSeptiembre, Mes del Testamento 2015\u201d","datePublished":"2015-08-26T14:55:04+00:00","mainEntityOfPage":{"@id":"https:\/\/centrourbano.com\/revista\/vivienda\/inicia-septiembre-mes-del-testamento-2015\/"},"wordCount":565,"commentCount":0,"publisher":{"@id":"https:\/\/centrourbano.com\/revista\/#organization"},"image":{"@id":"https:\/\/centrourbano.com\/revista\/vivienda\/inicia-septiembre-mes-del-testamento-2015\/#primaryimage"},"thumbnailUrl":"https:\/\/centrourbano.com\/revista\/wp-content\/uploads\/H\u00e9ctor-Galeano-Presidente-del-CNNM.jpg","keywords":["Colegio Mexicano de Notariado","Miguel \u00c1ngel Osorio Chong","Secretar\u00eda de Gobernaci\u00f3n"],"articleSection":["Vivienda"],"inLanguage":"es","potentialAction":[{"@type":"CommentAction","name":"Comment","target":["https:\/\/centrourbano.com\/revista\/vivienda\/inicia-septiembre-mes-del-testamento-2015\/#respond"]}]},{"@type":"WebPage","@id":"https:\/\/centrourbano.com\/revista\/vivienda\/inicia-septiembre-mes-del-testamento-2015\/","url":"https:\/\/centrourbano.com\/revista\/vivienda\/inicia-septiembre-mes-del-testamento-2015\/","name":"Inicia \u201cSeptiembre, Mes del Testamento 2015\u201d -","isPartOf":{"@id":"https:\/\/centrourbano.com\/revista\/#website"},"primaryImageOfPage":{"@id":"https:\/\/centrourbano.com\/revista\/vivienda\/inicia-septiembre-mes-del-testamento-2015\/#primaryimage"},"image":{"@id":"https:\/\/centrourbano.com\/revista\/vivienda\/inicia-septiembre-mes-del-testamento-2015\/#primaryimage"},"thumbnailUrl":"https:\/\/centrourbano.com\/revista\/wp-content\/uploads\/H\u00e9ctor-Galeano-Presidente-del-CNNM.jpg","datePublished":"2015-08-26T14:55:04+00:00","description":"&nbsp; Notarios en todo el pa\u00eds reducir\u00e1n sus honorarios hasta 50% para otorgar testamentos durante todo el mes Durante el mes de septiembre los notarios","breadcrumb":{"@id":"https:\/\/centrourbano.com\/revista\/vivienda\/inicia-septiembre-mes-del-testamento-2015\/#breadcrumb"},"inLanguage":"es","potentialAction":[{"@type":"ReadAction","target":["https:\/\/centrourbano.com\/revista\/vivienda\/inicia-septiembre-mes-del-testamento-2015\/"]}]},{"@type":"ImageObject","inLanguage":"es","@id":"https:\/\/centrourbano.com\/revista\/vivienda\/inicia-septiembre-mes-del-testamento-2015\/#primaryimage","url":"https:\/\/centrourbano.com\/revista\/wp-content\/uploads\/H\u00e9ctor-Galeano-Presidente-del-CNNM.jpg","contentUrl":"https:\/\/centrourbano.com\/revista\/wp-content\/uploads\/H\u00e9ctor-Galeano-Presidente-del-CNNM.jpg","width":1772,"height":1315},{"@type":"BreadcrumbList","@id":"https:\/\/centrourbano.com\/revista\/vivienda\/inicia-septiembre-mes-del-testamento-2015\/#breadcrumb","itemListElement":[{"@type":"ListItem","position":1,"name":"Portada","item":"https:\/\/centrourbano.com\/revista\/"},{"@type":"ListItem","position":2,"name":"Inicia \u201cSeptiembre, Mes del Testamento 2015\u201d"}]},{"@type":"WebSite","@id":"https:\/\/centrourbano.com\/revista\/#website","url":"https:\/\/centrourbano.com\/revista\/","name":"Centro Urbano","description":"Medio especializado en los sectores vivienda, inmobiliario, construcci\u00f3n, arquitectura y urbanismo.","publisher":{"@id":"https:\/\/centrourbano.com\/revista\/#organization"},"potentialAction":[{"@type":"SearchAction","target":{"@type":"EntryPoint","urlTemplate":"https:\/\/centrourbano.com\/revista\/?s={search_term_string}"},"query-input":{"@type":"PropertyValueSpecification","valueRequired":true,"valueName":"search_term_string"}}],"inLanguage":"es"},{"@type":"Organization","@id":"https:\/\/centrourbano.com\/revista\/#organization","name":"Centro Urbano","url":"https:\/\/centrourbano.com\/revista\/","logo":{"@type":"ImageObject","inLanguage":"es","@id":"https:\/\/centrourbano.com\/revista\/#\/schema\/logo\/image\/","url":"https:\/\/centrourbano.com\/revista\/wp-content\/uploads\/web_CU_logo-1.png","contentUrl":"https:\/\/centrourbano.com\/revista\/wp-content\/uploads\/web_CU_logo-1.png","width":350,"height":91,"caption":"Centro Urbano"},"image":{"@id":"https:\/\/centrourbano.com\/revista\/#\/schema\/logo\/image\/"},"sameAs":["https:\/\/www.facebook.com\/portalcentrourbano","https:\/\/x.com\/CentroUrbano","https:\/\/www.instagram.com\/centro_urbano\/","https:\/\/www.linkedin.com\/company\/centro-urbano\/","http:\/\/www.youtube.com\/user\/portalcentrourbano"]},{"@type":"Person","@id":"https:\/\/centrourbano.com\/revista\/#\/schema\/person\/71e020a5b63ca4230c0f1228a36cde93","name":"Mario V\u00e1zquez Barrios","image":{"@type":"ImageObject","inLanguage":"es","@id":"https:\/\/secure.gravatar.com\/avatar\/347e6d9c0b04f0194ca244ba64b0fe62752d716a3a93d1713bd259eb87aad5b6?s=96&d=mm&r=g","url":"https:\/\/secure.gravatar.com\/avatar\/347e6d9c0b04f0194ca244ba64b0fe62752d716a3a93d1713bd259eb87aad5b6?s=96&d=mm&r=g","contentUrl":"https:\/\/secure.gravatar.com\/avatar\/347e6d9c0b04f0194ca244ba64b0fe62752d716a3a93d1713bd259eb87aad5b6?s=96&d=mm&r=g","caption":"Mario V\u00e1zquez Barrios"},"description":"Me inici\u00e9 en El Financiero haciendo reportajes; en MegaNoticias Televisi\u00f3n fui reportero titular; en EMedios, control de calidad; y Radio 13 Noticias me acogi\u00f3 como colaborador. Me gusta encontrar en las banquetas la nota, una entrevista y el inicio de un reportaje.","sameAs":["https:\/\/x.com\/@MarioDeNiro"],"url":"https:\/\/centrourbano.com\/revista\/author\/mario-vazquez\/"}]}},"_links":{"self":[{"href":"https:\/\/centrourbano.com\/revista\/wp-json\/wp\/v2\/posts\/22711","targetHints":{"allow":["GET"]}}],"collection":[{"href":"https:\/\/centrourbano.com\/revista\/wp-json\/wp\/v2\/posts"}],"about":[{"href":"https:\/\/centrourbano.com\/revista\/wp-json\/wp\/v2\/types\/post"}],"author":[{"embeddable":true,"href":"https:\/\/centrourbano.com\/revista\/wp-json\/wp\/v2\/users\/28"}],"replies":[{"embeddable":true,"href":"https:\/\/centrourbano.com\/revista\/wp-json\/wp\/v2\/comments?post=22711"}],"version-history":[{"count":0,"href":"https:\/\/centrourbano.com\/revista\/wp-json\/wp\/v2\/posts\/22711\/revisions"}],"wp:featuredmedia":[{"embeddable":true,"href":"https:\/\/centrourbano.com\/revista\/wp-json\/wp\/v2\/media\/22712"}],"wp:attachment":[{"href":"https:\/\/centrourbano.com\/revista\/wp-json\/wp\/v2\/media?parent=22711"}],"wp:term":[{"taxonomy":"category","embeddable":true,"href":"https:\/\/centrourbano.com\/revista\/wp-json\/wp\/v2\/categories?post=22711"},{"taxonomy":"post_tag","embeddable":true,"href":"https:\/\/centrourbano.com\/revista\/wp-json\/wp\/v2\/tags?post=22711"}],"curies":[{"name":"wp","href":"https:\/\/api.w.org\/{rel}","templated":true}]}}