{"id":22686,"date":"2015-08-25T16:36:52","date_gmt":"2015-08-25T21:36:52","guid":{"rendered":"http:\/\/centrourbano.com\/?p=22686"},"modified":"2015-08-25T16:36:52","modified_gmt":"2015-08-25T21:36:52","slug":"despacho-mexicano-de-arquitectura-recupera-espacio-en-hidalgo","status":"publish","type":"post","link":"https:\/\/centrourbano.com\/revista\/arquitectura-2\/despacho-mexicano-de-arquitectura-recupera-espacio-en-hidalgo\/","title":{"rendered":"Despacho mexicano de arquitectura recupera espacio en Hidalgo"},"content":{"rendered":"<p>&nbsp;<\/p>\n<p><em>El dise\u00f1o sigue el concepto de los Prismas Basalticos, uno de los atractivos tur\u00edsticos de la regi\u00f3n<\/em><!--more--><\/p>\n<p>El r\u00e1pido crecimiento habitacional en el estado de Hidlago tuvo como consecuencia el abandono de espacios originalmente creados para la sana convivencia de las comunidades, por lo que el despacho Modulo 11, en conjunto con el Infonavit cre\u00f3 un proyecto para resolver la problem\u00e1tica de la zona.<\/p>\n<p>La idea surgi\u00f3 a petici\u00f3n de los habitantes de la zona y est\u00e1 inspirada en los Prismas Bas\u00e1lticos, uno de los principales atractivos tur\u00edsticos del estado, busca la creaci\u00f3n de \u00e1reas recreativas que respondan a las necesidades de los vecinos y fomenten la vida en comunidad.<\/p>\n<p>Consta de un sal\u00f3n de usos m\u00faltiples, skatepark, foro al aire libre, cancha de usos m\u00faltiples, juegos infantiles y \u00e1reas verdes. Se basa en formas poligonales que crean una tipograf\u00eda que conecta con las actividades del parque en una estructura modular flexible, que se extiende hacia los l\u00edmites del predio.<\/p>\n<p>El parque adem\u00e1s de satisfacer una demanda social, ofrece un espacio de recreaci\u00f3n y esparcimiento digno a los habitantes de Rinconada de los \u00c1ngeles y sus zonas aleda\u00f1as, al mismo tiempo de ser una propuesta arquitect\u00f3nica fuerte, que resalta la identidad de la regi\u00f3n y promueve la calidad de vida de los habitantes de la zona.<\/p>\n","protected":false},"excerpt":{"rendered":"<p>&nbsp; El dise\u00f1o sigue el concepto de los Prismas Basalticos, uno de los atractivos tur\u00edsticos de la regi\u00f3n<\/p>\n","protected":false},"author":77,"featured_media":22687,"comment_status":"open","ping_status":"closed","sticky":false,"template":"","format":"standard","meta":{"inline_featured_image":false,"footnotes":""},"categories":[81],"tags":[304,6217,6216,6218],"class_list":["post-22686","post","type-post","status-publish","format-standard","has-post-thumbnail","hentry","category-arquitectura-2","tag-hidalgo","tag-modulo-11","tag-prismas-basalticos","tag-rinconada-de-los-angeles"],"yoast_head":"<!-- This site is optimized with the Yoast SEO plugin v28.4 - https:\/\/yoast.com\/product\/yoast-seo-wordpress\/ -->\n<title>Despacho mexicano de arquitectura recupera espacio en Hidalgo -<\/title>\n<meta name=\"description\" content=\"&nbsp; El dise\u00f1o sigue el concepto de los Prismas Basalticos, uno de los atractivos tur\u00edsticos de la regi\u00f3n El r\u00e1pido crecimiento habitacional en el\" \/>\n<meta name=\"robots\" content=\"index, follow, max-snippet:-1, max-image-preview:large, max-video-preview:-1\" \/>\n<link rel=\"canonical\" href=\"https:\/\/centrourbano.com\/revista\/arquitectura-2\/despacho-mexicano-de-arquitectura-recupera-espacio-en-hidalgo\/\" \/>\n<meta property=\"og:locale\" content=\"es_ES\" \/>\n<meta property=\"og:type\" content=\"article\" \/>\n<meta property=\"og:title\" content=\"Despacho mexicano de arquitectura recupera espacio en Hidalgo -\" \/>\n<meta property=\"og:description\" content=\"&nbsp; El dise\u00f1o sigue el concepto de los Prismas Basalticos, uno de los atractivos tur\u00edsticos de la regi\u00f3n El r\u00e1pido crecimiento habitacional en el\" \/>\n<meta property=\"og:url\" content=\"https:\/\/centrourbano.com\/revista\/arquitectura-2\/despacho-mexicano-de-arquitectura-recupera-espacio-en-hidalgo\/\" \/>\n<meta property=\"og:site_name\" content=\"Centro Urbano\" \/>\n<meta property=\"article:publisher\" content=\"https:\/\/www.facebook.com\/portalcentrourbano\" \/>\n<meta property=\"article:published_time\" content=\"2015-08-25T21:36:52+00:00\" \/>\n<meta property=\"og:image\" content=\"https:\/\/centrourbano.com\/revista\/wp-content\/uploads\/Sin-t\u00edtulo3.jpg\" \/>\n\t<meta property=\"og:image:width\" content=\"800\" \/>\n\t<meta property=\"og:image:height\" content=\"579\" \/>\n\t<meta property=\"og:image:type\" content=\"image\/jpeg\" \/>\n<meta name=\"author\" content=\"G4A\" \/>\n<meta name=\"twitter:card\" content=\"summary_large_image\" \/>\n<meta name=\"twitter:creator\" content=\"@CentroUrbano\" \/>\n<meta name=\"twitter:site\" content=\"@CentroUrbano\" \/>\n<meta name=\"twitter:label1\" content=\"Escrito por\" \/>\n\t<meta name=\"twitter:data1\" content=\"G4A\" \/>\n\t<meta name=\"twitter:label2\" content=\"Tiempo de lectura\" \/>\n\t<meta name=\"twitter:data2\" content=\"1 minuto\" \/>\n<script type=\"application\/ld+json\" class=\"yoast-schema-graph\">{\"@context\":\"https:\\\/\\\/schema.org\",\"@graph\":[{\"@type\":\"Article\",\"@id\":\"https:\\\/\\\/centrourbano.com\\\/revista\\\/arquitectura-2\\\/despacho-mexicano-de-arquitectura-recupera-espacio-en-hidalgo\\\/#article\",\"isPartOf\":{\"@id\":\"https:\\\/\\\/centrourbano.com\\\/revista\\\/arquitectura-2\\\/despacho-mexicano-de-arquitectura-recupera-espacio-en-hidalgo\\\/\"},\"author\":{\"name\":\"G4A\",\"@id\":\"https:\\\/\\\/centrourbano.com\\\/revista\\\/#\\\/schema\\\/person\\\/370fa0ba2d8dd5bde3fdb8b62ad360aa\"},\"headline\":\"Despacho mexicano de arquitectura recupera espacio en Hidalgo\",\"datePublished\":\"2015-08-25T21:36:52+00:00\",\"mainEntityOfPage\":{\"@id\":\"https:\\\/\\\/centrourbano.com\\\/revista\\\/arquitectura-2\\\/despacho-mexicano-de-arquitectura-recupera-espacio-en-hidalgo\\\/\"},\"wordCount\":243,\"commentCount\":0,\"publisher\":{\"@id\":\"https:\\\/\\\/centrourbano.com\\\/revista\\\/#organization\"},\"image\":{\"@id\":\"https:\\\/\\\/centrourbano.com\\\/revista\\\/arquitectura-2\\\/despacho-mexicano-de-arquitectura-recupera-espacio-en-hidalgo\\\/#primaryimage\"},\"thumbnailUrl\":\"https:\\\/\\\/centrourbano.com\\\/revista\\\/wp-content\\\/uploads\\\/Sin-t\u00edtulo3.jpg\",\"keywords\":[\"Hidalgo\",\"Modulo 11\",\"Prismas Bas\u00e1lticos\",\"Rinconada de los \u00c1ngeles\"],\"articleSection\":[\"Arquitectura\"],\"inLanguage\":\"es\"},{\"@type\":\"WebPage\",\"@id\":\"https:\\\/\\\/centrourbano.com\\\/revista\\\/arquitectura-2\\\/despacho-mexicano-de-arquitectura-recupera-espacio-en-hidalgo\\\/\",\"url\":\"https:\\\/\\\/centrourbano.com\\\/revista\\\/arquitectura-2\\\/despacho-mexicano-de-arquitectura-recupera-espacio-en-hidalgo\\\/\",\"name\":\"Despacho mexicano de arquitectura recupera espacio en Hidalgo -\",\"isPartOf\":{\"@id\":\"https:\\\/\\\/centrourbano.com\\\/revista\\\/#website\"},\"primaryImageOfPage\":{\"@id\":\"https:\\\/\\\/centrourbano.com\\\/revista\\\/arquitectura-2\\\/despacho-mexicano-de-arquitectura-recupera-espacio-en-hidalgo\\\/#primaryimage\"},\"image\":{\"@id\":\"https:\\\/\\\/centrourbano.com\\\/revista\\\/arquitectura-2\\\/despacho-mexicano-de-arquitectura-recupera-espacio-en-hidalgo\\\/#primaryimage\"},\"thumbnailUrl\":\"https:\\\/\\\/centrourbano.com\\\/revista\\\/wp-content\\\/uploads\\\/Sin-t\u00edtulo3.jpg\",\"datePublished\":\"2015-08-25T21:36:52+00:00\",\"description\":\"&nbsp; El dise\u00f1o sigue el concepto de los Prismas Basalticos, uno de los atractivos tur\u00edsticos de la regi\u00f3n El r\u00e1pido crecimiento habitacional en el\",\"breadcrumb\":{\"@id\":\"https:\\\/\\\/centrourbano.com\\\/revista\\\/arquitectura-2\\\/despacho-mexicano-de-arquitectura-recupera-espacio-en-hidalgo\\\/#breadcrumb\"},\"inLanguage\":\"es\",\"potentialAction\":[{\"@type\":\"ReadAction\",\"target\":[\"https:\\\/\\\/centrourbano.com\\\/revista\\\/arquitectura-2\\\/despacho-mexicano-de-arquitectura-recupera-espacio-en-hidalgo\\\/\"]}]},{\"@type\":\"ImageObject\",\"inLanguage\":\"es\",\"@id\":\"https:\\\/\\\/centrourbano.com\\\/revista\\\/arquitectura-2\\\/despacho-mexicano-de-arquitectura-recupera-espacio-en-hidalgo\\\/#primaryimage\",\"url\":\"https:\\\/\\\/centrourbano.com\\\/revista\\\/wp-content\\\/uploads\\\/Sin-t\u00edtulo3.jpg\",\"contentUrl\":\"https:\\\/\\\/centrourbano.com\\\/revista\\\/wp-content\\\/uploads\\\/Sin-t\u00edtulo3.jpg\",\"width\":800,\"height\":579},{\"@type\":\"BreadcrumbList\",\"@id\":\"https:\\\/\\\/centrourbano.com\\\/revista\\\/arquitectura-2\\\/despacho-mexicano-de-arquitectura-recupera-espacio-en-hidalgo\\\/#breadcrumb\",\"itemListElement\":[{\"@type\":\"ListItem\",\"position\":1,\"name\":\"Portada\",\"item\":\"https:\\\/\\\/centrourbano.com\\\/revista\\\/\"},{\"@type\":\"ListItem\",\"position\":2,\"name\":\"Despacho mexicano de arquitectura recupera espacio en Hidalgo\"}]},{\"@type\":\"WebSite\",\"@id\":\"https:\\\/\\\/centrourbano.com\\\/revista\\\/#website\",\"url\":\"https:\\\/\\\/centrourbano.com\\\/revista\\\/\",\"name\":\"Centro Urbano\",\"description\":\"Medio especializado en los sectores vivienda, inmobiliario, construcci\u00f3n, arquitectura y urbanismo.\",\"publisher\":{\"@id\":\"https:\\\/\\\/centrourbano.com\\\/revista\\\/#organization\"},\"potentialAction\":[{\"@type\":\"SearchAction\",\"target\":{\"@type\":\"EntryPoint\",\"urlTemplate\":\"https:\\\/\\\/centrourbano.com\\\/revista\\\/?s={search_term_string}\"},\"query-input\":{\"@type\":\"PropertyValueSpecification\",\"valueRequired\":true,\"valueName\":\"search_term_string\"}}],\"inLanguage\":\"es\"},{\"@type\":\"Organization\",\"@id\":\"https:\\\/\\\/centrourbano.com\\\/revista\\\/#organization\",\"name\":\"Centro Urbano\",\"url\":\"https:\\\/\\\/centrourbano.com\\\/revista\\\/\",\"logo\":{\"@type\":\"ImageObject\",\"inLanguage\":\"es\",\"@id\":\"https:\\\/\\\/centrourbano.com\\\/revista\\\/#\\\/schema\\\/logo\\\/image\\\/\",\"url\":\"https:\\\/\\\/centrourbano.com\\\/revista\\\/wp-content\\\/uploads\\\/web_CU_logo-1.png\",\"contentUrl\":\"https:\\\/\\\/centrourbano.com\\\/revista\\\/wp-content\\\/uploads\\\/web_CU_logo-1.png\",\"width\":350,\"height\":91,\"caption\":\"Centro Urbano\"},\"image\":{\"@id\":\"https:\\\/\\\/centrourbano.com\\\/revista\\\/#\\\/schema\\\/logo\\\/image\\\/\"},\"sameAs\":[\"https:\\\/\\\/www.facebook.com\\\/portalcentrourbano\",\"https:\\\/\\\/x.com\\\/CentroUrbano\",\"https:\\\/\\\/www.instagram.com\\\/centro_urbano\\\/\",\"https:\\\/\\\/www.linkedin.com\\\/company\\\/centro-urbano\\\/\",\"http:\\\/\\\/www.youtube.com\\\/user\\\/portalcentrourbano\"]},{\"@type\":\"Person\",\"@id\":\"https:\\\/\\\/centrourbano.com\\\/revista\\\/#\\\/schema\\\/person\\\/370fa0ba2d8dd5bde3fdb8b62ad360aa\",\"name\":\"G4A\",\"image\":{\"@type\":\"ImageObject\",\"inLanguage\":\"es\",\"@id\":\"https:\\\/\\\/secure.gravatar.com\\\/avatar\\\/932a97121b13d5de5bbd8193c6c83d3b92c9eda0f39623607d4280e7a5778d97?s=96&d=mm&r=g\",\"url\":\"https:\\\/\\\/secure.gravatar.com\\\/avatar\\\/932a97121b13d5de5bbd8193c6c83d3b92c9eda0f39623607d4280e7a5778d97?s=96&d=mm&r=g\",\"contentUrl\":\"https:\\\/\\\/secure.gravatar.com\\\/avatar\\\/932a97121b13d5de5bbd8193c6c83d3b92c9eda0f39623607d4280e7a5778d97?s=96&d=mm&r=g\",\"caption\":\"G4A\"},\"url\":\"https:\\\/\\\/centrourbano.com\\\/revista\\\/author\\\/admin-g4a\\\/\"}]}<\/script>\n<!-- \/ Yoast SEO plugin. -->","yoast_head_json":{"title":"Despacho mexicano de arquitectura recupera espacio en Hidalgo -","description":"&nbsp; El dise\u00f1o sigue el concepto de los Prismas Basalticos, uno de los atractivos tur\u00edsticos de la regi\u00f3n El r\u00e1pido crecimiento habitacional en el","robots":{"index":"index","follow":"follow","max-snippet":"max-snippet:-1","max-image-preview":"max-image-preview:large","max-video-preview":"max-video-preview:-1"},"canonical":"https:\/\/centrourbano.com\/revista\/arquitectura-2\/despacho-mexicano-de-arquitectura-recupera-espacio-en-hidalgo\/","og_locale":"es_ES","og_type":"article","og_title":"Despacho mexicano de arquitectura recupera espacio en Hidalgo -","og_description":"&nbsp; El dise\u00f1o sigue el concepto de los Prismas Basalticos, uno de los atractivos tur\u00edsticos de la regi\u00f3n El r\u00e1pido crecimiento habitacional en el","og_url":"https:\/\/centrourbano.com\/revista\/arquitectura-2\/despacho-mexicano-de-arquitectura-recupera-espacio-en-hidalgo\/","og_site_name":"Centro Urbano","article_publisher":"https:\/\/www.facebook.com\/portalcentrourbano","article_published_time":"2015-08-25T21:36:52+00:00","og_image":[{"width":800,"height":579,"url":"https:\/\/centrourbano.com\/revista\/wp-content\/uploads\/Sin-t\u00edtulo3.jpg","type":"image\/jpeg"}],"author":"G4A","twitter_card":"summary_large_image","twitter_creator":"@CentroUrbano","twitter_site":"@CentroUrbano","twitter_misc":{"Escrito por":"G4A","Tiempo de lectura":"1 minuto"},"schema":{"@context":"https:\/\/schema.org","@graph":[{"@type":"Article","@id":"https:\/\/centrourbano.com\/revista\/arquitectura-2\/despacho-mexicano-de-arquitectura-recupera-espacio-en-hidalgo\/#article","isPartOf":{"@id":"https:\/\/centrourbano.com\/revista\/arquitectura-2\/despacho-mexicano-de-arquitectura-recupera-espacio-en-hidalgo\/"},"author":{"name":"G4A","@id":"https:\/\/centrourbano.com\/revista\/#\/schema\/person\/370fa0ba2d8dd5bde3fdb8b62ad360aa"},"headline":"Despacho mexicano de arquitectura recupera espacio en Hidalgo","datePublished":"2015-08-25T21:36:52+00:00","mainEntityOfPage":{"@id":"https:\/\/centrourbano.com\/revista\/arquitectura-2\/despacho-mexicano-de-arquitectura-recupera-espacio-en-hidalgo\/"},"wordCount":243,"commentCount":0,"publisher":{"@id":"https:\/\/centrourbano.com\/revista\/#organization"},"image":{"@id":"https:\/\/centrourbano.com\/revista\/arquitectura-2\/despacho-mexicano-de-arquitectura-recupera-espacio-en-hidalgo\/#primaryimage"},"thumbnailUrl":"https:\/\/centrourbano.com\/revista\/wp-content\/uploads\/Sin-t\u00edtulo3.jpg","keywords":["Hidalgo","Modulo 11","Prismas Bas\u00e1lticos","Rinconada de los \u00c1ngeles"],"articleSection":["Arquitectura"],"inLanguage":"es"},{"@type":"WebPage","@id":"https:\/\/centrourbano.com\/revista\/arquitectura-2\/despacho-mexicano-de-arquitectura-recupera-espacio-en-hidalgo\/","url":"https:\/\/centrourbano.com\/revista\/arquitectura-2\/despacho-mexicano-de-arquitectura-recupera-espacio-en-hidalgo\/","name":"Despacho mexicano de arquitectura recupera espacio en Hidalgo -","isPartOf":{"@id":"https:\/\/centrourbano.com\/revista\/#website"},"primaryImageOfPage":{"@id":"https:\/\/centrourbano.com\/revista\/arquitectura-2\/despacho-mexicano-de-arquitectura-recupera-espacio-en-hidalgo\/#primaryimage"},"image":{"@id":"https:\/\/centrourbano.com\/revista\/arquitectura-2\/despacho-mexicano-de-arquitectura-recupera-espacio-en-hidalgo\/#primaryimage"},"thumbnailUrl":"https:\/\/centrourbano.com\/revista\/wp-content\/uploads\/Sin-t\u00edtulo3.jpg","datePublished":"2015-08-25T21:36:52+00:00","description":"&nbsp; El dise\u00f1o sigue el concepto de los Prismas Basalticos, uno de los atractivos tur\u00edsticos de la regi\u00f3n El r\u00e1pido crecimiento habitacional en el","breadcrumb":{"@id":"https:\/\/centrourbano.com\/revista\/arquitectura-2\/despacho-mexicano-de-arquitectura-recupera-espacio-en-hidalgo\/#breadcrumb"},"inLanguage":"es","potentialAction":[{"@type":"ReadAction","target":["https:\/\/centrourbano.com\/revista\/arquitectura-2\/despacho-mexicano-de-arquitectura-recupera-espacio-en-hidalgo\/"]}]},{"@type":"ImageObject","inLanguage":"es","@id":"https:\/\/centrourbano.com\/revista\/arquitectura-2\/despacho-mexicano-de-arquitectura-recupera-espacio-en-hidalgo\/#primaryimage","url":"https:\/\/centrourbano.com\/revista\/wp-content\/uploads\/Sin-t\u00edtulo3.jpg","contentUrl":"https:\/\/centrourbano.com\/revista\/wp-content\/uploads\/Sin-t\u00edtulo3.jpg","width":800,"height":579},{"@type":"BreadcrumbList","@id":"https:\/\/centrourbano.com\/revista\/arquitectura-2\/despacho-mexicano-de-arquitectura-recupera-espacio-en-hidalgo\/#breadcrumb","itemListElement":[{"@type":"ListItem","position":1,"name":"Portada","item":"https:\/\/centrourbano.com\/revista\/"},{"@type":"ListItem","position":2,"name":"Despacho mexicano de arquitectura recupera espacio en Hidalgo"}]},{"@type":"WebSite","@id":"https:\/\/centrourbano.com\/revista\/#website","url":"https:\/\/centrourbano.com\/revista\/","name":"Centro Urbano","description":"Medio especializado en los sectores vivienda, inmobiliario, construcci\u00f3n, arquitectura y urbanismo.","publisher":{"@id":"https:\/\/centrourbano.com\/revista\/#organization"},"potentialAction":[{"@type":"SearchAction","target":{"@type":"EntryPoint","urlTemplate":"https:\/\/centrourbano.com\/revista\/?s={search_term_string}"},"query-input":{"@type":"PropertyValueSpecification","valueRequired":true,"valueName":"search_term_string"}}],"inLanguage":"es"},{"@type":"Organization","@id":"https:\/\/centrourbano.com\/revista\/#organization","name":"Centro Urbano","url":"https:\/\/centrourbano.com\/revista\/","logo":{"@type":"ImageObject","inLanguage":"es","@id":"https:\/\/centrourbano.com\/revista\/#\/schema\/logo\/image\/","url":"https:\/\/centrourbano.com\/revista\/wp-content\/uploads\/web_CU_logo-1.png","contentUrl":"https:\/\/centrourbano.com\/revista\/wp-content\/uploads\/web_CU_logo-1.png","width":350,"height":91,"caption":"Centro Urbano"},"image":{"@id":"https:\/\/centrourbano.com\/revista\/#\/schema\/logo\/image\/"},"sameAs":["https:\/\/www.facebook.com\/portalcentrourbano","https:\/\/x.com\/CentroUrbano","https:\/\/www.instagram.com\/centro_urbano\/","https:\/\/www.linkedin.com\/company\/centro-urbano\/","http:\/\/www.youtube.com\/user\/portalcentrourbano"]},{"@type":"Person","@id":"https:\/\/centrourbano.com\/revista\/#\/schema\/person\/370fa0ba2d8dd5bde3fdb8b62ad360aa","name":"G4A","image":{"@type":"ImageObject","inLanguage":"es","@id":"https:\/\/secure.gravatar.com\/avatar\/932a97121b13d5de5bbd8193c6c83d3b92c9eda0f39623607d4280e7a5778d97?s=96&d=mm&r=g","url":"https:\/\/secure.gravatar.com\/avatar\/932a97121b13d5de5bbd8193c6c83d3b92c9eda0f39623607d4280e7a5778d97?s=96&d=mm&r=g","contentUrl":"https:\/\/secure.gravatar.com\/avatar\/932a97121b13d5de5bbd8193c6c83d3b92c9eda0f39623607d4280e7a5778d97?s=96&d=mm&r=g","caption":"G4A"},"url":"https:\/\/centrourbano.com\/revista\/author\/admin-g4a\/"}]}},"_links":{"self":[{"href":"https:\/\/centrourbano.com\/revista\/wp-json\/wp\/v2\/posts\/22686","targetHints":{"allow":["GET"]}}],"collection":[{"href":"https:\/\/centrourbano.com\/revista\/wp-json\/wp\/v2\/posts"}],"about":[{"href":"https:\/\/centrourbano.com\/revista\/wp-json\/wp\/v2\/types\/post"}],"author":[{"embeddable":true,"href":"https:\/\/centrourbano.com\/revista\/wp-json\/wp\/v2\/users\/77"}],"replies":[{"embeddable":true,"href":"https:\/\/centrourbano.com\/revista\/wp-json\/wp\/v2\/comments?post=22686"}],"version-history":[{"count":0,"href":"https:\/\/centrourbano.com\/revista\/wp-json\/wp\/v2\/posts\/22686\/revisions"}],"wp:featuredmedia":[{"embeddable":true,"href":"https:\/\/centrourbano.com\/revista\/wp-json\/wp\/v2\/media\/22687"}],"wp:attachment":[{"href":"https:\/\/centrourbano.com\/revista\/wp-json\/wp\/v2\/media?parent=22686"}],"wp:term":[{"taxonomy":"category","embeddable":true,"href":"https:\/\/centrourbano.com\/revista\/wp-json\/wp\/v2\/categories?post=22686"},{"taxonomy":"post_tag","embeddable":true,"href":"https:\/\/centrourbano.com\/revista\/wp-json\/wp\/v2\/tags?post=22686"}],"curies":[{"name":"wp","href":"https:\/\/api.w.org\/{rel}","templated":true}]}}