{"id":22679,"date":"2015-08-26T09:05:26","date_gmt":"2015-08-26T14:05:26","guid":{"rendered":"http:\/\/centrourbano.com\/?p=22679"},"modified":"2015-08-25T16:34:51","modified_gmt":"2015-08-25T21:34:51","slug":"incrementan-videovigilancia-en-unidad-independencia","status":"publish","type":"post","link":"https:\/\/centrourbano.com\/revista\/vivienda\/incrementan-videovigilancia-en-unidad-independencia\/","title":{"rendered":"Incrementan videovigilancia en Unidad Independencia"},"content":{"rendered":"<p><em>Son 24 de un total de 37 c\u00e1maras que ser\u00e1n instaladas en postes de 20 metros de altura para protecci\u00f3n de los vecinos<\/em><\/p>\n<p><!--more--><\/p>\n<p>La Unidad Habitacional Independencia -una de las m\u00e1s grandes de M\u00e9xico y Am\u00e9rica\u00a0 Latina-\u00a0 cuenta con 24 c\u00e1maras de videovigilancia conectadas con el Centro de Atenci\u00f3n a Emergencias y Protecci\u00f3n Ciudadana de la Ciudad de M\u00e9xico (C4), para atender con rapidez cualquier solicitud de emergencia o comisi\u00f3n de delito.<\/p>\n<p>El jefe delegacional en Magdalena Contreras se\u00f1al\u00f3 que esta unidad habitacional cuenta con 37 hect\u00e1reas y 2,235 casas-habitaci\u00f3n, entre departamentos y casas d\u00faplex que son habitadas por m\u00e1s de 16,000 personas, 65% de ellas adultos mayores.<\/p>\n<p>Rafael Miranda, administrador de la Unidad Habitacional Independencia, precis\u00f3 que las acciones en materia de seguridad han mejorado la calidad de vida de los vecinos. \u00abLas c\u00e1maras son un paso m\u00e1s para darnos seguridad;\u00a0 ha disminuido la delincuencia. La comunidad est\u00e1 comprometida y se est\u00e1 trabajando para beneficio de todos\u00bb, inform\u00f3.<\/p>\n<p>En la explanada central de la unidad ubicada en la delegaci\u00f3n Magdalena Contreras, se anunci\u00f3 una pr\u00f3xima puesta en operaci\u00f3n de ocho c\u00e1maras de videovigilancia en esta zona vecinal, de un total de 37, lo cual fue anunciado por el titular del Gobierno del Distrito Federal, Miguel \u00c1ngel Mancera Espinosa.<\/p>\n<p>Acompa\u00f1ado del secretario de Seguridad P\u00fablica (SSPDF), Hiram Almeida; del procurador\u00a0 General de Justicia del Distrito Federal, Rodolfo R\u00edos Garza (PGJDF); del director general del C4, Idris Rodr\u00edguez; del jefe delegacional en Magdalena Contreras, F\u00e9lix Arturo Medina Padilla; y del presidente del Consejo Ciudadano de Seguridad P\u00fablica y Procuraci\u00f3n de Justicia, Luis Wertman, el Jefe de Gobierno constat\u00f3 la operatividad de una c\u00e1mara de vigilancia instalada en un poste con altavoz.<\/p>\n<p>\u00abLas c\u00e1maras que se utilizan en la Ciudad de M\u00e9xico son de la m\u00e1s avanzada tecnolog\u00eda; la claridad con que se observa, se distinguen los colores, la nitidez, el alcance para poder leer una placa de autom\u00f3vil\u201d, subray\u00f3 al tiempo que inform\u00f3 fueron instaladas en estructuras de hasta 20 metros de altura, cuentan con altavoz y un bot\u00f3n de ayuda con conectividad al Centro de Comando y Control, donde tan solo en la delegaci\u00f3n se colocar\u00e1n 340.<\/p>\n<p>Por su parte, el director general del C4 sostuvo que las c\u00e1maras de videovigilancia son operadas\u00a0 por personal, las 24 horas, los 365 d\u00edas del a\u00f1o, y perteneciente a instancias como Seguridad P\u00fablica, Protecci\u00f3n civil, procuraci\u00f3n de justicia, as\u00ed como otras \u00e1reas especializadas en atenci\u00f3n a emergencias.<\/p>\n<p>Explic\u00f3 que el bot\u00f3n de auxilio permite tener una conexi\u00f3n directa con los Centros de Comando y Control y brindar atenci\u00f3n inmediata de emergencias, delitos urgencias m\u00e9dicas y faltas c\u00edvicas. \u00abDe manera autom\u00e1tica se puede observar desde el Centro de Comando y Control al ciudadano que est\u00e1 solicitando la atenci\u00f3n y se valora el tipo de atenci\u00f3n como el env\u00edo inmediato de una unidad de la SSP\u00bb, agreg\u00f3.<\/p>\n<p>Abund\u00f3 que los altavoces se encuentran ubicados en la parte superior de las c\u00e1maras para el env\u00edo a los ciudadanos de mensajes o recomendaciones de riesgos y destac\u00f3 que en el marco de la conmemoraci\u00f3n del sismo de 1985, la alerta s\u00edsmica ser\u00e1 trasmitida a trav\u00e9s de los altavoces de manera permanente.<\/p>\n<p>&nbsp;<\/p>\n","protected":false},"excerpt":{"rendered":"<p>Son 24 de un total de 37 c\u00e1maras que ser\u00e1n instaladas en postes de 20 metros de altura para protecci\u00f3n de los vecinos<\/p>\n","protected":false},"author":28,"featured_media":22684,"comment_status":"open","ping_status":"closed","sticky":false,"template":"","format":"standard","meta":{"om_disable_all_campaigns":false,"inline_featured_image":false,"_monsterinsights_skip_tracking":false,"_monsterinsights_sitenote_active":false,"_monsterinsights_sitenote_note":"","_monsterinsights_sitenote_category":0,"footnotes":""},"categories":[12],"tags":[6215,605,6214],"class_list":["post-22679","post","type-post","status-publish","format-standard","has-post-thumbnail","hentry","category-vivienda","tag-delgacion-magdalena-contreras","tag-miguel-angel-mancera-espinosa","tag-unidad-independencia"],"yoast_head":"<!-- This site is optimized with the Yoast SEO plugin v27.4 - https:\/\/yoast.com\/product\/yoast-seo-wordpress\/ -->\n<title>Incrementan videovigilancia en Unidad Independencia -<\/title>\n<meta name=\"description\" content=\"Son 24 de un total de 37 c\u00e1maras que ser\u00e1n instaladas en postes de 20 metros de altura para protecci\u00f3n de los vecinos La Unidad Habitacional Independencia\" \/>\n<meta name=\"robots\" content=\"index, follow, max-snippet:-1, max-image-preview:large, max-video-preview:-1\" \/>\n<link rel=\"canonical\" href=\"https:\/\/centrourbano.com\/revista\/vivienda\/incrementan-videovigilancia-en-unidad-independencia\/\" \/>\n<meta property=\"og:locale\" content=\"es_ES\" \/>\n<meta property=\"og:type\" content=\"article\" \/>\n<meta property=\"og:title\" content=\"Incrementan videovigilancia en Unidad Independencia -\" \/>\n<meta property=\"og:description\" content=\"Son 24 de un total de 37 c\u00e1maras que ser\u00e1n instaladas en postes de 20 metros de altura para protecci\u00f3n de los vecinos La Unidad Habitacional Independencia\" \/>\n<meta property=\"og:url\" content=\"https:\/\/centrourbano.com\/revista\/vivienda\/incrementan-videovigilancia-en-unidad-independencia\/\" \/>\n<meta property=\"og:site_name\" content=\"Centro Urbano\" \/>\n<meta property=\"article:publisher\" content=\"https:\/\/www.facebook.com\/portalcentrourbano\" \/>\n<meta property=\"article:published_time\" content=\"2015-08-26T14:05:26+00:00\" \/>\n<meta property=\"og:image\" content=\"https:\/\/centrourbano.com\/revista\/wp-content\/uploads\/C\u00e1maras_de_seguridad-ok.jpg\" \/>\n\t<meta property=\"og:image:width\" content=\"1578\" \/>\n\t<meta property=\"og:image:height\" content=\"998\" \/>\n\t<meta property=\"og:image:type\" content=\"image\/jpeg\" \/>\n<meta name=\"author\" content=\"Mario V\u00e1zquez Barrios\" \/>\n<meta name=\"twitter:card\" content=\"summary_large_image\" \/>\n<meta name=\"twitter:creator\" content=\"@MarioDeNiro\" \/>\n<meta name=\"twitter:site\" content=\"@CentroUrbano\" \/>\n<meta name=\"twitter:label1\" content=\"Escrito por\" \/>\n\t<meta name=\"twitter:data1\" content=\"Mario V\u00e1zquez Barrios\" \/>\n\t<meta name=\"twitter:label2\" content=\"Tiempo de lectura\" \/>\n\t<meta name=\"twitter:data2\" content=\"3 minutos\" \/>\n<script type=\"application\/ld+json\" class=\"yoast-schema-graph\">{\"@context\":\"https:\\\/\\\/schema.org\",\"@graph\":[{\"@type\":\"Article\",\"@id\":\"https:\\\/\\\/centrourbano.com\\\/revista\\\/vivienda\\\/incrementan-videovigilancia-en-unidad-independencia\\\/#article\",\"isPartOf\":{\"@id\":\"https:\\\/\\\/centrourbano.com\\\/revista\\\/vivienda\\\/incrementan-videovigilancia-en-unidad-independencia\\\/\"},\"author\":{\"name\":\"Mario V\u00e1zquez Barrios\",\"@id\":\"https:\\\/\\\/centrourbano.com\\\/revista\\\/#\\\/schema\\\/person\\\/71e020a5b63ca4230c0f1228a36cde93\"},\"headline\":\"Incrementan videovigilancia en Unidad Independencia\",\"datePublished\":\"2015-08-26T14:05:26+00:00\",\"mainEntityOfPage\":{\"@id\":\"https:\\\/\\\/centrourbano.com\\\/revista\\\/vivienda\\\/incrementan-videovigilancia-en-unidad-independencia\\\/\"},\"wordCount\":575,\"commentCount\":0,\"publisher\":{\"@id\":\"https:\\\/\\\/centrourbano.com\\\/revista\\\/#organization\"},\"image\":{\"@id\":\"https:\\\/\\\/centrourbano.com\\\/revista\\\/vivienda\\\/incrementan-videovigilancia-en-unidad-independencia\\\/#primaryimage\"},\"thumbnailUrl\":\"https:\\\/\\\/centrourbano.com\\\/revista\\\/wp-content\\\/uploads\\\/C\u00e1maras_de_seguridad-ok.jpg\",\"keywords\":[\"Delgaci\u00f3n Magdalena Contreras\",\"Miguel \u00c1ngel Mancera Espinosa\",\"Unidad Independencia\"],\"articleSection\":[\"Vivienda\"],\"inLanguage\":\"es\",\"potentialAction\":[{\"@type\":\"CommentAction\",\"name\":\"Comment\",\"target\":[\"https:\\\/\\\/centrourbano.com\\\/revista\\\/vivienda\\\/incrementan-videovigilancia-en-unidad-independencia\\\/#respond\"]}]},{\"@type\":\"WebPage\",\"@id\":\"https:\\\/\\\/centrourbano.com\\\/revista\\\/vivienda\\\/incrementan-videovigilancia-en-unidad-independencia\\\/\",\"url\":\"https:\\\/\\\/centrourbano.com\\\/revista\\\/vivienda\\\/incrementan-videovigilancia-en-unidad-independencia\\\/\",\"name\":\"Incrementan videovigilancia en Unidad Independencia -\",\"isPartOf\":{\"@id\":\"https:\\\/\\\/centrourbano.com\\\/revista\\\/#website\"},\"primaryImageOfPage\":{\"@id\":\"https:\\\/\\\/centrourbano.com\\\/revista\\\/vivienda\\\/incrementan-videovigilancia-en-unidad-independencia\\\/#primaryimage\"},\"image\":{\"@id\":\"https:\\\/\\\/centrourbano.com\\\/revista\\\/vivienda\\\/incrementan-videovigilancia-en-unidad-independencia\\\/#primaryimage\"},\"thumbnailUrl\":\"https:\\\/\\\/centrourbano.com\\\/revista\\\/wp-content\\\/uploads\\\/C\u00e1maras_de_seguridad-ok.jpg\",\"datePublished\":\"2015-08-26T14:05:26+00:00\",\"description\":\"Son 24 de un total de 37 c\u00e1maras que ser\u00e1n instaladas en postes de 20 metros de altura para protecci\u00f3n de los vecinos La Unidad Habitacional Independencia\",\"breadcrumb\":{\"@id\":\"https:\\\/\\\/centrourbano.com\\\/revista\\\/vivienda\\\/incrementan-videovigilancia-en-unidad-independencia\\\/#breadcrumb\"},\"inLanguage\":\"es\",\"potentialAction\":[{\"@type\":\"ReadAction\",\"target\":[\"https:\\\/\\\/centrourbano.com\\\/revista\\\/vivienda\\\/incrementan-videovigilancia-en-unidad-independencia\\\/\"]}]},{\"@type\":\"ImageObject\",\"inLanguage\":\"es\",\"@id\":\"https:\\\/\\\/centrourbano.com\\\/revista\\\/vivienda\\\/incrementan-videovigilancia-en-unidad-independencia\\\/#primaryimage\",\"url\":\"https:\\\/\\\/centrourbano.com\\\/revista\\\/wp-content\\\/uploads\\\/C\u00e1maras_de_seguridad-ok.jpg\",\"contentUrl\":\"https:\\\/\\\/centrourbano.com\\\/revista\\\/wp-content\\\/uploads\\\/C\u00e1maras_de_seguridad-ok.jpg\",\"width\":1578,\"height\":998},{\"@type\":\"BreadcrumbList\",\"@id\":\"https:\\\/\\\/centrourbano.com\\\/revista\\\/vivienda\\\/incrementan-videovigilancia-en-unidad-independencia\\\/#breadcrumb\",\"itemListElement\":[{\"@type\":\"ListItem\",\"position\":1,\"name\":\"Portada\",\"item\":\"https:\\\/\\\/centrourbano.com\\\/revista\\\/\"},{\"@type\":\"ListItem\",\"position\":2,\"name\":\"Incrementan videovigilancia en Unidad Independencia\"}]},{\"@type\":\"WebSite\",\"@id\":\"https:\\\/\\\/centrourbano.com\\\/revista\\\/#website\",\"url\":\"https:\\\/\\\/centrourbano.com\\\/revista\\\/\",\"name\":\"Centro Urbano\",\"description\":\"Medio especializado en los sectores vivienda, inmobiliario, construcci\u00f3n, arquitectura y urbanismo.\",\"publisher\":{\"@id\":\"https:\\\/\\\/centrourbano.com\\\/revista\\\/#organization\"},\"potentialAction\":[{\"@type\":\"SearchAction\",\"target\":{\"@type\":\"EntryPoint\",\"urlTemplate\":\"https:\\\/\\\/centrourbano.com\\\/revista\\\/?s={search_term_string}\"},\"query-input\":{\"@type\":\"PropertyValueSpecification\",\"valueRequired\":true,\"valueName\":\"search_term_string\"}}],\"inLanguage\":\"es\"},{\"@type\":\"Organization\",\"@id\":\"https:\\\/\\\/centrourbano.com\\\/revista\\\/#organization\",\"name\":\"Centro Urbano\",\"url\":\"https:\\\/\\\/centrourbano.com\\\/revista\\\/\",\"logo\":{\"@type\":\"ImageObject\",\"inLanguage\":\"es\",\"@id\":\"https:\\\/\\\/centrourbano.com\\\/revista\\\/#\\\/schema\\\/logo\\\/image\\\/\",\"url\":\"https:\\\/\\\/centrourbano.com\\\/revista\\\/wp-content\\\/uploads\\\/web_CU_logo-1.png\",\"contentUrl\":\"https:\\\/\\\/centrourbano.com\\\/revista\\\/wp-content\\\/uploads\\\/web_CU_logo-1.png\",\"width\":350,\"height\":91,\"caption\":\"Centro Urbano\"},\"image\":{\"@id\":\"https:\\\/\\\/centrourbano.com\\\/revista\\\/#\\\/schema\\\/logo\\\/image\\\/\"},\"sameAs\":[\"https:\\\/\\\/www.facebook.com\\\/portalcentrourbano\",\"https:\\\/\\\/x.com\\\/CentroUrbano\",\"https:\\\/\\\/www.instagram.com\\\/centro_urbano\\\/\",\"https:\\\/\\\/www.linkedin.com\\\/company\\\/centro-urbano\\\/\",\"http:\\\/\\\/www.youtube.com\\\/user\\\/portalcentrourbano\"]},{\"@type\":\"Person\",\"@id\":\"https:\\\/\\\/centrourbano.com\\\/revista\\\/#\\\/schema\\\/person\\\/71e020a5b63ca4230c0f1228a36cde93\",\"name\":\"Mario V\u00e1zquez Barrios\",\"image\":{\"@type\":\"ImageObject\",\"inLanguage\":\"es\",\"@id\":\"https:\\\/\\\/secure.gravatar.com\\\/avatar\\\/347e6d9c0b04f0194ca244ba64b0fe62752d716a3a93d1713bd259eb87aad5b6?s=96&d=mm&r=g\",\"url\":\"https:\\\/\\\/secure.gravatar.com\\\/avatar\\\/347e6d9c0b04f0194ca244ba64b0fe62752d716a3a93d1713bd259eb87aad5b6?s=96&d=mm&r=g\",\"contentUrl\":\"https:\\\/\\\/secure.gravatar.com\\\/avatar\\\/347e6d9c0b04f0194ca244ba64b0fe62752d716a3a93d1713bd259eb87aad5b6?s=96&d=mm&r=g\",\"caption\":\"Mario V\u00e1zquez Barrios\"},\"description\":\"Me inici\u00e9 en El Financiero haciendo reportajes; en MegaNoticias Televisi\u00f3n fui reportero titular; en EMedios, control de calidad; y Radio 13 Noticias me acogi\u00f3 como colaborador. Me gusta encontrar en las banquetas la nota, una entrevista y el inicio de un reportaje.\",\"sameAs\":[\"https:\\\/\\\/x.com\\\/@MarioDeNiro\"],\"url\":\"https:\\\/\\\/centrourbano.com\\\/revista\\\/author\\\/mario-vazquez\\\/\"}]}<\/script>\n<!-- \/ Yoast SEO plugin. -->","yoast_head_json":{"title":"Incrementan videovigilancia en Unidad Independencia -","description":"Son 24 de un total de 37 c\u00e1maras que ser\u00e1n instaladas en postes de 20 metros de altura para protecci\u00f3n de los vecinos La Unidad Habitacional Independencia","robots":{"index":"index","follow":"follow","max-snippet":"max-snippet:-1","max-image-preview":"max-image-preview:large","max-video-preview":"max-video-preview:-1"},"canonical":"https:\/\/centrourbano.com\/revista\/vivienda\/incrementan-videovigilancia-en-unidad-independencia\/","og_locale":"es_ES","og_type":"article","og_title":"Incrementan videovigilancia en Unidad Independencia -","og_description":"Son 24 de un total de 37 c\u00e1maras que ser\u00e1n instaladas en postes de 20 metros de altura para protecci\u00f3n de los vecinos La Unidad Habitacional Independencia","og_url":"https:\/\/centrourbano.com\/revista\/vivienda\/incrementan-videovigilancia-en-unidad-independencia\/","og_site_name":"Centro Urbano","article_publisher":"https:\/\/www.facebook.com\/portalcentrourbano","article_published_time":"2015-08-26T14:05:26+00:00","og_image":[{"width":1578,"height":998,"url":"https:\/\/centrourbano.com\/revista\/wp-content\/uploads\/C\u00e1maras_de_seguridad-ok.jpg","type":"image\/jpeg"}],"author":"Mario V\u00e1zquez Barrios","twitter_card":"summary_large_image","twitter_creator":"@MarioDeNiro","twitter_site":"@CentroUrbano","twitter_misc":{"Escrito por":"Mario V\u00e1zquez Barrios","Tiempo de lectura":"3 minutos"},"schema":{"@context":"https:\/\/schema.org","@graph":[{"@type":"Article","@id":"https:\/\/centrourbano.com\/revista\/vivienda\/incrementan-videovigilancia-en-unidad-independencia\/#article","isPartOf":{"@id":"https:\/\/centrourbano.com\/revista\/vivienda\/incrementan-videovigilancia-en-unidad-independencia\/"},"author":{"name":"Mario V\u00e1zquez Barrios","@id":"https:\/\/centrourbano.com\/revista\/#\/schema\/person\/71e020a5b63ca4230c0f1228a36cde93"},"headline":"Incrementan videovigilancia en Unidad Independencia","datePublished":"2015-08-26T14:05:26+00:00","mainEntityOfPage":{"@id":"https:\/\/centrourbano.com\/revista\/vivienda\/incrementan-videovigilancia-en-unidad-independencia\/"},"wordCount":575,"commentCount":0,"publisher":{"@id":"https:\/\/centrourbano.com\/revista\/#organization"},"image":{"@id":"https:\/\/centrourbano.com\/revista\/vivienda\/incrementan-videovigilancia-en-unidad-independencia\/#primaryimage"},"thumbnailUrl":"https:\/\/centrourbano.com\/revista\/wp-content\/uploads\/C\u00e1maras_de_seguridad-ok.jpg","keywords":["Delgaci\u00f3n Magdalena Contreras","Miguel \u00c1ngel Mancera Espinosa","Unidad Independencia"],"articleSection":["Vivienda"],"inLanguage":"es","potentialAction":[{"@type":"CommentAction","name":"Comment","target":["https:\/\/centrourbano.com\/revista\/vivienda\/incrementan-videovigilancia-en-unidad-independencia\/#respond"]}]},{"@type":"WebPage","@id":"https:\/\/centrourbano.com\/revista\/vivienda\/incrementan-videovigilancia-en-unidad-independencia\/","url":"https:\/\/centrourbano.com\/revista\/vivienda\/incrementan-videovigilancia-en-unidad-independencia\/","name":"Incrementan videovigilancia en Unidad Independencia -","isPartOf":{"@id":"https:\/\/centrourbano.com\/revista\/#website"},"primaryImageOfPage":{"@id":"https:\/\/centrourbano.com\/revista\/vivienda\/incrementan-videovigilancia-en-unidad-independencia\/#primaryimage"},"image":{"@id":"https:\/\/centrourbano.com\/revista\/vivienda\/incrementan-videovigilancia-en-unidad-independencia\/#primaryimage"},"thumbnailUrl":"https:\/\/centrourbano.com\/revista\/wp-content\/uploads\/C\u00e1maras_de_seguridad-ok.jpg","datePublished":"2015-08-26T14:05:26+00:00","description":"Son 24 de un total de 37 c\u00e1maras que ser\u00e1n instaladas en postes de 20 metros de altura para protecci\u00f3n de los vecinos La Unidad Habitacional Independencia","breadcrumb":{"@id":"https:\/\/centrourbano.com\/revista\/vivienda\/incrementan-videovigilancia-en-unidad-independencia\/#breadcrumb"},"inLanguage":"es","potentialAction":[{"@type":"ReadAction","target":["https:\/\/centrourbano.com\/revista\/vivienda\/incrementan-videovigilancia-en-unidad-independencia\/"]}]},{"@type":"ImageObject","inLanguage":"es","@id":"https:\/\/centrourbano.com\/revista\/vivienda\/incrementan-videovigilancia-en-unidad-independencia\/#primaryimage","url":"https:\/\/centrourbano.com\/revista\/wp-content\/uploads\/C\u00e1maras_de_seguridad-ok.jpg","contentUrl":"https:\/\/centrourbano.com\/revista\/wp-content\/uploads\/C\u00e1maras_de_seguridad-ok.jpg","width":1578,"height":998},{"@type":"BreadcrumbList","@id":"https:\/\/centrourbano.com\/revista\/vivienda\/incrementan-videovigilancia-en-unidad-independencia\/#breadcrumb","itemListElement":[{"@type":"ListItem","position":1,"name":"Portada","item":"https:\/\/centrourbano.com\/revista\/"},{"@type":"ListItem","position":2,"name":"Incrementan videovigilancia en Unidad Independencia"}]},{"@type":"WebSite","@id":"https:\/\/centrourbano.com\/revista\/#website","url":"https:\/\/centrourbano.com\/revista\/","name":"Centro Urbano","description":"Medio especializado en los sectores vivienda, inmobiliario, construcci\u00f3n, arquitectura y urbanismo.","publisher":{"@id":"https:\/\/centrourbano.com\/revista\/#organization"},"potentialAction":[{"@type":"SearchAction","target":{"@type":"EntryPoint","urlTemplate":"https:\/\/centrourbano.com\/revista\/?s={search_term_string}"},"query-input":{"@type":"PropertyValueSpecification","valueRequired":true,"valueName":"search_term_string"}}],"inLanguage":"es"},{"@type":"Organization","@id":"https:\/\/centrourbano.com\/revista\/#organization","name":"Centro Urbano","url":"https:\/\/centrourbano.com\/revista\/","logo":{"@type":"ImageObject","inLanguage":"es","@id":"https:\/\/centrourbano.com\/revista\/#\/schema\/logo\/image\/","url":"https:\/\/centrourbano.com\/revista\/wp-content\/uploads\/web_CU_logo-1.png","contentUrl":"https:\/\/centrourbano.com\/revista\/wp-content\/uploads\/web_CU_logo-1.png","width":350,"height":91,"caption":"Centro Urbano"},"image":{"@id":"https:\/\/centrourbano.com\/revista\/#\/schema\/logo\/image\/"},"sameAs":["https:\/\/www.facebook.com\/portalcentrourbano","https:\/\/x.com\/CentroUrbano","https:\/\/www.instagram.com\/centro_urbano\/","https:\/\/www.linkedin.com\/company\/centro-urbano\/","http:\/\/www.youtube.com\/user\/portalcentrourbano"]},{"@type":"Person","@id":"https:\/\/centrourbano.com\/revista\/#\/schema\/person\/71e020a5b63ca4230c0f1228a36cde93","name":"Mario V\u00e1zquez Barrios","image":{"@type":"ImageObject","inLanguage":"es","@id":"https:\/\/secure.gravatar.com\/avatar\/347e6d9c0b04f0194ca244ba64b0fe62752d716a3a93d1713bd259eb87aad5b6?s=96&d=mm&r=g","url":"https:\/\/secure.gravatar.com\/avatar\/347e6d9c0b04f0194ca244ba64b0fe62752d716a3a93d1713bd259eb87aad5b6?s=96&d=mm&r=g","contentUrl":"https:\/\/secure.gravatar.com\/avatar\/347e6d9c0b04f0194ca244ba64b0fe62752d716a3a93d1713bd259eb87aad5b6?s=96&d=mm&r=g","caption":"Mario V\u00e1zquez Barrios"},"description":"Me inici\u00e9 en El Financiero haciendo reportajes; en MegaNoticias Televisi\u00f3n fui reportero titular; en EMedios, control de calidad; y Radio 13 Noticias me acogi\u00f3 como colaborador. Me gusta encontrar en las banquetas la nota, una entrevista y el inicio de un reportaje.","sameAs":["https:\/\/x.com\/@MarioDeNiro"],"url":"https:\/\/centrourbano.com\/revista\/author\/mario-vazquez\/"}]}},"_links":{"self":[{"href":"https:\/\/centrourbano.com\/revista\/wp-json\/wp\/v2\/posts\/22679","targetHints":{"allow":["GET"]}}],"collection":[{"href":"https:\/\/centrourbano.com\/revista\/wp-json\/wp\/v2\/posts"}],"about":[{"href":"https:\/\/centrourbano.com\/revista\/wp-json\/wp\/v2\/types\/post"}],"author":[{"embeddable":true,"href":"https:\/\/centrourbano.com\/revista\/wp-json\/wp\/v2\/users\/28"}],"replies":[{"embeddable":true,"href":"https:\/\/centrourbano.com\/revista\/wp-json\/wp\/v2\/comments?post=22679"}],"version-history":[{"count":0,"href":"https:\/\/centrourbano.com\/revista\/wp-json\/wp\/v2\/posts\/22679\/revisions"}],"wp:featuredmedia":[{"embeddable":true,"href":"https:\/\/centrourbano.com\/revista\/wp-json\/wp\/v2\/media\/22684"}],"wp:attachment":[{"href":"https:\/\/centrourbano.com\/revista\/wp-json\/wp\/v2\/media?parent=22679"}],"wp:term":[{"taxonomy":"category","embeddable":true,"href":"https:\/\/centrourbano.com\/revista\/wp-json\/wp\/v2\/categories?post=22679"},{"taxonomy":"post_tag","embeddable":true,"href":"https:\/\/centrourbano.com\/revista\/wp-json\/wp\/v2\/tags?post=22679"}],"curies":[{"name":"wp","href":"https:\/\/api.w.org\/{rel}","templated":true}]}}