{"id":22675,"date":"2015-08-25T14:59:38","date_gmt":"2015-08-25T19:59:38","guid":{"rendered":"http:\/\/centrourbano.com\/?p=22675"},"modified":"2015-08-25T15:01:41","modified_gmt":"2015-08-25T20:01:41","slug":"reanudan-construccion-del-desnivel-mixcoac-insurgentes","status":"publish","type":"post","link":"https:\/\/centrourbano.com\/revista\/construccion\/reanudan-construccion-del-desnivel-mixcoac-insurgentes\/","title":{"rendered":"Reanudan construcci\u00f3n del desnivel Mixcoac-Insurgentes"},"content":{"rendered":"<p><em>Se realizaron 16 adecuaciones al proyecto original, de las cuales 9 benefician al peat\u00f3n, 6 son ben\u00e9ficas en materia ambiental y una en tema de movilidad vial<\/em><!--more--><\/p>\n<p>Tras realizar diversas brigadas informativas, mesas de trabajo con expertos en urbanismo, as\u00ed como recorridos con ciudadanos inconformes con la construcci\u00f3n del desnivel Mixcoac-Insurgentes, a fin de explicar el proyecto y resolver dudas, se han dado a conocer las mejoras que surgieron para esta gran obra e iniciaron las labores de construcci\u00f3n.<\/p>\n<p>En total se realizaron 16 adecuaciones de las cuales 9 benefician al peat\u00f3n, 6 son ben\u00e9ficas en materia ambiental y una en tema de movilidad vial. Algunos ejemplos son la ampliaci\u00f3n de \u00e1reas verdes, la modificaci\u00f3n del cruce Mixcoac e Insurgentes para generar espacios m\u00e1s amplios para peatones, cruces directos 100% accesibles y seguros, as\u00ed como la conservaci\u00f3n del camell\u00f3n Barranca del Muerto y de 30% del arbolado de la zona de las obras.<\/p>\n<p>La obra se ejecutar\u00e1 en un periodo de 22 meses pese a que las labores de vialidad se tendr\u00e1n que realizar en los primeros 10 meses ya que posteriormente ser\u00e1n \u00fanicamente al interior del t\u00fanel siendo, en su mayor\u00eda, subterr\u00e1neas.<\/p>\n<p>Adem\u00e1s, los trabajos no se acercar\u00e1n a los inmuebles aleda\u00f1os\u00a0 y el proceso constructivo garantiza que la edificaci\u00f3n de este desnivel sea seguro en todo momento.<\/p>\n<p>El Secretario de Obras y Servicios, Edgar Tung\u00fci Rodr\u00edguez, indic\u00f3 para no afectar la circulaci\u00f3n habitual, estas labores ser\u00e1n en su mayor\u00eda nocturnas, de las 22:00 a las 05:00 horas.<\/p>\n<p>Durante el d\u00eda \u00fanicamente se llevar\u00e1n a cabo trabajos en el \u00e1rea confinada del camell\u00f3n y los confinamientos ser\u00e1n parciales de tal forma que el acceso de los vecinos a sus domicilios est\u00e9 garantizado las 24 horas.<\/p>\n","protected":false},"excerpt":{"rendered":"<p>Se realizaron 16 adecuaciones al proyecto original, de las cuales 9 benefician al peat\u00f3n, 6 son ben\u00e9ficas en materia ambiental y una en tema de movilidad vial<\/p>\n","protected":false},"author":9,"featured_media":22678,"comment_status":"open","ping_status":"closed","sticky":false,"template":"","format":"standard","meta":{"om_disable_all_campaigns":false,"inline_featured_image":false,"_monsterinsights_skip_tracking":false,"_monsterinsights_sitenote_active":false,"_monsterinsights_sitenote_note":"","_monsterinsights_sitenote_category":0,"footnotes":""},"categories":[14],"tags":[5522,2153,4310],"class_list":["post-22675","post","type-post","status-publish","format-standard","has-post-thumbnail","hentry","category-construccion","tag-desnivel-mixcoac-insurgentes","tag-insurgentes","tag-mixcoac"],"yoast_head":"<!-- This site is optimized with the Yoast SEO plugin v27.4 - https:\/\/yoast.com\/product\/yoast-seo-wordpress\/ -->\n<title>Reanudan construcci\u00f3n del desnivel Mixcoac-Insurgentes -<\/title>\n<meta name=\"description\" content=\"Se realizaron 16 adecuaciones al proyecto original, de las cuales 9 benefician al peat\u00f3n, 6 son ben\u00e9ficas en materia ambiental y una en tema de movilidad\" \/>\n<meta name=\"robots\" content=\"index, follow, max-snippet:-1, max-image-preview:large, max-video-preview:-1\" \/>\n<link rel=\"canonical\" href=\"https:\/\/centrourbano.com\/revista\/construccion\/reanudan-construccion-del-desnivel-mixcoac-insurgentes\/\" \/>\n<meta property=\"og:locale\" content=\"es_ES\" \/>\n<meta property=\"og:type\" content=\"article\" \/>\n<meta property=\"og:title\" content=\"Reanudan construcci\u00f3n del desnivel Mixcoac-Insurgentes -\" \/>\n<meta property=\"og:description\" content=\"Se realizaron 16 adecuaciones al proyecto original, de las cuales 9 benefician al peat\u00f3n, 6 son ben\u00e9ficas en materia ambiental y una en tema de movilidad\" \/>\n<meta property=\"og:url\" content=\"https:\/\/centrourbano.com\/revista\/construccion\/reanudan-construccion-del-desnivel-mixcoac-insurgentes\/\" \/>\n<meta property=\"og:site_name\" content=\"Centro Urbano\" \/>\n<meta property=\"article:publisher\" content=\"https:\/\/www.facebook.com\/portalcentrourbano\" \/>\n<meta property=\"article:published_time\" content=\"2015-08-25T19:59:38+00:00\" \/>\n<meta property=\"article:modified_time\" content=\"2015-08-25T20:01:41+00:00\" \/>\n<meta property=\"og:image\" content=\"https:\/\/centrourbano.com\/revista\/wp-content\/uploads\/Desnivel-Mixcoac-41.png\" \/>\n\t<meta property=\"og:image:width\" content=\"474\" \/>\n\t<meta property=\"og:image:height\" content=\"391\" \/>\n\t<meta property=\"og:image:type\" content=\"image\/png\" \/>\n<meta name=\"author\" content=\"Dinorah Nava\" \/>\n<meta name=\"twitter:card\" content=\"summary_large_image\" \/>\n<meta name=\"twitter:creator\" content=\"@https:\/\/twitter.com\/Dinorah_Nava28\" \/>\n<meta name=\"twitter:site\" content=\"@CentroUrbano\" \/>\n<meta name=\"twitter:label1\" content=\"Escrito por\" \/>\n\t<meta name=\"twitter:data1\" content=\"Dinorah Nava\" \/>\n\t<meta name=\"twitter:label2\" content=\"Tiempo de lectura\" \/>\n\t<meta name=\"twitter:data2\" content=\"2 minutos\" \/>\n<script type=\"application\/ld+json\" class=\"yoast-schema-graph\">{\"@context\":\"https:\\\/\\\/schema.org\",\"@graph\":[{\"@type\":\"Article\",\"@id\":\"https:\\\/\\\/centrourbano.com\\\/revista\\\/construccion\\\/reanudan-construccion-del-desnivel-mixcoac-insurgentes\\\/#article\",\"isPartOf\":{\"@id\":\"https:\\\/\\\/centrourbano.com\\\/revista\\\/construccion\\\/reanudan-construccion-del-desnivel-mixcoac-insurgentes\\\/\"},\"author\":{\"name\":\"Dinorah Nava\",\"@id\":\"https:\\\/\\\/centrourbano.com\\\/revista\\\/#\\\/schema\\\/person\\\/b45db815d96831257ba428a3d5a5fbdc\"},\"headline\":\"Reanudan construcci\u00f3n del desnivel Mixcoac-Insurgentes\",\"datePublished\":\"2015-08-25T19:59:38+00:00\",\"dateModified\":\"2015-08-25T20:01:41+00:00\",\"mainEntityOfPage\":{\"@id\":\"https:\\\/\\\/centrourbano.com\\\/revista\\\/construccion\\\/reanudan-construccion-del-desnivel-mixcoac-insurgentes\\\/\"},\"wordCount\":308,\"commentCount\":0,\"publisher\":{\"@id\":\"https:\\\/\\\/centrourbano.com\\\/revista\\\/#organization\"},\"image\":{\"@id\":\"https:\\\/\\\/centrourbano.com\\\/revista\\\/construccion\\\/reanudan-construccion-del-desnivel-mixcoac-insurgentes\\\/#primaryimage\"},\"thumbnailUrl\":\"https:\\\/\\\/centrourbano.com\\\/revista\\\/wp-content\\\/uploads\\\/Desnivel-Mixcoac-41.png\",\"keywords\":[\"Desnivel Mixcoac-Insurgentes\",\"Insurgentes\",\"Mixcoac\"],\"articleSection\":[\"Construcci\u00f3n\"],\"inLanguage\":\"es\",\"potentialAction\":[{\"@type\":\"CommentAction\",\"name\":\"Comment\",\"target\":[\"https:\\\/\\\/centrourbano.com\\\/revista\\\/construccion\\\/reanudan-construccion-del-desnivel-mixcoac-insurgentes\\\/#respond\"]}]},{\"@type\":\"WebPage\",\"@id\":\"https:\\\/\\\/centrourbano.com\\\/revista\\\/construccion\\\/reanudan-construccion-del-desnivel-mixcoac-insurgentes\\\/\",\"url\":\"https:\\\/\\\/centrourbano.com\\\/revista\\\/construccion\\\/reanudan-construccion-del-desnivel-mixcoac-insurgentes\\\/\",\"name\":\"Reanudan construcci\u00f3n del desnivel Mixcoac-Insurgentes -\",\"isPartOf\":{\"@id\":\"https:\\\/\\\/centrourbano.com\\\/revista\\\/#website\"},\"primaryImageOfPage\":{\"@id\":\"https:\\\/\\\/centrourbano.com\\\/revista\\\/construccion\\\/reanudan-construccion-del-desnivel-mixcoac-insurgentes\\\/#primaryimage\"},\"image\":{\"@id\":\"https:\\\/\\\/centrourbano.com\\\/revista\\\/construccion\\\/reanudan-construccion-del-desnivel-mixcoac-insurgentes\\\/#primaryimage\"},\"thumbnailUrl\":\"https:\\\/\\\/centrourbano.com\\\/revista\\\/wp-content\\\/uploads\\\/Desnivel-Mixcoac-41.png\",\"datePublished\":\"2015-08-25T19:59:38+00:00\",\"dateModified\":\"2015-08-25T20:01:41+00:00\",\"description\":\"Se realizaron 16 adecuaciones al proyecto original, de las cuales 9 benefician al peat\u00f3n, 6 son ben\u00e9ficas en materia ambiental y una en tema de movilidad\",\"breadcrumb\":{\"@id\":\"https:\\\/\\\/centrourbano.com\\\/revista\\\/construccion\\\/reanudan-construccion-del-desnivel-mixcoac-insurgentes\\\/#breadcrumb\"},\"inLanguage\":\"es\",\"potentialAction\":[{\"@type\":\"ReadAction\",\"target\":[\"https:\\\/\\\/centrourbano.com\\\/revista\\\/construccion\\\/reanudan-construccion-del-desnivel-mixcoac-insurgentes\\\/\"]}]},{\"@type\":\"ImageObject\",\"inLanguage\":\"es\",\"@id\":\"https:\\\/\\\/centrourbano.com\\\/revista\\\/construccion\\\/reanudan-construccion-del-desnivel-mixcoac-insurgentes\\\/#primaryimage\",\"url\":\"https:\\\/\\\/centrourbano.com\\\/revista\\\/wp-content\\\/uploads\\\/Desnivel-Mixcoac-41.png\",\"contentUrl\":\"https:\\\/\\\/centrourbano.com\\\/revista\\\/wp-content\\\/uploads\\\/Desnivel-Mixcoac-41.png\",\"width\":474,\"height\":391},{\"@type\":\"BreadcrumbList\",\"@id\":\"https:\\\/\\\/centrourbano.com\\\/revista\\\/construccion\\\/reanudan-construccion-del-desnivel-mixcoac-insurgentes\\\/#breadcrumb\",\"itemListElement\":[{\"@type\":\"ListItem\",\"position\":1,\"name\":\"Portada\",\"item\":\"https:\\\/\\\/centrourbano.com\\\/revista\\\/\"},{\"@type\":\"ListItem\",\"position\":2,\"name\":\"Reanudan construcci\u00f3n del desnivel Mixcoac-Insurgentes\"}]},{\"@type\":\"WebSite\",\"@id\":\"https:\\\/\\\/centrourbano.com\\\/revista\\\/#website\",\"url\":\"https:\\\/\\\/centrourbano.com\\\/revista\\\/\",\"name\":\"Centro Urbano\",\"description\":\"Medio especializado en los sectores vivienda, inmobiliario, construcci\u00f3n, arquitectura y urbanismo.\",\"publisher\":{\"@id\":\"https:\\\/\\\/centrourbano.com\\\/revista\\\/#organization\"},\"potentialAction\":[{\"@type\":\"SearchAction\",\"target\":{\"@type\":\"EntryPoint\",\"urlTemplate\":\"https:\\\/\\\/centrourbano.com\\\/revista\\\/?s={search_term_string}\"},\"query-input\":{\"@type\":\"PropertyValueSpecification\",\"valueRequired\":true,\"valueName\":\"search_term_string\"}}],\"inLanguage\":\"es\"},{\"@type\":\"Organization\",\"@id\":\"https:\\\/\\\/centrourbano.com\\\/revista\\\/#organization\",\"name\":\"Centro Urbano\",\"url\":\"https:\\\/\\\/centrourbano.com\\\/revista\\\/\",\"logo\":{\"@type\":\"ImageObject\",\"inLanguage\":\"es\",\"@id\":\"https:\\\/\\\/centrourbano.com\\\/revista\\\/#\\\/schema\\\/logo\\\/image\\\/\",\"url\":\"https:\\\/\\\/centrourbano.com\\\/revista\\\/wp-content\\\/uploads\\\/web_CU_logo-1.png\",\"contentUrl\":\"https:\\\/\\\/centrourbano.com\\\/revista\\\/wp-content\\\/uploads\\\/web_CU_logo-1.png\",\"width\":350,\"height\":91,\"caption\":\"Centro Urbano\"},\"image\":{\"@id\":\"https:\\\/\\\/centrourbano.com\\\/revista\\\/#\\\/schema\\\/logo\\\/image\\\/\"},\"sameAs\":[\"https:\\\/\\\/www.facebook.com\\\/portalcentrourbano\",\"https:\\\/\\\/x.com\\\/CentroUrbano\",\"https:\\\/\\\/www.instagram.com\\\/centro_urbano\\\/\",\"https:\\\/\\\/www.linkedin.com\\\/company\\\/centro-urbano\\\/\",\"http:\\\/\\\/www.youtube.com\\\/user\\\/portalcentrourbano\"]},{\"@type\":\"Person\",\"@id\":\"https:\\\/\\\/centrourbano.com\\\/revista\\\/#\\\/schema\\\/person\\\/b45db815d96831257ba428a3d5a5fbdc\",\"name\":\"Dinorah Nava\",\"image\":{\"@type\":\"ImageObject\",\"inLanguage\":\"es\",\"@id\":\"https:\\\/\\\/secure.gravatar.com\\\/avatar\\\/f6ca6430c51d147f363940f84e1225aa4b8183885c11802cc3b042305a4ecc1a?s=96&d=mm&r=g\",\"url\":\"https:\\\/\\\/secure.gravatar.com\\\/avatar\\\/f6ca6430c51d147f363940f84e1225aa4b8183885c11802cc3b042305a4ecc1a?s=96&d=mm&r=g\",\"contentUrl\":\"https:\\\/\\\/secure.gravatar.com\\\/avatar\\\/f6ca6430c51d147f363940f84e1225aa4b8183885c11802cc3b042305a4ecc1a?s=96&d=mm&r=g\",\"caption\":\"Dinorah Nava\"},\"description\":\"Editora de Contenidos y Estrategias Digitales en Centro Urbano y Coeditora en Peri\u00f3dico Mi Casa. Egresada de la licenciatura en Comunicaci\u00f3n y Periodismo de la Facultad de Estudios Superiores Arag\u00f3n (UNAM). Amante de la edici\u00f3n y correcci\u00f3n de estilo, las redes sociales y el mundo digital. Especialista en temas son arquitectura, inmobiliario y urbanismo.\",\"sameAs\":[\"linkedin.com\\\/in\\\/dinorah-nava\",\"https:\\\/\\\/x.com\\\/https:\\\/\\\/twitter.com\\\/Dinorah_Nava28\"],\"url\":\"https:\\\/\\\/centrourbano.com\\\/revista\\\/author\\\/dinorah-nava\\\/\"}]}<\/script>\n<!-- \/ Yoast SEO plugin. -->","yoast_head_json":{"title":"Reanudan construcci\u00f3n del desnivel Mixcoac-Insurgentes -","description":"Se realizaron 16 adecuaciones al proyecto original, de las cuales 9 benefician al peat\u00f3n, 6 son ben\u00e9ficas en materia ambiental y una en tema de movilidad","robots":{"index":"index","follow":"follow","max-snippet":"max-snippet:-1","max-image-preview":"max-image-preview:large","max-video-preview":"max-video-preview:-1"},"canonical":"https:\/\/centrourbano.com\/revista\/construccion\/reanudan-construccion-del-desnivel-mixcoac-insurgentes\/","og_locale":"es_ES","og_type":"article","og_title":"Reanudan construcci\u00f3n del desnivel Mixcoac-Insurgentes -","og_description":"Se realizaron 16 adecuaciones al proyecto original, de las cuales 9 benefician al peat\u00f3n, 6 son ben\u00e9ficas en materia ambiental y una en tema de movilidad","og_url":"https:\/\/centrourbano.com\/revista\/construccion\/reanudan-construccion-del-desnivel-mixcoac-insurgentes\/","og_site_name":"Centro Urbano","article_publisher":"https:\/\/www.facebook.com\/portalcentrourbano","article_published_time":"2015-08-25T19:59:38+00:00","article_modified_time":"2015-08-25T20:01:41+00:00","og_image":[{"width":474,"height":391,"url":"https:\/\/centrourbano.com\/revista\/wp-content\/uploads\/Desnivel-Mixcoac-41.png","type":"image\/png"}],"author":"Dinorah Nava","twitter_card":"summary_large_image","twitter_creator":"@https:\/\/twitter.com\/Dinorah_Nava28","twitter_site":"@CentroUrbano","twitter_misc":{"Escrito por":"Dinorah Nava","Tiempo de lectura":"2 minutos"},"schema":{"@context":"https:\/\/schema.org","@graph":[{"@type":"Article","@id":"https:\/\/centrourbano.com\/revista\/construccion\/reanudan-construccion-del-desnivel-mixcoac-insurgentes\/#article","isPartOf":{"@id":"https:\/\/centrourbano.com\/revista\/construccion\/reanudan-construccion-del-desnivel-mixcoac-insurgentes\/"},"author":{"name":"Dinorah Nava","@id":"https:\/\/centrourbano.com\/revista\/#\/schema\/person\/b45db815d96831257ba428a3d5a5fbdc"},"headline":"Reanudan construcci\u00f3n del desnivel Mixcoac-Insurgentes","datePublished":"2015-08-25T19:59:38+00:00","dateModified":"2015-08-25T20:01:41+00:00","mainEntityOfPage":{"@id":"https:\/\/centrourbano.com\/revista\/construccion\/reanudan-construccion-del-desnivel-mixcoac-insurgentes\/"},"wordCount":308,"commentCount":0,"publisher":{"@id":"https:\/\/centrourbano.com\/revista\/#organization"},"image":{"@id":"https:\/\/centrourbano.com\/revista\/construccion\/reanudan-construccion-del-desnivel-mixcoac-insurgentes\/#primaryimage"},"thumbnailUrl":"https:\/\/centrourbano.com\/revista\/wp-content\/uploads\/Desnivel-Mixcoac-41.png","keywords":["Desnivel Mixcoac-Insurgentes","Insurgentes","Mixcoac"],"articleSection":["Construcci\u00f3n"],"inLanguage":"es","potentialAction":[{"@type":"CommentAction","name":"Comment","target":["https:\/\/centrourbano.com\/revista\/construccion\/reanudan-construccion-del-desnivel-mixcoac-insurgentes\/#respond"]}]},{"@type":"WebPage","@id":"https:\/\/centrourbano.com\/revista\/construccion\/reanudan-construccion-del-desnivel-mixcoac-insurgentes\/","url":"https:\/\/centrourbano.com\/revista\/construccion\/reanudan-construccion-del-desnivel-mixcoac-insurgentes\/","name":"Reanudan construcci\u00f3n del desnivel Mixcoac-Insurgentes -","isPartOf":{"@id":"https:\/\/centrourbano.com\/revista\/#website"},"primaryImageOfPage":{"@id":"https:\/\/centrourbano.com\/revista\/construccion\/reanudan-construccion-del-desnivel-mixcoac-insurgentes\/#primaryimage"},"image":{"@id":"https:\/\/centrourbano.com\/revista\/construccion\/reanudan-construccion-del-desnivel-mixcoac-insurgentes\/#primaryimage"},"thumbnailUrl":"https:\/\/centrourbano.com\/revista\/wp-content\/uploads\/Desnivel-Mixcoac-41.png","datePublished":"2015-08-25T19:59:38+00:00","dateModified":"2015-08-25T20:01:41+00:00","description":"Se realizaron 16 adecuaciones al proyecto original, de las cuales 9 benefician al peat\u00f3n, 6 son ben\u00e9ficas en materia ambiental y una en tema de movilidad","breadcrumb":{"@id":"https:\/\/centrourbano.com\/revista\/construccion\/reanudan-construccion-del-desnivel-mixcoac-insurgentes\/#breadcrumb"},"inLanguage":"es","potentialAction":[{"@type":"ReadAction","target":["https:\/\/centrourbano.com\/revista\/construccion\/reanudan-construccion-del-desnivel-mixcoac-insurgentes\/"]}]},{"@type":"ImageObject","inLanguage":"es","@id":"https:\/\/centrourbano.com\/revista\/construccion\/reanudan-construccion-del-desnivel-mixcoac-insurgentes\/#primaryimage","url":"https:\/\/centrourbano.com\/revista\/wp-content\/uploads\/Desnivel-Mixcoac-41.png","contentUrl":"https:\/\/centrourbano.com\/revista\/wp-content\/uploads\/Desnivel-Mixcoac-41.png","width":474,"height":391},{"@type":"BreadcrumbList","@id":"https:\/\/centrourbano.com\/revista\/construccion\/reanudan-construccion-del-desnivel-mixcoac-insurgentes\/#breadcrumb","itemListElement":[{"@type":"ListItem","position":1,"name":"Portada","item":"https:\/\/centrourbano.com\/revista\/"},{"@type":"ListItem","position":2,"name":"Reanudan construcci\u00f3n del desnivel Mixcoac-Insurgentes"}]},{"@type":"WebSite","@id":"https:\/\/centrourbano.com\/revista\/#website","url":"https:\/\/centrourbano.com\/revista\/","name":"Centro Urbano","description":"Medio especializado en los sectores vivienda, inmobiliario, construcci\u00f3n, arquitectura y urbanismo.","publisher":{"@id":"https:\/\/centrourbano.com\/revista\/#organization"},"potentialAction":[{"@type":"SearchAction","target":{"@type":"EntryPoint","urlTemplate":"https:\/\/centrourbano.com\/revista\/?s={search_term_string}"},"query-input":{"@type":"PropertyValueSpecification","valueRequired":true,"valueName":"search_term_string"}}],"inLanguage":"es"},{"@type":"Organization","@id":"https:\/\/centrourbano.com\/revista\/#organization","name":"Centro Urbano","url":"https:\/\/centrourbano.com\/revista\/","logo":{"@type":"ImageObject","inLanguage":"es","@id":"https:\/\/centrourbano.com\/revista\/#\/schema\/logo\/image\/","url":"https:\/\/centrourbano.com\/revista\/wp-content\/uploads\/web_CU_logo-1.png","contentUrl":"https:\/\/centrourbano.com\/revista\/wp-content\/uploads\/web_CU_logo-1.png","width":350,"height":91,"caption":"Centro Urbano"},"image":{"@id":"https:\/\/centrourbano.com\/revista\/#\/schema\/logo\/image\/"},"sameAs":["https:\/\/www.facebook.com\/portalcentrourbano","https:\/\/x.com\/CentroUrbano","https:\/\/www.instagram.com\/centro_urbano\/","https:\/\/www.linkedin.com\/company\/centro-urbano\/","http:\/\/www.youtube.com\/user\/portalcentrourbano"]},{"@type":"Person","@id":"https:\/\/centrourbano.com\/revista\/#\/schema\/person\/b45db815d96831257ba428a3d5a5fbdc","name":"Dinorah Nava","image":{"@type":"ImageObject","inLanguage":"es","@id":"https:\/\/secure.gravatar.com\/avatar\/f6ca6430c51d147f363940f84e1225aa4b8183885c11802cc3b042305a4ecc1a?s=96&d=mm&r=g","url":"https:\/\/secure.gravatar.com\/avatar\/f6ca6430c51d147f363940f84e1225aa4b8183885c11802cc3b042305a4ecc1a?s=96&d=mm&r=g","contentUrl":"https:\/\/secure.gravatar.com\/avatar\/f6ca6430c51d147f363940f84e1225aa4b8183885c11802cc3b042305a4ecc1a?s=96&d=mm&r=g","caption":"Dinorah Nava"},"description":"Editora de Contenidos y Estrategias Digitales en Centro Urbano y Coeditora en Peri\u00f3dico Mi Casa. Egresada de la licenciatura en Comunicaci\u00f3n y Periodismo de la Facultad de Estudios Superiores Arag\u00f3n (UNAM). Amante de la edici\u00f3n y correcci\u00f3n de estilo, las redes sociales y el mundo digital. Especialista en temas son arquitectura, inmobiliario y urbanismo.","sameAs":["linkedin.com\/in\/dinorah-nava","https:\/\/x.com\/https:\/\/twitter.com\/Dinorah_Nava28"],"url":"https:\/\/centrourbano.com\/revista\/author\/dinorah-nava\/"}]}},"_links":{"self":[{"href":"https:\/\/centrourbano.com\/revista\/wp-json\/wp\/v2\/posts\/22675","targetHints":{"allow":["GET"]}}],"collection":[{"href":"https:\/\/centrourbano.com\/revista\/wp-json\/wp\/v2\/posts"}],"about":[{"href":"https:\/\/centrourbano.com\/revista\/wp-json\/wp\/v2\/types\/post"}],"author":[{"embeddable":true,"href":"https:\/\/centrourbano.com\/revista\/wp-json\/wp\/v2\/users\/9"}],"replies":[{"embeddable":true,"href":"https:\/\/centrourbano.com\/revista\/wp-json\/wp\/v2\/comments?post=22675"}],"version-history":[{"count":0,"href":"https:\/\/centrourbano.com\/revista\/wp-json\/wp\/v2\/posts\/22675\/revisions"}],"wp:featuredmedia":[{"embeddable":true,"href":"https:\/\/centrourbano.com\/revista\/wp-json\/wp\/v2\/media\/22678"}],"wp:attachment":[{"href":"https:\/\/centrourbano.com\/revista\/wp-json\/wp\/v2\/media?parent=22675"}],"wp:term":[{"taxonomy":"category","embeddable":true,"href":"https:\/\/centrourbano.com\/revista\/wp-json\/wp\/v2\/categories?post=22675"},{"taxonomy":"post_tag","embeddable":true,"href":"https:\/\/centrourbano.com\/revista\/wp-json\/wp\/v2\/tags?post=22675"}],"curies":[{"name":"wp","href":"https:\/\/api.w.org\/{rel}","templated":true}]}}