{"id":22656,"date":"2015-08-25T11:22:19","date_gmt":"2015-08-25T16:22:19","guid":{"rendered":"http:\/\/centrourbano.com\/?p=22656"},"modified":"2015-09-15T11:19:24","modified_gmt":"2015-09-15T16:19:24","slug":"esta-noche-ramon-aguirre-en-vivienda-en-verde","status":"publish","type":"post","link":"https:\/\/centrourbano.com\/revista\/actualidad\/esta-noche-ramon-aguirre-en-vivienda-en-verde\/","title":{"rendered":"Ram\u00f3n Aguirre, director de Sacmex, en Vivienda en Verde"},"content":{"rendered":"<p>&nbsp;<\/p>\n<p><em>Conversa sobre los retos y posibles soluciones en el abasto de agua en la ciudad de M\u00e9xico<\/em><!--more--><\/p>\n<p>El director general del Sistema de Aguas de la Ciudad de M\u00e9xico (Sacmex), Ram\u00f3n Aguirre D\u00edaz, conversa esta noche con Horacio Urbano sobre los retos del gobierno para generar soluciones en torno a los rezagos hist\u00f3ricos y retos futuros en materia de suministro de agua.<\/p>\n<p>Analiza, en una pl\u00e1tica amena, la manera en la que se ha enfrentado este problema en diversas etapas de la ciudad y plantea las posibles soluciones que, de la mano con el apoyo de la ciudadan\u00eda, podr\u00edan permitir un mejor abasto del llamado \u201cliquido vital\u201d.<\/p>\n<p>Sintoniza Vivienda en Verde este martes 25 de agosto en punto de las 23:30 horas por Green TV a trav\u00e9s de los canales 410 de Izzi y 392 de Total Play; o puedes verlo v\u00eda internet en la p\u00e1gina greentv.com.mx<\/p>\n","protected":false},"excerpt":{"rendered":"<p>&nbsp; Conversa sobre los retos y posibles soluciones en el abasto de agua en la ciudad de M\u00e9xico<\/p>\n","protected":false},"author":77,"featured_media":22657,"comment_status":"open","ping_status":"closed","sticky":false,"template":"","format":"standard","meta":{"inline_featured_image":false,"footnotes":""},"categories":[80],"tags":[6205,277,606,2249,170,6204,1536,150],"class_list":["post-22656","post","type-post","status-publish","format-standard","has-post-thumbnail","hentry","category-actualidad","tag-abasto-de-agua-en-el-df","tag-agua","tag-cdmx","tag-green-tv","tag-horacio-urbano","tag-ramon-aguirre-diaz","tag-sacmex","tag-vivienda-en-verde-2"],"yoast_head":"<!-- This site is optimized with the Yoast SEO plugin v28.4 - https:\/\/yoast.com\/product\/yoast-seo-wordpress\/ -->\n<title>Ram\u00f3n Aguirre, director de Sacmex, en Vivienda en Verde -<\/title>\n<meta name=\"description\" content=\"&nbsp; Conversa sobre los retos y posibles soluciones en el abasto de agua en la ciudad de M\u00e9xico El director general del Sistema de Aguas de la Ciudad de\" \/>\n<meta name=\"robots\" content=\"index, follow, max-snippet:-1, max-image-preview:large, max-video-preview:-1\" \/>\n<link rel=\"canonical\" href=\"https:\/\/centrourbano.com\/revista\/actualidad\/esta-noche-ramon-aguirre-en-vivienda-en-verde\/\" \/>\n<meta property=\"og:locale\" content=\"es_ES\" \/>\n<meta property=\"og:type\" content=\"article\" \/>\n<meta property=\"og:title\" content=\"Ram\u00f3n Aguirre, director de Sacmex, en Vivienda en Verde -\" \/>\n<meta property=\"og:description\" content=\"&nbsp; Conversa sobre los retos y posibles soluciones en el abasto de agua en la ciudad de M\u00e9xico El director general del Sistema de Aguas de la Ciudad de\" \/>\n<meta property=\"og:url\" content=\"https:\/\/centrourbano.com\/revista\/actualidad\/esta-noche-ramon-aguirre-en-vivienda-en-verde\/\" \/>\n<meta property=\"og:site_name\" content=\"Centro Urbano\" \/>\n<meta property=\"article:publisher\" content=\"https:\/\/www.facebook.com\/portalcentrourbano\" \/>\n<meta property=\"article:published_time\" content=\"2015-08-25T16:22:19+00:00\" \/>\n<meta property=\"article:modified_time\" content=\"2015-09-15T16:19:24+00:00\" \/>\n<meta property=\"og:image\" content=\"https:\/\/centrourbano.com\/revista\/wp-content\/uploads\/DSCN8545.jpg\" \/>\n\t<meta property=\"og:image:width\" content=\"800\" \/>\n\t<meta property=\"og:image:height\" content=\"600\" \/>\n\t<meta property=\"og:image:type\" content=\"image\/jpeg\" \/>\n<meta name=\"author\" content=\"G4A\" \/>\n<meta name=\"twitter:card\" content=\"summary_large_image\" \/>\n<meta name=\"twitter:creator\" content=\"@CentroUrbano\" \/>\n<meta name=\"twitter:site\" content=\"@CentroUrbano\" \/>\n<meta name=\"twitter:label1\" content=\"Escrito por\" \/>\n\t<meta name=\"twitter:data1\" content=\"G4A\" \/>\n\t<meta name=\"twitter:label2\" content=\"Tiempo de lectura\" \/>\n\t<meta name=\"twitter:data2\" content=\"1 minuto\" \/>\n<script type=\"application\/ld+json\" class=\"yoast-schema-graph\">{\"@context\":\"https:\\\/\\\/schema.org\",\"@graph\":[{\"@type\":\"Article\",\"@id\":\"https:\\\/\\\/centrourbano.com\\\/revista\\\/actualidad\\\/esta-noche-ramon-aguirre-en-vivienda-en-verde\\\/#article\",\"isPartOf\":{\"@id\":\"https:\\\/\\\/centrourbano.com\\\/revista\\\/actualidad\\\/esta-noche-ramon-aguirre-en-vivienda-en-verde\\\/\"},\"author\":{\"name\":\"G4A\",\"@id\":\"https:\\\/\\\/centrourbano.com\\\/revista\\\/#\\\/schema\\\/person\\\/370fa0ba2d8dd5bde3fdb8b62ad360aa\"},\"headline\":\"Ram\u00f3n Aguirre, director de Sacmex, en Vivienda en Verde\",\"datePublished\":\"2015-08-25T16:22:19+00:00\",\"dateModified\":\"2015-09-15T16:19:24+00:00\",\"mainEntityOfPage\":{\"@id\":\"https:\\\/\\\/centrourbano.com\\\/revista\\\/actualidad\\\/esta-noche-ramon-aguirre-en-vivienda-en-verde\\\/\"},\"wordCount\":167,\"commentCount\":0,\"publisher\":{\"@id\":\"https:\\\/\\\/centrourbano.com\\\/revista\\\/#organization\"},\"image\":{\"@id\":\"https:\\\/\\\/centrourbano.com\\\/revista\\\/actualidad\\\/esta-noche-ramon-aguirre-en-vivienda-en-verde\\\/#primaryimage\"},\"thumbnailUrl\":\"https:\\\/\\\/centrourbano.com\\\/revista\\\/wp-content\\\/uploads\\\/DSCN8545.jpg\",\"keywords\":[\"abasto de agua en el DF\",\"agua\",\"CDMX\",\"Green TV\",\"Horacio Urbano\",\"Ram\u00f3n Aguirre D\u00edaz\",\"SACMEX\",\"Vivienda en Verde\"],\"articleSection\":[\"Actualidad\"],\"inLanguage\":\"es\"},{\"@type\":\"WebPage\",\"@id\":\"https:\\\/\\\/centrourbano.com\\\/revista\\\/actualidad\\\/esta-noche-ramon-aguirre-en-vivienda-en-verde\\\/\",\"url\":\"https:\\\/\\\/centrourbano.com\\\/revista\\\/actualidad\\\/esta-noche-ramon-aguirre-en-vivienda-en-verde\\\/\",\"name\":\"Ram\u00f3n Aguirre, director de Sacmex, en Vivienda en Verde -\",\"isPartOf\":{\"@id\":\"https:\\\/\\\/centrourbano.com\\\/revista\\\/#website\"},\"primaryImageOfPage\":{\"@id\":\"https:\\\/\\\/centrourbano.com\\\/revista\\\/actualidad\\\/esta-noche-ramon-aguirre-en-vivienda-en-verde\\\/#primaryimage\"},\"image\":{\"@id\":\"https:\\\/\\\/centrourbano.com\\\/revista\\\/actualidad\\\/esta-noche-ramon-aguirre-en-vivienda-en-verde\\\/#primaryimage\"},\"thumbnailUrl\":\"https:\\\/\\\/centrourbano.com\\\/revista\\\/wp-content\\\/uploads\\\/DSCN8545.jpg\",\"datePublished\":\"2015-08-25T16:22:19+00:00\",\"dateModified\":\"2015-09-15T16:19:24+00:00\",\"description\":\"&nbsp; Conversa sobre los retos y posibles soluciones en el abasto de agua en la ciudad de M\u00e9xico El director general del Sistema de Aguas de la Ciudad de\",\"breadcrumb\":{\"@id\":\"https:\\\/\\\/centrourbano.com\\\/revista\\\/actualidad\\\/esta-noche-ramon-aguirre-en-vivienda-en-verde\\\/#breadcrumb\"},\"inLanguage\":\"es\",\"potentialAction\":[{\"@type\":\"ReadAction\",\"target\":[\"https:\\\/\\\/centrourbano.com\\\/revista\\\/actualidad\\\/esta-noche-ramon-aguirre-en-vivienda-en-verde\\\/\"]}]},{\"@type\":\"ImageObject\",\"inLanguage\":\"es\",\"@id\":\"https:\\\/\\\/centrourbano.com\\\/revista\\\/actualidad\\\/esta-noche-ramon-aguirre-en-vivienda-en-verde\\\/#primaryimage\",\"url\":\"https:\\\/\\\/centrourbano.com\\\/revista\\\/wp-content\\\/uploads\\\/DSCN8545.jpg\",\"contentUrl\":\"https:\\\/\\\/centrourbano.com\\\/revista\\\/wp-content\\\/uploads\\\/DSCN8545.jpg\",\"width\":800,\"height\":600},{\"@type\":\"BreadcrumbList\",\"@id\":\"https:\\\/\\\/centrourbano.com\\\/revista\\\/actualidad\\\/esta-noche-ramon-aguirre-en-vivienda-en-verde\\\/#breadcrumb\",\"itemListElement\":[{\"@type\":\"ListItem\",\"position\":1,\"name\":\"Portada\",\"item\":\"https:\\\/\\\/centrourbano.com\\\/revista\\\/\"},{\"@type\":\"ListItem\",\"position\":2,\"name\":\"Ram\u00f3n Aguirre, director de Sacmex, en Vivienda en Verde\"}]},{\"@type\":\"WebSite\",\"@id\":\"https:\\\/\\\/centrourbano.com\\\/revista\\\/#website\",\"url\":\"https:\\\/\\\/centrourbano.com\\\/revista\\\/\",\"name\":\"Centro Urbano\",\"description\":\"Medio especializado en los sectores vivienda, inmobiliario, construcci\u00f3n, arquitectura y urbanismo.\",\"publisher\":{\"@id\":\"https:\\\/\\\/centrourbano.com\\\/revista\\\/#organization\"},\"potentialAction\":[{\"@type\":\"SearchAction\",\"target\":{\"@type\":\"EntryPoint\",\"urlTemplate\":\"https:\\\/\\\/centrourbano.com\\\/revista\\\/?s={search_term_string}\"},\"query-input\":{\"@type\":\"PropertyValueSpecification\",\"valueRequired\":true,\"valueName\":\"search_term_string\"}}],\"inLanguage\":\"es\"},{\"@type\":\"Organization\",\"@id\":\"https:\\\/\\\/centrourbano.com\\\/revista\\\/#organization\",\"name\":\"Centro Urbano\",\"url\":\"https:\\\/\\\/centrourbano.com\\\/revista\\\/\",\"logo\":{\"@type\":\"ImageObject\",\"inLanguage\":\"es\",\"@id\":\"https:\\\/\\\/centrourbano.com\\\/revista\\\/#\\\/schema\\\/logo\\\/image\\\/\",\"url\":\"https:\\\/\\\/centrourbano.com\\\/revista\\\/wp-content\\\/uploads\\\/web_CU_logo-1.png\",\"contentUrl\":\"https:\\\/\\\/centrourbano.com\\\/revista\\\/wp-content\\\/uploads\\\/web_CU_logo-1.png\",\"width\":350,\"height\":91,\"caption\":\"Centro Urbano\"},\"image\":{\"@id\":\"https:\\\/\\\/centrourbano.com\\\/revista\\\/#\\\/schema\\\/logo\\\/image\\\/\"},\"sameAs\":[\"https:\\\/\\\/www.facebook.com\\\/portalcentrourbano\",\"https:\\\/\\\/x.com\\\/CentroUrbano\",\"https:\\\/\\\/www.instagram.com\\\/centro_urbano\\\/\",\"https:\\\/\\\/www.linkedin.com\\\/company\\\/centro-urbano\\\/\",\"http:\\\/\\\/www.youtube.com\\\/user\\\/portalcentrourbano\"]},{\"@type\":\"Person\",\"@id\":\"https:\\\/\\\/centrourbano.com\\\/revista\\\/#\\\/schema\\\/person\\\/370fa0ba2d8dd5bde3fdb8b62ad360aa\",\"name\":\"G4A\",\"image\":{\"@type\":\"ImageObject\",\"inLanguage\":\"es\",\"@id\":\"https:\\\/\\\/secure.gravatar.com\\\/avatar\\\/932a97121b13d5de5bbd8193c6c83d3b92c9eda0f39623607d4280e7a5778d97?s=96&d=mm&r=g\",\"url\":\"https:\\\/\\\/secure.gravatar.com\\\/avatar\\\/932a97121b13d5de5bbd8193c6c83d3b92c9eda0f39623607d4280e7a5778d97?s=96&d=mm&r=g\",\"contentUrl\":\"https:\\\/\\\/secure.gravatar.com\\\/avatar\\\/932a97121b13d5de5bbd8193c6c83d3b92c9eda0f39623607d4280e7a5778d97?s=96&d=mm&r=g\",\"caption\":\"G4A\"},\"url\":\"https:\\\/\\\/centrourbano.com\\\/revista\\\/author\\\/admin-g4a\\\/\"}]}<\/script>\n<!-- \/ Yoast SEO plugin. -->","yoast_head_json":{"title":"Ram\u00f3n Aguirre, director de Sacmex, en Vivienda en Verde -","description":"&nbsp; Conversa sobre los retos y posibles soluciones en el abasto de agua en la ciudad de M\u00e9xico El director general del Sistema de Aguas de la Ciudad de","robots":{"index":"index","follow":"follow","max-snippet":"max-snippet:-1","max-image-preview":"max-image-preview:large","max-video-preview":"max-video-preview:-1"},"canonical":"https:\/\/centrourbano.com\/revista\/actualidad\/esta-noche-ramon-aguirre-en-vivienda-en-verde\/","og_locale":"es_ES","og_type":"article","og_title":"Ram\u00f3n Aguirre, director de Sacmex, en Vivienda en Verde -","og_description":"&nbsp; Conversa sobre los retos y posibles soluciones en el abasto de agua en la ciudad de M\u00e9xico El director general del Sistema de Aguas de la Ciudad de","og_url":"https:\/\/centrourbano.com\/revista\/actualidad\/esta-noche-ramon-aguirre-en-vivienda-en-verde\/","og_site_name":"Centro Urbano","article_publisher":"https:\/\/www.facebook.com\/portalcentrourbano","article_published_time":"2015-08-25T16:22:19+00:00","article_modified_time":"2015-09-15T16:19:24+00:00","og_image":[{"width":800,"height":600,"url":"https:\/\/centrourbano.com\/revista\/wp-content\/uploads\/DSCN8545.jpg","type":"image\/jpeg"}],"author":"G4A","twitter_card":"summary_large_image","twitter_creator":"@CentroUrbano","twitter_site":"@CentroUrbano","twitter_misc":{"Escrito por":"G4A","Tiempo de lectura":"1 minuto"},"schema":{"@context":"https:\/\/schema.org","@graph":[{"@type":"Article","@id":"https:\/\/centrourbano.com\/revista\/actualidad\/esta-noche-ramon-aguirre-en-vivienda-en-verde\/#article","isPartOf":{"@id":"https:\/\/centrourbano.com\/revista\/actualidad\/esta-noche-ramon-aguirre-en-vivienda-en-verde\/"},"author":{"name":"G4A","@id":"https:\/\/centrourbano.com\/revista\/#\/schema\/person\/370fa0ba2d8dd5bde3fdb8b62ad360aa"},"headline":"Ram\u00f3n Aguirre, director de Sacmex, en Vivienda en Verde","datePublished":"2015-08-25T16:22:19+00:00","dateModified":"2015-09-15T16:19:24+00:00","mainEntityOfPage":{"@id":"https:\/\/centrourbano.com\/revista\/actualidad\/esta-noche-ramon-aguirre-en-vivienda-en-verde\/"},"wordCount":167,"commentCount":0,"publisher":{"@id":"https:\/\/centrourbano.com\/revista\/#organization"},"image":{"@id":"https:\/\/centrourbano.com\/revista\/actualidad\/esta-noche-ramon-aguirre-en-vivienda-en-verde\/#primaryimage"},"thumbnailUrl":"https:\/\/centrourbano.com\/revista\/wp-content\/uploads\/DSCN8545.jpg","keywords":["abasto de agua en el DF","agua","CDMX","Green TV","Horacio Urbano","Ram\u00f3n Aguirre D\u00edaz","SACMEX","Vivienda en Verde"],"articleSection":["Actualidad"],"inLanguage":"es"},{"@type":"WebPage","@id":"https:\/\/centrourbano.com\/revista\/actualidad\/esta-noche-ramon-aguirre-en-vivienda-en-verde\/","url":"https:\/\/centrourbano.com\/revista\/actualidad\/esta-noche-ramon-aguirre-en-vivienda-en-verde\/","name":"Ram\u00f3n Aguirre, director de Sacmex, en Vivienda en Verde -","isPartOf":{"@id":"https:\/\/centrourbano.com\/revista\/#website"},"primaryImageOfPage":{"@id":"https:\/\/centrourbano.com\/revista\/actualidad\/esta-noche-ramon-aguirre-en-vivienda-en-verde\/#primaryimage"},"image":{"@id":"https:\/\/centrourbano.com\/revista\/actualidad\/esta-noche-ramon-aguirre-en-vivienda-en-verde\/#primaryimage"},"thumbnailUrl":"https:\/\/centrourbano.com\/revista\/wp-content\/uploads\/DSCN8545.jpg","datePublished":"2015-08-25T16:22:19+00:00","dateModified":"2015-09-15T16:19:24+00:00","description":"&nbsp; Conversa sobre los retos y posibles soluciones en el abasto de agua en la ciudad de M\u00e9xico El director general del Sistema de Aguas de la Ciudad de","breadcrumb":{"@id":"https:\/\/centrourbano.com\/revista\/actualidad\/esta-noche-ramon-aguirre-en-vivienda-en-verde\/#breadcrumb"},"inLanguage":"es","potentialAction":[{"@type":"ReadAction","target":["https:\/\/centrourbano.com\/revista\/actualidad\/esta-noche-ramon-aguirre-en-vivienda-en-verde\/"]}]},{"@type":"ImageObject","inLanguage":"es","@id":"https:\/\/centrourbano.com\/revista\/actualidad\/esta-noche-ramon-aguirre-en-vivienda-en-verde\/#primaryimage","url":"https:\/\/centrourbano.com\/revista\/wp-content\/uploads\/DSCN8545.jpg","contentUrl":"https:\/\/centrourbano.com\/revista\/wp-content\/uploads\/DSCN8545.jpg","width":800,"height":600},{"@type":"BreadcrumbList","@id":"https:\/\/centrourbano.com\/revista\/actualidad\/esta-noche-ramon-aguirre-en-vivienda-en-verde\/#breadcrumb","itemListElement":[{"@type":"ListItem","position":1,"name":"Portada","item":"https:\/\/centrourbano.com\/revista\/"},{"@type":"ListItem","position":2,"name":"Ram\u00f3n Aguirre, director de Sacmex, en Vivienda en Verde"}]},{"@type":"WebSite","@id":"https:\/\/centrourbano.com\/revista\/#website","url":"https:\/\/centrourbano.com\/revista\/","name":"Centro Urbano","description":"Medio especializado en los sectores vivienda, inmobiliario, construcci\u00f3n, arquitectura y urbanismo.","publisher":{"@id":"https:\/\/centrourbano.com\/revista\/#organization"},"potentialAction":[{"@type":"SearchAction","target":{"@type":"EntryPoint","urlTemplate":"https:\/\/centrourbano.com\/revista\/?s={search_term_string}"},"query-input":{"@type":"PropertyValueSpecification","valueRequired":true,"valueName":"search_term_string"}}],"inLanguage":"es"},{"@type":"Organization","@id":"https:\/\/centrourbano.com\/revista\/#organization","name":"Centro Urbano","url":"https:\/\/centrourbano.com\/revista\/","logo":{"@type":"ImageObject","inLanguage":"es","@id":"https:\/\/centrourbano.com\/revista\/#\/schema\/logo\/image\/","url":"https:\/\/centrourbano.com\/revista\/wp-content\/uploads\/web_CU_logo-1.png","contentUrl":"https:\/\/centrourbano.com\/revista\/wp-content\/uploads\/web_CU_logo-1.png","width":350,"height":91,"caption":"Centro Urbano"},"image":{"@id":"https:\/\/centrourbano.com\/revista\/#\/schema\/logo\/image\/"},"sameAs":["https:\/\/www.facebook.com\/portalcentrourbano","https:\/\/x.com\/CentroUrbano","https:\/\/www.instagram.com\/centro_urbano\/","https:\/\/www.linkedin.com\/company\/centro-urbano\/","http:\/\/www.youtube.com\/user\/portalcentrourbano"]},{"@type":"Person","@id":"https:\/\/centrourbano.com\/revista\/#\/schema\/person\/370fa0ba2d8dd5bde3fdb8b62ad360aa","name":"G4A","image":{"@type":"ImageObject","inLanguage":"es","@id":"https:\/\/secure.gravatar.com\/avatar\/932a97121b13d5de5bbd8193c6c83d3b92c9eda0f39623607d4280e7a5778d97?s=96&d=mm&r=g","url":"https:\/\/secure.gravatar.com\/avatar\/932a97121b13d5de5bbd8193c6c83d3b92c9eda0f39623607d4280e7a5778d97?s=96&d=mm&r=g","contentUrl":"https:\/\/secure.gravatar.com\/avatar\/932a97121b13d5de5bbd8193c6c83d3b92c9eda0f39623607d4280e7a5778d97?s=96&d=mm&r=g","caption":"G4A"},"url":"https:\/\/centrourbano.com\/revista\/author\/admin-g4a\/"}]}},"_links":{"self":[{"href":"https:\/\/centrourbano.com\/revista\/wp-json\/wp\/v2\/posts\/22656","targetHints":{"allow":["GET"]}}],"collection":[{"href":"https:\/\/centrourbano.com\/revista\/wp-json\/wp\/v2\/posts"}],"about":[{"href":"https:\/\/centrourbano.com\/revista\/wp-json\/wp\/v2\/types\/post"}],"author":[{"embeddable":true,"href":"https:\/\/centrourbano.com\/revista\/wp-json\/wp\/v2\/users\/77"}],"replies":[{"embeddable":true,"href":"https:\/\/centrourbano.com\/revista\/wp-json\/wp\/v2\/comments?post=22656"}],"version-history":[{"count":0,"href":"https:\/\/centrourbano.com\/revista\/wp-json\/wp\/v2\/posts\/22656\/revisions"}],"wp:featuredmedia":[{"embeddable":true,"href":"https:\/\/centrourbano.com\/revista\/wp-json\/wp\/v2\/media\/22657"}],"wp:attachment":[{"href":"https:\/\/centrourbano.com\/revista\/wp-json\/wp\/v2\/media?parent=22656"}],"wp:term":[{"taxonomy":"category","embeddable":true,"href":"https:\/\/centrourbano.com\/revista\/wp-json\/wp\/v2\/categories?post=22656"},{"taxonomy":"post_tag","embeddable":true,"href":"https:\/\/centrourbano.com\/revista\/wp-json\/wp\/v2\/tags?post=22656"}],"curies":[{"name":"wp","href":"https:\/\/api.w.org\/{rel}","templated":true}]}}