{"id":22649,"date":"2015-08-25T12:01:51","date_gmt":"2015-08-25T17:01:51","guid":{"rendered":"http:\/\/centrourbano.com\/?p=22649"},"modified":"2015-08-25T12:07:15","modified_gmt":"2015-08-25T17:07:15","slug":"accedera-fenosa-a-gasoductos-de-la-cfe-en-sonora-y-sinaloa","status":"publish","type":"post","link":"https:\/\/centrourbano.com\/revista\/construccion\/accedera-fenosa-a-gasoductos-de-la-cfe-en-sonora-y-sinaloa\/","title":{"rendered":"Acceder\u00e1 Fenosa a gasoductos de la CFE en Sonora y Sinaloa"},"content":{"rendered":"<p><em>La empresa espa\u00f1ola suministrar\u00e1 gas natural a\u00a0las zonas geogr\u00e1ficas de distribuci\u00f3n en las que ya opera, as\u00ed como en donde\u00a0extienda su servicio<\/em><\/p>\n<p><!--more--><\/p>\n<p>La Comisi\u00f3n Federal de Electricidad (CFE) firm\u00f3 un memor\u00e1ndum de entendimiento con Gas Natural Fenosa, para permitirle acceder a la creciente infraestructura de gasoductos que tiene en los estados de Sonora y Sinaloa, adem\u00e1s de\u00a0contar con un suministro constante del combustible a los precios hist\u00f3ricamente bajos que predominan en la regi\u00f3n de Am\u00e9rica del Norte.<\/p>\n<p>Adem\u00e1s, la empresa espa\u00f1ola suministrar\u00e1 gas natural a\u00a0las zonas geogr\u00e1ficas de distribuci\u00f3n en las que ya opera, as\u00ed como en donde\u00a0extienda su servicio.<\/p>\n<p>Cabe destacar que con dicho acuerdo se fortalece la\u00a0posici\u00f3n de\u00a0Gas Natural Fenosa en los planes de expansi\u00f3n en nuevas zonas de distribuci\u00f3n y ciclos combinados.<\/p>\n<p>Al respecto, el consejero delegado de Gas Natural Fenosa, Rafael Villaseca Marco, dijo que M\u00e9xico ya se ha consolidado como una de las econom\u00edas emergentes m\u00e1s estables y prometedoras y es pieza clave de la estrategia global de la empresa, por lo que este acuerdo les da mayores herramientas para seguir con su crecimiento.<\/p>\n","protected":false},"excerpt":{"rendered":"<p>La empresa espa\u00f1ola suministrar\u00e1 gas natural a\u00a0las zonas geogr\u00e1ficas de distribuci\u00f3n en las que ya opera, as\u00ed como en donde\u00a0extienda su servicio<\/p>\n","protected":false},"author":9,"featured_media":22665,"comment_status":"open","ping_status":"closed","sticky":false,"template":"","format":"standard","meta":{"om_disable_all_campaigns":false,"inline_featured_image":false,"_monsterinsights_skip_tracking":false,"_monsterinsights_sitenote_active":false,"_monsterinsights_sitenote_note":"","_monsterinsights_sitenote_category":0,"footnotes":""},"categories":[14],"tags":[],"class_list":["post-22649","post","type-post","status-publish","format-standard","has-post-thumbnail","hentry","category-construccion"],"yoast_head":"<!-- This site is optimized with the Yoast SEO plugin v27.4 - https:\/\/yoast.com\/product\/yoast-seo-wordpress\/ -->\n<title>Acceder\u00e1 Fenosa a gasoductos de la CFE en Sonora y Sinaloa -<\/title>\n<meta name=\"description\" content=\"La empresa espa\u00f1ola suministrar\u00e1 gas natural a\u00a0las zonas geogr\u00e1ficas de distribuci\u00f3n en las que ya opera, as\u00ed como en donde\u00a0extienda su servicio La\" \/>\n<meta name=\"robots\" content=\"index, follow, max-snippet:-1, max-image-preview:large, max-video-preview:-1\" \/>\n<link rel=\"canonical\" href=\"https:\/\/centrourbano.com\/revista\/construccion\/accedera-fenosa-a-gasoductos-de-la-cfe-en-sonora-y-sinaloa\/\" \/>\n<meta property=\"og:locale\" content=\"es_ES\" \/>\n<meta property=\"og:type\" content=\"article\" \/>\n<meta property=\"og:title\" content=\"Acceder\u00e1 Fenosa a gasoductos de la CFE en Sonora y Sinaloa -\" \/>\n<meta property=\"og:description\" content=\"La empresa espa\u00f1ola suministrar\u00e1 gas natural a\u00a0las zonas geogr\u00e1ficas de distribuci\u00f3n en las que ya opera, as\u00ed como en donde\u00a0extienda su servicio La\" \/>\n<meta property=\"og:url\" content=\"https:\/\/centrourbano.com\/revista\/construccion\/accedera-fenosa-a-gasoductos-de-la-cfe-en-sonora-y-sinaloa\/\" \/>\n<meta property=\"og:site_name\" content=\"Centro Urbano\" \/>\n<meta property=\"article:publisher\" content=\"https:\/\/www.facebook.com\/portalcentrourbano\" \/>\n<meta property=\"article:published_time\" content=\"2015-08-25T17:01:51+00:00\" \/>\n<meta property=\"article:modified_time\" content=\"2015-08-25T17:07:15+00:00\" \/>\n<meta property=\"og:image\" content=\"https:\/\/centrourbano.com\/revista\/wp-content\/uploads\/Gas-Natural-Fenosa.jpg\" \/>\n\t<meta property=\"og:image:width\" content=\"600\" \/>\n\t<meta property=\"og:image:height\" content=\"450\" \/>\n\t<meta property=\"og:image:type\" content=\"image\/jpeg\" \/>\n<meta name=\"author\" content=\"Dinorah Nava\" \/>\n<meta name=\"twitter:card\" content=\"summary_large_image\" \/>\n<meta name=\"twitter:creator\" content=\"@https:\/\/twitter.com\/Dinorah_Nava28\" \/>\n<meta name=\"twitter:site\" content=\"@CentroUrbano\" \/>\n<meta name=\"twitter:label1\" content=\"Escrito por\" \/>\n\t<meta name=\"twitter:data1\" content=\"Dinorah Nava\" \/>\n\t<meta name=\"twitter:label2\" content=\"Tiempo de lectura\" \/>\n\t<meta name=\"twitter:data2\" content=\"1 minuto\" \/>\n<script type=\"application\/ld+json\" class=\"yoast-schema-graph\">{\"@context\":\"https:\\\/\\\/schema.org\",\"@graph\":[{\"@type\":\"Article\",\"@id\":\"https:\\\/\\\/centrourbano.com\\\/revista\\\/construccion\\\/accedera-fenosa-a-gasoductos-de-la-cfe-en-sonora-y-sinaloa\\\/#article\",\"isPartOf\":{\"@id\":\"https:\\\/\\\/centrourbano.com\\\/revista\\\/construccion\\\/accedera-fenosa-a-gasoductos-de-la-cfe-en-sonora-y-sinaloa\\\/\"},\"author\":{\"name\":\"Dinorah Nava\",\"@id\":\"https:\\\/\\\/centrourbano.com\\\/revista\\\/#\\\/schema\\\/person\\\/b45db815d96831257ba428a3d5a5fbdc\"},\"headline\":\"Acceder\u00e1 Fenosa a gasoductos de la CFE en Sonora y Sinaloa\",\"datePublished\":\"2015-08-25T17:01:51+00:00\",\"dateModified\":\"2015-08-25T17:07:15+00:00\",\"mainEntityOfPage\":{\"@id\":\"https:\\\/\\\/centrourbano.com\\\/revista\\\/construccion\\\/accedera-fenosa-a-gasoductos-de-la-cfe-en-sonora-y-sinaloa\\\/\"},\"wordCount\":216,\"commentCount\":0,\"publisher\":{\"@id\":\"https:\\\/\\\/centrourbano.com\\\/revista\\\/#organization\"},\"image\":{\"@id\":\"https:\\\/\\\/centrourbano.com\\\/revista\\\/construccion\\\/accedera-fenosa-a-gasoductos-de-la-cfe-en-sonora-y-sinaloa\\\/#primaryimage\"},\"thumbnailUrl\":\"https:\\\/\\\/centrourbano.com\\\/revista\\\/wp-content\\\/uploads\\\/Gas-Natural-Fenosa.jpg\",\"articleSection\":[\"Construcci\u00f3n\"],\"inLanguage\":\"es\",\"potentialAction\":[{\"@type\":\"CommentAction\",\"name\":\"Comment\",\"target\":[\"https:\\\/\\\/centrourbano.com\\\/revista\\\/construccion\\\/accedera-fenosa-a-gasoductos-de-la-cfe-en-sonora-y-sinaloa\\\/#respond\"]}]},{\"@type\":\"WebPage\",\"@id\":\"https:\\\/\\\/centrourbano.com\\\/revista\\\/construccion\\\/accedera-fenosa-a-gasoductos-de-la-cfe-en-sonora-y-sinaloa\\\/\",\"url\":\"https:\\\/\\\/centrourbano.com\\\/revista\\\/construccion\\\/accedera-fenosa-a-gasoductos-de-la-cfe-en-sonora-y-sinaloa\\\/\",\"name\":\"Acceder\u00e1 Fenosa a gasoductos de la CFE en Sonora y Sinaloa -\",\"isPartOf\":{\"@id\":\"https:\\\/\\\/centrourbano.com\\\/revista\\\/#website\"},\"primaryImageOfPage\":{\"@id\":\"https:\\\/\\\/centrourbano.com\\\/revista\\\/construccion\\\/accedera-fenosa-a-gasoductos-de-la-cfe-en-sonora-y-sinaloa\\\/#primaryimage\"},\"image\":{\"@id\":\"https:\\\/\\\/centrourbano.com\\\/revista\\\/construccion\\\/accedera-fenosa-a-gasoductos-de-la-cfe-en-sonora-y-sinaloa\\\/#primaryimage\"},\"thumbnailUrl\":\"https:\\\/\\\/centrourbano.com\\\/revista\\\/wp-content\\\/uploads\\\/Gas-Natural-Fenosa.jpg\",\"datePublished\":\"2015-08-25T17:01:51+00:00\",\"dateModified\":\"2015-08-25T17:07:15+00:00\",\"description\":\"La empresa espa\u00f1ola suministrar\u00e1 gas natural a\u00a0las zonas geogr\u00e1ficas de distribuci\u00f3n en las que ya opera, as\u00ed como en donde\u00a0extienda su servicio La\",\"breadcrumb\":{\"@id\":\"https:\\\/\\\/centrourbano.com\\\/revista\\\/construccion\\\/accedera-fenosa-a-gasoductos-de-la-cfe-en-sonora-y-sinaloa\\\/#breadcrumb\"},\"inLanguage\":\"es\",\"potentialAction\":[{\"@type\":\"ReadAction\",\"target\":[\"https:\\\/\\\/centrourbano.com\\\/revista\\\/construccion\\\/accedera-fenosa-a-gasoductos-de-la-cfe-en-sonora-y-sinaloa\\\/\"]}]},{\"@type\":\"ImageObject\",\"inLanguage\":\"es\",\"@id\":\"https:\\\/\\\/centrourbano.com\\\/revista\\\/construccion\\\/accedera-fenosa-a-gasoductos-de-la-cfe-en-sonora-y-sinaloa\\\/#primaryimage\",\"url\":\"https:\\\/\\\/centrourbano.com\\\/revista\\\/wp-content\\\/uploads\\\/Gas-Natural-Fenosa.jpg\",\"contentUrl\":\"https:\\\/\\\/centrourbano.com\\\/revista\\\/wp-content\\\/uploads\\\/Gas-Natural-Fenosa.jpg\",\"width\":600,\"height\":450},{\"@type\":\"BreadcrumbList\",\"@id\":\"https:\\\/\\\/centrourbano.com\\\/revista\\\/construccion\\\/accedera-fenosa-a-gasoductos-de-la-cfe-en-sonora-y-sinaloa\\\/#breadcrumb\",\"itemListElement\":[{\"@type\":\"ListItem\",\"position\":1,\"name\":\"Portada\",\"item\":\"https:\\\/\\\/centrourbano.com\\\/revista\\\/\"},{\"@type\":\"ListItem\",\"position\":2,\"name\":\"Acceder\u00e1 Fenosa a gasoductos de la CFE en Sonora y Sinaloa\"}]},{\"@type\":\"WebSite\",\"@id\":\"https:\\\/\\\/centrourbano.com\\\/revista\\\/#website\",\"url\":\"https:\\\/\\\/centrourbano.com\\\/revista\\\/\",\"name\":\"Centro Urbano\",\"description\":\"Medio especializado en los sectores vivienda, inmobiliario, construcci\u00f3n, arquitectura y urbanismo.\",\"publisher\":{\"@id\":\"https:\\\/\\\/centrourbano.com\\\/revista\\\/#organization\"},\"potentialAction\":[{\"@type\":\"SearchAction\",\"target\":{\"@type\":\"EntryPoint\",\"urlTemplate\":\"https:\\\/\\\/centrourbano.com\\\/revista\\\/?s={search_term_string}\"},\"query-input\":{\"@type\":\"PropertyValueSpecification\",\"valueRequired\":true,\"valueName\":\"search_term_string\"}}],\"inLanguage\":\"es\"},{\"@type\":\"Organization\",\"@id\":\"https:\\\/\\\/centrourbano.com\\\/revista\\\/#organization\",\"name\":\"Centro Urbano\",\"url\":\"https:\\\/\\\/centrourbano.com\\\/revista\\\/\",\"logo\":{\"@type\":\"ImageObject\",\"inLanguage\":\"es\",\"@id\":\"https:\\\/\\\/centrourbano.com\\\/revista\\\/#\\\/schema\\\/logo\\\/image\\\/\",\"url\":\"https:\\\/\\\/centrourbano.com\\\/revista\\\/wp-content\\\/uploads\\\/web_CU_logo-1.png\",\"contentUrl\":\"https:\\\/\\\/centrourbano.com\\\/revista\\\/wp-content\\\/uploads\\\/web_CU_logo-1.png\",\"width\":350,\"height\":91,\"caption\":\"Centro Urbano\"},\"image\":{\"@id\":\"https:\\\/\\\/centrourbano.com\\\/revista\\\/#\\\/schema\\\/logo\\\/image\\\/\"},\"sameAs\":[\"https:\\\/\\\/www.facebook.com\\\/portalcentrourbano\",\"https:\\\/\\\/x.com\\\/CentroUrbano\",\"https:\\\/\\\/www.instagram.com\\\/centro_urbano\\\/\",\"https:\\\/\\\/www.linkedin.com\\\/company\\\/centro-urbano\\\/\",\"http:\\\/\\\/www.youtube.com\\\/user\\\/portalcentrourbano\"]},{\"@type\":\"Person\",\"@id\":\"https:\\\/\\\/centrourbano.com\\\/revista\\\/#\\\/schema\\\/person\\\/b45db815d96831257ba428a3d5a5fbdc\",\"name\":\"Dinorah Nava\",\"image\":{\"@type\":\"ImageObject\",\"inLanguage\":\"es\",\"@id\":\"https:\\\/\\\/secure.gravatar.com\\\/avatar\\\/f6ca6430c51d147f363940f84e1225aa4b8183885c11802cc3b042305a4ecc1a?s=96&d=mm&r=g\",\"url\":\"https:\\\/\\\/secure.gravatar.com\\\/avatar\\\/f6ca6430c51d147f363940f84e1225aa4b8183885c11802cc3b042305a4ecc1a?s=96&d=mm&r=g\",\"contentUrl\":\"https:\\\/\\\/secure.gravatar.com\\\/avatar\\\/f6ca6430c51d147f363940f84e1225aa4b8183885c11802cc3b042305a4ecc1a?s=96&d=mm&r=g\",\"caption\":\"Dinorah Nava\"},\"description\":\"Editora de Contenidos y Estrategias Digitales en Centro Urbano y Coeditora en Peri\u00f3dico Mi Casa. Egresada de la licenciatura en Comunicaci\u00f3n y Periodismo de la Facultad de Estudios Superiores Arag\u00f3n (UNAM). Amante de la edici\u00f3n y correcci\u00f3n de estilo, las redes sociales y el mundo digital. Especialista en temas son arquitectura, inmobiliario y urbanismo.\",\"sameAs\":[\"linkedin.com\\\/in\\\/dinorah-nava\",\"https:\\\/\\\/x.com\\\/https:\\\/\\\/twitter.com\\\/Dinorah_Nava28\"],\"url\":\"https:\\\/\\\/centrourbano.com\\\/revista\\\/author\\\/dinorah-nava\\\/\"}]}<\/script>\n<!-- \/ Yoast SEO plugin. -->","yoast_head_json":{"title":"Acceder\u00e1 Fenosa a gasoductos de la CFE en Sonora y Sinaloa -","description":"La empresa espa\u00f1ola suministrar\u00e1 gas natural a\u00a0las zonas geogr\u00e1ficas de distribuci\u00f3n en las que ya opera, as\u00ed como en donde\u00a0extienda su servicio La","robots":{"index":"index","follow":"follow","max-snippet":"max-snippet:-1","max-image-preview":"max-image-preview:large","max-video-preview":"max-video-preview:-1"},"canonical":"https:\/\/centrourbano.com\/revista\/construccion\/accedera-fenosa-a-gasoductos-de-la-cfe-en-sonora-y-sinaloa\/","og_locale":"es_ES","og_type":"article","og_title":"Acceder\u00e1 Fenosa a gasoductos de la CFE en Sonora y Sinaloa -","og_description":"La empresa espa\u00f1ola suministrar\u00e1 gas natural a\u00a0las zonas geogr\u00e1ficas de distribuci\u00f3n en las que ya opera, as\u00ed como en donde\u00a0extienda su servicio La","og_url":"https:\/\/centrourbano.com\/revista\/construccion\/accedera-fenosa-a-gasoductos-de-la-cfe-en-sonora-y-sinaloa\/","og_site_name":"Centro Urbano","article_publisher":"https:\/\/www.facebook.com\/portalcentrourbano","article_published_time":"2015-08-25T17:01:51+00:00","article_modified_time":"2015-08-25T17:07:15+00:00","og_image":[{"width":600,"height":450,"url":"https:\/\/centrourbano.com\/revista\/wp-content\/uploads\/Gas-Natural-Fenosa.jpg","type":"image\/jpeg"}],"author":"Dinorah Nava","twitter_card":"summary_large_image","twitter_creator":"@https:\/\/twitter.com\/Dinorah_Nava28","twitter_site":"@CentroUrbano","twitter_misc":{"Escrito por":"Dinorah Nava","Tiempo de lectura":"1 minuto"},"schema":{"@context":"https:\/\/schema.org","@graph":[{"@type":"Article","@id":"https:\/\/centrourbano.com\/revista\/construccion\/accedera-fenosa-a-gasoductos-de-la-cfe-en-sonora-y-sinaloa\/#article","isPartOf":{"@id":"https:\/\/centrourbano.com\/revista\/construccion\/accedera-fenosa-a-gasoductos-de-la-cfe-en-sonora-y-sinaloa\/"},"author":{"name":"Dinorah Nava","@id":"https:\/\/centrourbano.com\/revista\/#\/schema\/person\/b45db815d96831257ba428a3d5a5fbdc"},"headline":"Acceder\u00e1 Fenosa a gasoductos de la CFE en Sonora y Sinaloa","datePublished":"2015-08-25T17:01:51+00:00","dateModified":"2015-08-25T17:07:15+00:00","mainEntityOfPage":{"@id":"https:\/\/centrourbano.com\/revista\/construccion\/accedera-fenosa-a-gasoductos-de-la-cfe-en-sonora-y-sinaloa\/"},"wordCount":216,"commentCount":0,"publisher":{"@id":"https:\/\/centrourbano.com\/revista\/#organization"},"image":{"@id":"https:\/\/centrourbano.com\/revista\/construccion\/accedera-fenosa-a-gasoductos-de-la-cfe-en-sonora-y-sinaloa\/#primaryimage"},"thumbnailUrl":"https:\/\/centrourbano.com\/revista\/wp-content\/uploads\/Gas-Natural-Fenosa.jpg","articleSection":["Construcci\u00f3n"],"inLanguage":"es","potentialAction":[{"@type":"CommentAction","name":"Comment","target":["https:\/\/centrourbano.com\/revista\/construccion\/accedera-fenosa-a-gasoductos-de-la-cfe-en-sonora-y-sinaloa\/#respond"]}]},{"@type":"WebPage","@id":"https:\/\/centrourbano.com\/revista\/construccion\/accedera-fenosa-a-gasoductos-de-la-cfe-en-sonora-y-sinaloa\/","url":"https:\/\/centrourbano.com\/revista\/construccion\/accedera-fenosa-a-gasoductos-de-la-cfe-en-sonora-y-sinaloa\/","name":"Acceder\u00e1 Fenosa a gasoductos de la CFE en Sonora y Sinaloa -","isPartOf":{"@id":"https:\/\/centrourbano.com\/revista\/#website"},"primaryImageOfPage":{"@id":"https:\/\/centrourbano.com\/revista\/construccion\/accedera-fenosa-a-gasoductos-de-la-cfe-en-sonora-y-sinaloa\/#primaryimage"},"image":{"@id":"https:\/\/centrourbano.com\/revista\/construccion\/accedera-fenosa-a-gasoductos-de-la-cfe-en-sonora-y-sinaloa\/#primaryimage"},"thumbnailUrl":"https:\/\/centrourbano.com\/revista\/wp-content\/uploads\/Gas-Natural-Fenosa.jpg","datePublished":"2015-08-25T17:01:51+00:00","dateModified":"2015-08-25T17:07:15+00:00","description":"La empresa espa\u00f1ola suministrar\u00e1 gas natural a\u00a0las zonas geogr\u00e1ficas de distribuci\u00f3n en las que ya opera, as\u00ed como en donde\u00a0extienda su servicio La","breadcrumb":{"@id":"https:\/\/centrourbano.com\/revista\/construccion\/accedera-fenosa-a-gasoductos-de-la-cfe-en-sonora-y-sinaloa\/#breadcrumb"},"inLanguage":"es","potentialAction":[{"@type":"ReadAction","target":["https:\/\/centrourbano.com\/revista\/construccion\/accedera-fenosa-a-gasoductos-de-la-cfe-en-sonora-y-sinaloa\/"]}]},{"@type":"ImageObject","inLanguage":"es","@id":"https:\/\/centrourbano.com\/revista\/construccion\/accedera-fenosa-a-gasoductos-de-la-cfe-en-sonora-y-sinaloa\/#primaryimage","url":"https:\/\/centrourbano.com\/revista\/wp-content\/uploads\/Gas-Natural-Fenosa.jpg","contentUrl":"https:\/\/centrourbano.com\/revista\/wp-content\/uploads\/Gas-Natural-Fenosa.jpg","width":600,"height":450},{"@type":"BreadcrumbList","@id":"https:\/\/centrourbano.com\/revista\/construccion\/accedera-fenosa-a-gasoductos-de-la-cfe-en-sonora-y-sinaloa\/#breadcrumb","itemListElement":[{"@type":"ListItem","position":1,"name":"Portada","item":"https:\/\/centrourbano.com\/revista\/"},{"@type":"ListItem","position":2,"name":"Acceder\u00e1 Fenosa a gasoductos de la CFE en Sonora y Sinaloa"}]},{"@type":"WebSite","@id":"https:\/\/centrourbano.com\/revista\/#website","url":"https:\/\/centrourbano.com\/revista\/","name":"Centro Urbano","description":"Medio especializado en los sectores vivienda, inmobiliario, construcci\u00f3n, arquitectura y urbanismo.","publisher":{"@id":"https:\/\/centrourbano.com\/revista\/#organization"},"potentialAction":[{"@type":"SearchAction","target":{"@type":"EntryPoint","urlTemplate":"https:\/\/centrourbano.com\/revista\/?s={search_term_string}"},"query-input":{"@type":"PropertyValueSpecification","valueRequired":true,"valueName":"search_term_string"}}],"inLanguage":"es"},{"@type":"Organization","@id":"https:\/\/centrourbano.com\/revista\/#organization","name":"Centro Urbano","url":"https:\/\/centrourbano.com\/revista\/","logo":{"@type":"ImageObject","inLanguage":"es","@id":"https:\/\/centrourbano.com\/revista\/#\/schema\/logo\/image\/","url":"https:\/\/centrourbano.com\/revista\/wp-content\/uploads\/web_CU_logo-1.png","contentUrl":"https:\/\/centrourbano.com\/revista\/wp-content\/uploads\/web_CU_logo-1.png","width":350,"height":91,"caption":"Centro Urbano"},"image":{"@id":"https:\/\/centrourbano.com\/revista\/#\/schema\/logo\/image\/"},"sameAs":["https:\/\/www.facebook.com\/portalcentrourbano","https:\/\/x.com\/CentroUrbano","https:\/\/www.instagram.com\/centro_urbano\/","https:\/\/www.linkedin.com\/company\/centro-urbano\/","http:\/\/www.youtube.com\/user\/portalcentrourbano"]},{"@type":"Person","@id":"https:\/\/centrourbano.com\/revista\/#\/schema\/person\/b45db815d96831257ba428a3d5a5fbdc","name":"Dinorah Nava","image":{"@type":"ImageObject","inLanguage":"es","@id":"https:\/\/secure.gravatar.com\/avatar\/f6ca6430c51d147f363940f84e1225aa4b8183885c11802cc3b042305a4ecc1a?s=96&d=mm&r=g","url":"https:\/\/secure.gravatar.com\/avatar\/f6ca6430c51d147f363940f84e1225aa4b8183885c11802cc3b042305a4ecc1a?s=96&d=mm&r=g","contentUrl":"https:\/\/secure.gravatar.com\/avatar\/f6ca6430c51d147f363940f84e1225aa4b8183885c11802cc3b042305a4ecc1a?s=96&d=mm&r=g","caption":"Dinorah Nava"},"description":"Editora de Contenidos y Estrategias Digitales en Centro Urbano y Coeditora en Peri\u00f3dico Mi Casa. Egresada de la licenciatura en Comunicaci\u00f3n y Periodismo de la Facultad de Estudios Superiores Arag\u00f3n (UNAM). Amante de la edici\u00f3n y correcci\u00f3n de estilo, las redes sociales y el mundo digital. Especialista en temas son arquitectura, inmobiliario y urbanismo.","sameAs":["linkedin.com\/in\/dinorah-nava","https:\/\/x.com\/https:\/\/twitter.com\/Dinorah_Nava28"],"url":"https:\/\/centrourbano.com\/revista\/author\/dinorah-nava\/"}]}},"_links":{"self":[{"href":"https:\/\/centrourbano.com\/revista\/wp-json\/wp\/v2\/posts\/22649","targetHints":{"allow":["GET"]}}],"collection":[{"href":"https:\/\/centrourbano.com\/revista\/wp-json\/wp\/v2\/posts"}],"about":[{"href":"https:\/\/centrourbano.com\/revista\/wp-json\/wp\/v2\/types\/post"}],"author":[{"embeddable":true,"href":"https:\/\/centrourbano.com\/revista\/wp-json\/wp\/v2\/users\/9"}],"replies":[{"embeddable":true,"href":"https:\/\/centrourbano.com\/revista\/wp-json\/wp\/v2\/comments?post=22649"}],"version-history":[{"count":0,"href":"https:\/\/centrourbano.com\/revista\/wp-json\/wp\/v2\/posts\/22649\/revisions"}],"wp:featuredmedia":[{"embeddable":true,"href":"https:\/\/centrourbano.com\/revista\/wp-json\/wp\/v2\/media\/22665"}],"wp:attachment":[{"href":"https:\/\/centrourbano.com\/revista\/wp-json\/wp\/v2\/media?parent=22649"}],"wp:term":[{"taxonomy":"category","embeddable":true,"href":"https:\/\/centrourbano.com\/revista\/wp-json\/wp\/v2\/categories?post=22649"},{"taxonomy":"post_tag","embeddable":true,"href":"https:\/\/centrourbano.com\/revista\/wp-json\/wp\/v2\/tags?post=22649"}],"curies":[{"name":"wp","href":"https:\/\/api.w.org\/{rel}","templated":true}]}}