{"id":22521,"date":"2015-08-20T12:57:23","date_gmt":"2015-08-20T17:57:23","guid":{"rendered":"http:\/\/centrourbano.com\/?p=22521"},"modified":"2015-08-20T12:57:23","modified_gmt":"2015-08-20T17:57:23","slug":"sedatu-reduce-procesos-para-construccion-de-vivienda","status":"publish","type":"post","link":"https:\/\/centrourbano.com\/revista\/vivienda\/sedatu-reduce-procesos-para-construccion-de-vivienda\/","title":{"rendered":"Sedatu reduce procesos para construcci\u00f3n de vivienda"},"content":{"rendered":"<p><em>Ha disminuido 7.2% el periodo que tarda construir y vender la obra<\/em><\/p>\n<p><!--more--><\/p>\n<p>La Secretar\u00eda de Desarrollo Agrario, Territorial y Urbano (Sedatu), a trav\u00e9s de la Comisi\u00f3n Nacional de Vivienda (Conavi), ha trabajado con la Comisi\u00f3n Federal de Mejora Regulatoria (Cofemer) y los estados con el objetivo de reducir costos y tiempos en tr\u00e1mites de licencias y permisos. Gracias a estos esfuerzos, se ha llegado a disminuir 7.2% el periodo que le lleva a las desarrolladoras construir y vender la vivienda en beneficio de las familias mexicanas.<\/p>\n<p>Paloma Silva de Anzorena, directora general de la Conavi, destac\u00f3 que el titular de Sedatu, Jes\u00fas Murillo Karam, instruy\u00f3 a los Organismos Nacionales de Vivienda (Onavis) para ampliar la gama de productos y as\u00ed reducir los tiempos a partir de que se compran las reservas de tierra hasta que se individualizan con la construcci\u00f3n y venta hogares.<\/p>\n<p>De 426 d\u00edas que se invert\u00edan desde que empezaban las obras de construcci\u00f3n de una casa, el proceso de preparaci\u00f3n del suelo en bre\u00f1a, hasta que se terminaba y se vend\u00eda, ahora solo tiene una duraci\u00f3n de 395 d\u00edas.<\/p>\n<p>De igual manera, con estas acciones, tambi\u00e9n disminuyen los tiempos en que se desplazan los inventarios de la industria, lo cual significa que ahora existen mayores facilidades para la construcci\u00f3n de vivienda en el pa\u00eds.<\/p>\n","protected":false},"excerpt":{"rendered":"<p>Ha disminuido 7.2% el periodo que tarda construir y vender la obra<\/p>\n","protected":false},"author":1,"featured_media":22522,"comment_status":"open","ping_status":"closed","sticky":false,"template":"","format":"standard","meta":{"om_disable_all_campaigns":false,"inline_featured_image":false,"_monsterinsights_skip_tracking":false,"_monsterinsights_sitenote_active":false,"_monsterinsights_sitenote_note":"","_monsterinsights_sitenote_category":0,"footnotes":""},"categories":[12],"tags":[6157,376,4502,1523,537,105,60],"class_list":["post-22521","post","type-post","status-publish","format-standard","has-post-thumbnail","hentry","category-vivienda","tag-cofemer","tag-conavi","tag-jesus-murillo-karam","tag-onavis","tag-paloma-silva-de-anzorena","tag-sedatu","tag-vivienda-2"],"yoast_head":"<!-- This site is optimized with the Yoast SEO plugin v27.4 - https:\/\/yoast.com\/product\/yoast-seo-wordpress\/ -->\n<title>Sedatu reduce procesos para construcci\u00f3n de vivienda -<\/title>\n<meta name=\"description\" content=\"Ha disminuido 7.2% el periodo que tarda construir y vender la obra La Secretar\u00eda de Desarrollo Agrario, Territorial y Urbano (Sedatu), a trav\u00e9s de la\" \/>\n<meta name=\"robots\" content=\"index, follow, max-snippet:-1, max-image-preview:large, max-video-preview:-1\" \/>\n<link rel=\"canonical\" href=\"https:\/\/centrourbano.com\/revista\/vivienda\/sedatu-reduce-procesos-para-construccion-de-vivienda\/\" \/>\n<meta property=\"og:locale\" content=\"es_ES\" \/>\n<meta property=\"og:type\" content=\"article\" \/>\n<meta property=\"og:title\" content=\"Sedatu reduce procesos para construcci\u00f3n de vivienda -\" \/>\n<meta property=\"og:description\" content=\"Ha disminuido 7.2% el periodo que tarda construir y vender la obra La Secretar\u00eda de Desarrollo Agrario, Territorial y Urbano (Sedatu), a trav\u00e9s de la\" \/>\n<meta property=\"og:url\" content=\"https:\/\/centrourbano.com\/revista\/vivienda\/sedatu-reduce-procesos-para-construccion-de-vivienda\/\" \/>\n<meta property=\"og:site_name\" content=\"Centro Urbano\" \/>\n<meta property=\"article:publisher\" content=\"https:\/\/www.facebook.com\/portalcentrourbano\" \/>\n<meta property=\"article:published_time\" content=\"2015-08-20T17:57:23+00:00\" \/>\n<meta property=\"og:image\" content=\"https:\/\/centrourbano.com\/revista\/wp-content\/uploads\/IMG_5346.jpg\" \/>\n\t<meta property=\"og:image:width\" content=\"700\" \/>\n\t<meta property=\"og:image:height\" content=\"467\" \/>\n\t<meta property=\"og:image:type\" content=\"image\/jpeg\" \/>\n<meta name=\"author\" content=\"BlogCU 2022\" \/>\n<meta name=\"twitter:card\" content=\"summary_large_image\" \/>\n<meta name=\"twitter:creator\" content=\"@CentroUrbano\" \/>\n<meta name=\"twitter:site\" content=\"@CentroUrbano\" \/>\n<meta name=\"twitter:label1\" content=\"Escrito por\" \/>\n\t<meta name=\"twitter:data1\" content=\"BlogCU 2022\" \/>\n\t<meta name=\"twitter:label2\" content=\"Tiempo de lectura\" \/>\n\t<meta name=\"twitter:data2\" content=\"1 minuto\" \/>\n<script type=\"application\/ld+json\" class=\"yoast-schema-graph\">{\"@context\":\"https:\\\/\\\/schema.org\",\"@graph\":[{\"@type\":\"Article\",\"@id\":\"https:\\\/\\\/centrourbano.com\\\/revista\\\/vivienda\\\/sedatu-reduce-procesos-para-construccion-de-vivienda\\\/#article\",\"isPartOf\":{\"@id\":\"https:\\\/\\\/centrourbano.com\\\/revista\\\/vivienda\\\/sedatu-reduce-procesos-para-construccion-de-vivienda\\\/\"},\"author\":{\"name\":\"BlogCU 2022\",\"@id\":\"https:\\\/\\\/centrourbano.com\\\/revista\\\/#\\\/schema\\\/person\\\/26c0ab2d8952e32eb17ccf62f8e88ce6\"},\"headline\":\"Sedatu reduce procesos para construcci\u00f3n de vivienda\",\"datePublished\":\"2015-08-20T17:57:23+00:00\",\"mainEntityOfPage\":{\"@id\":\"https:\\\/\\\/centrourbano.com\\\/revista\\\/vivienda\\\/sedatu-reduce-procesos-para-construccion-de-vivienda\\\/\"},\"wordCount\":239,\"commentCount\":0,\"publisher\":{\"@id\":\"https:\\\/\\\/centrourbano.com\\\/revista\\\/#organization\"},\"image\":{\"@id\":\"https:\\\/\\\/centrourbano.com\\\/revista\\\/vivienda\\\/sedatu-reduce-procesos-para-construccion-de-vivienda\\\/#primaryimage\"},\"thumbnailUrl\":\"https:\\\/\\\/centrourbano.com\\\/revista\\\/wp-content\\\/uploads\\\/IMG_5346.jpg\",\"keywords\":[\"Cofemer\",\"Conavi\",\"Jes\u00fas Murillo Karam\",\"Onavis\",\"Paloma Silva de Anzorena\",\"Sedatu\",\"vivienda\"],\"articleSection\":[\"Vivienda\"],\"inLanguage\":\"es\",\"potentialAction\":[{\"@type\":\"CommentAction\",\"name\":\"Comment\",\"target\":[\"https:\\\/\\\/centrourbano.com\\\/revista\\\/vivienda\\\/sedatu-reduce-procesos-para-construccion-de-vivienda\\\/#respond\"]}]},{\"@type\":\"WebPage\",\"@id\":\"https:\\\/\\\/centrourbano.com\\\/revista\\\/vivienda\\\/sedatu-reduce-procesos-para-construccion-de-vivienda\\\/\",\"url\":\"https:\\\/\\\/centrourbano.com\\\/revista\\\/vivienda\\\/sedatu-reduce-procesos-para-construccion-de-vivienda\\\/\",\"name\":\"Sedatu reduce procesos para construcci\u00f3n de vivienda -\",\"isPartOf\":{\"@id\":\"https:\\\/\\\/centrourbano.com\\\/revista\\\/#website\"},\"primaryImageOfPage\":{\"@id\":\"https:\\\/\\\/centrourbano.com\\\/revista\\\/vivienda\\\/sedatu-reduce-procesos-para-construccion-de-vivienda\\\/#primaryimage\"},\"image\":{\"@id\":\"https:\\\/\\\/centrourbano.com\\\/revista\\\/vivienda\\\/sedatu-reduce-procesos-para-construccion-de-vivienda\\\/#primaryimage\"},\"thumbnailUrl\":\"https:\\\/\\\/centrourbano.com\\\/revista\\\/wp-content\\\/uploads\\\/IMG_5346.jpg\",\"datePublished\":\"2015-08-20T17:57:23+00:00\",\"description\":\"Ha disminuido 7.2% el periodo que tarda construir y vender la obra La Secretar\u00eda de Desarrollo Agrario, Territorial y Urbano (Sedatu), a trav\u00e9s de la\",\"breadcrumb\":{\"@id\":\"https:\\\/\\\/centrourbano.com\\\/revista\\\/vivienda\\\/sedatu-reduce-procesos-para-construccion-de-vivienda\\\/#breadcrumb\"},\"inLanguage\":\"es\",\"potentialAction\":[{\"@type\":\"ReadAction\",\"target\":[\"https:\\\/\\\/centrourbano.com\\\/revista\\\/vivienda\\\/sedatu-reduce-procesos-para-construccion-de-vivienda\\\/\"]}]},{\"@type\":\"ImageObject\",\"inLanguage\":\"es\",\"@id\":\"https:\\\/\\\/centrourbano.com\\\/revista\\\/vivienda\\\/sedatu-reduce-procesos-para-construccion-de-vivienda\\\/#primaryimage\",\"url\":\"https:\\\/\\\/centrourbano.com\\\/revista\\\/wp-content\\\/uploads\\\/IMG_5346.jpg\",\"contentUrl\":\"https:\\\/\\\/centrourbano.com\\\/revista\\\/wp-content\\\/uploads\\\/IMG_5346.jpg\",\"width\":700,\"height\":467},{\"@type\":\"BreadcrumbList\",\"@id\":\"https:\\\/\\\/centrourbano.com\\\/revista\\\/vivienda\\\/sedatu-reduce-procesos-para-construccion-de-vivienda\\\/#breadcrumb\",\"itemListElement\":[{\"@type\":\"ListItem\",\"position\":1,\"name\":\"Portada\",\"item\":\"https:\\\/\\\/centrourbano.com\\\/revista\\\/\"},{\"@type\":\"ListItem\",\"position\":2,\"name\":\"Sedatu reduce procesos para construcci\u00f3n de vivienda\"}]},{\"@type\":\"WebSite\",\"@id\":\"https:\\\/\\\/centrourbano.com\\\/revista\\\/#website\",\"url\":\"https:\\\/\\\/centrourbano.com\\\/revista\\\/\",\"name\":\"Centro Urbano\",\"description\":\"Medio especializado en los sectores vivienda, inmobiliario, construcci\u00f3n, arquitectura y urbanismo.\",\"publisher\":{\"@id\":\"https:\\\/\\\/centrourbano.com\\\/revista\\\/#organization\"},\"potentialAction\":[{\"@type\":\"SearchAction\",\"target\":{\"@type\":\"EntryPoint\",\"urlTemplate\":\"https:\\\/\\\/centrourbano.com\\\/revista\\\/?s={search_term_string}\"},\"query-input\":{\"@type\":\"PropertyValueSpecification\",\"valueRequired\":true,\"valueName\":\"search_term_string\"}}],\"inLanguage\":\"es\"},{\"@type\":\"Organization\",\"@id\":\"https:\\\/\\\/centrourbano.com\\\/revista\\\/#organization\",\"name\":\"Centro Urbano\",\"url\":\"https:\\\/\\\/centrourbano.com\\\/revista\\\/\",\"logo\":{\"@type\":\"ImageObject\",\"inLanguage\":\"es\",\"@id\":\"https:\\\/\\\/centrourbano.com\\\/revista\\\/#\\\/schema\\\/logo\\\/image\\\/\",\"url\":\"https:\\\/\\\/centrourbano.com\\\/revista\\\/wp-content\\\/uploads\\\/web_CU_logo-1.png\",\"contentUrl\":\"https:\\\/\\\/centrourbano.com\\\/revista\\\/wp-content\\\/uploads\\\/web_CU_logo-1.png\",\"width\":350,\"height\":91,\"caption\":\"Centro Urbano\"},\"image\":{\"@id\":\"https:\\\/\\\/centrourbano.com\\\/revista\\\/#\\\/schema\\\/logo\\\/image\\\/\"},\"sameAs\":[\"https:\\\/\\\/www.facebook.com\\\/portalcentrourbano\",\"https:\\\/\\\/x.com\\\/CentroUrbano\",\"https:\\\/\\\/www.instagram.com\\\/centro_urbano\\\/\",\"https:\\\/\\\/www.linkedin.com\\\/company\\\/centro-urbano\\\/\",\"http:\\\/\\\/www.youtube.com\\\/user\\\/portalcentrourbano\"]},{\"@type\":\"Person\",\"@id\":\"https:\\\/\\\/centrourbano.com\\\/revista\\\/#\\\/schema\\\/person\\\/26c0ab2d8952e32eb17ccf62f8e88ce6\",\"name\":\"BlogCU 2022\",\"image\":{\"@type\":\"ImageObject\",\"inLanguage\":\"es\",\"@id\":\"https:\\\/\\\/secure.gravatar.com\\\/avatar\\\/5ec2975f6d4b1643c723f08ef135c488131c64cba4524740d438f2e04dbeacdc?s=96&d=mm&r=g\",\"url\":\"https:\\\/\\\/secure.gravatar.com\\\/avatar\\\/5ec2975f6d4b1643c723f08ef135c488131c64cba4524740d438f2e04dbeacdc?s=96&d=mm&r=g\",\"contentUrl\":\"https:\\\/\\\/secure.gravatar.com\\\/avatar\\\/5ec2975f6d4b1643c723f08ef135c488131c64cba4524740d438f2e04dbeacdc?s=96&d=mm&r=g\",\"caption\":\"BlogCU 2022\"},\"url\":\"https:\\\/\\\/centrourbano.com\\\/revista\\\/author\\\/BlogCU 2022\\\/\"}]}<\/script>\n<!-- \/ Yoast SEO plugin. -->","yoast_head_json":{"title":"Sedatu reduce procesos para construcci\u00f3n de vivienda -","description":"Ha disminuido 7.2% el periodo que tarda construir y vender la obra La Secretar\u00eda de Desarrollo Agrario, Territorial y Urbano (Sedatu), a trav\u00e9s de la","robots":{"index":"index","follow":"follow","max-snippet":"max-snippet:-1","max-image-preview":"max-image-preview:large","max-video-preview":"max-video-preview:-1"},"canonical":"https:\/\/centrourbano.com\/revista\/vivienda\/sedatu-reduce-procesos-para-construccion-de-vivienda\/","og_locale":"es_ES","og_type":"article","og_title":"Sedatu reduce procesos para construcci\u00f3n de vivienda -","og_description":"Ha disminuido 7.2% el periodo que tarda construir y vender la obra La Secretar\u00eda de Desarrollo Agrario, Territorial y Urbano (Sedatu), a trav\u00e9s de la","og_url":"https:\/\/centrourbano.com\/revista\/vivienda\/sedatu-reduce-procesos-para-construccion-de-vivienda\/","og_site_name":"Centro Urbano","article_publisher":"https:\/\/www.facebook.com\/portalcentrourbano","article_published_time":"2015-08-20T17:57:23+00:00","og_image":[{"width":700,"height":467,"url":"https:\/\/centrourbano.com\/revista\/wp-content\/uploads\/IMG_5346.jpg","type":"image\/jpeg"}],"author":"BlogCU 2022","twitter_card":"summary_large_image","twitter_creator":"@CentroUrbano","twitter_site":"@CentroUrbano","twitter_misc":{"Escrito por":"BlogCU 2022","Tiempo de lectura":"1 minuto"},"schema":{"@context":"https:\/\/schema.org","@graph":[{"@type":"Article","@id":"https:\/\/centrourbano.com\/revista\/vivienda\/sedatu-reduce-procesos-para-construccion-de-vivienda\/#article","isPartOf":{"@id":"https:\/\/centrourbano.com\/revista\/vivienda\/sedatu-reduce-procesos-para-construccion-de-vivienda\/"},"author":{"name":"BlogCU 2022","@id":"https:\/\/centrourbano.com\/revista\/#\/schema\/person\/26c0ab2d8952e32eb17ccf62f8e88ce6"},"headline":"Sedatu reduce procesos para construcci\u00f3n de vivienda","datePublished":"2015-08-20T17:57:23+00:00","mainEntityOfPage":{"@id":"https:\/\/centrourbano.com\/revista\/vivienda\/sedatu-reduce-procesos-para-construccion-de-vivienda\/"},"wordCount":239,"commentCount":0,"publisher":{"@id":"https:\/\/centrourbano.com\/revista\/#organization"},"image":{"@id":"https:\/\/centrourbano.com\/revista\/vivienda\/sedatu-reduce-procesos-para-construccion-de-vivienda\/#primaryimage"},"thumbnailUrl":"https:\/\/centrourbano.com\/revista\/wp-content\/uploads\/IMG_5346.jpg","keywords":["Cofemer","Conavi","Jes\u00fas Murillo Karam","Onavis","Paloma Silva de Anzorena","Sedatu","vivienda"],"articleSection":["Vivienda"],"inLanguage":"es","potentialAction":[{"@type":"CommentAction","name":"Comment","target":["https:\/\/centrourbano.com\/revista\/vivienda\/sedatu-reduce-procesos-para-construccion-de-vivienda\/#respond"]}]},{"@type":"WebPage","@id":"https:\/\/centrourbano.com\/revista\/vivienda\/sedatu-reduce-procesos-para-construccion-de-vivienda\/","url":"https:\/\/centrourbano.com\/revista\/vivienda\/sedatu-reduce-procesos-para-construccion-de-vivienda\/","name":"Sedatu reduce procesos para construcci\u00f3n de vivienda -","isPartOf":{"@id":"https:\/\/centrourbano.com\/revista\/#website"},"primaryImageOfPage":{"@id":"https:\/\/centrourbano.com\/revista\/vivienda\/sedatu-reduce-procesos-para-construccion-de-vivienda\/#primaryimage"},"image":{"@id":"https:\/\/centrourbano.com\/revista\/vivienda\/sedatu-reduce-procesos-para-construccion-de-vivienda\/#primaryimage"},"thumbnailUrl":"https:\/\/centrourbano.com\/revista\/wp-content\/uploads\/IMG_5346.jpg","datePublished":"2015-08-20T17:57:23+00:00","description":"Ha disminuido 7.2% el periodo que tarda construir y vender la obra La Secretar\u00eda de Desarrollo Agrario, Territorial y Urbano (Sedatu), a trav\u00e9s de la","breadcrumb":{"@id":"https:\/\/centrourbano.com\/revista\/vivienda\/sedatu-reduce-procesos-para-construccion-de-vivienda\/#breadcrumb"},"inLanguage":"es","potentialAction":[{"@type":"ReadAction","target":["https:\/\/centrourbano.com\/revista\/vivienda\/sedatu-reduce-procesos-para-construccion-de-vivienda\/"]}]},{"@type":"ImageObject","inLanguage":"es","@id":"https:\/\/centrourbano.com\/revista\/vivienda\/sedatu-reduce-procesos-para-construccion-de-vivienda\/#primaryimage","url":"https:\/\/centrourbano.com\/revista\/wp-content\/uploads\/IMG_5346.jpg","contentUrl":"https:\/\/centrourbano.com\/revista\/wp-content\/uploads\/IMG_5346.jpg","width":700,"height":467},{"@type":"BreadcrumbList","@id":"https:\/\/centrourbano.com\/revista\/vivienda\/sedatu-reduce-procesos-para-construccion-de-vivienda\/#breadcrumb","itemListElement":[{"@type":"ListItem","position":1,"name":"Portada","item":"https:\/\/centrourbano.com\/revista\/"},{"@type":"ListItem","position":2,"name":"Sedatu reduce procesos para construcci\u00f3n de vivienda"}]},{"@type":"WebSite","@id":"https:\/\/centrourbano.com\/revista\/#website","url":"https:\/\/centrourbano.com\/revista\/","name":"Centro Urbano","description":"Medio especializado en los sectores vivienda, inmobiliario, construcci\u00f3n, arquitectura y urbanismo.","publisher":{"@id":"https:\/\/centrourbano.com\/revista\/#organization"},"potentialAction":[{"@type":"SearchAction","target":{"@type":"EntryPoint","urlTemplate":"https:\/\/centrourbano.com\/revista\/?s={search_term_string}"},"query-input":{"@type":"PropertyValueSpecification","valueRequired":true,"valueName":"search_term_string"}}],"inLanguage":"es"},{"@type":"Organization","@id":"https:\/\/centrourbano.com\/revista\/#organization","name":"Centro Urbano","url":"https:\/\/centrourbano.com\/revista\/","logo":{"@type":"ImageObject","inLanguage":"es","@id":"https:\/\/centrourbano.com\/revista\/#\/schema\/logo\/image\/","url":"https:\/\/centrourbano.com\/revista\/wp-content\/uploads\/web_CU_logo-1.png","contentUrl":"https:\/\/centrourbano.com\/revista\/wp-content\/uploads\/web_CU_logo-1.png","width":350,"height":91,"caption":"Centro Urbano"},"image":{"@id":"https:\/\/centrourbano.com\/revista\/#\/schema\/logo\/image\/"},"sameAs":["https:\/\/www.facebook.com\/portalcentrourbano","https:\/\/x.com\/CentroUrbano","https:\/\/www.instagram.com\/centro_urbano\/","https:\/\/www.linkedin.com\/company\/centro-urbano\/","http:\/\/www.youtube.com\/user\/portalcentrourbano"]},{"@type":"Person","@id":"https:\/\/centrourbano.com\/revista\/#\/schema\/person\/26c0ab2d8952e32eb17ccf62f8e88ce6","name":"BlogCU 2022","image":{"@type":"ImageObject","inLanguage":"es","@id":"https:\/\/secure.gravatar.com\/avatar\/5ec2975f6d4b1643c723f08ef135c488131c64cba4524740d438f2e04dbeacdc?s=96&d=mm&r=g","url":"https:\/\/secure.gravatar.com\/avatar\/5ec2975f6d4b1643c723f08ef135c488131c64cba4524740d438f2e04dbeacdc?s=96&d=mm&r=g","contentUrl":"https:\/\/secure.gravatar.com\/avatar\/5ec2975f6d4b1643c723f08ef135c488131c64cba4524740d438f2e04dbeacdc?s=96&d=mm&r=g","caption":"BlogCU 2022"},"url":"https:\/\/centrourbano.com\/revista\/author\/BlogCU 2022\/"}]}},"_links":{"self":[{"href":"https:\/\/centrourbano.com\/revista\/wp-json\/wp\/v2\/posts\/22521","targetHints":{"allow":["GET"]}}],"collection":[{"href":"https:\/\/centrourbano.com\/revista\/wp-json\/wp\/v2\/posts"}],"about":[{"href":"https:\/\/centrourbano.com\/revista\/wp-json\/wp\/v2\/types\/post"}],"author":[{"embeddable":true,"href":"https:\/\/centrourbano.com\/revista\/wp-json\/wp\/v2\/users\/1"}],"replies":[{"embeddable":true,"href":"https:\/\/centrourbano.com\/revista\/wp-json\/wp\/v2\/comments?post=22521"}],"version-history":[{"count":0,"href":"https:\/\/centrourbano.com\/revista\/wp-json\/wp\/v2\/posts\/22521\/revisions"}],"wp:featuredmedia":[{"embeddable":true,"href":"https:\/\/centrourbano.com\/revista\/wp-json\/wp\/v2\/media\/22522"}],"wp:attachment":[{"href":"https:\/\/centrourbano.com\/revista\/wp-json\/wp\/v2\/media?parent=22521"}],"wp:term":[{"taxonomy":"category","embeddable":true,"href":"https:\/\/centrourbano.com\/revista\/wp-json\/wp\/v2\/categories?post=22521"},{"taxonomy":"post_tag","embeddable":true,"href":"https:\/\/centrourbano.com\/revista\/wp-json\/wp\/v2\/tags?post=22521"}],"curies":[{"name":"wp","href":"https:\/\/api.w.org\/{rel}","templated":true}]}}