{"id":2246,"date":"2014-01-02T09:06:10","date_gmt":"2014-01-02T15:06:10","guid":{"rendered":"http:\/\/centrourbano.com\/?p=2246"},"modified":"2014-03-21T15:42:29","modified_gmt":"2014-03-21T21:42:29","slug":"registra-vivienda-mayor-alza-en-eu","status":"publish","type":"post","link":"https:\/\/centrourbano.com\/revista\/vivienda\/registra-vivienda-mayor-alza-en-eu\/","title":{"rendered":"Registra vivienda mayor alza en EU"},"content":{"rendered":"<p><i>Durante octubre, el precio aument\u00f3 13.6% en las 20 ciudades principales, esta cifra es el mayor incremento anual desde 2006<\/i><\/p>\n<p><i><!--more--><\/i><\/p>\n<p>&nbsp;<\/p>\n<p>Seg\u00fan el \u00edndice Case-Shiller, los precios de las viviendas en las 20 principales ciudades en Estados Unidos aumentaron 13.6% en octubre con respecto del mismo mes de 2012, con lo que registraron su mayor incremento anual desde 2006.<\/p>\n<p>&nbsp;<\/p>\n<p>El alza interanual del 13.6% es la mayor registrada desde febrero de 2006 y marca el decimos\u00e9ptimo mes consecutivo de incrementos de los \u00edndices de precios en las 20 y 10 mayores ciudades del pa\u00eds.<\/p>\n<p>&nbsp;<\/p>\n<p>El director del Comit\u00e9 de \u00cdndices de Standard &amp; Poor\u2019s, David Blitzer, destac\u00f3 que la medici\u00f3n ha mostrado avances anuales de doble d\u00edgito desde marzo, pero que el repunte mensual respecto de septiembre sugiere que la recuperaci\u00f3n est\u00e1 perdiendo dinamismo.<\/p>\n<p>&nbsp;<\/p>\n<p>\u201cLa pregunta econ\u00f3mica clave que enfrenta la vivienda es el curso futuro que tome la Fed (Banco de la Reserva Federal) para reducir su est\u00edmulo econ\u00f3mico y c\u00f3mo afectar\u00e1 esto a la tasa de inter\u00e9s de las hipotecas\u201d, advirti\u00f3 Blitzer.<\/p>\n<p>&nbsp;<\/p>\n<p>Mencion\u00f3 que la mayor\u00eda de los escenarios econ\u00f3mico concuerdan en que los precios de las viviendas en Estados Unidos en 2014 avanzar\u00e1n a una tasa de un solo d\u00edgito respecto de 2013.<\/p>\n<p>&nbsp;<\/p>\n<p>En octubre pasado, Las Vegas registr\u00f3 el mayor aumento mensual, con un 1.2%, seguida de Miami con un 1.1 por ciento.<\/p>\n<p>&nbsp;<\/p>\n<p>En cambio, Atlanta, Boston, Chicago, Cleveland, Dallas, Denver, San Francisco, Seattle y Washington sufrieron un descenso mensual en los precios de la vivienda.<\/p>\n<p>&nbsp;<\/p>\n<p>A nivel interanual, trece ciudades registraron una aceleraci\u00f3n de los precios respecto a las cifras de septiembre.<\/p>\n","protected":false},"excerpt":{"rendered":"<p>Durante octubre, el precio aument\u00f3 13.6% en las 20 ciudades principales, esta cifra es el mayor incremento anual desde 2006<\/p>\n","protected":false},"author":14,"featured_media":16855,"comment_status":"open","ping_status":"closed","sticky":false,"template":"","format":"standard","meta":{"om_disable_all_campaigns":false,"inline_featured_image":false,"_monsterinsights_skip_tracking":false,"_monsterinsights_sitenote_active":false,"_monsterinsights_sitenote_note":"","_monsterinsights_sitenote_category":0,"footnotes":""},"categories":[12],"tags":[237,107,688,687],"class_list":["post-2246","post","type-post","status-publish","format-standard","has-post-thumbnail","hentry","category-vivienda","tag-237","tag-casas","tag-crecimiento-anual","tag-eu"],"yoast_head":"<!-- This site is optimized with the Yoast SEO plugin v27.5 - https:\/\/yoast.com\/product\/yoast-seo-wordpress\/ -->\n<title>Registra vivienda mayor alza en EU -<\/title>\n<meta name=\"description\" content=\"Durante octubre, el precio aument\u00f3 13.6% en las 20 ciudades principales, esta cifra es el mayor incremento anual desde 2006 &nbsp; Seg\u00fan el \u00edndice\" \/>\n<meta name=\"robots\" content=\"index, follow, max-snippet:-1, max-image-preview:large, max-video-preview:-1\" \/>\n<link rel=\"canonical\" href=\"https:\/\/centrourbano.com\/revista\/vivienda\/registra-vivienda-mayor-alza-en-eu\/\" \/>\n<meta property=\"og:locale\" content=\"es_ES\" \/>\n<meta property=\"og:type\" content=\"article\" \/>\n<meta property=\"og:title\" content=\"Registra vivienda mayor alza en EU -\" \/>\n<meta property=\"og:description\" content=\"Durante octubre, el precio aument\u00f3 13.6% en las 20 ciudades principales, esta cifra es el mayor incremento anual desde 2006 &nbsp; Seg\u00fan el \u00edndice\" \/>\n<meta property=\"og:url\" content=\"https:\/\/centrourbano.com\/revista\/vivienda\/registra-vivienda-mayor-alza-en-eu\/\" \/>\n<meta property=\"og:site_name\" content=\"Centro Urbano\" \/>\n<meta property=\"article:publisher\" content=\"https:\/\/www.facebook.com\/portalcentrourbano\" \/>\n<meta property=\"article:published_time\" content=\"2014-01-02T15:06:10+00:00\" \/>\n<meta property=\"article:modified_time\" content=\"2014-03-21T21:42:29+00:00\" \/>\n<meta property=\"og:image\" content=\"https:\/\/centrourbano.com\/revista\/wp-content\/uploads\/casaseu2.jpg\" \/>\n\t<meta property=\"og:image:width\" content=\"370\" \/>\n\t<meta property=\"og:image:height\" content=\"250\" \/>\n\t<meta property=\"og:image:type\" content=\"image\/jpeg\" \/>\n<meta name=\"author\" content=\"Redacci\u00f3n Centro Urbano\" \/>\n<meta name=\"twitter:card\" content=\"summary_large_image\" \/>\n<meta name=\"twitter:creator\" content=\"@CentroUrbano\" \/>\n<meta name=\"twitter:site\" content=\"@CentroUrbano\" \/>\n<meta name=\"twitter:label1\" content=\"Escrito por\" \/>\n\t<meta name=\"twitter:data1\" content=\"Redacci\u00f3n Centro Urbano\" \/>\n\t<meta name=\"twitter:label2\" content=\"Tiempo de lectura\" \/>\n\t<meta name=\"twitter:data2\" content=\"1 minuto\" \/>\n<script type=\"application\/ld+json\" class=\"yoast-schema-graph\">{\"@context\":\"https:\\\/\\\/schema.org\",\"@graph\":[{\"@type\":\"Article\",\"@id\":\"https:\\\/\\\/centrourbano.com\\\/revista\\\/vivienda\\\/registra-vivienda-mayor-alza-en-eu\\\/#article\",\"isPartOf\":{\"@id\":\"https:\\\/\\\/centrourbano.com\\\/revista\\\/vivienda\\\/registra-vivienda-mayor-alza-en-eu\\\/\"},\"author\":{\"name\":\"Redacci\u00f3n Centro Urbano\",\"@id\":\"https:\\\/\\\/centrourbano.com\\\/revista\\\/#\\\/schema\\\/person\\\/5259f06e282c59482812d0e9a84a6440\"},\"headline\":\"Registra vivienda mayor alza en EU\",\"datePublished\":\"2014-01-02T15:06:10+00:00\",\"dateModified\":\"2014-03-21T21:42:29+00:00\",\"mainEntityOfPage\":{\"@id\":\"https:\\\/\\\/centrourbano.com\\\/revista\\\/vivienda\\\/registra-vivienda-mayor-alza-en-eu\\\/\"},\"wordCount\":282,\"commentCount\":0,\"publisher\":{\"@id\":\"https:\\\/\\\/centrourbano.com\\\/revista\\\/#organization\"},\"image\":{\"@id\":\"https:\\\/\\\/centrourbano.com\\\/revista\\\/vivienda\\\/registra-vivienda-mayor-alza-en-eu\\\/#primaryimage\"},\"thumbnailUrl\":\"https:\\\/\\\/centrourbano.com\\\/revista\\\/wp-content\\\/uploads\\\/casaseu2.jpg\",\"keywords\":[\"2013\",\"Casas\",\"Crecimiento anual\",\"EU\"],\"articleSection\":[\"Vivienda\"],\"inLanguage\":\"es\",\"potentialAction\":[{\"@type\":\"CommentAction\",\"name\":\"Comment\",\"target\":[\"https:\\\/\\\/centrourbano.com\\\/revista\\\/vivienda\\\/registra-vivienda-mayor-alza-en-eu\\\/#respond\"]}]},{\"@type\":\"WebPage\",\"@id\":\"https:\\\/\\\/centrourbano.com\\\/revista\\\/vivienda\\\/registra-vivienda-mayor-alza-en-eu\\\/\",\"url\":\"https:\\\/\\\/centrourbano.com\\\/revista\\\/vivienda\\\/registra-vivienda-mayor-alza-en-eu\\\/\",\"name\":\"Registra vivienda mayor alza en EU -\",\"isPartOf\":{\"@id\":\"https:\\\/\\\/centrourbano.com\\\/revista\\\/#website\"},\"primaryImageOfPage\":{\"@id\":\"https:\\\/\\\/centrourbano.com\\\/revista\\\/vivienda\\\/registra-vivienda-mayor-alza-en-eu\\\/#primaryimage\"},\"image\":{\"@id\":\"https:\\\/\\\/centrourbano.com\\\/revista\\\/vivienda\\\/registra-vivienda-mayor-alza-en-eu\\\/#primaryimage\"},\"thumbnailUrl\":\"https:\\\/\\\/centrourbano.com\\\/revista\\\/wp-content\\\/uploads\\\/casaseu2.jpg\",\"datePublished\":\"2014-01-02T15:06:10+00:00\",\"dateModified\":\"2014-03-21T21:42:29+00:00\",\"description\":\"Durante octubre, el precio aument\u00f3 13.6% en las 20 ciudades principales, esta cifra es el mayor incremento anual desde 2006 &nbsp; Seg\u00fan el \u00edndice\",\"breadcrumb\":{\"@id\":\"https:\\\/\\\/centrourbano.com\\\/revista\\\/vivienda\\\/registra-vivienda-mayor-alza-en-eu\\\/#breadcrumb\"},\"inLanguage\":\"es\",\"potentialAction\":[{\"@type\":\"ReadAction\",\"target\":[\"https:\\\/\\\/centrourbano.com\\\/revista\\\/vivienda\\\/registra-vivienda-mayor-alza-en-eu\\\/\"]}]},{\"@type\":\"ImageObject\",\"inLanguage\":\"es\",\"@id\":\"https:\\\/\\\/centrourbano.com\\\/revista\\\/vivienda\\\/registra-vivienda-mayor-alza-en-eu\\\/#primaryimage\",\"url\":\"https:\\\/\\\/centrourbano.com\\\/revista\\\/wp-content\\\/uploads\\\/casaseu2.jpg\",\"contentUrl\":\"https:\\\/\\\/centrourbano.com\\\/revista\\\/wp-content\\\/uploads\\\/casaseu2.jpg\",\"width\":370,\"height\":250},{\"@type\":\"BreadcrumbList\",\"@id\":\"https:\\\/\\\/centrourbano.com\\\/revista\\\/vivienda\\\/registra-vivienda-mayor-alza-en-eu\\\/#breadcrumb\",\"itemListElement\":[{\"@type\":\"ListItem\",\"position\":1,\"name\":\"Portada\",\"item\":\"https:\\\/\\\/centrourbano.com\\\/revista\\\/\"},{\"@type\":\"ListItem\",\"position\":2,\"name\":\"Registra vivienda mayor alza en EU\"}]},{\"@type\":\"WebSite\",\"@id\":\"https:\\\/\\\/centrourbano.com\\\/revista\\\/#website\",\"url\":\"https:\\\/\\\/centrourbano.com\\\/revista\\\/\",\"name\":\"Centro Urbano\",\"description\":\"Medio especializado en los sectores vivienda, inmobiliario, construcci\u00f3n, arquitectura y urbanismo.\",\"publisher\":{\"@id\":\"https:\\\/\\\/centrourbano.com\\\/revista\\\/#organization\"},\"potentialAction\":[{\"@type\":\"SearchAction\",\"target\":{\"@type\":\"EntryPoint\",\"urlTemplate\":\"https:\\\/\\\/centrourbano.com\\\/revista\\\/?s={search_term_string}\"},\"query-input\":{\"@type\":\"PropertyValueSpecification\",\"valueRequired\":true,\"valueName\":\"search_term_string\"}}],\"inLanguage\":\"es\"},{\"@type\":\"Organization\",\"@id\":\"https:\\\/\\\/centrourbano.com\\\/revista\\\/#organization\",\"name\":\"Centro Urbano\",\"url\":\"https:\\\/\\\/centrourbano.com\\\/revista\\\/\",\"logo\":{\"@type\":\"ImageObject\",\"inLanguage\":\"es\",\"@id\":\"https:\\\/\\\/centrourbano.com\\\/revista\\\/#\\\/schema\\\/logo\\\/image\\\/\",\"url\":\"https:\\\/\\\/centrourbano.com\\\/revista\\\/wp-content\\\/uploads\\\/web_CU_logo-1.png\",\"contentUrl\":\"https:\\\/\\\/centrourbano.com\\\/revista\\\/wp-content\\\/uploads\\\/web_CU_logo-1.png\",\"width\":350,\"height\":91,\"caption\":\"Centro Urbano\"},\"image\":{\"@id\":\"https:\\\/\\\/centrourbano.com\\\/revista\\\/#\\\/schema\\\/logo\\\/image\\\/\"},\"sameAs\":[\"https:\\\/\\\/www.facebook.com\\\/portalcentrourbano\",\"https:\\\/\\\/x.com\\\/CentroUrbano\",\"https:\\\/\\\/www.instagram.com\\\/centro_urbano\\\/\",\"https:\\\/\\\/www.linkedin.com\\\/company\\\/centro-urbano\\\/\",\"http:\\\/\\\/www.youtube.com\\\/user\\\/portalcentrourbano\"]},{\"@type\":\"Person\",\"@id\":\"https:\\\/\\\/centrourbano.com\\\/revista\\\/#\\\/schema\\\/person\\\/5259f06e282c59482812d0e9a84a6440\",\"name\":\"Redacci\u00f3n Centro Urbano\",\"image\":{\"@type\":\"ImageObject\",\"inLanguage\":\"es\",\"@id\":\"https:\\\/\\\/secure.gravatar.com\\\/avatar\\\/15a789f894398c0f311f3a7a2ee28032bbc0483098539da66b6a045aa810bf35?s=96&d=mm&r=g\",\"url\":\"https:\\\/\\\/secure.gravatar.com\\\/avatar\\\/15a789f894398c0f311f3a7a2ee28032bbc0483098539da66b6a045aa810bf35?s=96&d=mm&r=g\",\"contentUrl\":\"https:\\\/\\\/secure.gravatar.com\\\/avatar\\\/15a789f894398c0f311f3a7a2ee28032bbc0483098539da66b6a045aa810bf35?s=96&d=mm&r=g\",\"caption\":\"Redacci\u00f3n Centro Urbano\"},\"url\":\"https:\\\/\\\/centrourbano.com\\\/revista\\\/author\\\/editorial\\\/\"}]}<\/script>\n<!-- \/ Yoast SEO plugin. -->","yoast_head_json":{"title":"Registra vivienda mayor alza en EU -","description":"Durante octubre, el precio aument\u00f3 13.6% en las 20 ciudades principales, esta cifra es el mayor incremento anual desde 2006 &nbsp; Seg\u00fan el \u00edndice","robots":{"index":"index","follow":"follow","max-snippet":"max-snippet:-1","max-image-preview":"max-image-preview:large","max-video-preview":"max-video-preview:-1"},"canonical":"https:\/\/centrourbano.com\/revista\/vivienda\/registra-vivienda-mayor-alza-en-eu\/","og_locale":"es_ES","og_type":"article","og_title":"Registra vivienda mayor alza en EU -","og_description":"Durante octubre, el precio aument\u00f3 13.6% en las 20 ciudades principales, esta cifra es el mayor incremento anual desde 2006 &nbsp; Seg\u00fan el \u00edndice","og_url":"https:\/\/centrourbano.com\/revista\/vivienda\/registra-vivienda-mayor-alza-en-eu\/","og_site_name":"Centro Urbano","article_publisher":"https:\/\/www.facebook.com\/portalcentrourbano","article_published_time":"2014-01-02T15:06:10+00:00","article_modified_time":"2014-03-21T21:42:29+00:00","og_image":[{"width":370,"height":250,"url":"https:\/\/centrourbano.com\/revista\/wp-content\/uploads\/casaseu2.jpg","type":"image\/jpeg"}],"author":"Redacci\u00f3n Centro Urbano","twitter_card":"summary_large_image","twitter_creator":"@CentroUrbano","twitter_site":"@CentroUrbano","twitter_misc":{"Escrito por":"Redacci\u00f3n Centro Urbano","Tiempo de lectura":"1 minuto"},"schema":{"@context":"https:\/\/schema.org","@graph":[{"@type":"Article","@id":"https:\/\/centrourbano.com\/revista\/vivienda\/registra-vivienda-mayor-alza-en-eu\/#article","isPartOf":{"@id":"https:\/\/centrourbano.com\/revista\/vivienda\/registra-vivienda-mayor-alza-en-eu\/"},"author":{"name":"Redacci\u00f3n Centro Urbano","@id":"https:\/\/centrourbano.com\/revista\/#\/schema\/person\/5259f06e282c59482812d0e9a84a6440"},"headline":"Registra vivienda mayor alza en EU","datePublished":"2014-01-02T15:06:10+00:00","dateModified":"2014-03-21T21:42:29+00:00","mainEntityOfPage":{"@id":"https:\/\/centrourbano.com\/revista\/vivienda\/registra-vivienda-mayor-alza-en-eu\/"},"wordCount":282,"commentCount":0,"publisher":{"@id":"https:\/\/centrourbano.com\/revista\/#organization"},"image":{"@id":"https:\/\/centrourbano.com\/revista\/vivienda\/registra-vivienda-mayor-alza-en-eu\/#primaryimage"},"thumbnailUrl":"https:\/\/centrourbano.com\/revista\/wp-content\/uploads\/casaseu2.jpg","keywords":["2013","Casas","Crecimiento anual","EU"],"articleSection":["Vivienda"],"inLanguage":"es","potentialAction":[{"@type":"CommentAction","name":"Comment","target":["https:\/\/centrourbano.com\/revista\/vivienda\/registra-vivienda-mayor-alza-en-eu\/#respond"]}]},{"@type":"WebPage","@id":"https:\/\/centrourbano.com\/revista\/vivienda\/registra-vivienda-mayor-alza-en-eu\/","url":"https:\/\/centrourbano.com\/revista\/vivienda\/registra-vivienda-mayor-alza-en-eu\/","name":"Registra vivienda mayor alza en EU -","isPartOf":{"@id":"https:\/\/centrourbano.com\/revista\/#website"},"primaryImageOfPage":{"@id":"https:\/\/centrourbano.com\/revista\/vivienda\/registra-vivienda-mayor-alza-en-eu\/#primaryimage"},"image":{"@id":"https:\/\/centrourbano.com\/revista\/vivienda\/registra-vivienda-mayor-alza-en-eu\/#primaryimage"},"thumbnailUrl":"https:\/\/centrourbano.com\/revista\/wp-content\/uploads\/casaseu2.jpg","datePublished":"2014-01-02T15:06:10+00:00","dateModified":"2014-03-21T21:42:29+00:00","description":"Durante octubre, el precio aument\u00f3 13.6% en las 20 ciudades principales, esta cifra es el mayor incremento anual desde 2006 &nbsp; Seg\u00fan el \u00edndice","breadcrumb":{"@id":"https:\/\/centrourbano.com\/revista\/vivienda\/registra-vivienda-mayor-alza-en-eu\/#breadcrumb"},"inLanguage":"es","potentialAction":[{"@type":"ReadAction","target":["https:\/\/centrourbano.com\/revista\/vivienda\/registra-vivienda-mayor-alza-en-eu\/"]}]},{"@type":"ImageObject","inLanguage":"es","@id":"https:\/\/centrourbano.com\/revista\/vivienda\/registra-vivienda-mayor-alza-en-eu\/#primaryimage","url":"https:\/\/centrourbano.com\/revista\/wp-content\/uploads\/casaseu2.jpg","contentUrl":"https:\/\/centrourbano.com\/revista\/wp-content\/uploads\/casaseu2.jpg","width":370,"height":250},{"@type":"BreadcrumbList","@id":"https:\/\/centrourbano.com\/revista\/vivienda\/registra-vivienda-mayor-alza-en-eu\/#breadcrumb","itemListElement":[{"@type":"ListItem","position":1,"name":"Portada","item":"https:\/\/centrourbano.com\/revista\/"},{"@type":"ListItem","position":2,"name":"Registra vivienda mayor alza en EU"}]},{"@type":"WebSite","@id":"https:\/\/centrourbano.com\/revista\/#website","url":"https:\/\/centrourbano.com\/revista\/","name":"Centro Urbano","description":"Medio especializado en los sectores vivienda, inmobiliario, construcci\u00f3n, arquitectura y urbanismo.","publisher":{"@id":"https:\/\/centrourbano.com\/revista\/#organization"},"potentialAction":[{"@type":"SearchAction","target":{"@type":"EntryPoint","urlTemplate":"https:\/\/centrourbano.com\/revista\/?s={search_term_string}"},"query-input":{"@type":"PropertyValueSpecification","valueRequired":true,"valueName":"search_term_string"}}],"inLanguage":"es"},{"@type":"Organization","@id":"https:\/\/centrourbano.com\/revista\/#organization","name":"Centro Urbano","url":"https:\/\/centrourbano.com\/revista\/","logo":{"@type":"ImageObject","inLanguage":"es","@id":"https:\/\/centrourbano.com\/revista\/#\/schema\/logo\/image\/","url":"https:\/\/centrourbano.com\/revista\/wp-content\/uploads\/web_CU_logo-1.png","contentUrl":"https:\/\/centrourbano.com\/revista\/wp-content\/uploads\/web_CU_logo-1.png","width":350,"height":91,"caption":"Centro Urbano"},"image":{"@id":"https:\/\/centrourbano.com\/revista\/#\/schema\/logo\/image\/"},"sameAs":["https:\/\/www.facebook.com\/portalcentrourbano","https:\/\/x.com\/CentroUrbano","https:\/\/www.instagram.com\/centro_urbano\/","https:\/\/www.linkedin.com\/company\/centro-urbano\/","http:\/\/www.youtube.com\/user\/portalcentrourbano"]},{"@type":"Person","@id":"https:\/\/centrourbano.com\/revista\/#\/schema\/person\/5259f06e282c59482812d0e9a84a6440","name":"Redacci\u00f3n Centro Urbano","image":{"@type":"ImageObject","inLanguage":"es","@id":"https:\/\/secure.gravatar.com\/avatar\/15a789f894398c0f311f3a7a2ee28032bbc0483098539da66b6a045aa810bf35?s=96&d=mm&r=g","url":"https:\/\/secure.gravatar.com\/avatar\/15a789f894398c0f311f3a7a2ee28032bbc0483098539da66b6a045aa810bf35?s=96&d=mm&r=g","contentUrl":"https:\/\/secure.gravatar.com\/avatar\/15a789f894398c0f311f3a7a2ee28032bbc0483098539da66b6a045aa810bf35?s=96&d=mm&r=g","caption":"Redacci\u00f3n Centro Urbano"},"url":"https:\/\/centrourbano.com\/revista\/author\/editorial\/"}]}},"_links":{"self":[{"href":"https:\/\/centrourbano.com\/revista\/wp-json\/wp\/v2\/posts\/2246","targetHints":{"allow":["GET"]}}],"collection":[{"href":"https:\/\/centrourbano.com\/revista\/wp-json\/wp\/v2\/posts"}],"about":[{"href":"https:\/\/centrourbano.com\/revista\/wp-json\/wp\/v2\/types\/post"}],"author":[{"embeddable":true,"href":"https:\/\/centrourbano.com\/revista\/wp-json\/wp\/v2\/users\/14"}],"replies":[{"embeddable":true,"href":"https:\/\/centrourbano.com\/revista\/wp-json\/wp\/v2\/comments?post=2246"}],"version-history":[{"count":0,"href":"https:\/\/centrourbano.com\/revista\/wp-json\/wp\/v2\/posts\/2246\/revisions"}],"wp:featuredmedia":[{"embeddable":true,"href":"https:\/\/centrourbano.com\/revista\/wp-json\/wp\/v2\/media\/16855"}],"wp:attachment":[{"href":"https:\/\/centrourbano.com\/revista\/wp-json\/wp\/v2\/media?parent=2246"}],"wp:term":[{"taxonomy":"category","embeddable":true,"href":"https:\/\/centrourbano.com\/revista\/wp-json\/wp\/v2\/categories?post=2246"},{"taxonomy":"post_tag","embeddable":true,"href":"https:\/\/centrourbano.com\/revista\/wp-json\/wp\/v2\/tags?post=2246"}],"curies":[{"name":"wp","href":"https:\/\/api.w.org\/{rel}","templated":true}]}}