{"id":22391,"date":"2015-08-18T10:21:02","date_gmt":"2015-08-18T15:21:02","guid":{"rendered":"http:\/\/centrourbano.com\/?p=22391"},"modified":"2015-08-18T10:21:02","modified_gmt":"2015-08-18T15:21:02","slug":"procdmx-presenta-proceso-del-corredor-cultural-chapultepec","status":"publish","type":"post","link":"https:\/\/centrourbano.com\/revista\/urbanismo\/procdmx-presenta-proceso-del-corredor-cultural-chapultepec\/","title":{"rendered":"ProCDMX presenta proceso del Corredor Cultural Chapultepec"},"content":{"rendered":"<p><em>Se cuenta con una inversi\u00f3n de m\u00e1s de 1,000 mdp para su creaci\u00f3n<\/em><\/p>\n<p><!--more--><\/p>\n<p>Para la creaci\u00f3n del Corredor Cultural Chapultepec se contar\u00e1 con una inversi\u00f3n privada de m\u00e1s de 1,000 millones de pesos, sin hacer uso de recursos p\u00fablicos o que se genere alg\u00fan tipo de deuda para el gobierno, gracias a que ProCDMX obtuvo un T\u00edtulo de Concesi\u00f3n para la recuperaci\u00f3n y rehabilitaci\u00f3n de la avenida, el cual aport\u00f3 un proyecto de coinversi\u00f3n en el que se asoci\u00f3 con el consorcio Proyectos de Infraestructura Chapultepec S.A.P.I de C.V. (PICSA).<\/p>\n<p>ProCDMX hoy hace p\u00fablico el proceso que da origen a la realizaci\u00f3n del proyecto, a trav\u00e9s de la Gaceta Oficial del Gobierno del Distrito Federal y del portal electr\u00f3nico <a href=\"http:\/\/www.procdmx.gob.mx\/ccc\">www.procdmx.gob.mx\/ccc<\/a>, sitio web donde se pueden consultar los estudios de factibilidad de la obra, tales como el Estudio de Evaluaci\u00f3n Socioecon\u00f3mica; Estudio de Evaluaci\u00f3n T\u00e9cnico Financiera; y el Estudio de Movilidad Peatonal, Ciclista y Vial.<\/p>\n<p>Del 29 de agosto al 6 de septiembre se efectuar\u00e1 un ejercicio c\u00edvico de participaci\u00f3n ciudadana en diferentes plazas p\u00fablicas de las colonias aleda\u00f1as del Corredor Cultural Chapultepec, se convocar\u00e1 a los residentes y visitantes de la zona a dar su opini\u00f3n y propuestas. La presentaci\u00f3n final de \u00e9ste se har\u00e1 una vez computados los resultados.<\/p>\n<p>El proyecto incrementar\u00e1 a 61,297 metros cuadrados el espacio p\u00fablico existente, de los cuales 23,300 metros cuadrados ser\u00e1n destinados para \u00e1reas verdes, culturales y recreativas; 9,746 metros cuadrados como andadores y 28,251 metros cuadrados para banquetas y conectar\u00e1 el Centro de Transferencia Modal (CETRAM) Chapultepec a la Glorieta de los Insurgentes mediante un parque lineal.<\/p>\n<p>Los espacios culturales se conformar\u00e1n por salas de cine, galer\u00edas de arte contempor\u00e1neo, espacios de iniciaci\u00f3n art\u00edstica, centros de formaci\u00f3n musical y literaria, as\u00ed como talleres de autogesti\u00f3n cultural y la formaci\u00f3n de especialistas en la construcci\u00f3n de aplicaciones para la difusi\u00f3n de la cultura; los cuales ser\u00e1n dise\u00f1ados por ganadores de un concurso p\u00fablico arquitect\u00f3nico para presentaci\u00f3n de propuestas conceptuales, en el que la Secretar\u00eda de Cultura de la CDMX, ser\u00e1 el \u00e1rea coadyuvante para el proceso de calificaci\u00f3n de propuestas.\u00a0La inscripci\u00f3n del concurso, as\u00ed como las bases de participaci\u00f3n estar\u00e1n disponibles en la p\u00e1gina web<span lang=\"ES\"><span lang=\"ES-MX\"><a href=\"http:\/\/www.procdmx.gob.mx\/ccc\" target=\"_blank\">www.procdmx.gob.mx\/ccc<\/a>.<\/span><\/span><\/p>\n<p>Su infraestructura emular\u00e1 al Antiguo Acueducto de la Avenida Chapultepec y contar\u00e1 con un sistema de captaci\u00f3n pluvial con capacidad para 13,752,200 litros anuales. Como medidas para contrarrestar el efecto isla de calor al proyectar sombras sobre el arroyo vehicular, se incorporara pavimento peatonal de colores claros, adem\u00e1s de proveer de sombra natural, ya que se contempla aumentar el n\u00famero de \u00e1rboles y vegetaci\u00f3n.<\/p>\n<p>Se prev\u00e9 iniciar la construcci\u00f3n del Corredor Cultural Chapultepec en septiembre pr\u00f3ximo, y se crear\u00e1n tres mil 500 empleos directos e indirectos durante el periodo de construcci\u00f3n que ser\u00e1 de 18 meses y dos mil empleos permanentes cuando la obra se encuentre en operaci\u00f3n.<\/p>\n<p>Para m\u00e1s informaci\u00f3n y los detalles sobre el Corredor Cultural Chapultepec se puede consultar el portal <span lang=\"ES\"><a href=\"http:\/\/www.ccchapultepec.mx\/\" target=\"_blank\"><span lang=\"ES-MX\">www.ccchapultepec.mx<\/span><\/a><\/span>.<\/p>\n","protected":false},"excerpt":{"rendered":"<p>Se cuenta con una inversi\u00f3n de m\u00e1s de 1,000 mdp para su creaci\u00f3n<\/p>\n","protected":false},"author":1,"featured_media":22392,"comment_status":"open","ping_status":"closed","sticky":false,"template":"","format":"standard","meta":{"om_disable_all_campaigns":false,"inline_featured_image":false,"_monsterinsights_skip_tracking":false,"_monsterinsights_sitenote_active":false,"_monsterinsights_sitenote_note":"","_monsterinsights_sitenote_category":0,"footnotes":""},"categories":[82],"tags":[606,6111,6110,4416],"class_list":["post-22391","post","type-post","status-publish","format-standard","has-post-thumbnail","hentry","category-urbanismo","tag-cdmx","tag-corredor-cultural-chapultepec","tag-picsa","tag-procdmx"],"yoast_head":"<!-- This site is optimized with the Yoast SEO plugin v27.4 - https:\/\/yoast.com\/product\/yoast-seo-wordpress\/ -->\n<title>ProCDMX presenta proceso del Corredor Cultural Chapultepec -<\/title>\n<meta name=\"description\" content=\"Se cuenta con una inversi\u00f3n de m\u00e1s de 1,000 mdp para su creaci\u00f3n Para la creaci\u00f3n del Corredor Cultural Chapultepec se contar\u00e1 con una inversi\u00f3n privada\" \/>\n<meta name=\"robots\" content=\"index, follow, max-snippet:-1, max-image-preview:large, max-video-preview:-1\" \/>\n<link rel=\"canonical\" href=\"https:\/\/centrourbano.com\/revista\/urbanismo\/procdmx-presenta-proceso-del-corredor-cultural-chapultepec\/\" \/>\n<meta property=\"og:locale\" content=\"es_ES\" \/>\n<meta property=\"og:type\" content=\"article\" \/>\n<meta property=\"og:title\" content=\"ProCDMX presenta proceso del Corredor Cultural Chapultepec -\" \/>\n<meta property=\"og:description\" content=\"Se cuenta con una inversi\u00f3n de m\u00e1s de 1,000 mdp para su creaci\u00f3n Para la creaci\u00f3n del Corredor Cultural Chapultepec se contar\u00e1 con una inversi\u00f3n privada\" \/>\n<meta property=\"og:url\" content=\"https:\/\/centrourbano.com\/revista\/urbanismo\/procdmx-presenta-proceso-del-corredor-cultural-chapultepec\/\" \/>\n<meta property=\"og:site_name\" content=\"Centro Urbano\" \/>\n<meta property=\"article:publisher\" content=\"https:\/\/www.facebook.com\/portalcentrourbano\" \/>\n<meta property=\"article:published_time\" content=\"2015-08-18T15:21:02+00:00\" \/>\n<meta property=\"og:image\" content=\"https:\/\/centrourbano.com\/revista\/wp-content\/uploads\/180815-IMAGEN-CORREDOR-CULTURAL-CHAPULTEPEC-2.jpg\" \/>\n\t<meta property=\"og:image:width\" content=\"800\" \/>\n\t<meta property=\"og:image:height\" content=\"450\" \/>\n\t<meta property=\"og:image:type\" content=\"image\/jpeg\" \/>\n<meta name=\"author\" content=\"BlogCU 2022\" \/>\n<meta name=\"twitter:card\" content=\"summary_large_image\" \/>\n<meta name=\"twitter:creator\" content=\"@CentroUrbano\" \/>\n<meta name=\"twitter:site\" content=\"@CentroUrbano\" \/>\n<meta name=\"twitter:label1\" content=\"Escrito por\" \/>\n\t<meta name=\"twitter:data1\" content=\"BlogCU 2022\" \/>\n\t<meta name=\"twitter:label2\" content=\"Tiempo de lectura\" \/>\n\t<meta name=\"twitter:data2\" content=\"3 minutos\" \/>\n<script type=\"application\/ld+json\" class=\"yoast-schema-graph\">{\"@context\":\"https:\\\/\\\/schema.org\",\"@graph\":[{\"@type\":\"Article\",\"@id\":\"https:\\\/\\\/centrourbano.com\\\/revista\\\/urbanismo\\\/procdmx-presenta-proceso-del-corredor-cultural-chapultepec\\\/#article\",\"isPartOf\":{\"@id\":\"https:\\\/\\\/centrourbano.com\\\/revista\\\/urbanismo\\\/procdmx-presenta-proceso-del-corredor-cultural-chapultepec\\\/\"},\"author\":{\"name\":\"BlogCU 2022\",\"@id\":\"https:\\\/\\\/centrourbano.com\\\/revista\\\/#\\\/schema\\\/person\\\/26c0ab2d8952e32eb17ccf62f8e88ce6\"},\"headline\":\"ProCDMX presenta proceso del Corredor Cultural Chapultepec\",\"datePublished\":\"2015-08-18T15:21:02+00:00\",\"mainEntityOfPage\":{\"@id\":\"https:\\\/\\\/centrourbano.com\\\/revista\\\/urbanismo\\\/procdmx-presenta-proceso-del-corredor-cultural-chapultepec\\\/\"},\"wordCount\":560,\"commentCount\":0,\"publisher\":{\"@id\":\"https:\\\/\\\/centrourbano.com\\\/revista\\\/#organization\"},\"image\":{\"@id\":\"https:\\\/\\\/centrourbano.com\\\/revista\\\/urbanismo\\\/procdmx-presenta-proceso-del-corredor-cultural-chapultepec\\\/#primaryimage\"},\"thumbnailUrl\":\"https:\\\/\\\/centrourbano.com\\\/revista\\\/wp-content\\\/uploads\\\/180815-IMAGEN-CORREDOR-CULTURAL-CHAPULTEPEC-2.jpg\",\"keywords\":[\"CDMX\",\"Corredor Cultural Chapultepec\",\"PICSA\",\"ProCDMX\"],\"articleSection\":[\"Urbanismo\"],\"inLanguage\":\"es\",\"potentialAction\":[{\"@type\":\"CommentAction\",\"name\":\"Comment\",\"target\":[\"https:\\\/\\\/centrourbano.com\\\/revista\\\/urbanismo\\\/procdmx-presenta-proceso-del-corredor-cultural-chapultepec\\\/#respond\"]}]},{\"@type\":\"WebPage\",\"@id\":\"https:\\\/\\\/centrourbano.com\\\/revista\\\/urbanismo\\\/procdmx-presenta-proceso-del-corredor-cultural-chapultepec\\\/\",\"url\":\"https:\\\/\\\/centrourbano.com\\\/revista\\\/urbanismo\\\/procdmx-presenta-proceso-del-corredor-cultural-chapultepec\\\/\",\"name\":\"ProCDMX presenta proceso del Corredor Cultural Chapultepec -\",\"isPartOf\":{\"@id\":\"https:\\\/\\\/centrourbano.com\\\/revista\\\/#website\"},\"primaryImageOfPage\":{\"@id\":\"https:\\\/\\\/centrourbano.com\\\/revista\\\/urbanismo\\\/procdmx-presenta-proceso-del-corredor-cultural-chapultepec\\\/#primaryimage\"},\"image\":{\"@id\":\"https:\\\/\\\/centrourbano.com\\\/revista\\\/urbanismo\\\/procdmx-presenta-proceso-del-corredor-cultural-chapultepec\\\/#primaryimage\"},\"thumbnailUrl\":\"https:\\\/\\\/centrourbano.com\\\/revista\\\/wp-content\\\/uploads\\\/180815-IMAGEN-CORREDOR-CULTURAL-CHAPULTEPEC-2.jpg\",\"datePublished\":\"2015-08-18T15:21:02+00:00\",\"description\":\"Se cuenta con una inversi\u00f3n de m\u00e1s de 1,000 mdp para su creaci\u00f3n Para la creaci\u00f3n del Corredor Cultural Chapultepec se contar\u00e1 con una inversi\u00f3n privada\",\"breadcrumb\":{\"@id\":\"https:\\\/\\\/centrourbano.com\\\/revista\\\/urbanismo\\\/procdmx-presenta-proceso-del-corredor-cultural-chapultepec\\\/#breadcrumb\"},\"inLanguage\":\"es\",\"potentialAction\":[{\"@type\":\"ReadAction\",\"target\":[\"https:\\\/\\\/centrourbano.com\\\/revista\\\/urbanismo\\\/procdmx-presenta-proceso-del-corredor-cultural-chapultepec\\\/\"]}]},{\"@type\":\"ImageObject\",\"inLanguage\":\"es\",\"@id\":\"https:\\\/\\\/centrourbano.com\\\/revista\\\/urbanismo\\\/procdmx-presenta-proceso-del-corredor-cultural-chapultepec\\\/#primaryimage\",\"url\":\"https:\\\/\\\/centrourbano.com\\\/revista\\\/wp-content\\\/uploads\\\/180815-IMAGEN-CORREDOR-CULTURAL-CHAPULTEPEC-2.jpg\",\"contentUrl\":\"https:\\\/\\\/centrourbano.com\\\/revista\\\/wp-content\\\/uploads\\\/180815-IMAGEN-CORREDOR-CULTURAL-CHAPULTEPEC-2.jpg\",\"width\":800,\"height\":450},{\"@type\":\"BreadcrumbList\",\"@id\":\"https:\\\/\\\/centrourbano.com\\\/revista\\\/urbanismo\\\/procdmx-presenta-proceso-del-corredor-cultural-chapultepec\\\/#breadcrumb\",\"itemListElement\":[{\"@type\":\"ListItem\",\"position\":1,\"name\":\"Portada\",\"item\":\"https:\\\/\\\/centrourbano.com\\\/revista\\\/\"},{\"@type\":\"ListItem\",\"position\":2,\"name\":\"ProCDMX presenta proceso del Corredor Cultural Chapultepec\"}]},{\"@type\":\"WebSite\",\"@id\":\"https:\\\/\\\/centrourbano.com\\\/revista\\\/#website\",\"url\":\"https:\\\/\\\/centrourbano.com\\\/revista\\\/\",\"name\":\"Centro Urbano\",\"description\":\"Medio especializado en los sectores vivienda, inmobiliario, construcci\u00f3n, arquitectura y urbanismo.\",\"publisher\":{\"@id\":\"https:\\\/\\\/centrourbano.com\\\/revista\\\/#organization\"},\"potentialAction\":[{\"@type\":\"SearchAction\",\"target\":{\"@type\":\"EntryPoint\",\"urlTemplate\":\"https:\\\/\\\/centrourbano.com\\\/revista\\\/?s={search_term_string}\"},\"query-input\":{\"@type\":\"PropertyValueSpecification\",\"valueRequired\":true,\"valueName\":\"search_term_string\"}}],\"inLanguage\":\"es\"},{\"@type\":\"Organization\",\"@id\":\"https:\\\/\\\/centrourbano.com\\\/revista\\\/#organization\",\"name\":\"Centro Urbano\",\"url\":\"https:\\\/\\\/centrourbano.com\\\/revista\\\/\",\"logo\":{\"@type\":\"ImageObject\",\"inLanguage\":\"es\",\"@id\":\"https:\\\/\\\/centrourbano.com\\\/revista\\\/#\\\/schema\\\/logo\\\/image\\\/\",\"url\":\"https:\\\/\\\/centrourbano.com\\\/revista\\\/wp-content\\\/uploads\\\/web_CU_logo-1.png\",\"contentUrl\":\"https:\\\/\\\/centrourbano.com\\\/revista\\\/wp-content\\\/uploads\\\/web_CU_logo-1.png\",\"width\":350,\"height\":91,\"caption\":\"Centro Urbano\"},\"image\":{\"@id\":\"https:\\\/\\\/centrourbano.com\\\/revista\\\/#\\\/schema\\\/logo\\\/image\\\/\"},\"sameAs\":[\"https:\\\/\\\/www.facebook.com\\\/portalcentrourbano\",\"https:\\\/\\\/x.com\\\/CentroUrbano\",\"https:\\\/\\\/www.instagram.com\\\/centro_urbano\\\/\",\"https:\\\/\\\/www.linkedin.com\\\/company\\\/centro-urbano\\\/\",\"http:\\\/\\\/www.youtube.com\\\/user\\\/portalcentrourbano\"]},{\"@type\":\"Person\",\"@id\":\"https:\\\/\\\/centrourbano.com\\\/revista\\\/#\\\/schema\\\/person\\\/26c0ab2d8952e32eb17ccf62f8e88ce6\",\"name\":\"BlogCU 2022\",\"image\":{\"@type\":\"ImageObject\",\"inLanguage\":\"es\",\"@id\":\"https:\\\/\\\/secure.gravatar.com\\\/avatar\\\/5ec2975f6d4b1643c723f08ef135c488131c64cba4524740d438f2e04dbeacdc?s=96&d=mm&r=g\",\"url\":\"https:\\\/\\\/secure.gravatar.com\\\/avatar\\\/5ec2975f6d4b1643c723f08ef135c488131c64cba4524740d438f2e04dbeacdc?s=96&d=mm&r=g\",\"contentUrl\":\"https:\\\/\\\/secure.gravatar.com\\\/avatar\\\/5ec2975f6d4b1643c723f08ef135c488131c64cba4524740d438f2e04dbeacdc?s=96&d=mm&r=g\",\"caption\":\"BlogCU 2022\"},\"url\":\"https:\\\/\\\/centrourbano.com\\\/revista\\\/author\\\/BlogCU 2022\\\/\"}]}<\/script>\n<!-- \/ Yoast SEO plugin. -->","yoast_head_json":{"title":"ProCDMX presenta proceso del Corredor Cultural Chapultepec -","description":"Se cuenta con una inversi\u00f3n de m\u00e1s de 1,000 mdp para su creaci\u00f3n Para la creaci\u00f3n del Corredor Cultural Chapultepec se contar\u00e1 con una inversi\u00f3n privada","robots":{"index":"index","follow":"follow","max-snippet":"max-snippet:-1","max-image-preview":"max-image-preview:large","max-video-preview":"max-video-preview:-1"},"canonical":"https:\/\/centrourbano.com\/revista\/urbanismo\/procdmx-presenta-proceso-del-corredor-cultural-chapultepec\/","og_locale":"es_ES","og_type":"article","og_title":"ProCDMX presenta proceso del Corredor Cultural Chapultepec -","og_description":"Se cuenta con una inversi\u00f3n de m\u00e1s de 1,000 mdp para su creaci\u00f3n Para la creaci\u00f3n del Corredor Cultural Chapultepec se contar\u00e1 con una inversi\u00f3n privada","og_url":"https:\/\/centrourbano.com\/revista\/urbanismo\/procdmx-presenta-proceso-del-corredor-cultural-chapultepec\/","og_site_name":"Centro Urbano","article_publisher":"https:\/\/www.facebook.com\/portalcentrourbano","article_published_time":"2015-08-18T15:21:02+00:00","og_image":[{"width":800,"height":450,"url":"https:\/\/centrourbano.com\/revista\/wp-content\/uploads\/180815-IMAGEN-CORREDOR-CULTURAL-CHAPULTEPEC-2.jpg","type":"image\/jpeg"}],"author":"BlogCU 2022","twitter_card":"summary_large_image","twitter_creator":"@CentroUrbano","twitter_site":"@CentroUrbano","twitter_misc":{"Escrito por":"BlogCU 2022","Tiempo de lectura":"3 minutos"},"schema":{"@context":"https:\/\/schema.org","@graph":[{"@type":"Article","@id":"https:\/\/centrourbano.com\/revista\/urbanismo\/procdmx-presenta-proceso-del-corredor-cultural-chapultepec\/#article","isPartOf":{"@id":"https:\/\/centrourbano.com\/revista\/urbanismo\/procdmx-presenta-proceso-del-corredor-cultural-chapultepec\/"},"author":{"name":"BlogCU 2022","@id":"https:\/\/centrourbano.com\/revista\/#\/schema\/person\/26c0ab2d8952e32eb17ccf62f8e88ce6"},"headline":"ProCDMX presenta proceso del Corredor Cultural Chapultepec","datePublished":"2015-08-18T15:21:02+00:00","mainEntityOfPage":{"@id":"https:\/\/centrourbano.com\/revista\/urbanismo\/procdmx-presenta-proceso-del-corredor-cultural-chapultepec\/"},"wordCount":560,"commentCount":0,"publisher":{"@id":"https:\/\/centrourbano.com\/revista\/#organization"},"image":{"@id":"https:\/\/centrourbano.com\/revista\/urbanismo\/procdmx-presenta-proceso-del-corredor-cultural-chapultepec\/#primaryimage"},"thumbnailUrl":"https:\/\/centrourbano.com\/revista\/wp-content\/uploads\/180815-IMAGEN-CORREDOR-CULTURAL-CHAPULTEPEC-2.jpg","keywords":["CDMX","Corredor Cultural Chapultepec","PICSA","ProCDMX"],"articleSection":["Urbanismo"],"inLanguage":"es","potentialAction":[{"@type":"CommentAction","name":"Comment","target":["https:\/\/centrourbano.com\/revista\/urbanismo\/procdmx-presenta-proceso-del-corredor-cultural-chapultepec\/#respond"]}]},{"@type":"WebPage","@id":"https:\/\/centrourbano.com\/revista\/urbanismo\/procdmx-presenta-proceso-del-corredor-cultural-chapultepec\/","url":"https:\/\/centrourbano.com\/revista\/urbanismo\/procdmx-presenta-proceso-del-corredor-cultural-chapultepec\/","name":"ProCDMX presenta proceso del Corredor Cultural Chapultepec -","isPartOf":{"@id":"https:\/\/centrourbano.com\/revista\/#website"},"primaryImageOfPage":{"@id":"https:\/\/centrourbano.com\/revista\/urbanismo\/procdmx-presenta-proceso-del-corredor-cultural-chapultepec\/#primaryimage"},"image":{"@id":"https:\/\/centrourbano.com\/revista\/urbanismo\/procdmx-presenta-proceso-del-corredor-cultural-chapultepec\/#primaryimage"},"thumbnailUrl":"https:\/\/centrourbano.com\/revista\/wp-content\/uploads\/180815-IMAGEN-CORREDOR-CULTURAL-CHAPULTEPEC-2.jpg","datePublished":"2015-08-18T15:21:02+00:00","description":"Se cuenta con una inversi\u00f3n de m\u00e1s de 1,000 mdp para su creaci\u00f3n Para la creaci\u00f3n del Corredor Cultural Chapultepec se contar\u00e1 con una inversi\u00f3n privada","breadcrumb":{"@id":"https:\/\/centrourbano.com\/revista\/urbanismo\/procdmx-presenta-proceso-del-corredor-cultural-chapultepec\/#breadcrumb"},"inLanguage":"es","potentialAction":[{"@type":"ReadAction","target":["https:\/\/centrourbano.com\/revista\/urbanismo\/procdmx-presenta-proceso-del-corredor-cultural-chapultepec\/"]}]},{"@type":"ImageObject","inLanguage":"es","@id":"https:\/\/centrourbano.com\/revista\/urbanismo\/procdmx-presenta-proceso-del-corredor-cultural-chapultepec\/#primaryimage","url":"https:\/\/centrourbano.com\/revista\/wp-content\/uploads\/180815-IMAGEN-CORREDOR-CULTURAL-CHAPULTEPEC-2.jpg","contentUrl":"https:\/\/centrourbano.com\/revista\/wp-content\/uploads\/180815-IMAGEN-CORREDOR-CULTURAL-CHAPULTEPEC-2.jpg","width":800,"height":450},{"@type":"BreadcrumbList","@id":"https:\/\/centrourbano.com\/revista\/urbanismo\/procdmx-presenta-proceso-del-corredor-cultural-chapultepec\/#breadcrumb","itemListElement":[{"@type":"ListItem","position":1,"name":"Portada","item":"https:\/\/centrourbano.com\/revista\/"},{"@type":"ListItem","position":2,"name":"ProCDMX presenta proceso del Corredor Cultural Chapultepec"}]},{"@type":"WebSite","@id":"https:\/\/centrourbano.com\/revista\/#website","url":"https:\/\/centrourbano.com\/revista\/","name":"Centro Urbano","description":"Medio especializado en los sectores vivienda, inmobiliario, construcci\u00f3n, arquitectura y urbanismo.","publisher":{"@id":"https:\/\/centrourbano.com\/revista\/#organization"},"potentialAction":[{"@type":"SearchAction","target":{"@type":"EntryPoint","urlTemplate":"https:\/\/centrourbano.com\/revista\/?s={search_term_string}"},"query-input":{"@type":"PropertyValueSpecification","valueRequired":true,"valueName":"search_term_string"}}],"inLanguage":"es"},{"@type":"Organization","@id":"https:\/\/centrourbano.com\/revista\/#organization","name":"Centro Urbano","url":"https:\/\/centrourbano.com\/revista\/","logo":{"@type":"ImageObject","inLanguage":"es","@id":"https:\/\/centrourbano.com\/revista\/#\/schema\/logo\/image\/","url":"https:\/\/centrourbano.com\/revista\/wp-content\/uploads\/web_CU_logo-1.png","contentUrl":"https:\/\/centrourbano.com\/revista\/wp-content\/uploads\/web_CU_logo-1.png","width":350,"height":91,"caption":"Centro Urbano"},"image":{"@id":"https:\/\/centrourbano.com\/revista\/#\/schema\/logo\/image\/"},"sameAs":["https:\/\/www.facebook.com\/portalcentrourbano","https:\/\/x.com\/CentroUrbano","https:\/\/www.instagram.com\/centro_urbano\/","https:\/\/www.linkedin.com\/company\/centro-urbano\/","http:\/\/www.youtube.com\/user\/portalcentrourbano"]},{"@type":"Person","@id":"https:\/\/centrourbano.com\/revista\/#\/schema\/person\/26c0ab2d8952e32eb17ccf62f8e88ce6","name":"BlogCU 2022","image":{"@type":"ImageObject","inLanguage":"es","@id":"https:\/\/secure.gravatar.com\/avatar\/5ec2975f6d4b1643c723f08ef135c488131c64cba4524740d438f2e04dbeacdc?s=96&d=mm&r=g","url":"https:\/\/secure.gravatar.com\/avatar\/5ec2975f6d4b1643c723f08ef135c488131c64cba4524740d438f2e04dbeacdc?s=96&d=mm&r=g","contentUrl":"https:\/\/secure.gravatar.com\/avatar\/5ec2975f6d4b1643c723f08ef135c488131c64cba4524740d438f2e04dbeacdc?s=96&d=mm&r=g","caption":"BlogCU 2022"},"url":"https:\/\/centrourbano.com\/revista\/author\/BlogCU 2022\/"}]}},"_links":{"self":[{"href":"https:\/\/centrourbano.com\/revista\/wp-json\/wp\/v2\/posts\/22391","targetHints":{"allow":["GET"]}}],"collection":[{"href":"https:\/\/centrourbano.com\/revista\/wp-json\/wp\/v2\/posts"}],"about":[{"href":"https:\/\/centrourbano.com\/revista\/wp-json\/wp\/v2\/types\/post"}],"author":[{"embeddable":true,"href":"https:\/\/centrourbano.com\/revista\/wp-json\/wp\/v2\/users\/1"}],"replies":[{"embeddable":true,"href":"https:\/\/centrourbano.com\/revista\/wp-json\/wp\/v2\/comments?post=22391"}],"version-history":[{"count":0,"href":"https:\/\/centrourbano.com\/revista\/wp-json\/wp\/v2\/posts\/22391\/revisions"}],"wp:featuredmedia":[{"embeddable":true,"href":"https:\/\/centrourbano.com\/revista\/wp-json\/wp\/v2\/media\/22392"}],"wp:attachment":[{"href":"https:\/\/centrourbano.com\/revista\/wp-json\/wp\/v2\/media?parent=22391"}],"wp:term":[{"taxonomy":"category","embeddable":true,"href":"https:\/\/centrourbano.com\/revista\/wp-json\/wp\/v2\/categories?post=22391"},{"taxonomy":"post_tag","embeddable":true,"href":"https:\/\/centrourbano.com\/revista\/wp-json\/wp\/v2\/tags?post=22391"}],"curies":[{"name":"wp","href":"https:\/\/api.w.org\/{rel}","templated":true}]}}