{"id":22381,"date":"2015-08-18T09:40:46","date_gmt":"2015-08-18T14:40:46","guid":{"rendered":"http:\/\/centrourbano.com\/?p=22381"},"modified":"2015-08-18T09:40:46","modified_gmt":"2015-08-18T14:40:46","slug":"prospera-el-mercado-de-oficinas-en-la-capital","status":"publish","type":"post","link":"https:\/\/centrourbano.com\/revista\/reportajes\/prospera-el-mercado-de-oficinas-en-la-capital\/","title":{"rendered":"Prospera el mercado de oficinas en la capital"},"content":{"rendered":"<p><em>Datos publicados por las consultor\u00edas Coldwell Banker Commercial\u00a0 y CBRE coinciden en el prometedor futuro del sector en la ciudad de M\u00e9xico<\/em><\/p>\n<p><!--more--><\/p>\n<p>La Ciudad de M\u00e9xico ofrece un panorama favorecedor a lo largo de este 2015 en cuanto al mercado de oficinas como se puede ver en datos de investigaciones que han realizado Coldwell Banker Commercial\u00a0 y CBRE, ambas empresas mundiales especializadas en consultor\u00eda, comercializaci\u00f3n y servicios inmobiliarios, si bien hay diferencias entre los reportes, en ambos se puede notar el prometedor futuro del sector.<\/p>\n<p>De acuerdo con CBRE en la capital se tienen registrados 9.3 millones de metros cuadrados para espacios corporativos de todas las clases, de los cuales 4.8 millones de metros cuadrados son oficinas Clase A\/A+, una proporci\u00f3n que ha ido en aumento desde finales de 2009, destacando el segundo trimestre de 2015 durante el cual se incorporaron 140 mil metros cuadrados en siete edificios distribuidos en los corredores Reforma, Insurgentes, Lomas Palmas y Polanco.<\/p>\n<p>Por otra parte Coldwell Banker Commercial indic\u00f3 que en el primer semestre del a\u00f1o se incorporaron m\u00e1s de 320 mil metros cuadrados al inventario y se prev\u00e9 que en el segundo semestre se agreguen m\u00e1s de 400 mil metros cuadrados, con esto se rebasar\u00e1 el promedio de los \u00faltimos tres a\u00f1os de 500 mil metros cuadrados en m\u00e1s de 40 por ciento. De esta manera al cierre del semestre la oferta de espacios equivaldr\u00e1 a 603 mil metros cuadrados aproximadamente, cifra 24 por ciento superior a los 487 mil metros cuadrados disponibles al cierre en 2014.<\/p>\n<p>El reporte de CBRE se\u00f1ala que los submercados de Insurgentes y Perinorte concentran la mayor cantidad de espacios en desarrollo con 25 por ciento y 19 por ciento respectivamente. En el caso de los corredores Reforma y Polanco concentran el 24 por ciento y 23 por ciento de los proyectos que a\u00fan se encuentran en planeaci\u00f3n pues los permisos y licencias se est\u00e1n tramitando.<\/p>\n<p>De los submercados, el corredor Insurgentes est\u00e1 fuertemente beneficiado por su ubicaci\u00f3n, conectividad y el repunte de la actividad en construcci\u00f3n que alcanza los 417 mil metros cuadrados distribuidos en 17 edificios.<\/p>\n<p>Respecto a la demanda de espacios, Coldwell Banker Commercial informa que durante el primer trimestre fue de 328 mil metros cuadrados, lo que representa 52% de los 630 mil metros cuadrados comercializados en todo 2014.<\/p>\n<p>A esto se suma la informaci\u00f3n de CBRE sobre Santa Fe y Perif\u00e9rico Sur los cuales registraron una demanda de casi 20 mil metros cuadrados cada uno durante el periodo. Los principales sectores en donde se origin\u00f3 la demanda en la ciudad este segundo trimestre fueron: financiero, medios\/telecomunicaciones y consultor\u00eda.<\/p>\n<p>En cuanto a la tasa de disponibilidad, Coldwell Banker Commercial mantiene que se present\u00f3 un incremento de 1.6 puntos porcentuales en lo que va del a\u00f1o, ya que pas\u00f3 de 10.1 por ciento en el cierre del 2014 a 11.8 por ciento, por su parte CBRE sostiene que para el segundo trimestre de 2015 la tasa de disponibilidad se ubic\u00f3 en 10.49% incrementando 0.64 puntos porcentuales con respecto al trimestre anterior. El corredor Perinorte presenta la tasa de disponibilidad m\u00e1s alta con 52.88 por ciento con edificios como Pilcomayo y Torre Norte en tanto que Santa Fe tiene la tasa m\u00e1s baja con 4.40 por ciento.<\/p>\n","protected":false},"excerpt":{"rendered":"<p>Datos publicados por las consultor\u00edas Coldwell Banker Commercial\u00a0 y CBRE coinciden en el prometedor futuro del sector en la ciudad de M\u00e9xico<\/p>\n","protected":false},"author":1,"featured_media":22382,"comment_status":"open","ping_status":"closed","sticky":false,"template":"","format":"standard","meta":{"om_disable_all_campaigns":false,"inline_featured_image":false,"_monsterinsights_skip_tracking":false,"_monsterinsights_sitenote_active":false,"_monsterinsights_sitenote_note":"","_monsterinsights_sitenote_category":0,"footnotes":""},"categories":[16],"tags":[2116,606,1705,58,5999],"class_list":["post-22381","post","type-post","status-publish","format-standard","has-post-thumbnail","hentry","category-reportajes","tag-cbre","tag-cdmx","tag-coldwell-banker-commercial","tag-oficinas","tag-oficinas-clase-aa"],"yoast_head":"<!-- This site is optimized with the Yoast SEO plugin v27.4 - https:\/\/yoast.com\/product\/yoast-seo-wordpress\/ -->\n<title>Prospera el mercado de oficinas en la capital -<\/title>\n<meta name=\"description\" content=\"Datos publicados por las consultor\u00edas Coldwell Banker Commercial\u00a0 y CBRE coinciden en el prometedor futuro del sector en la ciudad de M\u00e9xico La Ciudad de\" \/>\n<meta name=\"robots\" content=\"index, follow, max-snippet:-1, max-image-preview:large, max-video-preview:-1\" \/>\n<link rel=\"canonical\" href=\"https:\/\/centrourbano.com\/revista\/reportajes\/prospera-el-mercado-de-oficinas-en-la-capital\/\" \/>\n<meta property=\"og:locale\" content=\"es_ES\" \/>\n<meta property=\"og:type\" content=\"article\" \/>\n<meta property=\"og:title\" content=\"Prospera el mercado de oficinas en la capital -\" \/>\n<meta property=\"og:description\" content=\"Datos publicados por las consultor\u00edas Coldwell Banker Commercial\u00a0 y CBRE coinciden en el prometedor futuro del sector en la ciudad de M\u00e9xico La Ciudad de\" \/>\n<meta property=\"og:url\" content=\"https:\/\/centrourbano.com\/revista\/reportajes\/prospera-el-mercado-de-oficinas-en-la-capital\/\" \/>\n<meta property=\"og:site_name\" content=\"Centro Urbano\" \/>\n<meta property=\"article:publisher\" content=\"https:\/\/www.facebook.com\/portalcentrourbano\" \/>\n<meta property=\"article:published_time\" content=\"2015-08-18T14:40:46+00:00\" \/>\n<meta property=\"og:image\" content=\"https:\/\/centrourbano.com\/revista\/wp-content\/uploads\/Oficinas-3-Aura-Fuentes.jpg\" \/>\n\t<meta property=\"og:image:width\" content=\"800\" \/>\n\t<meta property=\"og:image:height\" content=\"527\" \/>\n\t<meta property=\"og:image:type\" content=\"image\/jpeg\" \/>\n<meta name=\"author\" content=\"BlogCU 2022\" \/>\n<meta name=\"twitter:card\" content=\"summary_large_image\" \/>\n<meta name=\"twitter:creator\" content=\"@CentroUrbano\" \/>\n<meta name=\"twitter:site\" content=\"@CentroUrbano\" \/>\n<meta name=\"twitter:label1\" content=\"Escrito por\" \/>\n\t<meta name=\"twitter:data1\" content=\"BlogCU 2022\" \/>\n\t<meta name=\"twitter:label2\" content=\"Tiempo de lectura\" \/>\n\t<meta name=\"twitter:data2\" content=\"3 minutos\" \/>\n<script type=\"application\/ld+json\" class=\"yoast-schema-graph\">{\"@context\":\"https:\\\/\\\/schema.org\",\"@graph\":[{\"@type\":\"Article\",\"@id\":\"https:\\\/\\\/centrourbano.com\\\/revista\\\/reportajes\\\/prospera-el-mercado-de-oficinas-en-la-capital\\\/#article\",\"isPartOf\":{\"@id\":\"https:\\\/\\\/centrourbano.com\\\/revista\\\/reportajes\\\/prospera-el-mercado-de-oficinas-en-la-capital\\\/\"},\"author\":{\"name\":\"BlogCU 2022\",\"@id\":\"https:\\\/\\\/centrourbano.com\\\/revista\\\/#\\\/schema\\\/person\\\/26c0ab2d8952e32eb17ccf62f8e88ce6\"},\"headline\":\"Prospera el mercado de oficinas en la capital\",\"datePublished\":\"2015-08-18T14:40:46+00:00\",\"mainEntityOfPage\":{\"@id\":\"https:\\\/\\\/centrourbano.com\\\/revista\\\/reportajes\\\/prospera-el-mercado-de-oficinas-en-la-capital\\\/\"},\"wordCount\":540,\"commentCount\":0,\"publisher\":{\"@id\":\"https:\\\/\\\/centrourbano.com\\\/revista\\\/#organization\"},\"image\":{\"@id\":\"https:\\\/\\\/centrourbano.com\\\/revista\\\/reportajes\\\/prospera-el-mercado-de-oficinas-en-la-capital\\\/#primaryimage\"},\"thumbnailUrl\":\"https:\\\/\\\/centrourbano.com\\\/revista\\\/wp-content\\\/uploads\\\/Oficinas-3-Aura-Fuentes.jpg\",\"keywords\":[\"CBRE\",\"CDMX\",\"Coldwell Banker Commercial\",\"oficinas\",\"oficinas Clase A\\\/A+\"],\"articleSection\":[\"Reportajes\"],\"inLanguage\":\"es\",\"potentialAction\":[{\"@type\":\"CommentAction\",\"name\":\"Comment\",\"target\":[\"https:\\\/\\\/centrourbano.com\\\/revista\\\/reportajes\\\/prospera-el-mercado-de-oficinas-en-la-capital\\\/#respond\"]}]},{\"@type\":\"WebPage\",\"@id\":\"https:\\\/\\\/centrourbano.com\\\/revista\\\/reportajes\\\/prospera-el-mercado-de-oficinas-en-la-capital\\\/\",\"url\":\"https:\\\/\\\/centrourbano.com\\\/revista\\\/reportajes\\\/prospera-el-mercado-de-oficinas-en-la-capital\\\/\",\"name\":\"Prospera el mercado de oficinas en la capital -\",\"isPartOf\":{\"@id\":\"https:\\\/\\\/centrourbano.com\\\/revista\\\/#website\"},\"primaryImageOfPage\":{\"@id\":\"https:\\\/\\\/centrourbano.com\\\/revista\\\/reportajes\\\/prospera-el-mercado-de-oficinas-en-la-capital\\\/#primaryimage\"},\"image\":{\"@id\":\"https:\\\/\\\/centrourbano.com\\\/revista\\\/reportajes\\\/prospera-el-mercado-de-oficinas-en-la-capital\\\/#primaryimage\"},\"thumbnailUrl\":\"https:\\\/\\\/centrourbano.com\\\/revista\\\/wp-content\\\/uploads\\\/Oficinas-3-Aura-Fuentes.jpg\",\"datePublished\":\"2015-08-18T14:40:46+00:00\",\"description\":\"Datos publicados por las consultor\u00edas Coldwell Banker Commercial\u00a0 y CBRE coinciden en el prometedor futuro del sector en la ciudad de M\u00e9xico La Ciudad de\",\"breadcrumb\":{\"@id\":\"https:\\\/\\\/centrourbano.com\\\/revista\\\/reportajes\\\/prospera-el-mercado-de-oficinas-en-la-capital\\\/#breadcrumb\"},\"inLanguage\":\"es\",\"potentialAction\":[{\"@type\":\"ReadAction\",\"target\":[\"https:\\\/\\\/centrourbano.com\\\/revista\\\/reportajes\\\/prospera-el-mercado-de-oficinas-en-la-capital\\\/\"]}]},{\"@type\":\"ImageObject\",\"inLanguage\":\"es\",\"@id\":\"https:\\\/\\\/centrourbano.com\\\/revista\\\/reportajes\\\/prospera-el-mercado-de-oficinas-en-la-capital\\\/#primaryimage\",\"url\":\"https:\\\/\\\/centrourbano.com\\\/revista\\\/wp-content\\\/uploads\\\/Oficinas-3-Aura-Fuentes.jpg\",\"contentUrl\":\"https:\\\/\\\/centrourbano.com\\\/revista\\\/wp-content\\\/uploads\\\/Oficinas-3-Aura-Fuentes.jpg\",\"width\":800,\"height\":527},{\"@type\":\"BreadcrumbList\",\"@id\":\"https:\\\/\\\/centrourbano.com\\\/revista\\\/reportajes\\\/prospera-el-mercado-de-oficinas-en-la-capital\\\/#breadcrumb\",\"itemListElement\":[{\"@type\":\"ListItem\",\"position\":1,\"name\":\"Portada\",\"item\":\"https:\\\/\\\/centrourbano.com\\\/revista\\\/\"},{\"@type\":\"ListItem\",\"position\":2,\"name\":\"Prospera el mercado de oficinas en la capital\"}]},{\"@type\":\"WebSite\",\"@id\":\"https:\\\/\\\/centrourbano.com\\\/revista\\\/#website\",\"url\":\"https:\\\/\\\/centrourbano.com\\\/revista\\\/\",\"name\":\"Centro Urbano\",\"description\":\"Medio especializado en los sectores vivienda, inmobiliario, construcci\u00f3n, arquitectura y urbanismo.\",\"publisher\":{\"@id\":\"https:\\\/\\\/centrourbano.com\\\/revista\\\/#organization\"},\"potentialAction\":[{\"@type\":\"SearchAction\",\"target\":{\"@type\":\"EntryPoint\",\"urlTemplate\":\"https:\\\/\\\/centrourbano.com\\\/revista\\\/?s={search_term_string}\"},\"query-input\":{\"@type\":\"PropertyValueSpecification\",\"valueRequired\":true,\"valueName\":\"search_term_string\"}}],\"inLanguage\":\"es\"},{\"@type\":\"Organization\",\"@id\":\"https:\\\/\\\/centrourbano.com\\\/revista\\\/#organization\",\"name\":\"Centro Urbano\",\"url\":\"https:\\\/\\\/centrourbano.com\\\/revista\\\/\",\"logo\":{\"@type\":\"ImageObject\",\"inLanguage\":\"es\",\"@id\":\"https:\\\/\\\/centrourbano.com\\\/revista\\\/#\\\/schema\\\/logo\\\/image\\\/\",\"url\":\"https:\\\/\\\/centrourbano.com\\\/revista\\\/wp-content\\\/uploads\\\/web_CU_logo-1.png\",\"contentUrl\":\"https:\\\/\\\/centrourbano.com\\\/revista\\\/wp-content\\\/uploads\\\/web_CU_logo-1.png\",\"width\":350,\"height\":91,\"caption\":\"Centro Urbano\"},\"image\":{\"@id\":\"https:\\\/\\\/centrourbano.com\\\/revista\\\/#\\\/schema\\\/logo\\\/image\\\/\"},\"sameAs\":[\"https:\\\/\\\/www.facebook.com\\\/portalcentrourbano\",\"https:\\\/\\\/x.com\\\/CentroUrbano\",\"https:\\\/\\\/www.instagram.com\\\/centro_urbano\\\/\",\"https:\\\/\\\/www.linkedin.com\\\/company\\\/centro-urbano\\\/\",\"http:\\\/\\\/www.youtube.com\\\/user\\\/portalcentrourbano\"]},{\"@type\":\"Person\",\"@id\":\"https:\\\/\\\/centrourbano.com\\\/revista\\\/#\\\/schema\\\/person\\\/26c0ab2d8952e32eb17ccf62f8e88ce6\",\"name\":\"BlogCU 2022\",\"image\":{\"@type\":\"ImageObject\",\"inLanguage\":\"es\",\"@id\":\"https:\\\/\\\/secure.gravatar.com\\\/avatar\\\/5ec2975f6d4b1643c723f08ef135c488131c64cba4524740d438f2e04dbeacdc?s=96&d=mm&r=g\",\"url\":\"https:\\\/\\\/secure.gravatar.com\\\/avatar\\\/5ec2975f6d4b1643c723f08ef135c488131c64cba4524740d438f2e04dbeacdc?s=96&d=mm&r=g\",\"contentUrl\":\"https:\\\/\\\/secure.gravatar.com\\\/avatar\\\/5ec2975f6d4b1643c723f08ef135c488131c64cba4524740d438f2e04dbeacdc?s=96&d=mm&r=g\",\"caption\":\"BlogCU 2022\"},\"url\":\"https:\\\/\\\/centrourbano.com\\\/revista\\\/author\\\/BlogCU 2022\\\/\"}]}<\/script>\n<!-- \/ Yoast SEO plugin. -->","yoast_head_json":{"title":"Prospera el mercado de oficinas en la capital -","description":"Datos publicados por las consultor\u00edas Coldwell Banker Commercial\u00a0 y CBRE coinciden en el prometedor futuro del sector en la ciudad de M\u00e9xico La Ciudad de","robots":{"index":"index","follow":"follow","max-snippet":"max-snippet:-1","max-image-preview":"max-image-preview:large","max-video-preview":"max-video-preview:-1"},"canonical":"https:\/\/centrourbano.com\/revista\/reportajes\/prospera-el-mercado-de-oficinas-en-la-capital\/","og_locale":"es_ES","og_type":"article","og_title":"Prospera el mercado de oficinas en la capital -","og_description":"Datos publicados por las consultor\u00edas Coldwell Banker Commercial\u00a0 y CBRE coinciden en el prometedor futuro del sector en la ciudad de M\u00e9xico La Ciudad de","og_url":"https:\/\/centrourbano.com\/revista\/reportajes\/prospera-el-mercado-de-oficinas-en-la-capital\/","og_site_name":"Centro Urbano","article_publisher":"https:\/\/www.facebook.com\/portalcentrourbano","article_published_time":"2015-08-18T14:40:46+00:00","og_image":[{"width":800,"height":527,"url":"https:\/\/centrourbano.com\/revista\/wp-content\/uploads\/Oficinas-3-Aura-Fuentes.jpg","type":"image\/jpeg"}],"author":"BlogCU 2022","twitter_card":"summary_large_image","twitter_creator":"@CentroUrbano","twitter_site":"@CentroUrbano","twitter_misc":{"Escrito por":"BlogCU 2022","Tiempo de lectura":"3 minutos"},"schema":{"@context":"https:\/\/schema.org","@graph":[{"@type":"Article","@id":"https:\/\/centrourbano.com\/revista\/reportajes\/prospera-el-mercado-de-oficinas-en-la-capital\/#article","isPartOf":{"@id":"https:\/\/centrourbano.com\/revista\/reportajes\/prospera-el-mercado-de-oficinas-en-la-capital\/"},"author":{"name":"BlogCU 2022","@id":"https:\/\/centrourbano.com\/revista\/#\/schema\/person\/26c0ab2d8952e32eb17ccf62f8e88ce6"},"headline":"Prospera el mercado de oficinas en la capital","datePublished":"2015-08-18T14:40:46+00:00","mainEntityOfPage":{"@id":"https:\/\/centrourbano.com\/revista\/reportajes\/prospera-el-mercado-de-oficinas-en-la-capital\/"},"wordCount":540,"commentCount":0,"publisher":{"@id":"https:\/\/centrourbano.com\/revista\/#organization"},"image":{"@id":"https:\/\/centrourbano.com\/revista\/reportajes\/prospera-el-mercado-de-oficinas-en-la-capital\/#primaryimage"},"thumbnailUrl":"https:\/\/centrourbano.com\/revista\/wp-content\/uploads\/Oficinas-3-Aura-Fuentes.jpg","keywords":["CBRE","CDMX","Coldwell Banker Commercial","oficinas","oficinas Clase A\/A+"],"articleSection":["Reportajes"],"inLanguage":"es","potentialAction":[{"@type":"CommentAction","name":"Comment","target":["https:\/\/centrourbano.com\/revista\/reportajes\/prospera-el-mercado-de-oficinas-en-la-capital\/#respond"]}]},{"@type":"WebPage","@id":"https:\/\/centrourbano.com\/revista\/reportajes\/prospera-el-mercado-de-oficinas-en-la-capital\/","url":"https:\/\/centrourbano.com\/revista\/reportajes\/prospera-el-mercado-de-oficinas-en-la-capital\/","name":"Prospera el mercado de oficinas en la capital -","isPartOf":{"@id":"https:\/\/centrourbano.com\/revista\/#website"},"primaryImageOfPage":{"@id":"https:\/\/centrourbano.com\/revista\/reportajes\/prospera-el-mercado-de-oficinas-en-la-capital\/#primaryimage"},"image":{"@id":"https:\/\/centrourbano.com\/revista\/reportajes\/prospera-el-mercado-de-oficinas-en-la-capital\/#primaryimage"},"thumbnailUrl":"https:\/\/centrourbano.com\/revista\/wp-content\/uploads\/Oficinas-3-Aura-Fuentes.jpg","datePublished":"2015-08-18T14:40:46+00:00","description":"Datos publicados por las consultor\u00edas Coldwell Banker Commercial\u00a0 y CBRE coinciden en el prometedor futuro del sector en la ciudad de M\u00e9xico La Ciudad de","breadcrumb":{"@id":"https:\/\/centrourbano.com\/revista\/reportajes\/prospera-el-mercado-de-oficinas-en-la-capital\/#breadcrumb"},"inLanguage":"es","potentialAction":[{"@type":"ReadAction","target":["https:\/\/centrourbano.com\/revista\/reportajes\/prospera-el-mercado-de-oficinas-en-la-capital\/"]}]},{"@type":"ImageObject","inLanguage":"es","@id":"https:\/\/centrourbano.com\/revista\/reportajes\/prospera-el-mercado-de-oficinas-en-la-capital\/#primaryimage","url":"https:\/\/centrourbano.com\/revista\/wp-content\/uploads\/Oficinas-3-Aura-Fuentes.jpg","contentUrl":"https:\/\/centrourbano.com\/revista\/wp-content\/uploads\/Oficinas-3-Aura-Fuentes.jpg","width":800,"height":527},{"@type":"BreadcrumbList","@id":"https:\/\/centrourbano.com\/revista\/reportajes\/prospera-el-mercado-de-oficinas-en-la-capital\/#breadcrumb","itemListElement":[{"@type":"ListItem","position":1,"name":"Portada","item":"https:\/\/centrourbano.com\/revista\/"},{"@type":"ListItem","position":2,"name":"Prospera el mercado de oficinas en la capital"}]},{"@type":"WebSite","@id":"https:\/\/centrourbano.com\/revista\/#website","url":"https:\/\/centrourbano.com\/revista\/","name":"Centro Urbano","description":"Medio especializado en los sectores vivienda, inmobiliario, construcci\u00f3n, arquitectura y urbanismo.","publisher":{"@id":"https:\/\/centrourbano.com\/revista\/#organization"},"potentialAction":[{"@type":"SearchAction","target":{"@type":"EntryPoint","urlTemplate":"https:\/\/centrourbano.com\/revista\/?s={search_term_string}"},"query-input":{"@type":"PropertyValueSpecification","valueRequired":true,"valueName":"search_term_string"}}],"inLanguage":"es"},{"@type":"Organization","@id":"https:\/\/centrourbano.com\/revista\/#organization","name":"Centro Urbano","url":"https:\/\/centrourbano.com\/revista\/","logo":{"@type":"ImageObject","inLanguage":"es","@id":"https:\/\/centrourbano.com\/revista\/#\/schema\/logo\/image\/","url":"https:\/\/centrourbano.com\/revista\/wp-content\/uploads\/web_CU_logo-1.png","contentUrl":"https:\/\/centrourbano.com\/revista\/wp-content\/uploads\/web_CU_logo-1.png","width":350,"height":91,"caption":"Centro Urbano"},"image":{"@id":"https:\/\/centrourbano.com\/revista\/#\/schema\/logo\/image\/"},"sameAs":["https:\/\/www.facebook.com\/portalcentrourbano","https:\/\/x.com\/CentroUrbano","https:\/\/www.instagram.com\/centro_urbano\/","https:\/\/www.linkedin.com\/company\/centro-urbano\/","http:\/\/www.youtube.com\/user\/portalcentrourbano"]},{"@type":"Person","@id":"https:\/\/centrourbano.com\/revista\/#\/schema\/person\/26c0ab2d8952e32eb17ccf62f8e88ce6","name":"BlogCU 2022","image":{"@type":"ImageObject","inLanguage":"es","@id":"https:\/\/secure.gravatar.com\/avatar\/5ec2975f6d4b1643c723f08ef135c488131c64cba4524740d438f2e04dbeacdc?s=96&d=mm&r=g","url":"https:\/\/secure.gravatar.com\/avatar\/5ec2975f6d4b1643c723f08ef135c488131c64cba4524740d438f2e04dbeacdc?s=96&d=mm&r=g","contentUrl":"https:\/\/secure.gravatar.com\/avatar\/5ec2975f6d4b1643c723f08ef135c488131c64cba4524740d438f2e04dbeacdc?s=96&d=mm&r=g","caption":"BlogCU 2022"},"url":"https:\/\/centrourbano.com\/revista\/author\/BlogCU 2022\/"}]}},"_links":{"self":[{"href":"https:\/\/centrourbano.com\/revista\/wp-json\/wp\/v2\/posts\/22381","targetHints":{"allow":["GET"]}}],"collection":[{"href":"https:\/\/centrourbano.com\/revista\/wp-json\/wp\/v2\/posts"}],"about":[{"href":"https:\/\/centrourbano.com\/revista\/wp-json\/wp\/v2\/types\/post"}],"author":[{"embeddable":true,"href":"https:\/\/centrourbano.com\/revista\/wp-json\/wp\/v2\/users\/1"}],"replies":[{"embeddable":true,"href":"https:\/\/centrourbano.com\/revista\/wp-json\/wp\/v2\/comments?post=22381"}],"version-history":[{"count":0,"href":"https:\/\/centrourbano.com\/revista\/wp-json\/wp\/v2\/posts\/22381\/revisions"}],"wp:featuredmedia":[{"embeddable":true,"href":"https:\/\/centrourbano.com\/revista\/wp-json\/wp\/v2\/media\/22382"}],"wp:attachment":[{"href":"https:\/\/centrourbano.com\/revista\/wp-json\/wp\/v2\/media?parent=22381"}],"wp:term":[{"taxonomy":"category","embeddable":true,"href":"https:\/\/centrourbano.com\/revista\/wp-json\/wp\/v2\/categories?post=22381"},{"taxonomy":"post_tag","embeddable":true,"href":"https:\/\/centrourbano.com\/revista\/wp-json\/wp\/v2\/tags?post=22381"}],"curies":[{"name":"wp","href":"https:\/\/api.w.org\/{rel}","templated":true}]}}